{"id":21501,"date":"2016-11-24T09:14:28","date_gmt":"2016-11-24T07:14:28","guid":{"rendered":"http:\/\/www.bghaber.org\/bghaber\/?p=21501"},"modified":"2016-11-24T09:14:28","modified_gmt":"2016-11-24T07:14:28","slug":"ogretmenler-gunumuz-kutlu-olsun","status":"publish","type":"post","link":"https:\/\/www.bghaber.org\/bghaber\/ogretmenler-gunumuz-kutlu-olsun\/","title":{"rendered":"\u00d6\u011eRETMENLER G\u00dcN\u00dcM\u00dcZ KUTLU OLSUN"},"content":{"rendered":"<p><img data-recalc-dims=\"1\" loading=\"lazy\" decoding=\"async\" class=\"\" src=\"https:\/\/i0.wp.com\/www.umutarcn.com\/images\/icerik\/ogretmenler-gunu.jpg?resize=628%2C428\" alt=\"\u00f6\u011fretmen gunu ile ilgili g\u00f6rsel sonucu\" width=\"628\" height=\"428\" \/><\/p>\n<p>Cumhuriyetimizin kurucusu Ba\u015f\u00f6\u011fretmen Atat\u00fcrk&#8217;\u00fcn Millet Mektepleri Ba\u015f\u00f6\u011fretmenli\u011fini kabul ettikleri g\u00fcn\u00fcn 88. y\u0131ld\u00f6n\u00fcm\u00fcnde kutlad\u0131\u011f\u0131m\u0131z \u00d6\u011fretmenler G\u00fcn\u00fcn\u00fcn \u00e7al\u0131\u015fan ve emekli t\u00fcm \u00f6\u011fretmenlerimize kutlu olmas\u0131n\u0131 diliyorum.<\/p>\n<p>Ebedi aleme g\u00f6\u00e7en veya g\u00f6rev \u015fehidi olan t\u00fcm \u00f6\u011fretmenlerimize de Allah rahmetler diliyorum. Mekanlar\u0131 cennet olsun.<br \/>\nB\u00fcy\u00fck Atat\u00fcrk&#8217;\u00fcn dedi\u011fi gibi:<\/p>\n<p>&#8220;Eserinin \u00fczerinde imzas\u0131 bulunmayan yeg\u00e2ne sanatkar \u00f6\u011fretmendir&#8221;.<\/p>\n<p>\u00d6\u011fretmenler g\u00fcn\u00fcn\u00fcz kutlu olsun.<\/p>\n<p><img data-recalc-dims=\"1\" decoding=\"async\" src=\"https:\/\/i0.wp.com\/www.eokul-meb.com\/wp-content\/uploads\/ogretmen1.jpg?w=640\" alt=\"\u00f6\u011fretmen gunu ile ilgili g\u00f6rsel sonucu\" \/><\/p>\n<div id=\"bghab-3043279848\" class=\"bghab-yazi-altinda bghab-entity-placement\"><div class=\"bghab-adlabel\">Reklamlar<\/div><script async src=\"https:\/\/pagead2.googlesyndication.com\/pagead\/js\/adsbygoogle.js\"><\/script>\r\n<!-- bghaber-yaz\u0131-sonu -->\r\n<ins class=\"adsbygoogle\"\r\n     style=\"display:block\"\r\n     data-ad-client=\"ca-pub-6203283170189293\"\r\n     data-ad-slot=\"4222328180\"\r\n     data-ad-format=\"auto\"\r\n     data-full-width-responsive=\"true\"><\/ins>\r\n<script>\r\n     (adsbygoogle = window.adsbygoogle || []).push({});\r\n<\/script><\/div><br style=\"clear: both; display: block; float: none;\"\/>","protected":false},"excerpt":{"rendered":"<p>Cumhuriyetimizin kurucusu Ba\u015f\u00f6\u011fretmen Atat\u00fcrk&#8217;\u00fcn Millet Mektepleri Ba\u015f\u00f6\u011fretmenli\u011fini kabul ettikleri g\u00fcn\u00fcn 88. y\u0131ld\u00f6n\u00fcm\u00fcnde kutlad\u0131\u011f\u0131m\u0131z \u00d6\u011fretmenler G\u00fcn\u00fcn\u00fcn \u00e7al\u0131\u015fan ve emekli t\u00fcm \u00f6\u011fretmenlerimize kutlu olmas\u0131n\u0131 diliyorum. Ebedi aleme<\/p>\n","protected":false},"author":13,"featured_media":21502,"comment_status":"closed","ping_status":"closed","sticky":false,"template":"","format":"standard","meta":{"advanced_seo_description":"","jetpack_seo_html_title":"","jetpack_seo_noindex":false,"_jetpack_memberships_contains_paid_content":false,"footnotes":""},"categories":[4],"tags":[],"class_list":["post-21501","post","type-post","status-publish","format-standard","has-post-thumbnail","hentry","category-siyaset"],"jetpack_featured_media_url":"https:\/\/i0.wp.com\/www.bghaber.org\/bghaber\/wp-content\/uploads\/2016\/11\/ogretmenler-gunu-siirlerii.jpg?fit=445%2C313&ssl=1","jetpack_sharing_enabled":true,"jetpack_likes_enabled":true,"jetpack-related-posts":[],"jetpack_shortlink":"https:\/\/wp.me\/pc2PfJ-5AN","_links":{"self":[{"href":"https:\/\/www.bghaber.org\/bghaber\/wp-json\/wp\/v2\/posts\/21501","targetHints":{"allow":["GET"]}}],"collection":[{"href":"https:\/\/www.bghaber.org\/bghaber\/wp-json\/wp\/v2\/posts"}],"about":[{"href":"https:\/\/www.bghaber.org\/bghaber\/wp-json\/wp\/v2\/types\/post"}],"author":[{"embeddable":true,"href":"https:\/\/www.bghaber.org\/bghaber\/wp-json\/wp\/v2\/users\/13"}],"replies":[{"embeddable":true,"href":"https:\/\/www.bghaber.org\/bghaber\/wp-json\/wp\/v2\/comments?post=21501"}],"version-history":[{"count":0,"href":"https:\/\/www.bghaber.org\/bghaber\/wp-json\/wp\/v2\/posts\/21501\/revisions"}],"wp:featuredmedia":[{"embeddable":true,"href":"https:\/\/www.bghaber.org\/bghaber\/wp-json\/wp\/v2\/media\/21502"}],"wp:attachment":[{"href":"https:\/\/www.bghaber.org\/bghaber\/wp-json\/wp\/v2\/media?parent=21501"}],"wp:term":[{"taxonomy":"category","embeddable":true,"href":"https:\/\/www.bghaber.org\/bghaber\/wp-json\/wp\/v2\/categories?post=21501"},{"taxonomy":"post_tag","embeddable":true,"href":"https:\/\/www.bghaber.org\/bghaber\/wp-json\/wp\/v2\/tags?post=21501"}],"curies":[{"name":"wp","href":"https:\/\/api.w.org\/{rel}","templated":true}]}}