{"id":21495,"date":"2016-11-22T21:27:22","date_gmt":"2016-11-22T19:27:22","guid":{"rendered":"http:\/\/www.bghaber.org\/bghaber\/?p=21495"},"modified":"2016-11-22T21:27:40","modified_gmt":"2016-11-22T19:27:40","slug":"21495-2","status":"publish","type":"post","link":"https:\/\/www.bghaber.org\/bghaber\/21495-2\/","title":{"rendered":"Nereden Nereye"},"content":{"rendered":"<p>&nbsp;<\/p>\n<p><img data-recalc-dims=\"1\" decoding=\"async\" src=\"https:\/\/i0.wp.com\/www.bghaber.org\/bghaber\/wp-content\/uploads\/2016\/07\/OSMAN-BULBUL.jpg?w=640\" alt=\"OSMAN BULBUL\" \/>\u00a0Osman B\u00dcLB\u00dcL<\/p>\n<p><strong>Do\u011fru olan yol Bat\u0131ya giden yol mudur?<\/strong><\/p>\n<p>D\u00fcmene oturup Viyana\u2019ya do\u011fru yol al\u0131rken, akl\u0131ma \u00f6nce Oxford ve Sarbonne gelir. Bulgaristan T\u00fcrklerinden olup da \u0130ngiltere\u2019de Oxfordu, Fransa\u2019da da Sarbonne\u2019yi bitirip memlekete d\u00f6nen, d\u00f6n\u00fcp ayd\u0131nlanma ve d\u00f6n\u00fc\u015ferek ilerleme davam\u0131za katk\u0131da bulunan kimseleri bulamad\u0131m. B\u00f6yle birilerini bulabilseydim, kendileriyle dost olmak ve uzun uzun sohbet etmek isterdim.<\/p>\n<p>Paris varo\u015flar\u0131nda \u201c\u0130nsan Haklar\u0131 Hukuku\u201d okudu\u011funu \u00f6\u011frendi\u011fim H\u00d6H milletvekili \u00c7etin Kazan Beyin \u0130stanbul NATO Asamblesinde Konsey \u00fcyeli\u011fine se\u00e7ildi\u011fini \u00f6\u011frendi\u011fimde biraz afallad\u0131m. H\u00d6H partisi Moskof\u00e7uluk yaparken, bizim askerli\u011fini yapmam\u0131\u015f \u00c7etin\u2019i nas\u0131l olur da NATO konseyine t\u0131karlar, bu adam\u0131n orada ne i\u015fi var? Gibi sorulara bir t\u00fcrl\u00fc yan\u0131t bulamad\u0131m. Yoksa do\u011fru olan her \u015feyin ters yap\u0131lmas\u0131 m\u0131!?<\/p><div id=\"bghab-1830180684\" class=\"bghab-icerik-icine bghab-entity-placement\"><script async src=\"\/\/pagead2.googlesyndication.com\/pagead\/js\/adsbygoogle.js?client=ca-pub-6203283170189293\" crossorigin=\"anonymous\"><\/script><ins class=\"adsbygoogle\" style=\"display:block; text-align:center;\" data-ad-client=\"ca-pub-6203283170189293\" \ndata-ad-slot=\"7303146466\" \ndata-ad-layout=\"in-article\"\ndata-ad-format=\"fluid\" data-full-width-responsive=\"true\"><\/ins>\n<script> \n(adsbygoogle = window.adsbygoogle || []).push({}); \n<\/script>\n<\/div>\n<p>Ya\u015fland\u0131m. Art\u0131k olgunluk ve durgunluk \u00e7a\u011f\u0131nda olsam da, ben d\u00fcnyan\u0131n \u00e7ok de\u011fi\u015fti\u011fini, katmerli g\u00fcl, yaban g\u00fcl\u00fcn; armut ahlat\u0131n, b\u00fct\u00fcn meyve a\u011fa\u00e7lar\u0131 birtak\u0131m yaban a\u011fa\u00e7lar\u0131n de\u011fi\u015fimi ile peyda oldu\u011funu bilirim. Fakat asker ka\u00e7a\u011f\u0131 bir adam\u0131n NATO asamblesinde kimi temsil etti\u011fine cevap vermede de yavan\u0131m.<\/p>\n<p>Ara\u00e7 lastiklerimin \u015fu an d\u00f6nd\u00fck\u00e7e ezdi\u011fi topraklar 1699 Karlof\u00e7a antla\u015fmas\u0131yla ba\u015flayan Osmanl\u0131 toprak kayb\u0131 \u00e7a\u011f\u0131nda kaybetti\u011fimiz topraklard\u0131r. As\u0131rlarca s\u00fcren geri \u00e7ekilme askeri alanda geri kalm\u0131\u015f oldu\u011fumuz i\u00e7in durdurulamam\u0131\u015f, kaybetti\u011fimiz topraklar buram buram burnumuzda kokmu\u015ftur. Unutamad\u0131\u011f\u0131m\u0131z da\u011flar, ba\u011flar, \u0131rmak ve ovalara t\u00fcrk\u00fcler yakm\u0131\u015f\u0131zd\u0131r. S\u00fcrekli \u00e7\u00f6z\u00fcmler aram\u0131\u015f\u0131z da, arad\u0131\u011f\u0131m\u0131z\u0131 toplumumuzun kendi \u00f6z dinamiklerde, tecr\u00fcbelerinde bulduk\u00e7a huzur bulmaya \u00e7al\u0131\u015fm\u0131\u015f\u0131zd\u0131r.<\/p>\n<p>Hain ba\u015f\u0131, Bulgaristan\u2019da KGB istasyon \u015fefi olan ve son se\u00e7imde Bat\u0131ya ba\u011fl\u0131 oldu\u011fumuz halatlar\u0131n baz\u0131lar\u0131n\u0131 kesmeye yeltenen A. Do\u011fan\u2019a yak\u0131nl\u0131\u011f\u0131yla \u00fcn yapan \u00c7etin Kaza\u011f\u0131n NATO Konseyine t\u0131k\u0131\u015ft\u0131r\u0131lmas\u0131 bana Osmanl\u0131 tarihinden bir d\u00f6nemi hat\u0131rlatt\u0131.<\/p>\n<p>\u00dcnl\u00fc Frans\u0131z Devriminin yap\u0131ld\u0131\u011f\u0131 1789 y\u0131l\u0131nda tahta ge\u00e7en III. Selim, bir taraftan Avrupa\u2019n\u0131n gidi\u015fat\u0131ndan haberdar olmak ve Osmanl\u0131\u2019n\u0131n i\u015fine yarayacak\u00a0 hususlar\u0131 tespitmek etmek \u00fczere Paris, Londra, Berlin ve Viyana gibi merkezlere el\u00e7iler g\u00f6nderir, Fransa ile do\u011frudan temas kurarak\u00a0 kralla g\u00f6r\u00fc\u015fmek \u00fczere \u0130shak Bey\u2019i Parise yollar ve orada \u201cher nevi ilim ve feni \u00f6\u011frenmesi\u201d talimat\u0131n\u0131 verirken, \u00f6te yandan Viyana b\u00fcy\u00fckel\u00e7isi Ebu Bekir Ratib Efendiye Avrupa\u2019daki ilmi ve askeri geli\u015fmelerle ilgili rapor haz\u0131rlatm\u0131\u015ft\u0131r.<\/p>\n<p>Diyorum ki, Bizim Kazak da Do\u011fan \u00fczerinden b\u00f6yle bir Moskof emri mi ald\u0131 ve NATO\u2019yu i\u00e7inden \u00e7\u00f6kertmeye mi g\u00f6nderildi. Vay vay!\u2026<\/p><div id=\"bghab-522271757\" class=\"bghab-icerik-icine-10-paragraf bghab-entity-placement\"><script async src=\"\/\/pagead2.googlesyndication.com\/pagead\/js\/adsbygoogle.js?client=ca-pub-6203283170189293\" crossorigin=\"anonymous\"><\/script><ins class=\"adsbygoogle\" style=\"display:block; text-align:center;\" data-ad-client=\"ca-pub-6203283170189293\" \ndata-ad-slot=\"7303146466\" \ndata-ad-layout=\"in-article\"\ndata-ad-format=\"fluid\" data-full-width-responsive=\"true\"><\/ins>\n<script> \n(adsbygoogle = window.adsbygoogle || []).push({}); \n<\/script>\n<\/div>\n<p>Memleket Bulgaristan oldu\u011fundan ve 1878\u2019de ba\u015fl\u0131ca Bat\u0131la\u015fmak hevesiyle Osmanl\u0131\u2019dan kopmas\u0131na ra\u011fmen, demokratikle\u015ferek ilerlemenin hen\u00fcz emekleme d\u00f6neminde oldu\u011fundan, bu ay\u0131n alt\u0131s\u0131nda ben de elimdeki kalemle \u201c<strong>Olsun<\/strong>\u201d i\u015fareti koydu\u011fum i\u00e7in olacak halk oylamas\u0131 akl\u0131mdan \u00e7\u0131km\u0131yor. Beraberime ald\u0131\u011f\u0131m \u201c<strong>24 Saat<\/strong>\u201d gazetesi, se\u00e7erken mutlak ekseriyet taraftar\u0131 olan usul\u00fc (majoriter sistem) Fransa\u2019dan kopyalayaca\u011f\u0131m\u0131z\u0131 yaz\u0131yor. 210 \u00fclkeden 89\u2019u bu se\u00e7im sistemini kullan\u0131yormu\u015f. Makedonya ve G\u00fcrcistan bile bu sistemle se\u00e7iyormu\u015f. Anayasa\u2019y\u0131 da Fransa\u2019dan kopyalasak ne de\u011fi\u015fir ki?!<\/p>\n<p>Rus\u00e7uk Beylerbeyi iken, dedelerimiz se\u00e7imlere \u201c<strong>hitap<\/strong>\u201d, oya \u201c<strong>rey<\/strong>\u201d, se\u00e7ilene de \u201c<strong>reis<\/strong>\u201d demeye bile ba\u015flamadan \u00f6nce, memleketimizin k\u00f6kten d\u00f6n\u00fc\u015ft\u00fcr\u00fclmesinde pek fazla eme\u011fi ge\u00e7en <strong>Mithat Pa\u015fa<\/strong> Sultan h\u00fck\u00fcmetine Ba\u015f vezir oldu\u011funda, Frans\u0131z Anayasas\u0131\u2019n\u0131 terc\u00fcme ettirip Osmanl\u0131 toplumuna dayatmaya \u00e7al\u0131\u015fm\u0131\u015ft\u0131. Bir de\u011fi\u015fiklikle yeni \u015fekil al\u0131nd\u0131\u011f\u0131 vakit, yeni olu\u015fan\u0131n mazisini i\u00e7inde ta\u015f\u0131d\u0131\u011f\u0131n\u0131 neden dikkate almad\u0131\u011f\u0131na ak\u0131l erdiremiyorum. Yoksa biz bug\u00fcn de \u201c<strong>g\u00fcl dikeniyle derlenir<\/strong>\u201d noktas\u0131nda m\u0131y\u0131z?<\/p>\n<p>Son amac\u0131nda kom\u00fcnist totaliter kemikle\u015fmi\u015fli\u011fin s\u00f6k\u00fcl\u00fcp hurdaya verilmesi oldu\u011fundan, \u0130\u015f Allah demekle yetiniyorum. Toplumun korku ya\u015fad\u0131\u011f\u0131n\u0131 hissetim. Aranan daha adaletli bir d\u00fczen oldu\u011fundan ve yine bas\u0131na g\u00f6re, <strong>240 vekili Sofya meclisinin 231 vekilini \u00fclkede, 9 \u2018unu ise d\u0131\u015f \u00fclkelerde se\u00e7ilece\u011fi \u00f6n tasar\u0131m\u0131 daha \u015fimdiden hile kokuyor. Bizde majoriter se\u00e7im sisteminde bir vekil i\u00e7in 30 bin se\u00e7men oyu gereklidir. T\u00fcrkiye\u2019de ve di\u011fer d\u0131\u015f \u00fclkelerdeki soyda\u015f ve gurbet\u00e7ilerimizin bir milletvekili i\u00e7in 220 bin oy vermesi gerekecek. Adalet b\u00fcy\u00fct ge\u00e7inden bak\u0131nca durum b\u00f6yle. T\u00fcrkiye\u2019de 620 bin se\u00e7menimiz var, en az 5 vekil hakk\u0131m\u0131zd\u0131r. Yeni bir m\u00fccadele ba\u015fl\u0131yor<\/strong>:<\/p>\n<p>Bu gidi\u015fle, halk dizginleri elinden kapt\u0131rmazsa, se\u00e7im ve halk oylamas\u0131 yoluyla yani bar\u0131\u015f\u00e7\u0131, uzla\u015fmac\u0131 yoldan hukukun g\u00fcc\u00fcn\u00fc kabul ettirmeyi zorlayabilecektir.<\/p>\n<p>Bulgaristan\u2019da ezilen sefil kitleler de\u011fi\u015fiklikleri devrimci yoldan istese de, halk oylamas\u0131 olacaksa <strong>evrimsel, uzla\u015fmal\u0131 ve bar\u0131\u015f\u00e7\u0131l<\/strong> olsun dedi.<\/p><div id=\"bghab-3659404286\" class=\"bghab-icerik-icine-15-paragraf bghab-entity-placement\"><script async src=\"\/\/pagead2.googlesyndication.com\/pagead\/js\/adsbygoogle.js?client=ca-pub-6203283170189293\" crossorigin=\"anonymous\"><\/script><ins class=\"adsbygoogle\" style=\"display:block; text-align:center;\" data-ad-client=\"ca-pub-6203283170189293\" \ndata-ad-slot=\"7303146466\" \ndata-ad-layout=\"in-article\"\ndata-ad-format=\"fluid\" data-full-width-responsive=\"true\"><\/ins>\n<script> \n(adsbygoogle = window.adsbygoogle || []).push({}); \n<\/script>\n<\/div>\n<p>Ku\u015fkusuz bizde de paray\u0131 elinde tutanlar, paraya para demeyenler, para sa\u00e7anlar, para da\u011f\u0131t\u0131p oy sat\u0131n alanlar var.\u00a0 Bunlar\u0131n bast\u0131\u011f\u0131 b\u00fcy\u00fck ta\u015f\u0131n ad\u0131 &#8211; siyasi mafyad\u0131r. Onlar da hesap pe\u015finde ve se\u00e7im sand\u0131\u011f\u0131yla i\u015fleri istedikleri yana y\u00f6nlendirebileceklerine inanm\u0131\u015f gibi davran\u0131yorlar. Onlar\u0131n g\u00fc\u00e7l\u00fc silah\u0131 sand\u0131kta sahtek\u00e2rl\u0131k yapmakt\u0131r. <strong>\u00dclkede oy kullanan 1 milyon \u00f6l\u00fc canl\u0131 oldu\u011fu, siyas\u0131 yorumlara konu oluyor. \u00a0<\/strong><\/p>\n<p><strong>Beraberimde getirdi\u011fim gazetelerden birka\u00e7 al\u0131nt\u0131 terc\u00fcme etmek istiyorum:<\/strong><\/p>\n<p>Bulgar kamu denet\u00e7isi <strong>Maya Manolova<\/strong> Meclise \u00f6neri sundu. Halkoylamas\u0131 sonu\u00e7lar\u0131n\u0131n hemen onaylanmas\u0131nda \u0131srar ediyor.<\/p>\n<p>Meclisi Hukuk Komisyonu Ba\u015fkan\u0131, <strong>GERB milletvekili Danail Kirilov<\/strong> cevaben \u015f\u00f6yle dedi:<\/p>\n<p>\u201c<strong>Biz GERB olarak halkoylamas\u0131 iradesini destekliyoruz. \u00dc\u00e7 sorunun \u00fc\u00e7\u00fc i\u00e7in de \u201cevet\u201d oyu kullanaca\u011f\u0131z. Temel sorun, \u00fclkede ve d\u0131\u015f \u00fclkelerde b\u00f6lgelendirme sorunudur.<\/strong><\/p><div id=\"bghab-278505930\" class=\"bghab-icerik-icine-20-paragraf bghab-entity-placement\"><script async src=\"\/\/pagead2.googlesyndication.com\/pagead\/js\/adsbygoogle.js?client=ca-pub-6203283170189293\" crossorigin=\"anonymous\"><\/script><ins class=\"adsbygoogle\" style=\"display:block; text-align:center;\" data-ad-client=\"ca-pub-6203283170189293\" \ndata-ad-slot=\"7303146466\" \ndata-ad-layout=\"in-article\"\ndata-ad-format=\"fluid\" data-full-width-responsive=\"true\"><\/ins>\n<script> \n(adsbygoogle = window.adsbygoogle || []).push({}); \n<\/script>\n<\/div>\n<p><strong>D\u0131\u015f \u00fclkelerde verilen oylarla \u00fclkede verilen oylar aras\u0131nda uyum sa\u011flanmal\u0131d\u0131r<\/strong>.\u201d<\/p>\n<p>Siyaset bilimcisi Antoniy Todor\u2019\u0131n bu konudaki fikri \u015fudur:<\/p>\n<p>\u201c<strong>Bu sistemin bir\u00e7ok varyant\u0131 var. Bizde tart\u0131\u015f\u0131lmad\u0131. Sistemin de\u011fi\u015fmesi gerek, fakat hemen de\u011fil. De\u011fi\u015fiklikler hemen onaylan\u0131rsa, demokrasiye ters olur. \u00dclkede siyasi temsilliye bunal\u0131m\u0131 var<\/strong>.\u201d<\/p>\n<p>Bilinen sosyologlardan Mira Radeva\u2019n\u0131n g\u00f6r\u00fc\u015f\u00fc:<\/p>\n<p>\u201c<strong>Siyasi sistem de\u011fi\u015firse trajik bir \u015fey do\u011fmaz. Majoriter se\u00e7im sistemi \u00f6nerisi 2 turlu oldu\u011fundan, tehlike arz etmez.<\/strong>\u201d<\/p><div id=\"bghab-3073917894\" class=\"bghab-icerik-icine-25-paragraf bghab-entity-placement\"><script async src=\"\/\/pagead2.googlesyndication.com\/pagead\/js\/adsbygoogle.js?client=ca-pub-6203283170189293\" crossorigin=\"anonymous\"><\/script><ins class=\"adsbygoogle\" style=\"display:block; text-align:center;\" data-ad-client=\"ca-pub-6203283170189293\" \ndata-ad-slot=\"7303146466\" \ndata-ad-layout=\"in-article\"\ndata-ad-format=\"fluid\" data-full-width-responsive=\"true\"><\/ins>\n<script> \n(adsbygoogle = window.adsbygoogle || []).push({}); \n<\/script>\n<\/div>\n<p>2017 ba\u015f\u0131nda kap\u0131 \u00e7alan erken se\u00e7im ate\u015fi art\u0131k yak\u0131ld\u0131. T\u00fcrkiye\u2019de ve Bat\u0131 \u00fclkelerindeki karde\u015flerimize mutlaka ula\u015fmam\u0131z ve olay\u0131n siyasi \u00f6z\u00fcn\u00fc en anla\u015f\u0131l\u0131r bir dille a\u00e7\u0131klamam\u0131z, bol bilgi sunmam\u0131z ve onlar\u0131 dinlememiz gerekiyor. B\u00fcy\u00fck ekipler olu\u015fturmak zorunday\u0131z. Dernek ve federasyonlara, BULT\u00dcRK ve BGSAM\u2019\u00a0 a b\u00fcy\u00fck vazifeler d\u00fc\u015f\u00fcyor. Burada Avusturya\u2019da mesafeler uzak, gurbet\u00e7ilerimiz vardiyal\u0131 i\u015flerde \u00e7al\u0131\u015f\u0131yor, dernekle\u015fmede eksikliklerimiz var. her birimizin elektronik ara\u00e7lar kullanmad\u0131\u011f\u0131 da biliniyor, Hi\u00e7 olmazsa bir iki gazeteyle karde\u015flerimizin mekanlar\u0131na ula\u015fmam\u0131z gerekiyor. \u015eu bir ger\u00e7ektir ki, ilgi \u00e7ok b\u00fcy\u00fck.<\/p>\n<p>Sosyal sistemi \u00e7\u00f6km\u00fc\u015f, yasalar\u0131 i\u015flemeyen, adalet d\u00fczeni bozulmu\u015f vatan topra\u011f\u0131n\u0131 anlat\u0131yorum.\u00a0 Vatanda\u015f sorunlar\u0131yla ba\u015f edemiyor. Bir\u00e7ok yerde kepenkler kapanm\u0131\u015f. Bu durumda tarihsel bak\u0131\u015f a\u00e7\u0131s\u0131 sorunu ortaya \u00e7\u0131k\u0131yor. Etnik az\u0131nl\u0131klar kalabala\u015ft\u0131 ve kendini i\u00e7inden \u00e7\u0131kma yolu olmayan ve derinle\u015ftik\u00e7e derinle\u015fen yokluk i\u00e7inde \u00e7ekmeye mahk\u00fbm hissetmeye ba\u015flad\u0131. Siyaset alan\u0131nda soldan sa\u011fa ya da ters d\u00f6n\u00fc\u015f sorun olmaktan \u00e7\u0131kt\u0131. Siyasi tavr\u0131 k\u0131sa vadeli vaatler belirliyor. Avrupa Birli\u011fi fonlar\u0131 \u201c<strong>bitti<\/strong>\u201d denince umut nefesi kesildi. \u00a0Br\u00fcksel\u2019den para kopartmak i\u00e7in suni sorunlar \u00f6ne s\u00fcr\u00fcyorlar. 360 milyon Euro harcanan T\u00fcrk-Bulgar s\u0131n\u0131r\u0131 tel yerine \u015fimdi \u201c<strong>\u00f6desinler beton duvar<\/strong>\u201d \u00e7ekelim diyorlar. Gelirken Macar ikinci tel s\u0131n\u0131r duvar\u0131n\u0131 resmettim. Ad\u0131na \u201c<strong>ak\u0131ll\u0131 duvar<\/strong>\u201d demi\u015fler. 170 km olan bu duvar \u0131s\u0131 duyarl\u0131 ve gece kamaral\u0131. Orban dikenli tel \u00f6rg\u00fcye para vermiyor. Mahpushanelere tezg\u00e2h kurulmu\u015f gece g\u00fcnd\u00fcz dikenli tel \u00f6r\u00fcyorlar. 2015\u2019te Macaristan\u2019dan 400 bin s\u0131\u011f\u0131nmac\u0131 ge\u00e7mi\u015f, birinci tel duvar\u0131n gerilmesinden sonra insan seli azalm\u0131\u015f, ikinci tel setten ku\u015f u\u00e7am\u0131yor. Bulgar-T\u00fcrkiye s\u0131n\u0131r\u0131na ikinci duvar fikri Bulgar mafyas\u0131n\u0131n ho\u015funa gidiyor.<\/p>\n<p><img data-recalc-dims=\"1\" decoding=\"async\" src=\"https:\/\/i0.wp.com\/www.bghaber.org\/bghaber\/wp-content\/uploads\/2016\/11\/s%C4%B1n%C4%B1r-tel.jpg?w=640\" alt=\"sinir-tel\" \/><\/p>\n<p><strong>Macaristan-H\u0131rvatistan s\u0131n\u0131r\u0131na gerilen \u201cak\u0131ll\u0131 duvar\u201d<\/strong><\/p>\n<p>Bizde \u00e7al\u0131 \u00e7\u0131rp\u0131 toplayanlar yabanc\u0131 d\u00fc\u015fmanl\u0131\u011f\u0131 ate\u015fi yak\u0131yorlar.<\/p>\n<p>Kapal\u0131 s\u0131\u011f\u0131nmac\u0131 kamplarda iki y\u00fcz\u00fc uyuzlu, bir\u00e7o\u011fu hasta 12 bin s\u0131\u011f\u0131nmac\u0131 var.<\/p><div id=\"bghab-727097476\" class=\"bghab-icerik-icine-30-paragraf bghab-entity-placement\"><script async src=\"\/\/pagead2.googlesyndication.com\/pagead\/js\/adsbygoogle.js?client=ca-pub-6203283170189293\" crossorigin=\"anonymous\"><\/script><ins class=\"adsbygoogle\" style=\"display:block; text-align:center;\" data-ad-client=\"ca-pub-6203283170189293\" \ndata-ad-slot=\"7303146466\" \ndata-ad-layout=\"in-article\"\ndata-ad-format=\"fluid\" data-full-width-responsive=\"true\"><\/ins>\n<script> \n(adsbygoogle = window.adsbygoogle || []).push({}); \n<\/script>\n<\/div>\n<p>Harmanl\u0131 kamp\u0131nda d\u0131\u015far\u0131 \u00e7\u0131kmalar\u0131 yasak 3 bin s\u0131\u011f\u0131nmac\u0131 kal\u0131yor.<\/p>\n<p>Onlar i\u00e7erde dertleriyle kavrulurken \u015fehirlerde s\u0131\u011f\u0131nmac\u0131lara kar\u015f\u0131 protesto g\u00f6sterileri d\u00fczenleniyor.<\/p>\n<p>Bulgaristan\u2019da kald\u0131\u011f\u0131m g\u00fcnlerde, hele Borisov h\u00fck\u00fcmetinin istifas\u0131n\u0131 sunmas\u0131yla \u201c<strong>devlet var m\u0131, yok mu<\/strong>?\u201d tart\u0131\u015fmas\u0131 k\u0131z\u0131\u015fmaya ba\u015flad\u0131. Vatanda\u015f Borisov\u2019un se\u00e7imi kaybedece\u011fini \u00f6nceden bildi\u011fini iddia ediyor. Bacaklar\u0131 sallant\u0131l\u0131 etnik bar\u0131\u015f\u0131n nefret patlamalar\u0131na neden olaca\u011f\u0131n\u0131 savunanlar art\u0131yor.<\/p>\n<p>Bir milyon \u00e7al\u0131\u015fan\u0131n 2 milyon emekliye bakmas\u0131 imk\u00e2ns\u0131z olan \u00fclkemizde, gurbet\u00e7ilere el a\u00e7anlar her ge\u00e7en g\u00fcn art\u0131yor. 2016\u2019da Bat\u0131 Avrupa, Kanada, Birle\u015fik Amerika, T\u00fcrkiye ve Avustralya gibi \u00fclkelerden g\u00f6nderilen 860 milyon Euro bor\u00e7 deliklerine yama olmu\u015f. Yoksullar\u0131n giderek daha sefil, zenginlerinse daha zengin oldu\u011fu bir ortam var. Yerli bas\u0131n s\u0131k\u00e7a \u201c<strong>devlet kurumlar\u0131 \u00e7al\u0131\u015fm\u0131yor<\/strong>\u201d diyor.<\/p>\n<p>\u201c<strong>Devlet yok<\/strong>\u201d sav\u0131n\u0131n toplumdaki g\u00f6r\u00fcn\u00fcm\u00fc Sofya\u2019da \u201c<strong>Balgariya Oteli<\/strong>\u201d, \u201c<strong>Grand Hotel Sofya<\/strong>\u201d gibi l\u00fcks tesislerin, bankalar\u0131n, ileti\u015fim \u015firketlerinin kolayca el de\u011fi\u015ftirdi\u011finde alan kim, satan kim? Sen bu paray\u0131 nereden buldun? Gibi sorular\u0131n asla sorulmamas\u0131nda g\u00f6ze \u00e7arpt\u0131. Burada ana sorun yasalar\u0131n i\u015fledi\u011fi bir ortam olmamas\u0131nda, ikinci olarak da, yasalar\u0131n uygulanmas\u0131n\u0131 y\u00f6neten bir savc\u0131l\u0131\u011f\u0131n etkinli\u011finin hissedilmemesinde gizleniyor. Y\u00fcr\u00fcrl\u00fckteki Anayasa\u2019da \u201c<strong>savc\u0131l\u0131k yasal durumu izler<\/strong>,\u201d yaz\u0131yor. Su\u00e7 i\u015fleyenlere kar\u015f\u0131 m\u00fccadele eden bir devlet organ\u0131 yok. Su\u00e7lar gittik\u00e7e artarken su\u00e7lular sokakta dola\u015f\u0131yor.<\/p><div id=\"bghab-505638346\" class=\"bghab-icerik-icine-35-paragraf bghab-entity-placement\"><script async src=\"\/\/pagead2.googlesyndication.com\/pagead\/js\/adsbygoogle.js?client=ca-pub-6203283170189293\" crossorigin=\"anonymous\"><\/script><ins class=\"adsbygoogle\" style=\"display:block; text-align:center;\" data-ad-client=\"ca-pub-6203283170189293\" \ndata-ad-slot=\"7303146466\" \ndata-ad-layout=\"in-article\"\ndata-ad-format=\"fluid\" data-full-width-responsive=\"true\"><\/ins>\n<script> \n(adsbygoogle = window.adsbygoogle || []).push({}); \n<\/script>\n<\/div>\n<p>20 y\u0131l Sofya ba\u015fsavc\u0131s\u0131 g\u00f6revinde bulunmu\u015f olan Akademisyen Borislav Yotov, \u201c<strong>Alt\u0131n Ya\u015f<\/strong>\u201d gazetesinde \u201c<strong>\u00d6l\u00fcm cezas\u0131n\u0131n geri getirilmesi<\/strong>\u201d ba\u015fl\u0131kl\u0131 yaz\u0131yla \u00e7\u0131kt\u0131. <strong>60 bin su\u00e7lunun i\u00e7eri at\u0131lmas\u0131<\/strong> gerekti\u011fine \u015funlar\u0131 ekledi:<\/p>\n<p>\u201c\u00d6l\u00fcm olayl\u0131 soygun, \u0131rza ge\u00e7ip \u00f6ld\u00fcrme, \u00f6l\u00fcmle sonu\u00e7lanan ter\u00f6r olaylar\u0131 gibi nitelikli cinayetlere \u00f6l\u00fcm cezas\u0131 kesilmelidir. Ulusal ihanet gibi siyasi su\u00e7lar i\u00e7in de \u00f6l\u00fcm cezas\u0131 uygulanmal\u0131. Ceza Kanunumuzda \u00e7ok b\u00fcy\u00fck bo\u015fluklar var. Yasada, mafya, pornografi gibi su\u00e7lara tan\u0131m getirilmemi\u015ftir. \u00a0Yasamada g\u00f6rev alanlar kendileri bu su\u00e7lar\u0131 i\u015fleyenlerden \u00e7evreleri i\u00e7in koruyucu \u00f6nlemleri \u00f6nceden alm\u0131\u015flard\u0131r.\u201d<\/p>\n<p>Ben Viyana\u2019ya d\u00f6nd\u00fcm. Yapraks\u0131z kalan a\u011fa\u00e7lar \u00f6ks\u00fcz gibi.<\/p>\n<p>Nikolay\u2019la siyasi tart\u0131\u015fmalar\u0131 \u00f6zledim. Nereden Nereye.<\/p>\n<p>Sa\u011fl\u0131cakla kal\u0131n\u0131z.<\/p><div id=\"bghab-1307844934\" class=\"bghab-icerik-icine-40-paragraf bghab-entity-placement\"><script async src=\"\/\/pagead2.googlesyndication.com\/pagead\/js\/adsbygoogle.js?client=ca-pub-6203283170189293\" crossorigin=\"anonymous\"><\/script><ins class=\"adsbygoogle\" style=\"display:block; text-align:center;\" data-ad-client=\"ca-pub-6203283170189293\" \ndata-ad-slot=\"7303146466\" \ndata-ad-layout=\"in-article\"\ndata-ad-format=\"fluid\" data-full-width-responsive=\"true\"><\/ins>\n<script> \n(adsbygoogle = window.adsbygoogle || []).push({}); \n<\/script>\n<\/div>\n<div id=\"bghab-4023937425\" class=\"bghab-yazi-altinda bghab-entity-placement\"><div class=\"bghab-adlabel\">Reklamlar<\/div><script async src=\"https:\/\/pagead2.googlesyndication.com\/pagead\/js\/adsbygoogle.js\"><\/script>\r\n<!-- bghaber-yaz\u0131-sonu -->\r\n<ins class=\"adsbygoogle\"\r\n     style=\"display:block\"\r\n     data-ad-client=\"ca-pub-6203283170189293\"\r\n     data-ad-slot=\"4222328180\"\r\n     data-ad-format=\"auto\"\r\n     data-full-width-responsive=\"true\"><\/ins>\r\n<script>\r\n     (adsbygoogle = window.adsbygoogle || []).push({});\r\n<\/script><\/div><br style=\"clear: both; display: block; float: none;\"\/>","protected":false},"excerpt":{"rendered":"<p>&nbsp; \u00a0Osman B\u00dcLB\u00dcL Do\u011fru olan yol Bat\u0131ya giden yol mudur? D\u00fcmene oturup Viyana\u2019ya do\u011fru yol al\u0131rken, akl\u0131ma \u00f6nce Oxford ve Sarbonne gelir. Bulgaristan T\u00fcrklerinden olup<\/p>\n","protected":false},"author":13,"featured_media":19647,"comment_status":"closed","ping_status":"closed","sticky":false,"template":"","format":"standard","meta":{"advanced_seo_description":"","jetpack_seo_html_title":"","jetpack_seo_noindex":false,"_jetpack_memberships_contains_paid_content":false,"footnotes":""},"categories":[6],"tags":[],"class_list":["post-21495","post","type-post","status-publish","format-standard","has-post-thumbnail","hentry","category-yorum"],"jetpack_featured_media_url":"https:\/\/i0.wp.com\/www.bghaber.org\/bghaber\/wp-content\/uploads\/2016\/07\/OSMAN-BULBUL.jpg?fit=97%2C108&ssl=1","jetpack_sharing_enabled":true,"jetpack_likes_enabled":true,"jetpack-related-posts":[],"jetpack_shortlink":"https:\/\/wp.me\/pc2PfJ-5AH","_links":{"self":[{"href":"https:\/\/www.bghaber.org\/bghaber\/wp-json\/wp\/v2\/posts\/21495","targetHints":{"allow":["GET"]}}],"collection":[{"href":"https:\/\/www.bghaber.org\/bghaber\/wp-json\/wp\/v2\/posts"}],"about":[{"href":"https:\/\/www.bghaber.org\/bghaber\/wp-json\/wp\/v2\/types\/post"}],"author":[{"embeddable":true,"href":"https:\/\/www.bghaber.org\/bghaber\/wp-json\/wp\/v2\/users\/13"}],"replies":[{"embeddable":true,"href":"https:\/\/www.bghaber.org\/bghaber\/wp-json\/wp\/v2\/comments?post=21495"}],"version-history":[{"count":0,"href":"https:\/\/www.bghaber.org\/bghaber\/wp-json\/wp\/v2\/posts\/21495\/revisions"}],"wp:featuredmedia":[{"embeddable":true,"href":"https:\/\/www.bghaber.org\/bghaber\/wp-json\/wp\/v2\/media\/19647"}],"wp:attachment":[{"href":"https:\/\/www.bghaber.org\/bghaber\/wp-json\/wp\/v2\/media?parent=21495"}],"wp:term":[{"taxonomy":"category","embeddable":true,"href":"https:\/\/www.bghaber.org\/bghaber\/wp-json\/wp\/v2\/categories?post=21495"},{"taxonomy":"post_tag","embeddable":true,"href":"https:\/\/www.bghaber.org\/bghaber\/wp-json\/wp\/v2\/tags?post=21495"}],"curies":[{"name":"wp","href":"https:\/\/api.w.org\/{rel}","templated":true}]}}