{"id":21491,"date":"2016-11-21T23:12:43","date_gmt":"2016-11-21T21:12:43","guid":{"rendered":"http:\/\/www.bghaber.org\/bghaber\/?p=21491"},"modified":"2016-11-21T23:12:43","modified_gmt":"2016-11-21T21:12:43","slug":"gelecekten-randevu-istiyorum","status":"publish","type":"post","link":"https:\/\/www.bghaber.org\/bghaber\/gelecekten-randevu-istiyorum\/","title":{"rendered":"Gelecekten Randevu \u0130stiyorum"},"content":{"rendered":"<p>&nbsp;<\/p>\n<p>\u015eakir ARSLANTA\u015e<\/p>\n<p><strong>Hedeflerinde bizi medeniyetimizden koparmak var.<\/strong><\/p>\n<p>&nbsp;<\/p>\n<p>Beni sabah okula g\u00f6nden dedem \u201c<strong>irfan\u201d getir<\/strong>\u201d evlad\u0131m diyordu<strong>.<\/strong><\/p><div id=\"bghab-1796787507\" class=\"bghab-icerik-icine bghab-entity-placement\"><script async src=\"\/\/pagead2.googlesyndication.com\/pagead\/js\/adsbygoogle.js?client=ca-pub-6203283170189293\" crossorigin=\"anonymous\"><\/script><ins class=\"adsbygoogle\" style=\"display:block; text-align:center;\" data-ad-client=\"ca-pub-6203283170189293\" \ndata-ad-slot=\"7303146466\" \ndata-ad-layout=\"in-article\"\ndata-ad-format=\"fluid\" data-full-width-responsive=\"true\"><\/ins>\n<script> \n(adsbygoogle = window.adsbygoogle || []).push({}); \n<\/script>\n<\/div>\n<p><strong>\u0130rfan s<\/strong>\u00f6z\u00fcn\u00fcn bilgiye, anlay\u0131\u015fa, k\u00fclt\u00fcre ula\u015fma, olaylar\u0131n i\u00e7 y\u00fcz\u00fcn\u00fc a\u00e7\u0131p \u00f6z\u00fcn\u00fc g\u00f6rebilme, ya\u015fad\u0131klar\u0131m\u0131z\u0131 zek\u00e2 ile yo\u011furma ve aray\u0131p do\u011fru yolu bulma oldu\u011funu \u00f6\u011frenene kadar y\u0131llar ge\u00e7ti. K\u00f6y\u00fcm\u00fczde ya\u015fl\u0131lar\u0131n s\u00f6zleri hakikat olarak kabul edilirdi. Arkas\u0131, gerek\u00e7esi aranmazd\u0131. Okul torbam\u0131 zor ta\u015f\u0131d\u0131\u011f\u0131m o y\u0131llarda \u201c<strong>irfana randevu verdim<\/strong>\u201d ve gen\u00e7li\u011fim okumakla ge\u00e7ti. Bu g\u00fcn\u00fcm\u00fc belirleyen de o y\u0131llar\u0131n \u00e7izgileridir desem yalan olmaz. Fakat ben o zaman hayat\u0131 bir d\u00fcz yol gibi g\u00f6r\u00fcyordum, bizim oralar\u0131n yollar\u0131 gibi, \u00e7amurlu, karl\u0131, donmu\u015f olabilir ama hep d\u00fczd\u00fcr. Gelecekten randevu istemek akl\u0131mdan ge\u00e7memi\u015fti. \u015eimdi 50 y\u0131l geriye d\u00f6n\u00fcp bakt\u0131\u011f\u0131mda kafam kar\u0131\u015f\u0131yor ve ba\u015f\u0131m \u015fi\u015fer gibi oluyor\u2026<\/p>\n<p>&nbsp;<\/p>\n<p>Bu uzun yolda ilk vard\u0131\u011f\u0131m sonu\u00e7, biz \u00e7ocuklar\u0131n medeniyet anlay\u0131\u015f\u0131n\u0131n harman yerinde \u00e7elik oynarken, birlikte koyun kuzu g\u00fcderken ya da derede bal\u0131k tutarken ba\u015flad\u0131\u011f\u0131n\u0131 anlamaya \u00e7al\u0131\u015f\u0131rken de bir\u00e7ok y\u0131l ge\u00e7ti. T\u00fcrk \u00e7ocuklar\u0131 olarak birlikte oynamam\u0131z, hatta k\u0131zlar bahar \u00e7i\u00e7eklerinden ta\u00e7 derlerken birlikte \u015fark\u0131 s\u00f6yleyi\u015fleri, g\u00fcle \u015fakala\u015fa ge\u00e7en vakit bile bizim ait oldu\u011fumuz k\u00fclt\u00fcr ortam\u0131nda \u00f6nemli bir ilmikti. Bak\u0131\u015farak tan\u0131\u015f\u0131yorduk. Hat\u0131rlanmak istemedi\u011fim olaylar, y\u0131llar olabilir. Hayat\u0131m\u0131za davetsiz misafir gibi gelen geli\u015fmeler damga vurmaya \u00e7ocukluk y\u0131llar\u0131nda ba\u015flam\u0131\u015ft\u0131. Bunlardan biri dedemin beni Cuma nam\u0131na g\u00f6t\u00fcrmekten nedense vazge\u00e7mesiydi. Olay\u0131 anneme a\u00e7t\u0131\u011f\u0131mda \u201c<strong>bir bildi\u011fi vard\u0131r<\/strong>\u201d sorma demi\u015fti.<\/p>\n<p>&nbsp;<\/p>\n<p>K\u0131zlarla at\u0131\u015f\u0131rken, i\u011fneli konu\u015furken okul dilini de\u011fil anadilimizde konu\u015fuyorduk. O y\u0131llarda okulda bizi kendinden ka\u00e7an, kendi kimli\u011fini yads\u0131maya zorlayan bir sihirli g\u00fc\u00e7 vard\u0131. \u00a0Etrafta eli sopal\u0131 dola\u015fmasa da, ders kitab\u0131 sayfalar\u0131ndan, k\u00fct\u00fcphanelerdeki kitap raflar\u0131ndan, \u00a0seyretti\u011fimiz filmlerden, izledi\u011fimiz tiyatro oyunlar\u0131ndan bizi izliyordu.\u00a0 Boyland\u0131k\u00e7a filizlenip olu\u015fan T\u00fcrk kimli\u011fimiz sanki i\u00e7imize s\u0131k\u0131\u015ft\u0131r\u0131l\u0131yordu. Giyim ku\u015fan\u0131\u015f\u0131m\u0131za, y\u00fcr\u00fcy\u00fc\u015f\u00fcm\u00fcze, kitap defter dolu k\u00f6yl\u00fc okul torbama sinmi\u015f ve beni ba\u015fka biri yapmaya \u00e7al\u0131\u015fan bir sihirli g\u00fc\u00e7 vard\u0131. Bizim k\u00f6yde kilise yoktu. \u00c7an sesi desem de\u011fildi. Ben y\u00fczle\u015fmedi\u011fim o varl\u0131\u011f\u0131n bask\u0131s\u0131n\u0131 bug\u00fcn de hat\u0131rl\u0131yorum. Belle\u011fimin \u00e7ok derinlerine s\u0131k\u0131\u015fm\u0131\u015f, di\u015f \u00e7ekildikten sonra derinde bir yerde kalan bir k\u00f6k k\u0131r\u0131nt\u0131s\u0131 gibi, az s\u0131zlasa, dilinle yoklars\u0131n, her yoklad\u0131\u011f\u0131nda ordad\u0131r, \u00f6yle bir \u015fey i\u015fte\u2026 T\u00fcrkiye\u2019ye g\u00f6\u00e7 etti\u011fimizde unuturum diye d\u00fc\u015f\u00fcnsem de nafile, insan haf\u0131zas\u0131n\u0131 yerinden \u00e7\u0131kar\u0131p \u00e7ama\u015f\u0131r makinesinde y\u0131kayam\u0131yor, memleket de\u011fi\u015ftirmekle de bir \u015fey de\u011fi\u015fmiyor, i\u00e7indeki iyi ve k\u00f6t\u00fc \u00f6m\u00fcr boyu hep orada\u2026<\/p><div id=\"bghab-477367898\" class=\"bghab-icerik-icine-10-paragraf bghab-entity-placement\"><script async src=\"\/\/pagead2.googlesyndication.com\/pagead\/js\/adsbygoogle.js?client=ca-pub-6203283170189293\" crossorigin=\"anonymous\"><\/script><ins class=\"adsbygoogle\" style=\"display:block; text-align:center;\" data-ad-client=\"ca-pub-6203283170189293\" \ndata-ad-slot=\"7303146466\" \ndata-ad-layout=\"in-article\"\ndata-ad-format=\"fluid\" data-full-width-responsive=\"true\"><\/ins>\n<script> \n(adsbygoogle = window.adsbygoogle || []).push({}); \n<\/script>\n<\/div>\n<p>&nbsp;<\/p>\n<p>En iyi koku insan kokusudur. K\u00f6yde\u015flerimin kokusu hep genzimde! Gen\u00e7li\u011fimden arkada\u015flar\u0131m\u0131n, cilveli k\u0131zlar\u0131m\u0131z\u0131n narinli\u011fi, bak\u0131\u015flar\u0131, \u015fafak parlay\u0131\u015f\u0131 gibi parlay\u0131p s\u00f6nmeleri hep hayalimdedir.<\/p>\n<p>&nbsp;<\/p>\n<p>Bizim oralarda hayat denilen \u015fey, manevi kuvvetimizin inki\u015faf\u0131ndan kayn\u0131yordu. Dedem uygarl\u0131k s\u00f6z\u00fcn\u00fc kullanmasa bile, \u201c<strong>bizim medeniyetimiz var evlad\u0131m<\/strong>,\u201dderken ba\u015f\u0131m\u0131 s\u0131vazlar, \u201c<strong>o bizim hayat a\u011f\u0131c\u0131m\u0131zd\u0131r<\/strong>\u201d eklerdi. Durup durdu\u011fu yerde, \u201c<strong>sen evlad\u0131m, hak yolunun madde ile manan\u0131n tam ortas\u0131ndan ge\u00e7ti\u011fini g\u00f6rene kadar oku. \u0130stidatl\u0131s\u0131n ve fazileti bulacaks\u0131n\u201d <\/strong>derken de, onun t\u00fct\u00fcn kokan nefesini i\u00e7ime \u00e7ekiyor ama tam olarak ne demek istedi\u011fini kavrayam\u0131yordum.<\/p>\n<p>&nbsp;<\/p><div id=\"bghab-3081163221\" class=\"bghab-icerik-icine-15-paragraf bghab-entity-placement\"><script async src=\"\/\/pagead2.googlesyndication.com\/pagead\/js\/adsbygoogle.js?client=ca-pub-6203283170189293\" crossorigin=\"anonymous\"><\/script><ins class=\"adsbygoogle\" style=\"display:block; text-align:center;\" data-ad-client=\"ca-pub-6203283170189293\" \ndata-ad-slot=\"7303146466\" \ndata-ad-layout=\"in-article\"\ndata-ad-format=\"fluid\" data-full-width-responsive=\"true\"><\/ins>\n<script> \n(adsbygoogle = window.adsbygoogle || []).push({}); \n<\/script>\n<\/div>\n<p>Y\u0131llar ge\u00e7ti ve \u00f6zellikle 1980\u2019li y\u0131llarda biz \u00e7ok duygusalla\u015ft\u0131k, bizim olan\u0131 bizden almaya \u00e7al\u0131\u015fanlara ba\u015fkald\u0131rd\u0131k. Bu m\u00fccadelede yaln\u0131z manevi hudutlar\u0131m\u0131z i\u00e7indeydi, hi\u00e7bir kimsenin ne de devletin hi\u00e7bir \u015feyinde g\u00f6z\u00fcm\u00fcz yoktu. Savunduklar\u0131m\u0131z, dilimiz, dinimiz, k\u00fclt\u00fcr\u00fcm\u00fcz, ya\u015fay\u0131\u015f tarz\u0131m\u0131zd\u0131. K\u0131sacas\u0131 dedemin benim ba\u015f\u0131m\u0131 s\u0131vazlad\u0131\u011f\u0131 \u015fefkatle ben de torunlar\u0131m\u0131n ba\u015f\u0131n\u0131 s\u0131vazlamak istiyordum. Akrabalar\u0131m\u0131n da istedi\u011fi daha fazla bir \u015fey oldu\u011funu s\u00f6yleyemem. Y\u0131llar ge\u00e7ince ve sular durulunca, bize yap\u0131lan manevi sald\u0131r\u0131lar\u0131n hedefinde bizi vatan\u0131m\u0131zdan, topraklar\u0131m\u0131zdan kovmak ve varl\u0131\u011f\u0131m\u0131za konmak oldu\u011funu anlad\u0131m. Biz, varl\u0131\u011f\u0131n\u0131 kurtlara kapt\u0131rm\u0131\u015f bir nesiliz. Ne yaz\u0131k ki bizden \u00f6ncekiler de \u00f6yle\u2026<\/p>\n<p>&nbsp;<\/p>\n<p>\u015eu da var, maneviyat olarak teslim olsayd\u0131k, gelece\u011fimizi yaln\u0131z maddiyata hasretseydik, g\u00f6zle g\u00f6r\u00fcl\u00fcr elle tutulura sar\u0131l\u0131p kalsayd\u0131k, birbirini yiyen bir kurt s\u00fcr\u00fcs\u00fc gibi olurduk. Bulgarin bize sald\u0131rmas\u0131n\u0131 tam da bu maneviyat eksikli\u011fine ba\u011fl\u0131yorum. \u00c7ok ac\u0131 bir ger\u00e7ek tabii. Halk\u0131m\u0131z\u0131n iradesi pusula ayar\u0131 gibi olaca\u011f\u0131n \u00f6z\u00fcn\u00fc sezerek g\u00f6rebilen bir fazilete sahip ve bu \u00f6zel nitelik bizim \u00f6zelimizdir. Gelece\u011fin bize randevu vermemesinin sebebi de burada gizleniyor, yerini bilirseniz tembelle\u015fir uykuda beklersiniz, emekleyerek d\u00fc\u015fe kalka ilerlerken olgunla\u015fmay\u0131 ak\u0131l etmez, sabr\u0131 g\u00fccendirirsiniz diye korkuyor.<\/p>\n<p>&nbsp;<\/p>\n<p>Haberini birka\u00e7 g\u00fcn \u00f6nce ald\u0131m. Yatt\u0131 yer nur olsun! <strong>Ali Rafiev Sofya\u2019da vefat etmi\u015f<\/strong>. Romanya\u2019da ya\u015fayan k\u0131z\u0131 gelip kald\u0131rm\u0131\u015f cenazesini. \u201c<strong>Svoboda<\/strong>\u201d semtinde cami ve mescit olmad\u0131\u011f\u0131ndan , \u201c<strong>L\u00fclin<\/strong>\u201d semt ibadethanesi ve \u201c<strong>Banya Ba\u015f\u0131<\/strong>\u201d merkez camii imam\u0131, \u00f6l\u00fcm\u00fcnden \u00f6nce art arda \u00fc\u00e7 Cuma namaz\u0131 k\u0131lmad\u0131\u011f\u0131 i\u00e7in, \u00fcstad\u0131 dinsizler sayfas\u0131na katarak, bir Fatiha esirgemi\u015f. \u0130yi ki, \u00c7ingene mezar kaz\u0131c\u0131lar, bizim i\u00e7in her T\u00fcrk M\u00fcsl\u00fcman\u2019d\u0131r deyip, mezar\u0131n\u0131 k\u0131bleye do\u011fru kazm\u0131\u015flar ve kabristan duvar\u0131ndan d\u00fc\u015fm\u00fc\u015f b\u00fcy\u00fck beyaz ta\u015flardan birini ba\u015fucuna dikerek, ruhunu bir teneke su ile ebedile\u015ftirerek hay\u0131r i\u015flemi\u015fler. \u00c7i\u00e7ek demetlerine de gerek kalmam\u0131\u015f, sar\u0131 ye\u015fil yapraklar el ele verip \u00f6l\u00fcms\u00fcz\u00fcn kabrine \u00e7elen olmu\u015flar.<\/p><div id=\"bghab-3239870842\" class=\"bghab-icerik-icine-20-paragraf bghab-entity-placement\"><script async src=\"\/\/pagead2.googlesyndication.com\/pagead\/js\/adsbygoogle.js?client=ca-pub-6203283170189293\" crossorigin=\"anonymous\"><\/script><ins class=\"adsbygoogle\" style=\"display:block; text-align:center;\" data-ad-client=\"ca-pub-6203283170189293\" \ndata-ad-slot=\"7303146466\" \ndata-ad-layout=\"in-article\"\ndata-ad-format=\"fluid\" data-full-width-responsive=\"true\"><\/ins>\n<script> \n(adsbygoogle = window.adsbygoogle || []).push({}); \n<\/script>\n<\/div>\n<p>&nbsp;<\/p>\n<p>Derin k\u00f6kleri K\u0131r\u0131m\u2019da olan ve Silistreli olarak bildi\u011fimiz, y\u00fcre\u011fi Tuna kadar b\u00fcy\u00fck olan rahmetli Bulgaristan T\u00fcreleri\u2019nin 1950-60\u2019larda ye\u015feren ayd\u0131nlanma ruhunu kanatland\u0131rm\u0131\u015ft\u0131. 60\u201370 y\u0131ll\u0131k ezilmi\u015flikten sonra \u00f6z kaynaklar\u0131m\u0131zdan \u00f6z kimli\u011fimizle f\u0131\u015fk\u0131rmam\u0131z\u0131n \u00f6nc\u00fcs\u00fc oldu. \u00d6zg\u00fcn k\u00fclt\u00fcr\u00fcm\u00fcze ve medeniyetimize d\u00f6nme y\u0131llar\u0131nda bizim i\u00e7in gelecekten randevu istemi\u015fti. Edinimlerimizi koruma m\u00fccadelesinde kavga ate\u015fimizin \u00f6z\u00fcnde yer alm\u0131\u015ft\u0131. Okullar\u0131m\u0131z\u0131, liselerimizi, T\u00fcrk dilimizde tedrisat yapan Sofya \u00dcniversitesi fak\u00fcltelerimizi savunma davas\u0131nda en fazla ezilen oldu. T\u00fcrk\u00e7\u00fcyd\u00fc. N\u00fcvvab bitirip, ateizm \u00fcst\u00fcne doktora tezi savunan, sonra camiye d\u00f6n\u00fcp t\u00f6vbe edenlerden farkl\u0131yd\u0131. Gelecekten randevu alm\u0131\u015f bizi do\u011fru bildi\u011fi yolca ileri g\u00f6t\u00fcren ayd\u0131n karde\u015flerimizden biriydi.<\/p>\n<p>&nbsp;<\/p>\n<p>Bir insan do\u011fmazdan \u00f6nce ona sorsalar, varsa bir iste\u011fin s\u00f6yle deseler, bu kadar \u00e7ileli bir hayattan sonra, her birimiz benden ne yaparsan yap ama medeniyetlerin \u00e7arp\u0131\u015ft\u0131\u011f\u0131 yerde b\u0131rakma derdi. Medeniyet sava\u015flar\u0131n\u0131n y\u00fcr\u00fct\u00fcld\u00fc\u011f\u00fc topraklar ezgin, kuru ve sert olur. S\u00fcrsen s\u00fcr\u00fclmez, eksen ekilmez. R\u00fczg\u00e2rdan ba\u015fka kimseyle sevi\u015fmez. O soru bana sorulsa, ben de ayn\u0131 cevab\u0131 verirdim. Ne yaz\u0131k ki, biz Do\u011fu ve Bat\u0131 medeniyetinin y\u00fczle\u015fti\u011fi ve birbirini kemirerek bitirmeye \u00e7al\u0131\u015ft\u0131\u011f\u0131 cephe hatt\u0131nda do\u011fduk ve ya\u015fad\u0131k. \u00a0Ne Ali Rafiev\u2019in ne de bizden olan ba\u015fka birinin bu Do\u011fu &#8211; Bat\u0131 kap\u0131\u015fmas\u0131 ate\u015finde odunu yoktur. K\u00fclt\u00fcrel miras\u0131 2 500 cami ve mescitli bir memlekette do\u011fmu\u015fum. Ezans\u0131z topraklarda \u00f6l\u00fcyoruz.<\/p>\n<p>&nbsp;<\/p><div id=\"bghab-2105920325\" class=\"bghab-icerik-icine-25-paragraf bghab-entity-placement\"><script async src=\"\/\/pagead2.googlesyndication.com\/pagead\/js\/adsbygoogle.js?client=ca-pub-6203283170189293\" crossorigin=\"anonymous\"><\/script><ins class=\"adsbygoogle\" style=\"display:block; text-align:center;\" data-ad-client=\"ca-pub-6203283170189293\" \ndata-ad-slot=\"7303146466\" \ndata-ad-layout=\"in-article\"\ndata-ad-format=\"fluid\" data-full-width-responsive=\"true\"><\/ins>\n<script> \n(adsbygoogle = window.adsbygoogle || []).push({}); \n<\/script>\n<\/div>\n<p>Ortodoks Bulgar\u2019\u0131n kiliseleri bas\u0131k ve isli olsa da onlar kendilerini bizden Bat\u0131l\u0131 san\u0131yorlar. Sevdaland\u0131\u011f\u0131m\u0131z Avrupa medeniyet parlakl\u0131\u011f\u0131na giden yolda bize g\u00f6lge oluyorlar. Hem Do\u011fu\u2019nun hem Bat\u0131n\u0131n can \u00e7eki\u015fti\u011fi ge\u00e7en y\u00fczy\u0131lda, kendi yolunu bulmakta zorlanan Bulgar\u2019dan \u00e7ekmedi\u011fimiz kalmad\u0131. Ne yaz\u0131k ki, ait oldu\u011fumuz Do\u011fu\u2019nun \u00f6z ve bi\u00e7im de\u011fi\u015ftirdi\u011fi a\u011f\u0131r d\u00f6nemde, Bat\u0131n\u0131n irfan matbaas\u0131ndan d\u00f6k\u00fclecek k\u0131r\u0131nt\u0131larla ge\u00e7inebiliriz inanc\u0131m\u0131z do\u011fmu\u015fken, t\u00fcm isteklerimizin bir de Bulgar filtresinden ge\u00e7me zaruri yetinin belirmesi ve bize gelen \u0131\u015f\u0131\u011f\u0131n bile tamamen k\u0131s\u0131lmas\u0131, can\u0131m\u0131z\u0131 \u00e7ok s\u0131k\u0131p yakt\u0131. Hep par\u00e7aland\u0131k ve Do\u011fuya ka\u00e7t\u0131k. Do\u011fu\u2019da olu\u015facak yeni medeniyetle mutlu olaca\u011f\u0131m\u0131za inand\u0131k. Umutla dirilerek, ilerleme ve olgunla\u015fma \u00e7a\u011flar\u0131n\u0131n bizi bulmas\u0131n\u0131 bekledik. Bizden olmayan \u0131\u015f\u0131k k\u0131r\u0131nt\u0131lar\u0131yla ayd\u0131nlanmak ve \u0131s\u0131nmak zorunda b\u0131rak\u0131ld\u0131k. Ayd\u0131nlanma beklerken k\u00f6rle\u015ftik. \u00a0\u0130\u015fte b\u00f6yle bir d\u00f6nemde t\u00fcm \u00e7ilelerimizle kavrulan \u00f6nder Ali Rafiev gitti.<\/p>\n<p>&nbsp;<\/p>\n<p>Bir T\u00fcrk olarak, bir M\u00fcsl\u00fcman olarak, itfan ve huzur ararken ben \u201c<strong>Bizim bir medeniyet makinesinden mutlaka ge\u00e7irilmemiz gerekti\u011fi<\/strong>\u201d masallar\u0131n\u0131 \u00e7ok dinledim. O sohbetlere kat\u0131ld\u0131\u011f\u0131m zaman, bizi g\u00f6zlerine kestiren Bulgarlardan tiksindim. Bat\u0131y\u0131 g\u00f6rmemi\u015ftim. Jack London\u2019un\u00a0 \u201c<strong>Vah\u015fetin \u00c7a\u011fr\u0131s\u0131<\/strong>\u201d, \u201c<strong>Deniz Kurdu<\/strong>\u201d, \u201c<strong>Ate\u015f Yakmak<\/strong>\u201d; Charles Dikens\u2019in \u201c<strong>B\u00fcy\u00fck Umutlar<\/strong>\u201d vb eserlerini okurken de bir yerlere tak\u0131lmam\u0131\u015f, dede oca\u011f\u0131ndan ka\u00e7\u0131p bir yerlere gitmek, ser\u00fcven pe\u015fine tak\u0131lmak istemedim. Fakat bu tart\u0131\u015fmalarda eksik bir taraf oldu\u011funu hissediyordum:<\/p>\n<p>&nbsp;<\/p>\n<p>\u015e\u00f6yle ki: Kendimizi sevdirmek i\u00e7in onlardan k\u0131z al\u0131p vermeliyiz deyenler vard\u0131. Bu surette sarma\u015f dola\u015f bir medeniyet meydana getirme heveslileri sivriliyordu. Rahmetli Rafiev\u2019in e\u015fi de Bulgar\u2019d\u0131. Gen\u00e7li\u011fi, okul ve \u00fcniversitelerde karma bir terenn\u00fcmle b\u00fcy\u00fctmeliyiz deyenler Bu yolda \u00f6n\u00fcm\u00fcze \u00e7\u0131kan en b\u00fcy\u00fck ta\u015f, k\u00fclt\u00fcrlerin ba\u015f\u0131na buyruk ya\u015famak istemesi, dinlerin de diyalogdan ileri ad\u0131m atmak istememesi oldu. Bedenlerin birle\u015fmesi, imzalar ve yeminler sorunlara \u00e7\u00f6z\u00fcm de\u011fildi. Kim ne derse desin medeniyetlerin kayna\u015fmas\u0131ndan s\u00f6z etmek yanl\u0131\u015ft\u0131. Bize \u00f6ncelik tan\u0131nan zamanlarda, verilen her \u00f6d\u00fcn\u00fcn bizde al\u0131nan iki edinime tek\u00e2m\u00fcl etti\u011fi unutulmamal\u0131d\u0131r. Ne Ali Rafiev ne de daha sonra gelen Bulgaristan T\u00fcrk y\u00f6neticiler maskeli balo istememi\u015fti. Bizden olup da herhangi birisinin ba\u015f\u0131m\u0131za gelenlerin \u00f6nc\u00fcs\u00fc oldu\u011funa inanm\u0131yorum. Ahmet Do\u011fan gibi bacaklar\u0131 ve zihni d\u0131\u015far\u0131 ba\u011fl\u0131 ve kelep\u00e7elerini \u00e7\u00f6zmeye g\u00fcc\u00fc yetmeyenler hari\u00e7.<\/p><div id=\"bghab-79170634\" class=\"bghab-icerik-icine-30-paragraf bghab-entity-placement\"><script async src=\"\/\/pagead2.googlesyndication.com\/pagead\/js\/adsbygoogle.js?client=ca-pub-6203283170189293\" crossorigin=\"anonymous\"><\/script><ins class=\"adsbygoogle\" style=\"display:block; text-align:center;\" data-ad-client=\"ca-pub-6203283170189293\" \ndata-ad-slot=\"7303146466\" \ndata-ad-layout=\"in-article\"\ndata-ad-format=\"fluid\" data-full-width-responsive=\"true\"><\/ins>\n<script> \n(adsbygoogle = window.adsbygoogle || []).push({}); \n<\/script>\n<\/div>\n<p>&nbsp;<\/p>\n<p>Gelecekten randevu istemeden \u00f6nce, binim ku\u015fa\u011f\u0131m\u0131n ya\u015fad\u0131\u011f\u0131 medeniyetler kavgas\u0131nda gelinen son duruma bir g\u00f6z atal\u0131m. Halk\u0131m\u0131z eski haliyle y\u00fcz \u00fcst\u00fc b\u0131rak\u0131ld\u0131. Ne yaz\u0131k ki demokrasi \u015feklinde gelmesini bekledi\u011fimiz Bat\u0131 medeniyeti bize ula\u015famad\u0131. T\u00fcrk isimlerimizi korumak ve camiye gitmemek \u015fart\u0131yla Bulgarl\u0131\u011f\u0131 kabul ediyorum diyenlere, \u00f6tekilere \u00f6rnek olsunlar diye sa\u011flanan olanaklar \u015f\u00f6yle bi\u00e7imlenmedi mi?<\/p>\n<p>Saraylara, deniz k\u00f6\u015fklerine, da\u011f evlerine ta\u015f\u0131nd\u0131lar. Elbiseleri \u0130ngiltere\u2019den, arabalar\u0131 Almanya\u2019dan yedikleri makarnalar \u0130talya\u2019dan, t\u00fctt\u00fckleri purolar Avusturya\u2019dan, \u00fczerinde \u00e7al\u0131\u015f\u0131yoruz diye maa\u015f ald\u0131klar\u0131 kanunlar Fransa\u2019dan, nargile t\u00fct\u00fcn\u00fc Tahran\u2019dan, Kahire\u2019den gelmiyor mu? Buna barlardan se\u00e7tikleri kad\u0131nlar\u0131n y\u00fcrek \u00e7arp\u0131nt\u0131s\u0131n\u0131 da kat\u0131nca Bat\u0131 medeniyeti oluyor hayallerine kap\u0131lanlar tamamen yan\u0131lmad\u0131 m\u0131? Karanl\u0131k ve t\u00fct\u00fcn duman\u0131ndan g\u00f6z g\u00f6z\u00fc g\u00f6rmeyen bir ortamda olan\u0131n emeli ayd\u0131nl\u0131k ve temiz hava ise, biz onlardan iyiyiz. Son durumlar Bulgar k\u00fclt\u00fcr\u00fcn\u00fc de mahvetmi\u015ftir. Kendini refah ortam\u0131nda hisseden bir halk vatan\u0131n\u0131 terk eder mi?<\/p>\n<p>&nbsp;<\/p>\n<p>Biz becerisiz ve faziletsiz bir milletin ortas\u0131nda kald\u0131k. Onlar\u0131n i\u015fitmek istemedikleri ger\u00e7ek \u015fudur: Sanats\u0131z bir millet zengin olamaz, beraber ya\u015famak zorunda oldu\u011fu az\u0131nl\u0131klar\u0131 ezen bir miller ba\u015far\u0131l\u0131 olamaz, hi\u00e7bir kimseyle kayna\u015famaz, hi\u00e7 kimseyle rekabet edemez. \u0130rfandan uzak ya\u015fayanlar mutlaka \u00f6lmek zorundad\u0131r.<\/p><div id=\"bghab-3620977585\" class=\"bghab-icerik-icine-35-paragraf bghab-entity-placement\"><script async src=\"\/\/pagead2.googlesyndication.com\/pagead\/js\/adsbygoogle.js?client=ca-pub-6203283170189293\" crossorigin=\"anonymous\"><\/script><ins class=\"adsbygoogle\" style=\"display:block; text-align:center;\" data-ad-client=\"ca-pub-6203283170189293\" \ndata-ad-slot=\"7303146466\" \ndata-ad-layout=\"in-article\"\ndata-ad-format=\"fluid\" data-full-width-responsive=\"true\"><\/ins>\n<script> \n(adsbygoogle = window.adsbygoogle || []).push({}); \n<\/script>\n<\/div>\n<p>&nbsp;<\/p>\n<p>D\u00fcnk\u00fc, bug\u00fcnk\u00fc medeniyeti yaratan \u00e7al\u0131\u015fan ve yaratan insanlard\u0131r. Yar\u0131nki medeniyeti de onlar bina edecektir. Bu s\u00fcrecin durdu\u011fu yerde medeniyet biter. Ba\u015fka millet ve az\u0131nl\u0131klara zulmeden bir millet hayatta kalamaz, ya \u00f6l\u00fcr ya da yok olur. Fakat bu m\u00fccadele kat\u0131lan, tek d\u00fc\u015fen, zaman\u0131n de\u011fi\u015fmesiyle yaln\u0131zl\u0131\u011fa itilen dava adamlar\u0131 son nefeslerinde bile bizdendir. Unutmayal\u0131m. M\u00fcsl\u00fcman kabristanl\u0131\u011f\u0131nda t\u00fcm T\u00fcrklere yer olmal\u0131!<\/p>\n<p>Hayat ak\u0131yor. Akan sular\u0131n durulaca\u011f\u0131na inand\u0131\u011f\u0131m i\u00e7in, gelecekten randevu istiyorum.<\/p>\n<p>Arkada\u015flar\u0131n\u0131zla payla\u015fmay\u0131 unutmay\u0131n\u0131z.<\/p>\n<div id=\"bghab-3467316418\" class=\"bghab-yazi-altinda bghab-entity-placement\"><div class=\"bghab-adlabel\">Reklamlar<\/div><script async src=\"https:\/\/pagead2.googlesyndication.com\/pagead\/js\/adsbygoogle.js\"><\/script>\r\n<!-- bghaber-yaz\u0131-sonu -->\r\n<ins class=\"adsbygoogle\"\r\n     style=\"display:block\"\r\n     data-ad-client=\"ca-pub-6203283170189293\"\r\n     data-ad-slot=\"4222328180\"\r\n     data-ad-format=\"auto\"\r\n     data-full-width-responsive=\"true\"><\/ins>\r\n<script>\r\n     (adsbygoogle = window.adsbygoogle || []).push({});\r\n<\/script><\/div><br style=\"clear: both; display: block; float: none;\"\/>","protected":false},"excerpt":{"rendered":"<p>&nbsp; \u015eakir ARSLANTA\u015e Hedeflerinde bizi medeniyetimizden koparmak var. &nbsp; Beni sabah okula g\u00f6nden dedem \u201cirfan\u201d getir\u201d evlad\u0131m diyordu. \u0130rfan s\u00f6z\u00fcn\u00fcn bilgiye, anlay\u0131\u015fa, k\u00fclt\u00fcre ula\u015fma, olaylar\u0131n<\/p>\n","protected":false},"author":13,"featured_media":12415,"comment_status":"closed","ping_status":"closed","sticky":false,"template":"","format":"standard","meta":{"advanced_seo_description":"","jetpack_seo_html_title":"","jetpack_seo_noindex":false,"_jetpack_memberships_contains_paid_content":false,"footnotes":""},"categories":[6],"tags":[],"class_list":["post-21491","post","type-post","status-publish","format-standard","has-post-thumbnail","hentry","category-yorum"],"jetpack_featured_media_url":"https:\/\/i0.wp.com\/www.bghaber.org\/bghaber\/wp-content\/uploads\/2014\/12\/sakir-arslantas.jpg?fit=130%2C168&ssl=1","jetpack_sharing_enabled":true,"jetpack_likes_enabled":true,"jetpack-related-posts":[],"jetpack_shortlink":"https:\/\/wp.me\/pc2PfJ-5AD","_links":{"self":[{"href":"https:\/\/www.bghaber.org\/bghaber\/wp-json\/wp\/v2\/posts\/21491","targetHints":{"allow":["GET"]}}],"collection":[{"href":"https:\/\/www.bghaber.org\/bghaber\/wp-json\/wp\/v2\/posts"}],"about":[{"href":"https:\/\/www.bghaber.org\/bghaber\/wp-json\/wp\/v2\/types\/post"}],"author":[{"embeddable":true,"href":"https:\/\/www.bghaber.org\/bghaber\/wp-json\/wp\/v2\/users\/13"}],"replies":[{"embeddable":true,"href":"https:\/\/www.bghaber.org\/bghaber\/wp-json\/wp\/v2\/comments?post=21491"}],"version-history":[{"count":0,"href":"https:\/\/www.bghaber.org\/bghaber\/wp-json\/wp\/v2\/posts\/21491\/revisions"}],"wp:featuredmedia":[{"embeddable":true,"href":"https:\/\/www.bghaber.org\/bghaber\/wp-json\/wp\/v2\/media\/12415"}],"wp:attachment":[{"href":"https:\/\/www.bghaber.org\/bghaber\/wp-json\/wp\/v2\/media?parent=21491"}],"wp:term":[{"taxonomy":"category","embeddable":true,"href":"https:\/\/www.bghaber.org\/bghaber\/wp-json\/wp\/v2\/categories?post=21491"},{"taxonomy":"post_tag","embeddable":true,"href":"https:\/\/www.bghaber.org\/bghaber\/wp-json\/wp\/v2\/tags?post=21491"}],"curies":[{"name":"wp","href":"https:\/\/api.w.org\/{rel}","templated":true}]}}