{"id":21469,"date":"2016-11-19T11:01:35","date_gmt":"2016-11-19T09:01:35","guid":{"rendered":"http:\/\/www.bghaber.org\/bghaber\/?p=21469"},"modified":"2016-11-19T11:01:35","modified_gmt":"2016-11-19T09:01:35","slug":"plevneliev-gundemde-olan-gecici-hukumet-degildir","status":"publish","type":"post","link":"https:\/\/www.bghaber.org\/bghaber\/plevneliev-gundemde-olan-gecici-hukumet-degildir\/","title":{"rendered":"Plevneliev: G\u00fcndemde olan ge\u00e7ici h\u00fck\u00fcmet de\u011fildir"},"content":{"rendered":"<p><strong><img data-recalc-dims=\"1\" decoding=\"async\" src=\"https:\/\/i0.wp.com\/www.bghaber.org\/bghaber\/wp-content\/uploads\/2016\/11\/plevneli.jpg?w=640\" alt=\"plevneli\" \/><\/strong><\/p>\n<p><strong>G\u00f6rev s\u00fcresi 22 Ocak 2017\u2019de sona eren BG Cumhurba\u015fkan\u0131 Rosen Plevneliev <\/strong><\/p>\n<p><strong>\u00a0<\/strong><\/p>\n<p><strong>G\u00f6revin, h\u00fck\u00fcmetin istifa etmesiyle ba\u015flayan bunal\u0131m\u0131n, bir parlamenter krize b\u00fcy\u00fcmesini ve bir siyasi bunal\u0131m\u0131n patlak vermesini \u00f6nlemektir. <\/strong><\/p>\n<p><strong>Bulgaristan Cumhurba\u015fkan\u0131 Rosen Plevneliev Bulgar Ulusal Televizyonunda konu\u015ftu ve \u015f\u00f6yle dedi: \u201c\u015eu anda ge\u00e7ici h\u00fck\u00fcmetin kurulmas\u0131 ve bile\u015fimi g\u00fcndem olu\u015fturmuyor. Parlamentoda temsil edilen siyasi g\u00fc\u00e7lerle g\u00f6r\u00fc\u015fmelerde bulunuyorum, isti\u015farelerimden sona, kendilerini bilgilendirmek \u00fczere Ulusal Dan\u0131\u015fma Konseyi\u2019ni toplayaca\u011f\u0131m. Parlamentoda milletvekili olan siyasi parti temsilcileriyle temaslar\u0131mda yeni ge\u00e7ici h\u00fck\u00fcmetin bile\u015fimi g\u00f6r\u00fc\u015f\u00fclmedi ve ele al\u0131nmayacakt\u0131r.<\/strong><\/p>\n<p><strong>Bas\u0131nda ve elektronik haberle\u015fme ara\u00e7lar\u0131nda dola\u015fan haberlerde ve yap\u0131lan yorumlardan edindi\u011fim intibaa bak\u0131l\u0131rsa, bug\u00fcn Bulgaristan\u2019da Cumhurba\u015fkan\u0131 d\u0131\u015f\u0131nda herkes Bakanlar Kurulu kuruyor, bakan ve ba\u015fbakan at\u0131yor. \u015eimdi \u00f6devim bu de\u011fildir. Bulgaristan Anayasas\u0131\u2019n\u0131 yaln\u0131z metin olarak de\u011fil, onun ruhunu da iyi bilen bir demokrat, bir vatanda\u015f olarak \u015fu anki \u00f6devim, h\u00fck\u00fcmetin istifas\u0131yla yay\u0131lan siyasi bunal\u0131m\u0131n bir parlamenter bunal\u0131ma b\u00fcy\u00fcmesini \u00f6nlemektir.\u201d<\/strong><\/p>\n<p><strong>Plevneliev, \u00f6n\u00fcm\u00fczdeki haftan\u0131n sonuna kadar devam edecek olan, mecliste temsilcisi olan siyasi partilerle g\u00f6r\u00fc\u015fmelerin amac\u0131nda, Halk Meclisinin \u015fimdiki bile\u015fimle ayakta kalmas\u0131n\u0131 sa\u011flamakt\u0131r, \u00e7\u00fcnk\u00fc \u00fclkenin 2017 b\u00fct\u00e7esi kabul edilmemi\u015f ve onaylanas\u0131 s\u0131rada daha bir\u00e7ok yasa var, ayr\u0131ca da Avrupa Birli\u011fi temsilcili\u011fimiz \u00e7\u00f6z\u00fcm bekleyen bir sorundur.\u201d Dedi.<\/strong><\/p><div id=\"bghab-2445589384\" class=\"bghab-icerik-icine bghab-entity-placement\"><script async src=\"\/\/pagead2.googlesyndication.com\/pagead\/js\/adsbygoogle.js?client=ca-pub-6203283170189293\" crossorigin=\"anonymous\"><\/script><ins class=\"adsbygoogle\" style=\"display:block; text-align:center;\" data-ad-client=\"ca-pub-6203283170189293\" \ndata-ad-slot=\"7303146466\" \ndata-ad-layout=\"in-article\"\ndata-ad-format=\"fluid\" data-full-width-responsive=\"true\"><\/ins>\n<script> \n(adsbygoogle = window.adsbygoogle || []).push({}); \n<\/script>\n<\/div>\n<p>Cumhurba\u015fkan\u0131, ge\u00e7ici h\u00fck\u00fcmetin kurulmas\u0131na ili\u015fkin g\u00f6revlendirmede bulunmazdan \u00f6nce Ulusal G\u00fcvenlik Dan\u0131\u015fma Konseyi\u2019ni toplama gerek\u00e7esini ise \u015f\u00f6yle a\u00e7\u0131klad\u0131:<\/p>\n<p>\u201cHalk Meclisinin da\u011f\u0131lmas\u0131n\u0131 \u00f6nleyemezsek ve siyasi g\u00fc\u00e7lerden hi\u00e7biri politik sorumluluk \u00fcslenmeye haz\u0131r oldu\u011funu beyan etmedi\u011fine g\u00f6re, bir program, uzman, ge\u00e7ici veya geni\u015f mutabakat h\u00fck\u00fcmeti kurulamaz. Siyasi isti\u015farelerin sona ermesinden sonra Ulusal G\u00fcvenlik Dan\u0131\u015fma Konseyi nde se\u00e7im tarihi belirlenecek ve ard\u0131ndan Cumhurba\u015fkan\u0131 ge\u00e7ici h\u00fck\u00fcmet kurma g\u00f6revi verecektir.\u201d<\/p>\n<p>Plevneliev demecini \u015f\u00f6yle bitirdi: \u00a0\u201cBir devlet ba\u015fkan\u0131 olarak, Cumhurba\u015fkanl\u0131\u011f\u0131 kurumunu iyi bilen biri olarak, sorumlu ve \u015feffaf bir \u015fekilde \u015funu beyan ediyorum. \u00a0Ben, eski ve yeni cumhurba\u015fkan\u0131 aras\u0131nda bir z\u0131tla\u015fmaya vesile olmak istemiyorum, bunun Bulgar halk\u0131n\u0131n yarar\u0131na olaca\u011f\u0131 g\u00f6r\u00fc\u015f\u00fcnde de\u011filim, eski cumhurba\u015fkan\u0131n\u0131n bir ge\u00e7ici h\u00fck\u00fcmet atamas\u0131ndan, ard\u0131ndan g\u00f6reve gelen yeni cumhurba\u015fkan\u0131n\u0131n bu h\u00fck\u00fcmeti da\u011f\u0131t\u0131p kendi h\u00fck\u00fcmetini tayin etmesinin de yararl\u0131 olaca\u011f\u0131na inanm\u0131yorum. Bu durumda ulusal sorumlu \u00e7\u00f6z\u00fcm\u00fcn iki cumhurba\u015fkan\u0131n\u0131n ortak \u00e7abalarda birle\u015fmesinden ge\u00e7ti\u011fine inan\u0131yorum.\u201d<\/p>\n<div id=\"bghab-3718367542\" class=\"bghab-yazi-altinda bghab-entity-placement\"><div class=\"bghab-adlabel\">Reklamlar<\/div><script async src=\"https:\/\/pagead2.googlesyndication.com\/pagead\/js\/adsbygoogle.js\"><\/script>\r\n<!-- bghaber-yaz\u0131-sonu -->\r\n<ins class=\"adsbygoogle\"\r\n     style=\"display:block\"\r\n     data-ad-client=\"ca-pub-6203283170189293\"\r\n     data-ad-slot=\"4222328180\"\r\n     data-ad-format=\"auto\"\r\n     data-full-width-responsive=\"true\"><\/ins>\r\n<script>\r\n     (adsbygoogle = window.adsbygoogle || []).push({});\r\n<\/script><\/div><br style=\"clear: both; display: block; float: none;\"\/>","protected":false},"excerpt":{"rendered":"<p>G\u00f6rev s\u00fcresi 22 Ocak 2017\u2019de sona eren BG Cumhurba\u015fkan\u0131 Rosen Plevneliev \u00a0 G\u00f6revin, h\u00fck\u00fcmetin istifa etmesiyle ba\u015flayan bunal\u0131m\u0131n, bir parlamenter krize b\u00fcy\u00fcmesini ve bir siyasi<\/p>\n","protected":false},"author":13,"featured_media":21470,"comment_status":"closed","ping_status":"closed","sticky":false,"template":"","format":"standard","meta":{"advanced_seo_description":"","jetpack_seo_html_title":"","jetpack_seo_noindex":false,"_jetpack_memberships_contains_paid_content":false,"footnotes":""},"categories":[5],"tags":[],"class_list":["post-21469","post","type-post","status-publish","format-standard","has-post-thumbnail","hentry","category-yasam"],"jetpack_featured_media_url":"https:\/\/i0.wp.com\/www.bghaber.org\/bghaber\/wp-content\/uploads\/2016\/11\/plevneli.jpg?fit=700%2C582&ssl=1","jetpack_sharing_enabled":true,"jetpack_likes_enabled":true,"jetpack-related-posts":[],"jetpack_shortlink":"https:\/\/wp.me\/pc2PfJ-5Ah","_links":{"self":[{"href":"https:\/\/www.bghaber.org\/bghaber\/wp-json\/wp\/v2\/posts\/21469","targetHints":{"allow":["GET"]}}],"collection":[{"href":"https:\/\/www.bghaber.org\/bghaber\/wp-json\/wp\/v2\/posts"}],"about":[{"href":"https:\/\/www.bghaber.org\/bghaber\/wp-json\/wp\/v2\/types\/post"}],"author":[{"embeddable":true,"href":"https:\/\/www.bghaber.org\/bghaber\/wp-json\/wp\/v2\/users\/13"}],"replies":[{"embeddable":true,"href":"https:\/\/www.bghaber.org\/bghaber\/wp-json\/wp\/v2\/comments?post=21469"}],"version-history":[{"count":0,"href":"https:\/\/www.bghaber.org\/bghaber\/wp-json\/wp\/v2\/posts\/21469\/revisions"}],"wp:featuredmedia":[{"embeddable":true,"href":"https:\/\/www.bghaber.org\/bghaber\/wp-json\/wp\/v2\/media\/21470"}],"wp:attachment":[{"href":"https:\/\/www.bghaber.org\/bghaber\/wp-json\/wp\/v2\/media?parent=21469"}],"wp:term":[{"taxonomy":"category","embeddable":true,"href":"https:\/\/www.bghaber.org\/bghaber\/wp-json\/wp\/v2\/categories?post=21469"},{"taxonomy":"post_tag","embeddable":true,"href":"https:\/\/www.bghaber.org\/bghaber\/wp-json\/wp\/v2\/tags?post=21469"}],"curies":[{"name":"wp","href":"https:\/\/api.w.org\/{rel}","templated":true}]}}