{"id":21465,"date":"2016-11-18T23:04:12","date_gmt":"2016-11-18T21:04:12","guid":{"rendered":"http:\/\/www.bghaber.org\/bghaber\/?p=21465"},"modified":"2016-11-18T23:04:12","modified_gmt":"2016-11-18T21:04:12","slug":"izmir-nereye-ayrilsin","status":"publish","type":"post","link":"https:\/\/www.bghaber.org\/bghaber\/izmir-nereye-ayrilsin\/","title":{"rendered":"\u0130zmir Nereye Ayr\u0131ls\u0131n?"},"content":{"rendered":"<p>&nbsp;<\/p>\n<p><img decoding=\"async\" src=\"https:\/\/scontent-amt2-1.xx.fbcdn.net\/v\/t1.0-9\/1604735_1743312022569136_8440970267375165386_n.jpg?oh=be871ab94bcf276499968d561412c0c1&amp;oe=588EA23C\" \/><\/p>\n<p>Alptekin CEVHERL\u0130<\/p>\n<p>++++++<\/p>\n<p>Ka\u00e7 y\u0131ld\u0131r duymad\u0131\u011f\u0131n\u0131z bir mar\u015f vard\u0131. Hat\u0131rlar m\u0131s\u0131n\u0131z\u2026<\/p>\n<p>\u0130zmir\u2019in da\u011flar\u0131nda \u00e7i\u00e7ekler a\u00e7ar.<br \/>\nAlt\u0131n g\u00fcne\u015f ordu s\u0131rmalar sa\u00e7ar.<br \/>\nBozulmu\u015f d\u00fc\u015fmanlar hep yel gibi ka\u00e7ar.<br \/>\nYa\u015fa Mustafa Kemal Pa\u015fa, ya\u015fa;<br \/>\nAd\u0131n yaz\u0131lacak m\u00fccevher ta\u015fa.<\/p><div id=\"bghab-3108746197\" class=\"bghab-icerik-icine bghab-entity-placement\"><script async src=\"\/\/pagead2.googlesyndication.com\/pagead\/js\/adsbygoogle.js?client=ca-pub-6203283170189293\" crossorigin=\"anonymous\"><\/script><ins class=\"adsbygoogle\" style=\"display:block; text-align:center;\" data-ad-client=\"ca-pub-6203283170189293\" \ndata-ad-slot=\"7303146466\" \ndata-ad-layout=\"in-article\"\ndata-ad-format=\"fluid\" data-full-width-responsive=\"true\"><\/ins>\n<script> \n(adsbygoogle = window.adsbygoogle || []).push({}); \n<\/script>\n<\/div>\n<p>\u0130zmir da\u011flar\u0131na bomba koydular<br \/>\nT\u00fcrk\u2019\u00fcn sanca\u011f\u0131n\u0131 \u00f6ne koydular.<br \/>\n\u015eanl\u0131 zaferlerle d\u00fc\u015fman\u0131 bo\u011fdular.<br \/>\nKader b\u00f6yle imi\u015f ey garip ana<br \/>\nKan\u0131m feda olsun g\u00fczel vatana.<\/p>\n<p>\u0130zmir\u2019in da\u011flar\u0131nda oturdum kald\u0131m<br \/>\n\u015eehit olanlar\u0131 deftere yazd\u0131m.<br \/>\n\u00d6ks\u00fcz yavrular\u0131 ba\u011fr\u0131ma bast\u0131m.<br \/>\nKader b\u00f6yle imi\u015f ey garip ana<br \/>\nKan\u0131m feda olsun g\u00fczel vatana<\/p>\n<p>T\u00fcrk o\u011fluyum ben \u00f6lmek isterim.<br \/>\nToprak diken olsa yata\u011f\u0131m yerim.<br \/>\nAllah\u2019\u0131ndan utans\u0131n d\u00f6nenler geri<br \/>\nYa\u015fa Mustafa Kemal Pa\u015fa, ya\u015fa<br \/>\nAd\u0131n yaz\u0131lacak m\u00fccevher ta\u015fa.<\/p>\n<p>Uzun zamand\u0131r televizyonlarda mar\u015flar\u0131m\u0131z \u00e7al\u0131nmamaktad\u0131r. Bilmem fark ettiniz mi?<\/p>\n<p>T\u00fcrkiye\u2019nin AB\u2019ye giri\u015f s\u00fcrecinin h\u0131zlanmas\u0131 ile birlikte mar\u015flar\u0131m\u0131z azalm\u0131\u015f, G\u00fcmr\u00fck Birli\u011fi\u2019ne 90\u2019l\u0131 y\u0131llarda girdikten sonra da T\u00fcrk televizyonlar\u0131ndan mar\u015flar\u0131m\u0131z tamamen kald\u0131r\u0131lm\u0131\u015ft\u0131r. Emri kim verdi, nas\u0131l uygulamaya girdi bilmem ama yeni nesil mar\u015f bilmeden b\u00fcy\u00fcyor.<\/p><div id=\"bghab-3263952390\" class=\"bghab-icerik-icine-10-paragraf bghab-entity-placement\"><script async src=\"\/\/pagead2.googlesyndication.com\/pagead\/js\/adsbygoogle.js?client=ca-pub-6203283170189293\" crossorigin=\"anonymous\"><\/script><ins class=\"adsbygoogle\" style=\"display:block; text-align:center;\" data-ad-client=\"ca-pub-6203283170189293\" \ndata-ad-slot=\"7303146466\" \ndata-ad-layout=\"in-article\"\ndata-ad-format=\"fluid\" data-full-width-responsive=\"true\"><\/ins>\n<script> \n(adsbygoogle = window.adsbygoogle || []).push({}); \n<\/script>\n<\/div>\n<p>Oysa mar\u015flar bir milletin var olu\u015f m\u00fccadelelerini, nelere ra\u011fmen varl\u0131\u011f\u0131n\u0131 devam ettirdi\u011fini ve gelece\u011fe y\u00f6nelik hedeflerini tan\u0131mlayan sanatsal de\u011ferlerdir. E\u011fer bir millet mar\u015flar\u0131n\u0131 unutursa kendini de unutur\u2026 Ondan sonra da birileri aradan mal\u0131 g\u00f6t\u00fcr\u00fcr\u2026<\/p>\n<p>* * *<\/p>\n<p>17 Kas\u0131m Per\u015fembe g\u00fcn\u00fc gazetelerde deh\u015fete d\u00fc\u015f\u00fcren bir haber vard\u0131. CHP milletvekili Ali Yi\u011fit bir konu\u015fmas\u0131nda:<\/p>\n<p>\u201cCumhurba\u015fkan\u0131, Ba\u015fbakan kafa tutuyor, D\u0131\u015fi\u015fleri kafa tutuyor. \u2019Avrupa Birli\u011fi\u2019ni istemiyoruz\u2019 diyorlar. 57 y\u0131l bu kap\u0131da bekledik. AB\u2019ye girmek i\u00e7in kanun de\u011fi\u015fiklikleri yapt\u0131k y\u00fczlerce. Biz Avrupal\u0131 olmaya haz\u0131r\u0131z. Hele \u0130zmirliler bu i\u015fe \u00e7ok haz\u0131rlar. Oras\u0131 demokrasiye a\u00e7\u0131lan, Avrupa\u2019ya a\u00e7\u0131lan bir kap\u0131 gibidir. Biz bazen diyoruz ki \u2019Gerekirse de \u0130zmir ayr\u0131ls\u0131n\u2019 yani biz istemeyiz, bu \u015fartlarda bunlarla ya\u015famay\u0131. Biz Avrupal\u0131 olmaya \u00e7al\u0131\u015f\u0131yoruz. <a href=\"http:\/\/www.hurriyet.com.tr\/index\/turkiye\">T\u00fcrkiye<\/a>\u2019de ya\u015fayan demokrat, ayd\u0131n, \u00e7a\u011fda\u015f insanlar Avrupal\u0131 olmaya haz\u0131r\u201d diyerek \u0130zmir\u2019in T\u00fcrkiye\u2019den ayr\u0131lmaya haz\u0131r oldu\u011funu iddia etmi\u015ftir.<\/p>\n<p>Sak\u0131n bu s\u00f6z\u00fc mevcut h\u00fck\u00fcmeti ele\u015ftirmek i\u00e7in o anda sehven s\u00f6ylenmi\u015f bir laf olarak d\u00fc\u015f\u00fcnmeyin. \u00c7\u00fcnk\u00fc yapt\u0131\u011f\u0131 d\u00fczeltme a\u00e7\u0131klamas\u0131nda da \u201cBurada hi\u00e7 ku\u015fkusuz ifadenin eksik olmas\u0131n\u0131n da etkisi vard\u0131r. Ancak <a href=\"http:\/\/www.hurriyet.com.tr\/index\/ben\">ben<\/a> konu\u015fmamda tam anlam\u0131yla \u2018Biz \u0130zmirliler olarak, temel insan hak ve \u00f6zg\u00fcrl\u00fcklerine, demokrasiye, adalete, e\u015fitli\u011fe, bar\u0131\u015fa ve karde\u015fli\u011fe inan\u0131yor ve Avrupa Birli\u011fi\u2019ne girmek istiyoruz. Bu de\u011ferler &lt;insanl\u0131\u011f\u0131n, insan olman\u0131n evrensel de\u011ferleridir&gt; ve bunlara inan\u0131yor, bunlar\u0131 savunuyoruz. Bunlar\u0131n olmad\u0131\u011f\u0131, bu de\u011ferlerin kabul g\u00f6rmedi\u011fi yerde ya\u015fanmaz\u2019 demek istedim&#8221; diyerek \u00f6z\u00fcr dilerken bile ifadesinin arkas\u0131nda oldu\u011funu ima etmi\u015ftir.<\/p><div id=\"bghab-3794964376\" class=\"bghab-icerik-icine-15-paragraf bghab-entity-placement\"><script async src=\"\/\/pagead2.googlesyndication.com\/pagead\/js\/adsbygoogle.js?client=ca-pub-6203283170189293\" crossorigin=\"anonymous\"><\/script><ins class=\"adsbygoogle\" style=\"display:block; text-align:center;\" data-ad-client=\"ca-pub-6203283170189293\" \ndata-ad-slot=\"7303146466\" \ndata-ad-layout=\"in-article\"\ndata-ad-format=\"fluid\" data-full-width-responsive=\"true\"><\/ins>\n<script> \n(adsbygoogle = window.adsbygoogle || []).push({}); \n<\/script>\n<\/div>\n<p>Oysa Kurtulu\u015f Sava\u015f\u0131\u2019n\u0131n ilk kur\u015funun at\u0131ld\u0131\u011f\u0131, on binlerce \u015fehit ard\u0131ndan d\u00fc\u015fman\u0131n denize d\u00f6k\u00fcld\u00fc\u011f\u00fc bug\u00fcn dahi vatan\u0131n b\u00f6l\u00fcnmez b\u00fct\u00fcnl\u00fc\u011f\u00fc i\u00e7in en \u00e7ok \u015fehit veren illerin ba\u015f\u0131nda olan efeler diyar\u0131 g\u00fczel \u0130zmir hakk\u0131nda Yunan a\u011fz\u0131 ile konu\u015fan ve ger\u00e7ek fikrini belli eden bu \u015fahs\u0131 \u0130zmirli olarak k\u0131n\u0131yor ve vatan i\u00e7in gerekirse \u00f6lmeye haz\u0131r milyonla \u0130zmirli efe torunu oldu\u011funu AB misyonerlerine hat\u0131rlat\u0131yorum. \u0130zmir, Kurtulu\u015f Sava\u015f\u0131\u2019n\u0131n K\u0131z\u0131l Elmas\u0131d\u0131r!<\/p>\n<p>Herkes a\u011fz\u0131ndan \u00e7\u0131kan\u0131 \u00f6nce bir duysun!<\/p>\n<p>E\u011fer o Kurtulu\u015f Sava\u015f\u0131 olmasayd\u0131 zaten \u015fu anda \u00fclkemiz Avrupa Birli\u011fi \u00fcyesi olmayacak m\u0131yd\u0131?<\/p>\n<p>Ege B\u00f6lgemiz Yunanistan, G\u00fcneydo\u011fu Anadolu B\u00f6lgemiz Fransa, Akdeniz B\u00f6lgemiz \u0130talya, Marmara B\u00f6lgemiz de \u0130ngiltere i\u015fgalinde de\u011fil miydi? Bak\u0131n neredeyse b\u00fct\u00fcn Avrupa\u2019yla b\u00fct\u00fcnle\u015fmi\u015fiz zaten de\u011fil mi?<\/p>\n<p>Tarihinden ve vekili oldu\u011fu kentin ve partinin ilkelerinden bu kadar uzak olan bir milletvekili olabilir mi?<\/p><div id=\"bghab-60273516\" class=\"bghab-icerik-icine-20-paragraf bghab-entity-placement\"><script async src=\"\/\/pagead2.googlesyndication.com\/pagead\/js\/adsbygoogle.js?client=ca-pub-6203283170189293\" crossorigin=\"anonymous\"><\/script><ins class=\"adsbygoogle\" style=\"display:block; text-align:center;\" data-ad-client=\"ca-pub-6203283170189293\" \ndata-ad-slot=\"7303146466\" \ndata-ad-layout=\"in-article\"\ndata-ad-format=\"fluid\" data-full-width-responsive=\"true\"><\/ins>\n<script> \n(adsbygoogle = window.adsbygoogle || []).push({}); \n<\/script>\n<\/div>\n<p>Yaz\u0131k\u2026<\/p>\n<p>Bu ayr\u0131lma ifadesi asla k\u00fc\u00e7\u00fcmsenmemelidir. Bundan y\u00fcz y\u0131l \u00f6nce Bat\u0131 Avrupa taraf\u0131ndan G\u00fcneydo\u011fu b\u00f6lgemiz ve bug\u00fcnk\u00fc Irak ve Suriye topraklar\u0131m\u0131z i\u00e7in de Meclis-i Mebusan\u2019da baz\u0131 milletvekilleri b\u00f6yle demiyor muydu? Sonra ya\u015fananlar\u0131 ve ne yaz\u0131k ki h\u00e2l\u00e2 ya\u015fad\u0131klar\u0131m\u0131z\u0131 hepimiz biliyoruz de\u011fil mi?<\/p>\n<p>Bir T\u00fcrk atas\u00f6z\u00fc vard\u0131r \u201cY\u0131lan\u0131n ba\u015f\u0131 k\u00fc\u00e7\u00fckken ezilmelidir\u201d diye.<\/p>\n<p>Bu s\u00f6z\u00fcm ona milletvekili de aynen HDP\u2019li b\u00f6l\u00fcc\u00fcl\u00fckten yarg\u0131lanan di\u011ferleri gibi aynen yarg\u0131lanmal\u0131 ve teredd\u00fcts\u00fcz bir \u015fekilde mahkemenin verece\u011fi ceza uygulanmal\u0131d\u0131r. \u00dclkenin topraklar\u0131n\u0131n bir b\u00f6l\u00fcm\u00fcn\u00fc ba\u015fka bir devlete vermek i\u00e7in gayret etme su\u00e7unun gere\u011fi yap\u0131lmal\u0131d\u0131r.<\/p>\n<p>\u015eimdi sizi ba\u015fka bir mar\u015f\u0131m\u0131zla daha ba\u015f ba\u015fa b\u0131rak\u0131yorum\u2026<\/p><div id=\"bghab-1716420703\" class=\"bghab-icerik-icine-25-paragraf bghab-entity-placement\"><script async src=\"\/\/pagead2.googlesyndication.com\/pagead\/js\/adsbygoogle.js?client=ca-pub-6203283170189293\" crossorigin=\"anonymous\"><\/script><ins class=\"adsbygoogle\" style=\"display:block; text-align:center;\" data-ad-client=\"ca-pub-6203283170189293\" \ndata-ad-slot=\"7303146466\" \ndata-ad-layout=\"in-article\"\ndata-ad-format=\"fluid\" data-full-width-responsive=\"true\"><\/ins>\n<script> \n(adsbygoogle = window.adsbygoogle || []).push({}); \n<\/script>\n<\/div>\n<p>T\u00fcrk \u0130zmir Mar\u015f\u0131<\/p>\n<p>Karanl\u0131klar \u00fczerinden \u00e7ekilince<\/p>\n<p>Ak bir tan m\u00fcjdeledi ulu bir g\u00fcn\u00fc<\/p>\n<p>H\u00fcr uyand\u0131n, arkanda kanl\u0131 bir gece<\/p>\n<p>G\u00f6rd\u00fcn g\u00fczel \u0130zmir kurtulu\u015f g\u00fcn\u00fcn\u00fc<\/p><div id=\"bghab-2264307399\" class=\"bghab-icerik-icine-30-paragraf bghab-entity-placement\"><script async src=\"\/\/pagead2.googlesyndication.com\/pagead\/js\/adsbygoogle.js?client=ca-pub-6203283170189293\" crossorigin=\"anonymous\"><\/script><ins class=\"adsbygoogle\" style=\"display:block; text-align:center;\" data-ad-client=\"ca-pub-6203283170189293\" \ndata-ad-slot=\"7303146466\" \ndata-ad-layout=\"in-article\"\ndata-ad-format=\"fluid\" data-full-width-responsive=\"true\"><\/ins>\n<script> \n(adsbygoogle = window.adsbygoogle || []).push({}); \n<\/script>\n<\/div>\n<p>Bir g\u00fcn ki solmayan \u0131\u015f\u0131klar \u00f6n\u00fc<\/p>\n<p>Y\u0131ld\u0131zlar \u00f6rs\u00fcn bir zafer tac\u0131 sana<\/p>\n<p>O kan, yang\u0131n ve tufan g\u00f6rm\u00fc\u015f y\u0131ld\u0131zlar<\/p>\n<p>Akdeniz, T\u00fcrk denizi senin kar\u015f\u0131nda<\/p>\n<p>Sahiline ma\u011frur dalgalar yuvarlar<\/p><div id=\"bghab-3298430648\" class=\"bghab-icerik-icine-35-paragraf bghab-entity-placement\"><script async src=\"\/\/pagead2.googlesyndication.com\/pagead\/js\/adsbygoogle.js?client=ca-pub-6203283170189293\" crossorigin=\"anonymous\"><\/script><ins class=\"adsbygoogle\" style=\"display:block; text-align:center;\" data-ad-client=\"ca-pub-6203283170189293\" \ndata-ad-slot=\"7303146466\" \ndata-ad-layout=\"in-article\"\ndata-ad-format=\"fluid\" data-full-width-responsive=\"true\"><\/ins>\n<script> \n(adsbygoogle = window.adsbygoogle || []).push({}); \n<\/script>\n<\/div>\n<p>Selamlar seni en \u015fanl\u0131 as\u0131rlar<\/p>\n<p>\u0130zmir art\u0131k h\u00fcrs\u00fcn bu de\u011fil r\u00fcya<\/p>\n<p>T\u00fcrkl\u00fck dirildi kurtuluyor Asya<\/p>\n<p>T\u00fcrk \u0130zmir \u015fan g\u00f6r, ebediyen ya\u015fa\u2026<\/p>\n<div id=\"bghab-2060678132\" class=\"bghab-yazi-altinda bghab-entity-placement\"><div class=\"bghab-adlabel\">Reklamlar<\/div><script async src=\"https:\/\/pagead2.googlesyndication.com\/pagead\/js\/adsbygoogle.js\"><\/script>\r\n<!-- bghaber-yaz\u0131-sonu -->\r\n<ins class=\"adsbygoogle\"\r\n     style=\"display:block\"\r\n     data-ad-client=\"ca-pub-6203283170189293\"\r\n     data-ad-slot=\"4222328180\"\r\n     data-ad-format=\"auto\"\r\n     data-full-width-responsive=\"true\"><\/ins>\r\n<script>\r\n     (adsbygoogle = window.adsbygoogle || []).push({});\r\n<\/script><\/div><br style=\"clear: both; display: block; float: none;\"\/>","protected":false},"excerpt":{"rendered":"<p>&nbsp; Alptekin CEVHERL\u0130 ++++++ Ka\u00e7 y\u0131ld\u0131r duymad\u0131\u011f\u0131n\u0131z bir mar\u015f vard\u0131. Hat\u0131rlar m\u0131s\u0131n\u0131z\u2026 \u0130zmir\u2019in da\u011flar\u0131nda \u00e7i\u00e7ekler a\u00e7ar. Alt\u0131n g\u00fcne\u015f ordu s\u0131rmalar sa\u00e7ar. Bozulmu\u015f d\u00fc\u015fmanlar hep yel<\/p>\n","protected":false},"author":13,"featured_media":15548,"comment_status":"closed","ping_status":"closed","sticky":false,"template":"","format":"standard","meta":{"advanced_seo_description":"","jetpack_seo_html_title":"","jetpack_seo_noindex":false,"_jetpack_memberships_contains_paid_content":false,"footnotes":""},"categories":[6],"tags":[],"class_list":["post-21465","post","type-post","status-publish","format-standard","has-post-thumbnail","hentry","category-yorum"],"jetpack_featured_media_url":"https:\/\/i0.wp.com\/www.bghaber.org\/bghaber\/wp-content\/uploads\/2015\/07\/alptkn.jpg?fit=198%2C234&ssl=1","jetpack_sharing_enabled":true,"jetpack_likes_enabled":true,"jetpack-related-posts":[],"jetpack_shortlink":"https:\/\/wp.me\/pc2PfJ-5Ad","_links":{"self":[{"href":"https:\/\/www.bghaber.org\/bghaber\/wp-json\/wp\/v2\/posts\/21465","targetHints":{"allow":["GET"]}}],"collection":[{"href":"https:\/\/www.bghaber.org\/bghaber\/wp-json\/wp\/v2\/posts"}],"about":[{"href":"https:\/\/www.bghaber.org\/bghaber\/wp-json\/wp\/v2\/types\/post"}],"author":[{"embeddable":true,"href":"https:\/\/www.bghaber.org\/bghaber\/wp-json\/wp\/v2\/users\/13"}],"replies":[{"embeddable":true,"href":"https:\/\/www.bghaber.org\/bghaber\/wp-json\/wp\/v2\/comments?post=21465"}],"version-history":[{"count":0,"href":"https:\/\/www.bghaber.org\/bghaber\/wp-json\/wp\/v2\/posts\/21465\/revisions"}],"wp:featuredmedia":[{"embeddable":true,"href":"https:\/\/www.bghaber.org\/bghaber\/wp-json\/wp\/v2\/media\/15548"}],"wp:attachment":[{"href":"https:\/\/www.bghaber.org\/bghaber\/wp-json\/wp\/v2\/media?parent=21465"}],"wp:term":[{"taxonomy":"category","embeddable":true,"href":"https:\/\/www.bghaber.org\/bghaber\/wp-json\/wp\/v2\/categories?post=21465"},{"taxonomy":"post_tag","embeddable":true,"href":"https:\/\/www.bghaber.org\/bghaber\/wp-json\/wp\/v2\/tags?post=21465"}],"curies":[{"name":"wp","href":"https:\/\/api.w.org\/{rel}","templated":true}]}}