{"id":21454,"date":"2016-11-18T22:23:29","date_gmt":"2016-11-18T20:23:29","guid":{"rendered":"http:\/\/www.bghaber.org\/bghaber\/?p=21454"},"modified":"2016-11-18T22:25:21","modified_gmt":"2016-11-18T20:25:21","slug":"21454-2","status":"publish","type":"post","link":"https:\/\/www.bghaber.org\/bghaber\/21454-2\/","title":{"rendered":"&#8220;Bulgaristan Dernekleri Evlad-\u0131 Fatihan Federasyonun&#8221; Kurulu\u015fu"},"content":{"rendered":"<p><img data-recalc-dims=\"1\" loading=\"lazy\" decoding=\"async\" class=\"\" src=\"https:\/\/i0.wp.com\/www.bghaber.org\/bghaber\/wp-content\/uploads\/2016\/11\/erdal.jpg?resize=113%2C139\" alt=\"erdal\" width=\"113\" height=\"139\" \/>\u00a0Erdal KARABA\u015e<\/p>\n<p>Rumeli ve Balkan isimleri alt\u0131nda toplanm\u0131\u015f olan Sivil Toplum Kurulu\u015flar\u0131nda ne yaz\u0131k ki , Bulgaristandaki soyda\u015flar\u0131m\u0131z\u0131n ve T\u00fcrkiye &#8216;de ya\u015fayan Bulgaristan k<span class=\"text_exposed_show\">\u00f6kenli vatanda\u015flar\u0131m\u0131z\u0131n sorunlar\u0131 ve mutluluklar\u0131 yeteri kadar g\u00fcndeme gelmemektedir. T\u00fcrkiye N\u00fcfusunun %10 &#8216;unu olu\u015fturan , Bulgaristan K\u00f6kenli T\u00fcrk Vatanda\u015flar\u0131n\u0131n parlemantodaki say\u0131lar\u0131 \u00e7ok d\u00fc\u015f\u00fckt\u00fcr. <\/span><\/p>\n<p><span class=\"text_exposed_show\">Di\u011fer yandan se\u00e7ilmi\u015f olanlarda , Bulgaristanl\u0131lar\u0131n kurduklar\u0131 sivil toplum kurulu\u015flar\u0131n\u0131 se\u00e7ilirlerken desteklerini g\u00f6rmedikleri i\u00e7in , &#8220;BULGAR\u0130STAN&#8217;DAK\u0130 SOYDA\u015eLARIMIZIN VE T\u00dcRK\u0130YE&#8217;DEK\u0130 BULGAR\u0130STAN K\u00d6KENL\u0130 VATANDA\u015eLARIMIZIN SORUNLARI KAR\u015eISINDA KEND\u0130LER\u0130N\u0130 SORUMLU VE G\u00d6REVL\u0130 G\u00d6RMEMEKTED\u0130RLER &#8221; .<\/span><\/p>\n<p><span class=\"text_exposed_show\"><br \/>\n\u00d6rnek olarak , Bulgaristan Cumhurba\u015fkanl\u0131\u011f\u0131 se\u00e7imleri yap\u0131lm\u0131\u015f , T\u00fcrkiye &#8216;de , Bulgaristan&#8217;da se\u00e7me se\u00e7ilme hakk\u0131na sahip 710.000 \u00e7ift vatanda\u015f ya\u015famaktad\u0131r. <\/span><\/p>\n<p><span class=\"text_exposed_show\">Avrupa Birli\u011fi \u00dcyesi Bulgaristan H\u00fckumeti , T\u00fcrkiye&#8217;de sadece 35 sand\u0131k oy kullan\u0131lmak \u00fczere koymu\u015f. Ba\u015fta BULT\u00dcRK BULGAR\u0130STAN T\u00dcRKLER\u0130 K\u00dcLT\u00dcR VE H\u0130ZMET DERNE\u011e\u0130 olmak \u00fczere sand\u0131klar\u0131n azl\u0131\u011f\u0131n\u0131 ilgilere iletilmesine ra\u011fmen duyars\u0131z kal\u0131nm\u0131\u015ft\u0131r. <\/span><\/p><div id=\"bghab-4187904072\" class=\"bghab-icerik-icine bghab-entity-placement\"><script async src=\"\/\/pagead2.googlesyndication.com\/pagead\/js\/adsbygoogle.js?client=ca-pub-6203283170189293\" crossorigin=\"anonymous\"><\/script><ins class=\"adsbygoogle\" style=\"display:block; text-align:center;\" data-ad-client=\"ca-pub-6203283170189293\" \ndata-ad-slot=\"7303146466\" \ndata-ad-layout=\"in-article\"\ndata-ad-format=\"fluid\" data-full-width-responsive=\"true\"><\/ins>\n<script> \n(adsbygoogle = window.adsbygoogle || []).push({}); \n<\/script>\n<\/div>\n<p><span class=\"text_exposed_show\">BULGAR\u0130STAN H\u00dcKUMET\u0130 iki se\u00e7im oy kullanmayan Bulgaristan Vatanda\u015flar\u0131n\u0131n &#8220;SE\u00c7ME HAKKINI KAYBETMES\u0130 DO\u011eRULTUSUNDA &#8221; bir yasal d\u00fczenleme yapm\u0131\u015ft\u0131r. Her bir sand\u0131kta maksimum 1.500 oy kullanilabilmektedir. Nihayetinde , T\u00fcrkiye deki sand\u0131klarda 1.500 ge\u00e7en sand\u0131k olmad\u0131\u011f\u0131 gibi iki partiye 36.445\u00a0oy kullan\u0131lm\u0131\u015ft\u0131r. <\/span><\/p>\n<p><span class=\"text_exposed_show\">Birinci a\u015faman\u0131n arkas\u0131ndan , Vatanda\u015fl\u0131klar\u0131n kaybettirilmesi g\u00fcndeme gelece\u011fi \u00e7ok a\u00e7\u0131kt\u0131r.<br \/>\nYukar\u0131da belirtti\u011fim sadece Bulgaristan ile ilgili sorunlardan bir tanesidir. \u00d6n\u00fcm\u00fczdeki d\u00f6nemde T\u00fcrkiye &#8216;de siyasal , sosyal ve ekonomik alanda Bulgaristan K\u00f6kenli Vatanda\u015flar\u0131 daha g\u00fc\u00e7l\u00fc bir topluluk haline getirmek amac\u0131 ile &#8220;Bulgaristan Dernekleri Evlad-\u0131 Fatihan Federasyonun&#8221;<br \/>\nKurulu\u015fu i\u00e7in Dan\u0131\u015fma Toplant\u0131s\u0131 yapt\u0131k. Katk\u0131 ve Destek verilmesini bekliyoruz.<\/span><\/p>\n<p><img data-recalc-dims=\"1\" decoding=\"async\" src=\"https:\/\/i0.wp.com\/www.bghaber.org\/bghaber\/wp-content\/uploads\/2016\/11\/federasyy.jpg?w=640\" alt=\"federasyy\" \/><\/p>\n<p>&nbsp;<\/p>\n<div id=\"bghab-1918069922\" class=\"bghab-yazi-altinda bghab-entity-placement\"><div class=\"bghab-adlabel\">Reklamlar<\/div><script async src=\"https:\/\/pagead2.googlesyndication.com\/pagead\/js\/adsbygoogle.js\"><\/script>\r\n<!-- bghaber-yaz\u0131-sonu -->\r\n<ins class=\"adsbygoogle\"\r\n     style=\"display:block\"\r\n     data-ad-client=\"ca-pub-6203283170189293\"\r\n     data-ad-slot=\"4222328180\"\r\n     data-ad-format=\"auto\"\r\n     data-full-width-responsive=\"true\"><\/ins>\r\n<script>\r\n     (adsbygoogle = window.adsbygoogle || []).push({});\r\n<\/script><\/div><br style=\"clear: both; display: block; float: none;\"\/>","protected":false},"excerpt":{"rendered":"<p>\u00a0Erdal KARABA\u015e Rumeli ve Balkan isimleri alt\u0131nda toplanm\u0131\u015f olan Sivil Toplum Kurulu\u015flar\u0131nda ne yaz\u0131k ki , Bulgaristandaki soyda\u015flar\u0131m\u0131z\u0131n ve T\u00fcrkiye &#8216;de ya\u015fayan Bulgaristan k\u00f6kenli vatanda\u015flar\u0131m\u0131z\u0131n<\/p>\n","protected":false},"author":13,"featured_media":21459,"comment_status":"closed","ping_status":"closed","sticky":false,"template":"","format":"standard","meta":{"advanced_seo_description":"","jetpack_seo_html_title":"","jetpack_seo_noindex":false,"_jetpack_memberships_contains_paid_content":false,"footnotes":""},"categories":[6],"tags":[],"class_list":["post-21454","post","type-post","status-publish","format-standard","has-post-thumbnail","hentry","category-yorum"],"jetpack_featured_media_url":"https:\/\/i0.wp.com\/www.bghaber.org\/bghaber\/wp-content\/uploads\/2016\/11\/erdal1.jpg?fit=177%2C283&ssl=1","jetpack_sharing_enabled":true,"jetpack_likes_enabled":true,"jetpack-related-posts":[],"jetpack_shortlink":"https:\/\/wp.me\/pc2PfJ-5A2","_links":{"self":[{"href":"https:\/\/www.bghaber.org\/bghaber\/wp-json\/wp\/v2\/posts\/21454","targetHints":{"allow":["GET"]}}],"collection":[{"href":"https:\/\/www.bghaber.org\/bghaber\/wp-json\/wp\/v2\/posts"}],"about":[{"href":"https:\/\/www.bghaber.org\/bghaber\/wp-json\/wp\/v2\/types\/post"}],"author":[{"embeddable":true,"href":"https:\/\/www.bghaber.org\/bghaber\/wp-json\/wp\/v2\/users\/13"}],"replies":[{"embeddable":true,"href":"https:\/\/www.bghaber.org\/bghaber\/wp-json\/wp\/v2\/comments?post=21454"}],"version-history":[{"count":0,"href":"https:\/\/www.bghaber.org\/bghaber\/wp-json\/wp\/v2\/posts\/21454\/revisions"}],"wp:featuredmedia":[{"embeddable":true,"href":"https:\/\/www.bghaber.org\/bghaber\/wp-json\/wp\/v2\/media\/21459"}],"wp:attachment":[{"href":"https:\/\/www.bghaber.org\/bghaber\/wp-json\/wp\/v2\/media?parent=21454"}],"wp:term":[{"taxonomy":"category","embeddable":true,"href":"https:\/\/www.bghaber.org\/bghaber\/wp-json\/wp\/v2\/categories?post=21454"},{"taxonomy":"post_tag","embeddable":true,"href":"https:\/\/www.bghaber.org\/bghaber\/wp-json\/wp\/v2\/tags?post=21454"}],"curies":[{"name":"wp","href":"https:\/\/api.w.org\/{rel}","templated":true}]}}