{"id":21452,"date":"2016-11-18T20:52:03","date_gmt":"2016-11-18T18:52:03","guid":{"rendered":"http:\/\/www.bghaber.org\/bghaber\/?p=21452"},"modified":"2016-11-18T20:52:03","modified_gmt":"2016-11-18T18:52:03","slug":"deliorman-ugulduyor","status":"publish","type":"post","link":"https:\/\/www.bghaber.org\/bghaber\/deliorman-ugulduyor\/","title":{"rendered":"Deliorman U\u011fulduyor"},"content":{"rendered":"<p>&nbsp;<\/p>\n<p><img data-recalc-dims=\"1\" loading=\"lazy\" decoding=\"async\" class=\"\" src=\"https:\/\/i0.wp.com\/www.bghaber.org\/bghaber\/wp-content\/uploads\/2016\/01\/levent1.jpg?resize=109%2C136\" alt=\"levent1\" width=\"109\" height=\"136\" \/>\u00a0Levent RAS\u0130M<br \/>\nKonu:\u00a0 <strong>Karde\u015f karde\u015fi atm\u0131\u015f, yar ba\u015f\u0131nda tutmu\u015f.<\/strong><\/p>\n<p>Biz \u00f6\u011frenimimizi Bulgar okullar\u0131nda g\u00f6rd\u00fc\u011f\u00fcm\u00fcz i\u00e7in, d\u00fc\u015f\u00fcnme tarz\u0131m\u0131z, Bulgarca soyutlamalarla belirlenmi\u015ftir. Bir \u015fey ne kadar soyut kavramlarla anlat\u0131l\u0131rsa, o kadar ger\u00e7eklikten uzak ve basitle\u015fmi\u015f gibi g\u00f6r\u00fcnse de, anla\u015f\u0131lmas\u0131 zorla\u015f\u0131r.<\/p>\n<p>Son se\u00e7im ve halk oylamas\u0131ndan sonra \u00fczerinde en fala durulan sorun \u201c<strong>siyasi sistem<\/strong>\u201d kavram\u0131yla g\u00fcndeme geldi \u201c<strong>Siyasi sitem de\u011fi\u015fikli\u011fi<\/strong>\u201d kavram\u0131 asl\u0131nda siyasi soyutlama i\u00e7inde bir dald\u0131r. Dal de\u011fince, \u201c<strong>siyasi sistem de\u011fi\u015fikli\u011fini<\/strong>\u201d bir a\u011fac\u0131n dallar\u0131ndan birdal olarak soyutlasak ve onu kessek ne olur? A\u011fa\u00e7 ayakta kal\u0131r m\u0131? Bu d\u00fc\u015f\u00fcncelerin cevab\u0131nda: Bir y\u0131l sonra kesilen dal\u0131n yerinde iz bile kalmaz, vard\u0131r.<\/p>\n<p>Bizim Deliorman\u2019da \u201c<strong>dal\u0131m\u0131 k\u0131ran\u0131n a\u011fac\u0131n\u0131 k\u0131rar\u0131m<\/strong>\u201d de\u011fimi vard\u0131r. \u0130nsanlar\u0131m\u0131z buna inan\u0131r. Dal\u0131 kesen, yani Borisov h\u00fck\u00fcmetini ikinci defa ala\u015fa\u011f\u0131 eden, halk iradesidir. Demokrasiyi arayan bir toplumsa se\u00e7meye yan\u0131 halka hi\u00e7 kimse hi\u00e7bir \u015fey yapamaz! Bu bak\u0131ma Borisov\u2019un a\u011fz\u0131ndan sert s\u00f6zler \u00e7\u0131kmad\u0131.P\u0131t\u0131r p\u0131t\u0131r gitti ve istifas\u0131n\u0131 sundu. Niyeti \u015fimdilik kursa\u011f\u0131ndad\u0131r.<\/p><div id=\"bghab-592222716\" class=\"bghab-icerik-icine bghab-entity-placement\"><script async src=\"\/\/pagead2.googlesyndication.com\/pagead\/js\/adsbygoogle.js?client=ca-pub-6203283170189293\" crossorigin=\"anonymous\"><\/script><ins class=\"adsbygoogle\" style=\"display:block; text-align:center;\" data-ad-client=\"ca-pub-6203283170189293\" \ndata-ad-slot=\"7303146466\" \ndata-ad-layout=\"in-article\"\ndata-ad-format=\"fluid\" data-full-width-responsive=\"true\"><\/ins>\n<script> \n(adsbygoogle = window.adsbygoogle || []).push({}); \n<\/script>\n<\/div>\n<p>O \u015fimdi,\u00a0 \u201c<strong>Sistem de\u011fi\u015fikli\u011fi<\/strong>\u201d yap\u0131l\u0131rsa hepsini meclis d\u0131\u015f\u0131 b\u0131rak\u0131r\u0131m hesaplar\u0131 yapmaya ba\u015flad\u0131. \u201c<strong>Sistem de\u011fi\u015fikli\u011fi<\/strong>\u201d dendi\u011finde burada se\u00e7men, partilerin dayatt\u0131\u011f\u0131 <strong>orant\u0131l\u0131 sistemin<\/strong>, en fazla <strong>oy kazanan kazan\u0131r sistemiyle<\/strong> de\u011fi\u015ftirilmesini anl\u0131yor. Bizde daha \u00f6nce de uygulanm\u0131\u015ft\u0131. Partiler b\u00fct\u00fcn kadrolar\u0131 tan\u0131d\u0131\u011f\u0131ndan kazanacak olan\u0131n se\u00e7ilmesine arka olur ve yine meclise dolar, diyenler kendini dinletmeye ba\u015flad\u0131.<\/p>\n<p>\u0130\u015fin \u00f6z\u00fcnde, biz burada kimseyi g\u00f6z\u00fcm\u00fczde b\u00fcy\u00fctmek istemiyoruz. \u00c7\u00fcnk\u00fc nab\u0131z yoklamaya gelen siyaset\u00e7iler, muhtarlar, belediye ba\u015fkanlar\u0131 ve \u00f6zel yetkili sohbet misafirleri ancak biz dinlersek konu\u015fabilirler. Herkes kalk\u0131p gitse ve \u201c<strong>i\u015fim var<\/strong>\u201d deyip savrulsa, k\u00f6y ortas\u0131nda direk gibi yaln\u0131z kal\u0131rlar. Bizim onlar\u0131 dinlemekten vazge\u00e7ti\u011fimiz g\u00fcn, hepsi birden ortal\u0131ktan yok olur.<\/p>\n<p>Sofya\u2019dan gelenler, havas\u0131 sertle\u015fince g\u00fcz k\u0131yafeti se\u00e7en Deliorman\u2019da, GERB partisinin oy ve se\u00e7im kayb\u0131n\u0131, Bakanlar Kurulu\u2019ndan kaymas\u0131n\u0131, yukar\u0131da de\u011findi\u011fim soyut kavramlarla anlatmaya \u00e7al\u0131\u015f\u0131yorlar. Elini d\u00fcmd\u00fcz sa\u011f \u00e7ekip ard\u0131ndan ortas\u0131na dimdik inen bir i\u015faretleme yap\u0131nca, i\u015fte <strong>bu ordinat sistemi<\/strong>dir, dedikten sonra, soluklanmadan Avrupa Birli\u011fi \u00fcyesi <strong>28 \u00fclkede siyaset<\/strong> bu sisteme dayand\u0131rm\u0131\u015ft\u0131r. Bunu s\u00f6yledikten sonra <strong>sistem partileri<\/strong> kavram\u0131n\u0131 kullan\u0131p Bulgaristan\u2019da <strong>solda Bulgaristan Sosyalist Partisi (BSP, sa\u011fda da Bulgaristan\u2019\u0131n Avrupa Geli\u015fimi Partisi GERB<\/strong> var diyorlar. Durum b\u00f6yle, dedikten sonda, sol elini kald\u0131r\u0131p, sol partileri birer birer s\u0131ral\u0131yorlar: Bulgaristan Sosyalist Partisi (BSP), Alternatif\u00e7iler (ABV), Tatyana Don\u00e7eva\u2019n\u0131n partisi ve Hak ve \u00d6zg\u00fcrl\u00fckler Hareketi (DPS) hep <strong>sol partiler listesinde ad\u0131 ge\u00e7enler aras\u0131nda yer al\u0131yor.<\/strong><\/p>\n<p>Ard\u0131ndan da sa\u011f elini kald\u0131r\u0131p \u015fu partileri s\u0131ral\u0131yorlar: Bulgaristan\u2019\u0131n Avrupa Geli\u015fimi Vatanda\u015flar\u0131 (GERB) partisi, Reformcu Blok (RB) k\u00fcp\u00fcne giren 5 parti ve hareket, onlardan ayr\u0131lan G\u00fc\u00e7l\u00fc Bulgaristan Hareketi (DCB), a\u015f\u0131r\u0131 sa\u011fda bir olumsuz t\u00fcm\u00f6r gibi yumaklanm\u0131\u015f g\u00fcya \u201cUlusal Uyan\u0131\u015f\u201d, \u201cYurtsever Cephe\u201d, VMRO ve benzer hareket, dernek ve birlikler.<\/p>\n<p>Dikkatle dinlendi\u011finde, konu\u015fmac\u0131lar\u0131n i\u015faret etmek istedi\u011fi yap\u0131lan B\u00dcY\u00dcK YANLI\u015e\u2019A de\u011finerek, GERB partisi 2014 y\u0131l\u0131nda, Avrupa Birli\u011fi \u00fcyesi \u00fclkelerden farkl\u0131 hareket etti. Yanl\u0131\u015f\u0131n kayna\u011f\u0131 burada! Farkl\u0131l\u0131k olan \u015fudur. <strong>Avrupa geleneklerinde a\u015f\u0131r\u0131 u\u00e7lardan partiler iktidara davet edilmez, onlardan yama da olmaz. <\/strong>GERB ba\u015fkan\u0131 Borisov \u00f6mr\u00fc 2 y\u0131l olan iktidar s\u00fcresinde g\u00fcya \u201cYurtsever Cephe\u201d, VMRO ve \u201cAtaka\u201d partisinden yani hem sa\u011f ve hem de sol a\u015f\u0131r\u0131 milliyet\u00e7i u\u00e7 g\u00fc\u00e7lerden destek ald\u0131\u011f\u0131ndan dolay\u0131 d\u00fc\u015ft\u00fc. . Onlar\u0131 bakanl\u0131k vermese de iktidar kokusu almalar\u0131na imk\u00e2n tan\u0131d\u0131. Onlar\u0131 besledi ve k\u0131lland\u0131rd\u0131. T\u00fcrk, M\u00fcsl\u00fcman ve s\u0131\u011f\u0131nmac\u0131 d\u00fc\u015fmanl\u0131\u011f\u0131 k\u0131\u015fk\u0131rtmalar\u0131na imk\u00e2n tan\u0131d\u0131. Kendisi de ayn\u0131 havalara girdi. T\u00fcrkiye s\u0131n\u0131r\u0131na tel duvar germeyi siyasetin merkezine \u00e7ekti ve g\u00fcl\u00fcn\u00e7 duruma d\u00fc\u015ft\u00fc. En b\u00fcy\u00fck yanl\u0131\u015fl\u0131\u011f\u0131 da a\u015f\u0131r\u0131 milliyet\u00e7i belas\u0131n\u0131n bask\u0131s\u0131 alt\u0131na d\u00fc\u015ferek T\u00fcrkleri ve di\u011fer az\u0131nl\u0131klar\u0131 iktidardan kovmay\u0131 denedi.<\/p><div id=\"bghab-2082397110\" class=\"bghab-icerik-icine-10-paragraf bghab-entity-placement\"><script async src=\"\/\/pagead2.googlesyndication.com\/pagead\/js\/adsbygoogle.js?client=ca-pub-6203283170189293\" crossorigin=\"anonymous\"><\/script><ins class=\"adsbygoogle\" style=\"display:block; text-align:center;\" data-ad-client=\"ca-pub-6203283170189293\" \ndata-ad-slot=\"7303146466\" \ndata-ad-layout=\"in-article\"\ndata-ad-format=\"fluid\" data-full-width-responsive=\"true\"><\/ins>\n<script> \n(adsbygoogle = window.adsbygoogle || []).push({}); \n<\/script>\n<\/div>\n<p>\u015eimdi GERB partisi bunu kendisi a\u00e7\u0131klasa da, yanl\u0131\u015f yapt\u0131\u011f\u0131n\u0131 tan\u0131sa da, se\u00e7menden af dilemiyor. Bize g\u00f6re <strong>ilk af eden en g\u00fc\u00e7l\u00fcd\u00fcr<\/strong>. Af dilemeyen ise b\u00fcz\u00fcld\u00fck\u00e7e b\u00fcz\u00fcl\u00fcr. Biz Deliorman\u2019da bu i\u015flerin b\u00f6b\u00fcrlenmekle olmayaca\u011f\u0131na inan\u0131r\u0131z. Allah u\u011fuldama hakk\u0131n\u0131 yaln\u0131z a\u011fa\u00e7 denizimize tan\u0131m\u0131\u015ft\u0131r. Deliorman u\u011fuldarken insanlar\u0131 uyar\u0131r, kal\u0131n k\u0131\u015f gelece\u011fini haber verir. Bir de \u015fu var. Deliorman pehlivan yata\u011f\u0131d\u0131r ve cesurluk insan\u0131n heybetlili\u011finde, boyunda, kilosunda, sesinde de\u011fildir. En cesur y\u00fcrekli insan ilk \u00f6z\u00fcr dileyendir. Bu bizim siyaset anlay\u0131\u015f\u0131m\u0131za da yans\u0131m\u0131\u015ft\u0131r. K\u0131lavuzumuzdur.<\/p>\n<p>Bizim burada s\u0131k\u00e7a kullan\u0131lan bir atas\u00f6z\u00fcm\u00fcz vard\u0131r. \u201c<strong>Karde\u015f karde\u015fi atm\u0131\u015f, yar ba\u015f\u0131nda tutmu\u015f<\/strong>.\u201d Biz Bulgarlarla ayn\u0131 vatan yollar\u0131nda dola\u015ft\u0131k\u00e7a ayn\u0131 yollar\u0131n yolcusuyuz. Kader birli\u011fi yapmam\u0131z var olabilmemizin ilk ve son kural\u0131d\u0131r. T\u00fcrkler \u00fcz\u00fcld\u00fc\u011f\u00fcnde Bulgar asla \u0131hmad\u0131. 1989\u2019dan beri yar kenar\u0131nda d\u00fc\u015fsem de kurtulsam m\u0131, yoksa birisi gelir beni kurtar\u0131r m\u0131 havalar\u0131nda bocal\u0131yor.<\/p>\n<p>\u0130stesek de istemesek de, yukar\u0131da bize anlat\u0131lan ve benim de sizinle payla\u015ft\u0131\u011f\u0131m se\u00e7imlerin mekanik analizi, ne mahkemeye verilecek ne de hakl\u0131 haks\u0131z\u0131 belirlemek i\u00e7in davas\u0131 g\u00f6r\u00fclecek bir i\u015ftir. K\u00f6kleri fa\u015fizm batakl\u0131\u011f\u0131nda olan Bulgar milliyet\u00e7ilerinin iktidar sofras\u0131na davet edilmesine kar\u015f\u0131 oldu\u011fumuzu daha 2014\u2019se\u00e7imlerinden sonra defalarca dile getirdik. Fakat H\u00d6H liderlerinin Sofya\u2019da yapt\u0131klar\u0131 yanl\u0131\u015flar\u0131n ac\u0131s\u0131 bizden \u00e7\u0131kar\u0131ld\u0131. \u201cT\u00fcrkleri <strong>devletten ve siyasetten<\/strong>\u201d s\u00f6kme slogan\u0131 Bulgar tarihinde en yanl\u0131\u015f s\u00f6ylevdir. Burada yerliler hep bir elin be\u015f parma\u011f\u0131 birbirinden ayr\u0131lmaz, yanl\u0131\u015f olur dediler. Biz \u00fcreten, al\u0131n teriyle bu topraklar\u0131 sulayan emek\u00e7i insanlar\u0131z. Bu toprak bizim mayam\u0131z ve bekam\u0131zd\u0131r. Ba\u015f\u0131m\u0131za gelmedik kalmasa da \u201c<strong>ilk unutan en mutludur<\/strong>\u201d dedik ve vatan dedik ba\u011fr\u0131m\u0131za bast\u0131k. Fakat Bulgar Avrupa kap\u0131s\u0131 a\u00e7\u0131l\u0131nca kendisini Avrupal\u0131 sand\u0131. Balkanl\u0131 kimli\u011fini Avrupa\u2019ya ta\u015f\u0131d\u0131. K\u00f6yler ikinci el \u201cMercedes\u201d ara\u00e7larla doldu, eskiden ka\u00e7ak saranlar\u0131n elinde \u201cMall Boro\u201d kutusu belirdi, kod pantolonla bacak bacak \u00fcst\u00fcne atanlar kendilerini dinletmek istediler, s\u00f6kmedi. Bu topraklarda ilk ve son s\u00f6z\u00fcn bu topra\u011f\u0131 her g\u00fcn trakt\u00f6rle s\u00fcren, ormandan ya\u015fl\u0131, k\u0131r\u0131lm\u0131\u015f, yan yatm\u0131\u015f a\u011fa\u00e7lar\u0131 \u00e7\u0131karan, s\u0131\u011f\u0131r koyun g\u00fcden, derelerin dibini a\u00e7an, k\u00f6pr\u00fcleri onaran ve evinde soba yanan insanlar\u0131n oldu\u011fu hemen ortaya \u00e7\u0131kt\u0131.<\/p>\n<p>Son se\u00e7imler de bunu ortaya koydu. Orman\u0131n sesi r\u00fczg\u00e2ra g\u00f6re de\u011fi\u015fir. R\u00fczg\u00e2ra dayanamayan a\u011fa\u00e7lar k\u0131r\u0131l\u0131r, \u00e7ekip \u00e7\u0131kar\u0131l\u0131r. Siyaset de b\u00f6yle evdeki hesaplar\u0131 \u00e7ar\u015f\u0131ya uymayan partiler iktidardan d\u00fc\u015fer ve yerine ba\u015fkalar\u0131 haz\u0131rlan\u0131r. Son 11 y\u0131lda Bulgaristan\u2019da 7 h\u00fck\u00fcmet de\u011fi\u015fti. Bizde s\u00fcre\u011fen bir siyasi bunal\u0131m oldu\u011fu ortadad\u0131r. Kendilerini bir leke gibi hep suyun \u00fcst\u00fcnde ve biraz farkl\u0131 g\u00f6sterenler, Avrupa Birli\u011fi devletlerinden de farkl\u0131 hareket ettiklerinde, mutlaka toslayacaklar\u0131n\u0131 dikkate almal\u0131yd\u0131lar.<\/p>\n<p>Deliorman\u2019da i\u015fiyle g\u00fcc\u00fcyle, k\u0131\u015f haz\u0131rl\u0131klar\u0131n\u0131 tamamlamakla me\u015fgul insanlar\u0131m\u0131z,\u00a0 se\u00e7im ard\u0131ndan se\u00e7im yap\u0131p her defas\u0131nda dizimizi vurmaktansa, do\u011frudan B\u00fcy\u00fck Millet Meclisi toplanmas\u0131ndan, 1878\u2019den beri yap\u0131lan yanl\u0131\u015flar s\u00fcz\u00fcl\u00fcp siyaset sisteminden at\u0131larak, yeni bir Anayasa\u2019da uzla\u015fma yolu aranmas\u0131ndan yanad\u0131r. Bu yeni Anayasan\u0131n birinci maddesine <strong>B\u00dcLGAR\u0130STAN \u00c7OK M\u0130LLETL\u0130 B\u0130R DEVLETT\u0130R. Y\u00d6NET\u0130M B\u0130\u00c7\u0130M\u0130 PARLAMENTER DEMOKRAS\u0130D\u0130R<\/strong>\u201d yaz\u0131lmal\u0131d\u0131r. Kendini ana n\u00fcfus olarak tan\u0131tmaya devam eden Bulgar etni\u011fi, ger\u00e7ekleri kabul etmeyi \u00f6\u011frenmeden, az\u0131nl\u0131k haklar\u0131n\u0131 tan\u0131madan, adalette e\u015fitlik ayar\u0131 \u00e7ekmeden, hi\u00e7bir yeni Anayasa ile yasal \u00e7\u00f6k\u00fc\u015f\u00fcm\u00fcz\u00fc durduramaz. Unutmay\u0131n biz hepinizin karde\u015fiyiz.<\/p><div id=\"bghab-3634823591\" class=\"bghab-icerik-icine-15-paragraf bghab-entity-placement\"><script async src=\"\/\/pagead2.googlesyndication.com\/pagead\/js\/adsbygoogle.js?client=ca-pub-6203283170189293\" crossorigin=\"anonymous\"><\/script><ins class=\"adsbygoogle\" style=\"display:block; text-align:center;\" data-ad-client=\"ca-pub-6203283170189293\" \ndata-ad-slot=\"7303146466\" \ndata-ad-layout=\"in-article\"\ndata-ad-format=\"fluid\" data-full-width-responsive=\"true\"><\/ins>\n<script> \n(adsbygoogle = window.adsbygoogle || []).push({}); \n<\/script>\n<\/div>\n<p><strong>Karde\u015f karde\u015fi atm\u0131\u015f, yar ba\u015f\u0131nda tutmu\u015f. <\/strong>Bu atas\u00f6z\u00fc bizimdir. Her karanl\u0131\u011f\u0131n sonu ayd\u0131nl\u0131k de\u011fildir.<\/p>\n<div id=\"bghab-976216082\" class=\"bghab-yazi-altinda bghab-entity-placement\"><div class=\"bghab-adlabel\">Reklamlar<\/div><script async src=\"https:\/\/pagead2.googlesyndication.com\/pagead\/js\/adsbygoogle.js\"><\/script>\r\n<!-- bghaber-yaz\u0131-sonu -->\r\n<ins class=\"adsbygoogle\"\r\n     style=\"display:block\"\r\n     data-ad-client=\"ca-pub-6203283170189293\"\r\n     data-ad-slot=\"4222328180\"\r\n     data-ad-format=\"auto\"\r\n     data-full-width-responsive=\"true\"><\/ins>\r\n<script>\r\n     (adsbygoogle = window.adsbygoogle || []).push({});\r\n<\/script><\/div><br style=\"clear: both; display: block; float: none;\"\/>","protected":false},"excerpt":{"rendered":"<p>&nbsp; \u00a0Levent RAS\u0130M Konu:\u00a0 Karde\u015f karde\u015fi atm\u0131\u015f, yar ba\u015f\u0131nda tutmu\u015f. Biz \u00f6\u011frenimimizi Bulgar okullar\u0131nda g\u00f6rd\u00fc\u011f\u00fcm\u00fcz i\u00e7in, d\u00fc\u015f\u00fcnme tarz\u0131m\u0131z, Bulgarca soyutlamalarla belirlenmi\u015ftir. Bir \u015fey ne kadar<\/p>\n","protected":false},"author":13,"featured_media":0,"comment_status":"closed","ping_status":"closed","sticky":false,"template":"","format":"standard","meta":{"advanced_seo_description":"","jetpack_seo_html_title":"","jetpack_seo_noindex":false,"_jetpack_memberships_contains_paid_content":false,"footnotes":""},"categories":[6],"tags":[],"class_list":["post-21452","post","type-post","status-publish","format-standard","hentry","category-yorum"],"jetpack_featured_media_url":"","jetpack_sharing_enabled":true,"jetpack_likes_enabled":true,"jetpack-related-posts":[],"jetpack_shortlink":"https:\/\/wp.me\/pc2PfJ-5A0","_links":{"self":[{"href":"https:\/\/www.bghaber.org\/bghaber\/wp-json\/wp\/v2\/posts\/21452","targetHints":{"allow":["GET"]}}],"collection":[{"href":"https:\/\/www.bghaber.org\/bghaber\/wp-json\/wp\/v2\/posts"}],"about":[{"href":"https:\/\/www.bghaber.org\/bghaber\/wp-json\/wp\/v2\/types\/post"}],"author":[{"embeddable":true,"href":"https:\/\/www.bghaber.org\/bghaber\/wp-json\/wp\/v2\/users\/13"}],"replies":[{"embeddable":true,"href":"https:\/\/www.bghaber.org\/bghaber\/wp-json\/wp\/v2\/comments?post=21452"}],"version-history":[{"count":0,"href":"https:\/\/www.bghaber.org\/bghaber\/wp-json\/wp\/v2\/posts\/21452\/revisions"}],"wp:attachment":[{"href":"https:\/\/www.bghaber.org\/bghaber\/wp-json\/wp\/v2\/media?parent=21452"}],"wp:term":[{"taxonomy":"category","embeddable":true,"href":"https:\/\/www.bghaber.org\/bghaber\/wp-json\/wp\/v2\/categories?post=21452"},{"taxonomy":"post_tag","embeddable":true,"href":"https:\/\/www.bghaber.org\/bghaber\/wp-json\/wp\/v2\/tags?post=21452"}],"curies":[{"name":"wp","href":"https:\/\/api.w.org\/{rel}","templated":true}]}}