{"id":21448,"date":"2016-11-17T23:55:19","date_gmt":"2016-11-17T21:55:19","guid":{"rendered":"http:\/\/www.bghaber.org\/bghaber\/?p=21448"},"modified":"2016-11-25T22:58:12","modified_gmt":"2016-11-25T20:58:12","slug":"kibris-muzakerelerinde-son-durum","status":"publish","type":"post","link":"https:\/\/www.bghaber.org\/bghaber\/kibris-muzakerelerinde-son-durum\/","title":{"rendered":"&#8220;K\u0131br\u0131s M\u00fczakerelerinde Son Durum&#8221;"},"content":{"rendered":"<p><strong>KKTC &#8211; Yeniden Do\u011fu\u015f Partisi Genel Ba\u015fkan\u0131 <\/strong><\/p>\n<p><strong>Prof. Dr. Sn. Erhan ARIKLI&#8221; \u00a0Cumartesi 26.11.2016&#8217;da saat 17:00 da<\/strong><\/p>\n<p><strong>STANBUL &#8211; BAYRAMPA\u015eA&#8217;DA \u00a0<\/strong>konu\u015fmac\u0131 olarak kat\u0131laca\u011f\u0131<\/p>\n<p><strong>&#8220;K\u0131br\u0131s M\u00fczakerelerinde Son Durum&#8221; konulu KONFERANSIMIZA DAVETL\u0130S\u0130N\u0130Z.<\/strong><\/p>\n<h3><img loading=\"lazy\" decoding=\"async\" class=\"\" src=\"https:\/\/scontent-amt2-1.xx.fbcdn.net\/v\/t1.0-9\/15220140_10210879904616700_133144926329421561_n.jpg?oh=64dd000aecb349ae43e57f77bd3c6c47&amp;oe=58B16522\" width=\"695\" height=\"697\" \/><br \/>\n<strong>&#8216;KIBRIS M\u00dcZAKERELER\u0130NDE SON DURUM&#8217;<\/strong><br \/>\n<strong>PROF. DR. ERHAN ARIKLI (KKTC Yeniden Do\u011fu\u015f Partisi Genel Ba\u015fkan\u0131)<\/strong><br \/>\nKuzey K\u0131br\u0131s T\u00fcrk Cumhuriyeti (KKTC)&#8217;in ve<span class=\"text_exposed_show\"> K\u0131br\u0131s T\u00fcrkleri \u015fle T\u00fcrkiye&#8217;nin de, gelece\u011fini etkileyecek olan m\u00fczakerelerde son durumu ele alacak.<br \/>\n26 Kas\u0131m 2016 Saat: 17.00<br \/>\nBayrampa\u015fa Belediyesi K\u00fclt\u00fcr Merkezi &#8211; Akvaryun AVM yan\u0131<br \/>\n<\/span><\/h3>\n<p><span class=\"text_exposed_show\">D\u00fczenleyen STKlar:<br \/>\nUral E\u011fitim K\u00fclt\u00fcr ve Stratejik Ara\u015ft\u0131rmalar Derne\u011fi<br \/>\nBulgaristan T\u00fcrkleri E\u011fitim ve Hizmet Derne\u011fi<br \/>\n\u0130leti\u015fim: 0212 5010199<\/span><\/p><div id=\"bghab-3356086400\" class=\"bghab-icerik-icine bghab-entity-placement\"><script async src=\"\/\/pagead2.googlesyndication.com\/pagead\/js\/adsbygoogle.js?client=ca-pub-6203283170189293\" crossorigin=\"anonymous\"><\/script><ins class=\"adsbygoogle\" style=\"display:block; text-align:center;\" data-ad-client=\"ca-pub-6203283170189293\" \ndata-ad-slot=\"7303146466\" \ndata-ad-layout=\"in-article\"\ndata-ad-format=\"fluid\" data-full-width-responsive=\"true\"><\/ins>\n<script> \n(adsbygoogle = window.adsbygoogle || []).push({}); \n<\/script>\n<\/div>\n<p>&nbsp;<\/p>\n<div id=\"bghab-3475371478\" class=\"bghab-yazi-altinda bghab-entity-placement\"><div class=\"bghab-adlabel\">Reklamlar<\/div><script async src=\"https:\/\/pagead2.googlesyndication.com\/pagead\/js\/adsbygoogle.js\"><\/script>\r\n<!-- bghaber-yaz\u0131-sonu -->\r\n<ins class=\"adsbygoogle\"\r\n     style=\"display:block\"\r\n     data-ad-client=\"ca-pub-6203283170189293\"\r\n     data-ad-slot=\"4222328180\"\r\n     data-ad-format=\"auto\"\r\n     data-full-width-responsive=\"true\"><\/ins>\r\n<script>\r\n     (adsbygoogle = window.adsbygoogle || []).push({});\r\n<\/script><\/div><br style=\"clear: both; display: block; float: none;\"\/>","protected":false},"excerpt":{"rendered":"<p>KKTC &#8211; Yeniden Do\u011fu\u015f Partisi Genel Ba\u015fkan\u0131 Prof. Dr. Sn. Erhan ARIKLI&#8221; \u00a0Cumartesi 26.11.2016&#8217;da saat 17:00 da STANBUL &#8211; BAYRAMPA\u015eA&#8217;DA \u00a0konu\u015fmac\u0131 olarak kat\u0131laca\u011f\u0131 &#8220;K\u0131br\u0131s M\u00fczakerelerinde<\/p>\n","protected":false},"author":13,"featured_media":21449,"comment_status":"closed","ping_status":"closed","sticky":false,"template":"","format":"standard","meta":{"advanced_seo_description":"","jetpack_seo_html_title":"","jetpack_seo_noindex":false,"_jetpack_memberships_contains_paid_content":false,"footnotes":""},"categories":[10,4],"tags":[],"class_list":["post-21448","post","type-post","status-publish","format-standard","has-post-thumbnail","hentry","category-kultur-sanat","category-siyaset"],"jetpack_featured_media_url":"https:\/\/i0.wp.com\/www.bghaber.org\/bghaber\/wp-content\/uploads\/2016\/11\/kktc.jpg?fit=802%2C397&ssl=1","jetpack_sharing_enabled":true,"jetpack_likes_enabled":true,"jetpack-related-posts":[],"jetpack_shortlink":"https:\/\/wp.me\/pc2PfJ-5zW","_links":{"self":[{"href":"https:\/\/www.bghaber.org\/bghaber\/wp-json\/wp\/v2\/posts\/21448","targetHints":{"allow":["GET"]}}],"collection":[{"href":"https:\/\/www.bghaber.org\/bghaber\/wp-json\/wp\/v2\/posts"}],"about":[{"href":"https:\/\/www.bghaber.org\/bghaber\/wp-json\/wp\/v2\/types\/post"}],"author":[{"embeddable":true,"href":"https:\/\/www.bghaber.org\/bghaber\/wp-json\/wp\/v2\/users\/13"}],"replies":[{"embeddable":true,"href":"https:\/\/www.bghaber.org\/bghaber\/wp-json\/wp\/v2\/comments?post=21448"}],"version-history":[{"count":0,"href":"https:\/\/www.bghaber.org\/bghaber\/wp-json\/wp\/v2\/posts\/21448\/revisions"}],"wp:featuredmedia":[{"embeddable":true,"href":"https:\/\/www.bghaber.org\/bghaber\/wp-json\/wp\/v2\/media\/21449"}],"wp:attachment":[{"href":"https:\/\/www.bghaber.org\/bghaber\/wp-json\/wp\/v2\/media?parent=21448"}],"wp:term":[{"taxonomy":"category","embeddable":true,"href":"https:\/\/www.bghaber.org\/bghaber\/wp-json\/wp\/v2\/categories?post=21448"},{"taxonomy":"post_tag","embeddable":true,"href":"https:\/\/www.bghaber.org\/bghaber\/wp-json\/wp\/v2\/tags?post=21448"}],"curies":[{"name":"wp","href":"https:\/\/api.w.org\/{rel}","templated":true}]}}