{"id":21441,"date":"2016-11-17T23:27:44","date_gmt":"2016-11-17T21:27:44","guid":{"rendered":"http:\/\/www.bghaber.org\/bghaber\/?p=21441"},"modified":"2016-11-17T23:51:10","modified_gmt":"2016-11-17T21:51:10","slug":"bulgaristan-dernekleri-evlad-i-fatihan-federasyonu","status":"publish","type":"post","link":"https:\/\/www.bghaber.org\/bghaber\/bulgaristan-dernekleri-evlad-i-fatihan-federasyonu\/","title":{"rendered":"Bulgaristan Dernekleri Evlad-\u0131 Fatihan Federasyonu"},"content":{"rendered":"<p><img data-recalc-dims=\"1\" decoding=\"async\" src=\"https:\/\/i0.wp.com\/www.bghaber.org\/bghaber\/wp-content\/uploads\/2015\/06\/Rafet0010.jpg?w=640\" alt=\"Rafet0010\" \/><\/p>\n<p>Bulgaristan Dernekleri Evlad-\u0131 Fatihan Federasyonu ilk toplant\u0131s\u0131nda konu\u015fma metni.<\/p>\n<ol>\n<li><strong>Son siyasi geli\u015fmeler \u0131\u015f\u0131\u011f\u0131nda Bulgaristan\u2019\u0131n genel durumu.<\/strong><\/li>\n<\/ol>\n<p>&#8211;\u00a0\u00a0<em>\u015eu anda Bulgaristan T\u00fcrklerinin durumu vahim. Bulgaristan\u2019da yap\u0131lan se\u00e7imlerde Bulgar partilerin tamam\u0131 bizi d\u0131\u015flam\u0131\u015f durumdalar ve buna cevap verecek bir mecalimiz yok.<\/em><\/p>\n<p>&#8211;\u00a0\u00a0<strong><em>Se\u00e7im sonu\u00e7lar\u0131:<\/em><\/strong><\/p>\n<p>&#8211;\u00a0\u00a0<em>Acizli\u011fimize bir bakal\u0131m bu se\u00e7imlerde bir T\u00fcrk Cumhurba\u015fkan\u0131 aday\u0131 \u00e7\u0131kartamamak bizim acizli\u011fimizi g\u00f6steriyor.<\/em><\/p>\n<p>&#8211;\u00a0\u00a0<em>\u00a0T\u00fcrkiye ya\u015fayan g\u00f6\u00e7men kitlesi s\u00fcr\u00fckleyici olmas\u0131 gerekir. maalesef T\u00fcrkiye&#8217;de bulunan bir \u00e7ok vatanda\u015f\u0131m\u0131z kime oy verece\u011fini bilmiyor. Di\u011fer taraftan da bir k\u0131s\u0131m STK y\u00f6neticileri d\u00fc\u015fmanlara (Bulgaristan\u2019da bizim annelerimizin donlar\u0131n\u0131 kesenlere, T\u00fcrk\u00e7e konu\u015fmalar\u0131m\u0131za ceza kesenlere, Bulgar k\u00f6kenini bulanlara, Bulgar us\u00fcl\u00fcne g\u00f6re mezarl\u0131klara m\u00fcziklerle gidenlere ) oy vermeleri i\u00e7in insanlar\u0131m\u0131z\u0131 y\u00f6nlendirebiliyorlar.<\/em><\/p><div id=\"bghab-1032661566\" class=\"bghab-icerik-icine bghab-entity-placement\"><script async src=\"\/\/pagead2.googlesyndication.com\/pagead\/js\/adsbygoogle.js?client=ca-pub-6203283170189293\" crossorigin=\"anonymous\"><\/script><ins class=\"adsbygoogle\" style=\"display:block; text-align:center;\" data-ad-client=\"ca-pub-6203283170189293\" \ndata-ad-slot=\"7303146466\" \ndata-ad-layout=\"in-article\"\ndata-ad-format=\"fluid\" data-full-width-responsive=\"true\"><\/ins>\n<script> \n(adsbygoogle = window.adsbygoogle || []).push({}); \n<\/script>\n<\/div>\n<p>&nbsp;<\/p>\n<ol start=\"2\">\n<li><strong>Bulgaristan&#8217;daki T\u00fcrk-M\u00fcsl\u00fcman toplumunun g\u00fcn\u00fcm\u00fczdeki durumu<\/strong><\/li>\n<\/ol>\n<p>&#8211;\u00a0\u00a0\u00a0\u00a0\u00a0<em>\u015eu an itibar\u0131 ile Bulgaristan\u2019da durumumuz vahim. Yok olmaya do\u011fru h\u0131zl\u0131 ad\u0131mlarla ilerliyoruz. Kendi toplumumuzu savunmaktan aciz bir duruma gelmi\u015f durumday\u0131z. Tamamen alg\u0131 y\u00f6netimlerine kendimizi kapt\u0131rm\u0131\u015f ve onun etkisiyle paralize olmu\u015f bir toplum haline gelmi\u015fiz.<\/em><\/p>\n<p>&nbsp;<\/p>\n<ol start=\"3\">\n<li><strong>\u00d6zellikle 89 sonras\u0131 T\u00fcrkiye haricinde bir \u00fclkeye giden Bulgaristan T\u00fcrkleri ve STK\u2019lar\u0131n\u0131n durumu.<\/strong><\/li>\n<\/ol>\n<p>&#8211;\u00a0\u00a0<em>\u0130\u015fte bu konuda yeni bir \u00e7al\u0131\u015fma yapabilmemiz i\u00e7in buraya toplanm\u0131\u015f durumday\u0131z. Bu \u00e7al\u0131\u015fmaya 89 sonras\u0131 g\u00f6\u00e7 edenlerle ba\u015flamam\u0131z\u0131n nedeni bunlar bir toplum halinde hareket etmeye ba\u015flam\u0131\u015flard\u0131r. Eksik olan bu toplumun y\u00f6nlendirebilecek merkezi olmamas\u0131. Bu nedenle H\u00d6H etkisi alt\u0131nda kalmaktad\u0131rlar. Bizler buna yeni isimle Lobicilik diye hitap edece\u011fiz. Bu lobicili\u011fi biz Bulgaristan d\u0131\u015f\u0131ndan ba\u015flatmak zorunday\u0131z. \u00c7\u00fcnk\u00fc Bulgaristan&#8217;\u0131n d\u0131\u015f\u0131nda bulunanlar\u0131n art\u0131k kendilerinde bir \u00f6zg\u00fcven olu\u015fmu\u015f durumdad\u0131r. Bu konuda bu g\u00fcn bir faaliyet plan\u0131 olu\u015ftural\u0131m ve ard\u0131ndan AB \u00fclkelerinde veya herhangi bir \u00fclkede \u00f6ncelikle STK\u2019lar\u0131m\u0131z\u0131n tespitlerini yapal\u0131m ve orada bulunan kendi insanlar\u0131m\u0131z\u0131 pasif olanlar\u0131 da aya\u011fa kald\u0131rarak yepyeni bir olu\u015fumun temellerini atal\u0131m. Gelecekte bu STK&#8217;lar\u0131n birlikte hareket etmelerini sa\u011flayabilmeliyiz. <\/em><\/p>\n<p>&nbsp;<\/p><div id=\"bghab-927849893\" class=\"bghab-icerik-icine-10-paragraf bghab-entity-placement\"><script async src=\"\/\/pagead2.googlesyndication.com\/pagead\/js\/adsbygoogle.js?client=ca-pub-6203283170189293\" crossorigin=\"anonymous\"><\/script><ins class=\"adsbygoogle\" style=\"display:block; text-align:center;\" data-ad-client=\"ca-pub-6203283170189293\" \ndata-ad-slot=\"7303146466\" \ndata-ad-layout=\"in-article\"\ndata-ad-format=\"fluid\" data-full-width-responsive=\"true\"><\/ins>\n<script> \n(adsbygoogle = window.adsbygoogle || []).push({}); \n<\/script>\n<\/div>\n<ol start=\"4\">\n<li><strong>T\u00fcrkiye\u2019de Bulgaristan T\u00fcrklerinin durumu:<\/strong><\/li>\n<\/ol>\n<p>&#8211;\u00a0\u00a0T\u00fcrkiye\u2019de maalesef STK kurallar\u0131na uygun olanlar pek bulunam\u0131yor. Halk\u0131m\u0131z STK\u2019lara g\u00fcvenmiyor \u00e7\u00fcnk\u00fc halk\u0131m\u0131z\u0131 26 y\u0131ld\u0131r kand\u0131rd\u0131k ve hala kand\u0131rmaya devam ediyoruz. \u0130\u015fte bu g\u00fcn bu se\u00e7imlerde bir aday\u0131m\u0131z\u0131n olmamas\u0131 bu STK\u2019lar\u0131n sorunudur. Hi\u00e7 kimse bizim i\u015fimizi yapmayacak ve yapamaz. T\u00fcrkiye\u2019de derneklerimiz bu g\u00fcn Bulgaristan konusunu Bulgaristanl\u0131 olmayanlardan \u00f6\u011frenmeye \u00e7al\u0131\u015fmaktad\u0131rlar.<\/p>\n<p>Y\u0131llarca H\u00d6H desteklendi. Peki neden bunu yap\u0131yorlar? Kendileri de bilmiyorlar tek cevaplar\u0131 var T\u00fcrkiye destekledi\u011fi i\u00e7indir. Ankara\u2019ya sayg\u0131m\u0131z olacak amma Bulgaristan konusunu biz onlara s\u00f6ylemeliyiz, onlar bizi de\u011fil biz Ankaray\u0131 y\u00f6nlendirmeliyiz. \u0130nan\u0131n problemin ana kayna\u011f\u0131 buradad\u0131r. \u00a0T\u00fcrkiye\u2019de bulunan Bulgaristan masalar\u0131nda Bulgarca bilenler olmal\u0131d\u0131r ve o b\u00f6lgelerde ya\u015fayan ki\u015filer tercih edilmelidir. Bizden biri burada 24 saat \u00e7al\u0131\u015f\u0131r yabanc\u0131 biri 8 saat \u00e7al\u0131\u015f\u0131r.<\/p>\n<p>&#8211;\u00a0\u00a0T\u00fcrkiye\u2019de STK\u2019lar\u0131n say\u0131s\u0131 \u00e7ok fakat faaliyetler pek yok, piknik ve eylence safhas\u0131nda kalm\u0131\u015flar. Durumumuzu tespit etmek \u00e7ok kolay. Ka\u00e7 gazete, ka\u00e7 TV bizden bahsediyor. Yeni bir se\u00e7im ge\u00e7irdik T\u00fcrk bas\u0131n\u0131nda ne kadar yer ald\u0131k. Neden 70-84-89 olaylar\u0131ndan bir filim \u00e7\u0131kartamad\u0131k. \u0130\u015fte bunlar bizim hepimizin su\u00e7u. Ka\u00e7 \u00fcniversite Bulgaristan ile ilgili tezler yapt\u0131r\u0131yor neden yapt\u0131r\u0131lm\u0131yor vsy. Yani k\u0131sacas\u0131 biz T\u00fcrkiye\u2019de bile g\u00fcndem d\u0131\u015f\u0131nda kalm\u0131\u015f\u0131z. \u0130\u015fte bu nedenlerden dolay\u0131 yeni bir olu\u015fuma ihtiya\u00e7 var bunun i\u00e7in biz buraday\u0131z.<\/p>\n<p>&nbsp;<\/p>\n<ol start=\"5\">\n<li><strong>Bulgaristan T\u00fcrklerinin sorunlar\u0131n\u0131n halli yolunda STK\u2019lar\u0131n ortak hedef ve harekete y\u00f6nlendirilmeleri konusunda Federasyon olu\u015fturulmas\u0131 konusu.<\/strong><\/li>\n<\/ol>\n<p>Evet vaziyetimiz ortada, biz yeni bir olu\u015fuma girmeliyiz. Nas\u0131l hareket edelim ki, biz Bulgaristan T\u00fcrkleri kendimize \u00e7eki d\u00fczen vermeliyiz ve kendi gelece\u011fimize y\u00f6n verebilmeliyiz.<\/p><div id=\"bghab-4034418797\" class=\"bghab-icerik-icine-15-paragraf bghab-entity-placement\"><script async src=\"\/\/pagead2.googlesyndication.com\/pagead\/js\/adsbygoogle.js?client=ca-pub-6203283170189293\" crossorigin=\"anonymous\"><\/script><ins class=\"adsbygoogle\" style=\"display:block; text-align:center;\" data-ad-client=\"ca-pub-6203283170189293\" \ndata-ad-slot=\"7303146466\" \ndata-ad-layout=\"in-article\"\ndata-ad-format=\"fluid\" data-full-width-responsive=\"true\"><\/ins>\n<script> \n(adsbygoogle = window.adsbygoogle || []).push({}); \n<\/script>\n<\/div>\n<p>Bu olu\u015fumu ba\u015flatmal\u0131 gelecekle ilgili planlar yapmal\u0131y\u0131z. Hedefler koymal\u0131y\u0131z. K\u0131sa -2023 \u2013 Orta-2050\u00a0 ve uzun- 2071 vadeli planlar yap\u0131lmas\u0131 gerekir. Yani 2071 y\u0131l\u0131nda nas\u0131l bir Bulgaristan T\u00fcrk\u00fc olmas\u0131n\u0131 istersiniz Bulgaristan\u2019da, T\u00fcrkiye&#8217;de ve AB\u2019de de. Evet burada herkes kendi fikrini s\u00f6ylesin s\u00f6ylesin ki yeni yollar\u0131 birlikte olu\u015ftural\u0131m.<\/p>\n<p>2050 y\u0131l\u0131nda nas\u0131l g\u00f6rmek istiyorsunuz. Nas\u0131l bir yol haritas\u0131 \u00e7izilmeli. Bunu hep birlikte bu g\u00fcn burada ba\u015flatal\u0131m. \u00d6n \u00e7al\u0131\u015fmalara ba\u015flayal\u0131m herkes fikrini s\u00f6ylesin. K\u0131sa-Orta ve uzun vade projeksiyon haz\u0131rlans\u0131n.<\/p>\n<p>Yeni y\u00f6netim olu\u015fmas\u0131 yani ge\u00e7ici bir y\u00f6netim bu Federasyonu kurma \u00e7al\u0131\u015fmalar\u0131 i\u00e7in bir ekibin olu\u015fturulmas\u0131 ve bu ekibe de ba\u015fkan se\u00e7ilmesi gerekir.<\/p>\n<p>&nbsp;<\/p>\n<p>6.\u00a0\u00a0\u00a0\u00a0<strong>\u00a0Bu toplant\u0131dan Bulgaristan T\u00fcrklerinin yol haritas\u0131n\u0131n belirlenmesi ve Federasyon \u00e7al\u0131\u015fmalar\u0131 ile ilgili g\u00f6rev da\u011f\u0131l\u0131m\u0131 yap\u0131lmas\u0131.\u00a0<\/strong><\/p><div id=\"bghab-3756954096\" class=\"bghab-icerik-icine-20-paragraf bghab-entity-placement\"><script async src=\"\/\/pagead2.googlesyndication.com\/pagead\/js\/adsbygoogle.js?client=ca-pub-6203283170189293\" crossorigin=\"anonymous\"><\/script><ins class=\"adsbygoogle\" style=\"display:block; text-align:center;\" data-ad-client=\"ca-pub-6203283170189293\" \ndata-ad-slot=\"7303146466\" \ndata-ad-layout=\"in-article\"\ndata-ad-format=\"fluid\" data-full-width-responsive=\"true\"><\/ins>\n<script> \n(adsbygoogle = window.adsbygoogle || []).push({}); \n<\/script>\n<\/div>\n<p><img data-recalc-dims=\"1\" decoding=\"async\" src=\"https:\/\/i0.wp.com\/www.bghaber.org\/bghaber\/wp-content\/uploads\/2016\/11\/federasyy.jpg?w=640\" alt=\"federasyy\" \/><\/p>\n<p><span style=\"text-decoration: underline;\"><strong>Resimdekiler soldan sa\u011f;<\/strong> <\/span><em>Erdal Karaba\u015f, Nedim Ak\u0131n, Halit Akay, Musa Vatansever, Mustafa Ak\u0131n, Elif G\u00fcne\u015f, \u0130rfan Bozkurt, \u0130brahim K\u00d6\u015eDERE, Mustafa \u00d6zsoy, Metin KARAN, Seydullah Hala\u00e7, Sali Mert, Rafet ULUT\u00dcRK, Muharrem Terzi, Doc.Dr.M\u00fcjgan DEN\u0130Z, Halil \u00d6zg\u00fcr, R\u00fcstem Avc\u0131, G\u00fcner Hakk\u0131-Bulgaristan, Ayd\u0131n Fidan, Alptekin Cevherli, Dr.Nedim B\u0130R\u0130NC\u0130<\/em><\/p>\n<div id=\"bghab-4207518892\" class=\"bghab-yazi-altinda bghab-entity-placement\"><div class=\"bghab-adlabel\">Reklamlar<\/div><script async src=\"https:\/\/pagead2.googlesyndication.com\/pagead\/js\/adsbygoogle.js\"><\/script>\r\n<!-- bghaber-yaz\u0131-sonu -->\r\n<ins class=\"adsbygoogle\"\r\n     style=\"display:block\"\r\n     data-ad-client=\"ca-pub-6203283170189293\"\r\n     data-ad-slot=\"4222328180\"\r\n     data-ad-format=\"auto\"\r\n     data-full-width-responsive=\"true\"><\/ins>\r\n<script>\r\n     (adsbygoogle = window.adsbygoogle || []).push({});\r\n<\/script><\/div><br style=\"clear: both; display: block; float: none;\"\/>","protected":false},"excerpt":{"rendered":"<p>Bulgaristan Dernekleri Evlad-\u0131 Fatihan Federasyonu ilk toplant\u0131s\u0131nda konu\u015fma metni. Son siyasi geli\u015fmeler \u0131\u015f\u0131\u011f\u0131nda Bulgaristan\u2019\u0131n genel durumu. &#8211;\u00a0\u00a0\u015eu anda Bulgaristan T\u00fcrklerinin durumu vahim. Bulgaristan\u2019da yap\u0131lan se\u00e7imlerde<\/p>\n","protected":false},"author":13,"featured_media":10078,"comment_status":"closed","ping_status":"closed","sticky":false,"template":"","format":"standard","meta":{"advanced_seo_description":"","jetpack_seo_html_title":"","jetpack_seo_noindex":false,"_jetpack_memberships_contains_paid_content":false,"footnotes":""},"categories":[6],"tags":[],"class_list":["post-21441","post","type-post","status-publish","format-standard","has-post-thumbnail","hentry","category-yorum"],"jetpack_featured_media_url":"https:\/\/i0.wp.com\/www.bghaber.org\/bghaber\/wp-content\/uploads\/2014\/05\/rafet-00.jpg?fit=336%2C406&ssl=1","jetpack_sharing_enabled":true,"jetpack_likes_enabled":true,"jetpack-related-posts":[],"jetpack_shortlink":"https:\/\/wp.me\/pc2PfJ-5zP","_links":{"self":[{"href":"https:\/\/www.bghaber.org\/bghaber\/wp-json\/wp\/v2\/posts\/21441","targetHints":{"allow":["GET"]}}],"collection":[{"href":"https:\/\/www.bghaber.org\/bghaber\/wp-json\/wp\/v2\/posts"}],"about":[{"href":"https:\/\/www.bghaber.org\/bghaber\/wp-json\/wp\/v2\/types\/post"}],"author":[{"embeddable":true,"href":"https:\/\/www.bghaber.org\/bghaber\/wp-json\/wp\/v2\/users\/13"}],"replies":[{"embeddable":true,"href":"https:\/\/www.bghaber.org\/bghaber\/wp-json\/wp\/v2\/comments?post=21441"}],"version-history":[{"count":0,"href":"https:\/\/www.bghaber.org\/bghaber\/wp-json\/wp\/v2\/posts\/21441\/revisions"}],"wp:featuredmedia":[{"embeddable":true,"href":"https:\/\/www.bghaber.org\/bghaber\/wp-json\/wp\/v2\/media\/10078"}],"wp:attachment":[{"href":"https:\/\/www.bghaber.org\/bghaber\/wp-json\/wp\/v2\/media?parent=21441"}],"wp:term":[{"taxonomy":"category","embeddable":true,"href":"https:\/\/www.bghaber.org\/bghaber\/wp-json\/wp\/v2\/categories?post=21441"},{"taxonomy":"post_tag","embeddable":true,"href":"https:\/\/www.bghaber.org\/bghaber\/wp-json\/wp\/v2\/tags?post=21441"}],"curies":[{"name":"wp","href":"https:\/\/api.w.org\/{rel}","templated":true}]}}