{"id":21440,"date":"2016-11-17T23:40:30","date_gmt":"2016-11-17T21:40:30","guid":{"rendered":"http:\/\/www.bghaber.org\/bghaber\/?p=21440"},"modified":"2019-05-29T14:48:31","modified_gmt":"2019-05-29T11:48:31","slug":"federasyon-catisi-altinda-birlesiyoruz","status":"publish","type":"post","link":"https:\/\/www.bghaber.org\/bghaber\/federasyon-catisi-altinda-birlesiyoruz\/","title":{"rendered":"Federasyon \u00c7at\u0131s\u0131 Alt\u0131nda Birle\u015fiyoruz"},"content":{"rendered":"<p>Neriman ERALP KAYONCUO\u011eLU<\/p>\n<p>Konu: \u00a0&#8220;Bulgaristan dernekleri Evlad-\u0131 Fatihan&#8221; \u00e7at\u0131s\u0131nda birle\u015fiyor<\/p>\n<p><strong><img data-recalc-dims=\"1\" decoding=\"async\" src=\"https:\/\/i0.wp.com\/www.bghaber.org\/bghaber\/wp-content\/uploads\/2016\/11\/federasyy.jpg?w=640\" alt=\"federasyy\" \/><\/strong><\/p>\n<p><strong>Par\u00e7alanmamak, mahvolmamak, mutlaka ba\u015farmak i\u00e7in birlikte m\u00fccadele etmeliyiz.<\/strong><\/p>\n<p>Bulgaristan\u2019daki yak\u0131nlar\u0131m\u0131zdan sonra T\u00fcrkiye\u2019deki soyda\u015flar\u0131m\u0131z\u0131 da par\u00e7alay\u0131p siyaset oyunca\u011f\u0131 haline getirdiler. Ana-vatan\u0131m\u0131zda sand\u0131k ba\u015f\u0131nda anadilimizde konu\u015fma yasa\u011f\u0131 ve sand\u0131k say\u0131s\u0131 gibi utan\u00e7 verici yasalar dayatt\u0131lar. Sinsi hedefli tedbirlerle \u00e7ifte vatanda\u015fl\u0131\u011f\u0131m\u0131z\u0131 elimizden almaya \u00e7al\u0131\u015f\u0131yorlar. Zaman, bu sinsi planlar\u0131 suya d\u00fc\u015f\u00fcrme zaman\u0131d\u0131r. Ayn\u0131 fikir ve duygularla donanm\u0131\u015f t\u00fcm g\u00f6\u00e7men karde\u015flerimizi s\u0131ms\u0131k\u0131 birle\u015fmeye \u00e7a\u011f\u0131r\u0131yoruz.<\/p>\n<p>T\u00fcrkiye \u00e7ap\u0131nda b\u00fct\u00fcn g\u00f6\u00e7men derneklerimizi sars\u0131lmaz ve yenilmez bir inan\u00e7la &#8220;<strong>BULGAR\u0130STAN DERNEKLER\u0130&#8221;\u00a0FEDERASYONU<\/strong> kurmaya davet ediyoruz.<\/p><div id=\"bghab-3961267178\" class=\"bghab-icerik-icine bghab-entity-placement\"><script async src=\"\/\/pagead2.googlesyndication.com\/pagead\/js\/adsbygoogle.js?client=ca-pub-6203283170189293\" crossorigin=\"anonymous\"><\/script><ins class=\"adsbygoogle\" style=\"display:block; text-align:center;\" data-ad-client=\"ca-pub-6203283170189293\" \ndata-ad-slot=\"7303146466\" \ndata-ad-layout=\"in-article\"\ndata-ad-format=\"fluid\" data-full-width-responsive=\"true\"><\/ins>\n<script> \n(adsbygoogle = window.adsbygoogle || []).push({}); \n<\/script>\n<\/div>\n<p>Bu ama\u00e7la Bulgaristan T\u00fcrkleri K\u00fclt\u00fcr ve Hizmet Derne\u011fi BULT\u00dcRK giri\u015fimiyle \u0130stanbul\u2019da \u00e7a\u011fr\u0131lan ilk toplant\u0131 ger\u00e7ekle\u015fti. G\u00f6\u00e7men merkezlerinden 60 K\u0130\u015e\u0130L\u0130K, g\u00f6n\u00fcll\u00fc eylemci, ayd\u0131n kat\u0131ld\u0131.<\/p>\n<p>Ulusal federasyonda birle\u015fme fikrine b\u00fcy\u00fck say\u0131da eski siyaset\u00e7i, b\u00fcrokrat, \u00f6\u011fretmen, serbest meslek sahibi, doktor, m\u00fchendis ve sanat\u00e7\u0131 destek verdi.<\/p>\n<p><strong>\u0130lk bulu\u015fman\u0131n gerek\u00e7esi \u015f\u00f6yle a\u00e7\u0131kland\u0131:<\/strong><\/p>\n<p>Kovulmam\u0131zdan bu yana 27 y\u0131l ge\u00e7mi\u015f olmas\u0131na ra\u011fmen, s\u00f6k\u00fcl\u00fcp eritilemeyen kom\u00fcnist totaliter zul\u00fcm rejimi maske de\u011fi\u015ftirmi\u015f ya\u015f\u0131yor. Bulgaristan\u2019\u0131 vatan se\u00e7en karde\u015flerimiz, Jivkov y\u00f6netiminin icad\u0131 olan, ad\u0131na asimilasyon siyaseti denen b\u00fcy\u00fck belan\u0131n y\u00fck\u00fc alt\u0131nda bug\u00fcn de k\u0131vran\u0131p duruyor. Ejderhan\u0131n kollar\u0131 T\u00fcrkiye&#8217;mize de uzanmaya ba\u015flad\u0131.<\/p>\n<p><strong>Demokrasiyi hayata \u00e7a\u011f\u0131rmas\u0131 gereken Bulgar \u0131rk\u0131, olabilir ya, belki de, ba\u015fka bir devlet d\u00fczeni kurmaya istidas\u0131 ve takati olmad\u0131\u011f\u0131ndan yerinde say\u0131yor.<\/strong><\/p><div id=\"bghab-182686889\" class=\"bghab-icerik-icine-10-paragraf bghab-entity-placement\"><script async src=\"\/\/pagead2.googlesyndication.com\/pagead\/js\/adsbygoogle.js?client=ca-pub-6203283170189293\" crossorigin=\"anonymous\"><\/script><ins class=\"adsbygoogle\" style=\"display:block; text-align:center;\" data-ad-client=\"ca-pub-6203283170189293\" \ndata-ad-slot=\"7303146466\" \ndata-ad-layout=\"in-article\"\ndata-ad-format=\"fluid\" data-full-width-responsive=\"true\"><\/ins>\n<script> \n(adsbygoogle = window.adsbygoogle || []).push({}); \n<\/script>\n<\/div>\n<p>Talih gere\u011fi, vatan topra\u011f\u0131m\u0131zda iki medeniyet birlikte ya\u015famaya mecburken, 138 y\u0131ldan beri aralar\u0131nda amans\u0131z ve ac\u0131mas\u0131z \u015fiddeti t\u0131rmanan bir kavga s\u00fcr\u00fcp gidiyor. Bu bo\u011fu\u015fmada yorulduk\u00e7a ka\u00e7t\u0131k, d\u00fc\u015fmana teslim olan hain oldu, par\u00e7aland\u0131k ve son \u00e7eyrek as\u0131r ipleri elden ka\u00e7\u0131rd\u0131k.<\/p>\n<p>Has\u0131mlar\u0131mla \u201cbizimkilerin\u201d kemikle\u015ftirdi\u011fi temsil ve y\u00f6netim bi\u00e7imi hepimizi bezdirdi, birbirimize d\u00fc\u015f\u00fcrd\u00fc, par\u00e7aland\u0131k, ufaland\u0131k.<\/p>\n<p>Bizi g\u00f6\u00e7e zorlayan, sonu g\u00f6r\u00fclmeyen bu anlams\u0131z kavgada H\u00d6H liderleri d\u00fc\u015fman saflar\u0131nda yer ald\u0131, yaln\u0131z davam\u0131z\u0131 de\u011fil, var olu\u015fumuzu da hedefsiz ve anlams\u0131z k\u0131ld\u0131.<\/p>\n<p><strong>Mahvolmamak i\u00e7in m\u00fccadele etmek zorunday\u0131z. G\u00fc\u00e7 kayna\u011f\u0131m\u0131z birle\u015febilmemizde-dir.<\/strong><\/p>\n<p>Son hedefimizde \u00f6d\u00fcn vermeden uzla\u015fmak, herkese e\u015fit adalet ve vatan topra\u011f\u0131nda birlikte ya\u015famak, varken.<\/p><div id=\"bghab-688155340\" class=\"bghab-icerik-icine-15-paragraf bghab-entity-placement\"><script async src=\"\/\/pagead2.googlesyndication.com\/pagead\/js\/adsbygoogle.js?client=ca-pub-6203283170189293\" crossorigin=\"anonymous\"><\/script><ins class=\"adsbygoogle\" style=\"display:block; text-align:center;\" data-ad-client=\"ca-pub-6203283170189293\" \ndata-ad-slot=\"7303146466\" \ndata-ad-layout=\"in-article\"\ndata-ad-format=\"fluid\" data-full-width-responsive=\"true\"><\/ins>\n<script> \n(adsbygoogle = window.adsbygoogle || []).push({}); \n<\/script>\n<\/div>\n<p><strong>&#8220;Bulgaristan dernekleri&#8221;<\/strong> Federasyonunda birle\u015fme yolunda bizi \u015fahland\u0131ran, bir de 1990 y\u0131l\u0131ndan 2005 y\u0131l\u0131na kadar sesi solu\u011fu \u00e7\u0131kmayan Bulgar s\u0131ra d\u0131\u015f\u0131 milliyet\u00e7i g\u00fc\u00e7lerin, hele de son Cumhurba\u015fkanl\u0131\u011f\u0131 se\u00e7imlerinde birle\u015ferek hortlamas\u0131 ve oylar\u0131n % 15\u2019ini almas\u0131 oldu.<\/p>\n<p>T\u00fcrk M\u00fcsl\u00fcman ve s\u0131\u011f\u0131nmac\u0131 d\u00fc\u015fmanl\u0131\u011f\u0131 ile f\u0131\u015fk\u0131ran, Avrupa Birli\u011fi Genel Kurulunca <strong>\u201cfa\u015fist\u201d<\/strong> olarak nitelenen bu siyasi \u0131rk\u00e7\u0131 ak\u0131m\u0131n ayak sesleri \u00c7arl\u0131k fa\u015fizminden ve kom\u00fcnist \u0131rk\u00e7\u0131l\u0131ktan \u00e7ok daha sert gelirken, t\u00fcm T\u00fcrkleri Bulgar siyasi hayat\u0131ndan tamamen d\u0131\u015flamay\u0131 hedefliyor.<\/p>\n<p>Bu ko\u015fullarda <strong>&#8220;Bulgaristan dernekleri&#8221; <\/strong>Federasyonunda \u00f6rg\u00fctlenip Bulgaristan demokratik kamuoyu yan\u0131nda yer almam\u0131z zorunlu olmu\u015ftur.<\/p>\n<p>BULT\u00dcRK \u00f6nc\u00fcl\u00fc\u011f\u00fcnde \u00f6n\u00fcm\u00fczdeki bir ay i\u00e7inde kurulma a\u015famas\u0131na getirildikten sonra durum de\u011ferlendirmesi ama\u00e7l\u0131 bir \u00f6n toplant\u0131 daha d\u00fczenlenecektir. Halen kurultay haz\u0131rl\u0131klar\u0131n\u0131, kurucu toplant\u0131da <strong>&#8220;Bulgaristan dernekleri&#8221;\u00a0<\/strong>Federasyonu Ge\u00e7ici olarak BULT\u00dcRK Derne\u011fi \u00e7at\u0131s\u0131 alt\u0131nda y\u00fcr\u00fctmeye karar verilmi\u015ftir.<\/p>\n<p>Haz\u0131rl\u0131k komisyonunda BULT\u00dcRK Genel Ba\u015fkan\u0131 Rafet Ulut\u00fcrk, Y\u00f6netim Kurulu \u00dcyesi Orhan \u00c7AKIR<\/p><div id=\"bghab-272325893\" class=\"bghab-icerik-icine-20-paragraf bghab-entity-placement\"><script async src=\"\/\/pagead2.googlesyndication.com\/pagead\/js\/adsbygoogle.js?client=ca-pub-6203283170189293\" crossorigin=\"anonymous\"><\/script><ins class=\"adsbygoogle\" style=\"display:block; text-align:center;\" data-ad-client=\"ca-pub-6203283170189293\" \ndata-ad-slot=\"7303146466\" \ndata-ad-layout=\"in-article\"\ndata-ad-format=\"fluid\" data-full-width-responsive=\"true\"><\/ins>\n<script> \n(adsbygoogle = window.adsbygoogle || []).push({}); \n<\/script>\n<\/div>\n<p>Deneyimli bir siyaset adam\u0131 \u0130brahim K\u00f6\u015fdere ve yine deneyimli belediyeci olan eski Harac\u0131 Belediye Ba\u015fkan\u0131 Metin Karan, \u0130stanbul Siyasal mezunlar\u0131ndan Erdal Karaba\u015f ve Alptekin Cevherli,<\/p>\n<p>\u0130stanbul \u00dcniversitesinde Do\u00e7. Dr. M\u00fcjgan Deniz; Doc.Dr. Hasine \u015een,<\/p>\n<p>Dr. Nedim Birinci, Musa Vatansever, Nedim Ak\u0131n, Ayd\u0131n Fidan, Mustafa Akg\u00fcn, Ekrem S\u00fczen, R\u00fcstem AVCI, Neriman, Eralp Kalyoncuo\u011flu yer ald\u0131lar.<\/p>\n<p>Bulgaristan T\u00fcrkleri Evlad-\u0131 Fatihan Platformu Ge\u00e7ici Ba\u015fkanl\u0131\u011fa Orhan \u00c7AKIR getirilmi\u015ftir.<\/p>\n<p>***<\/p><div id=\"bghab-2639527277\" class=\"bghab-icerik-icine-25-paragraf bghab-entity-placement\"><script async src=\"\/\/pagead2.googlesyndication.com\/pagead\/js\/adsbygoogle.js?client=ca-pub-6203283170189293\" crossorigin=\"anonymous\"><\/script><ins class=\"adsbygoogle\" style=\"display:block; text-align:center;\" data-ad-client=\"ca-pub-6203283170189293\" \ndata-ad-slot=\"7303146466\" \ndata-ad-layout=\"in-article\"\ndata-ad-format=\"fluid\" data-full-width-responsive=\"true\"><\/ins>\n<script> \n(adsbygoogle = window.adsbygoogle || []).push({}); \n<\/script>\n<\/div>\n<p>Bulgaristan T\u00fcrkleri Ulusal Federasyonu hakk\u0131nda daha geni\u015f ve ayr\u0131nt\u0131l\u0131 bilgi i\u00e7in BULT\u00dcRK ve BGSAM yay\u0131nlar\u0131n\u0131 izleyebilirsiniz.<\/p>\n<h4 style=\"text-align: center;\"><img data-recalc-dims=\"1\" decoding=\"async\" src=\"https:\/\/i0.wp.com\/www.bghaber.org\/bghaber\/wp-content\/uploads\/2016\/11\/federasyy.jpg?w=640\" alt=\"federasyy\" \/><span style=\"color: #ff0000;\"><strong>&#8220;Bulgaristan dernekleri Evlad-\u0131 Fatinah&#8221; ilk toplant\u0131s\u0131ndan<\/strong><\/span><\/h4>\n<div id=\"bghab-3872658300\" class=\"bghab-yazi-altinda bghab-entity-placement\"><div class=\"bghab-adlabel\">Reklamlar<\/div><script async src=\"https:\/\/pagead2.googlesyndication.com\/pagead\/js\/adsbygoogle.js\"><\/script>\r\n<!-- bghaber-yaz\u0131-sonu -->\r\n<ins class=\"adsbygoogle\"\r\n     style=\"display:block\"\r\n     data-ad-client=\"ca-pub-6203283170189293\"\r\n     data-ad-slot=\"4222328180\"\r\n     data-ad-format=\"auto\"\r\n     data-full-width-responsive=\"true\"><\/ins>\r\n<script>\r\n     (adsbygoogle = window.adsbygoogle || []).push({});\r\n<\/script><\/div><br style=\"clear: both; display: block; float: none;\"\/>","protected":false},"excerpt":{"rendered":"<p>Neriman ERALP KAYONCUO\u011eLU Konu: \u00a0&#8220;Bulgaristan dernekleri Evlad-\u0131 Fatihan&#8221; \u00e7at\u0131s\u0131nda birle\u015fiyor Par\u00e7alanmamak, mahvolmamak, mutlaka ba\u015farmak i\u00e7in birlikte m\u00fccadele etmeliyiz. Bulgaristan\u2019daki yak\u0131nlar\u0131m\u0131zdan sonra T\u00fcrkiye\u2019deki soyda\u015flar\u0131m\u0131z\u0131 da par\u00e7alay\u0131p<\/p>\n","protected":false},"author":13,"featured_media":21442,"comment_status":"closed","ping_status":"closed","sticky":false,"template":"","format":"standard","meta":{"advanced_seo_description":"","jetpack_seo_html_title":"","jetpack_seo_noindex":false,"_jetpack_memberships_contains_paid_content":false,"footnotes":""},"categories":[4],"tags":[],"class_list":["post-21440","post","type-post","status-publish","format-standard","has-post-thumbnail","hentry","category-siyaset"],"jetpack_featured_media_url":"https:\/\/i0.wp.com\/www.bghaber.org\/bghaber\/wp-content\/uploads\/2016\/11\/federasyy.jpg?fit=960%2C720&ssl=1","jetpack_sharing_enabled":true,"jetpack_likes_enabled":true,"jetpack-related-posts":[],"jetpack_shortlink":"https:\/\/wp.me\/pc2PfJ-5zO","_links":{"self":[{"href":"https:\/\/www.bghaber.org\/bghaber\/wp-json\/wp\/v2\/posts\/21440","targetHints":{"allow":["GET"]}}],"collection":[{"href":"https:\/\/www.bghaber.org\/bghaber\/wp-json\/wp\/v2\/posts"}],"about":[{"href":"https:\/\/www.bghaber.org\/bghaber\/wp-json\/wp\/v2\/types\/post"}],"author":[{"embeddable":true,"href":"https:\/\/www.bghaber.org\/bghaber\/wp-json\/wp\/v2\/users\/13"}],"replies":[{"embeddable":true,"href":"https:\/\/www.bghaber.org\/bghaber\/wp-json\/wp\/v2\/comments?post=21440"}],"version-history":[{"count":0,"href":"https:\/\/www.bghaber.org\/bghaber\/wp-json\/wp\/v2\/posts\/21440\/revisions"}],"wp:featuredmedia":[{"embeddable":true,"href":"https:\/\/www.bghaber.org\/bghaber\/wp-json\/wp\/v2\/media\/21442"}],"wp:attachment":[{"href":"https:\/\/www.bghaber.org\/bghaber\/wp-json\/wp\/v2\/media?parent=21440"}],"wp:term":[{"taxonomy":"category","embeddable":true,"href":"https:\/\/www.bghaber.org\/bghaber\/wp-json\/wp\/v2\/categories?post=21440"},{"taxonomy":"post_tag","embeddable":true,"href":"https:\/\/www.bghaber.org\/bghaber\/wp-json\/wp\/v2\/tags?post=21440"}],"curies":[{"name":"wp","href":"https:\/\/api.w.org\/{rel}","templated":true}]}}