{"id":2143,"date":"2013-05-27T02:29:41","date_gmt":"2013-05-26T23:29:41","guid":{"rendered":"http:\/\/bghaber.org\/bghaber\/?p=2143"},"modified":"2019-07-18T23:56:57","modified_gmt":"2019-07-18T21:56:57","slug":"parlamentolar-arasi-roman-birligi-kuruldu","status":"publish","type":"post","link":"https:\/\/www.bghaber.org\/bghaber\/parlamentolar-arasi-roman-birligi-kuruldu\/","title":{"rendered":"Parlamentolar aras\u0131 Roman Birli\u011fi kuruldu"},"content":{"rendered":"<p>Bulgaristan, H\u0131rvatistan, Makedonya, S\u0131rbistan ve Slovakya parlamentolar\u0131ndan temsilciler, b\u00f6lgedeki Roman toplumlar\u0131na y\u00f6nelik kurumsal devlet deste\u011fi eksikli\u011fini giderme amac\u0131yla Parlamentolararas\u0131 Roman Birli\u011fi&#8217;ni kurdu.<!--more--><\/p>\n<p><a href=\"https:\/\/i0.wp.com\/bghaber.org\/bghaber\/wp-content\/uploads\/2013\/05\/romanlar.jpg\"><img data-recalc-dims=\"1\" loading=\"lazy\" decoding=\"async\" class=\"size-medium wp-image-2144 alignright\" alt=\"romanlar\" src=\"https:\/\/i0.wp.com\/bghaber.org\/bghaber\/wp-content\/uploads\/2013\/05\/romanlar-300x199.jpg?resize=300%2C199\" width=\"300\" height=\"199\" \/><\/a>Birlik, Romanlar\u0131n ya\u015fam\u0131n\u0131 t\u00fcm alanlar\u0131nda topluma kazand\u0131r\u0131lmas\u0131, h\u00fck\u00fcmetlere Romanlar\u0131n sorunlar\u0131n\u0131n \u00e7\u00f6z\u00fcm\u00fcnde destek verilmesi ve uluslararas\u0131 \u00f6rg\u00fctlerle daha iyi bir i\u015fbirli\u011fine olanak sa\u011flanmas\u0131n\u0131 hedefliyor.<\/p>\n<p>Birli\u011fin bu ay\u0131n ba\u015flar\u0131nda ger\u00e7ekle\u015fen ilk toplant\u0131s\u0131na ev sahipli\u011fi yapan S\u0131rbistan parlamentosu, Romanlar\u0131n entegrasyonuna ili\u015fkin yasa ve kimlik belgeleri olmayan az\u0131nl\u0131klar\u0131n fark edilmelerine katk\u0131da bulunarak adli i\u015flemler de dahil olmak \u00fczere Romanlar\u0131n konumunu iyile\u015ftirmeye y\u00f6nelik \u00e7ok say\u0131da yasa \u00e7\u0131kard\u0131.<\/p>\n<p>Ajans BG<\/p>\n<div id=\"bghab-4113892247\" class=\"bghab-yazi-altinda bghab-entity-placement\"><script async src=\"https:\/\/pagead2.googlesyndication.com\/pagead\/js\/adsbygoogle.js\"><\/script>\r\n<!-- bghaber-yaz\u0131-sonu -->\r\n<ins class=\"adsbygoogle\"\r\n     style=\"display:block\"\r\n     data-ad-client=\"ca-pub-6203283170189293\"\r\n     data-ad-slot=\"4222328180\"\r\n     data-ad-format=\"auto\"\r\n     data-full-width-responsive=\"true\"><\/ins>\r\n<script>\r\n     (adsbygoogle = window.adsbygoogle || []).push({});\r\n<\/script><\/div><br style=\"clear: both; display: block; float: none;\"\/>","protected":false},"excerpt":{"rendered":"<p>Bulgaristan, H\u0131rvatistan, Makedonya, S\u0131rbistan ve Slovakya parlamentolar\u0131ndan temsilciler, b\u00f6lgedeki Roman toplumlar\u0131na y\u00f6nelik kurumsal devlet deste\u011fi eksikli\u011fini giderme amac\u0131yla Parlamentolararas\u0131 Roman Birli\u011fi&#8217;ni kurdu.<\/p>\n","protected":false},"author":29,"featured_media":2144,"comment_status":"closed","ping_status":"closed","sticky":false,"template":"","format":"standard","meta":{"advanced_seo_description":"","jetpack_seo_html_title":"","jetpack_seo_noindex":false,"jetpack_seo_schema_type":"","_jetpack_newsletter_access":"","_jetpack_dont_email_post_to_subs":false,"_jetpack_newsletter_tier_id":0,"_jetpack_memberships_contains_paywalled_content":false,"_jetpack_feature_clip_id":0,"_jetpack_memberships_contains_paid_content":false,"footnotes":"","jetpack_post_was_ever_published":false},"categories":[4],"tags":[30],"class_list":["post-2143","post","type-post","status-publish","format-standard","has-post-thumbnail","hentry","category-siyaset","tag-bulgaristan"],"jetpack_sharing_enabled":true,"jetpack_likes_enabled":true,"jetpack-related-posts":[],"jetpack_shortlink":"https:\/\/wp.me\/pc2PfJ-yz","jetpack_featured_media_url":"https:\/\/i0.wp.com\/www.bghaber.org\/bghaber\/wp-content\/uploads\/2013\/05\/romanlar.jpg?fit=400%2C266&ssl=1","_links":{"self":[{"href":"https:\/\/www.bghaber.org\/bghaber\/wp-json\/wp\/v2\/posts\/2143","targetHints":{"allow":["GET"]}}],"collection":[{"href":"https:\/\/www.bghaber.org\/bghaber\/wp-json\/wp\/v2\/posts"}],"about":[{"href":"https:\/\/www.bghaber.org\/bghaber\/wp-json\/wp\/v2\/types\/post"}],"author":[{"embeddable":true,"href":"https:\/\/www.bghaber.org\/bghaber\/wp-json\/wp\/v2\/users\/29"}],"replies":[{"embeddable":true,"href":"https:\/\/www.bghaber.org\/bghaber\/wp-json\/wp\/v2\/comments?post=2143"}],"version-history":[{"count":0,"href":"https:\/\/www.bghaber.org\/bghaber\/wp-json\/wp\/v2\/posts\/2143\/revisions"}],"wp:featuredmedia":[{"embeddable":true,"href":"https:\/\/www.bghaber.org\/bghaber\/wp-json\/wp\/v2\/media\/2144"}],"wp:attachment":[{"href":"https:\/\/www.bghaber.org\/bghaber\/wp-json\/wp\/v2\/media?parent=2143"}],"wp:term":[{"taxonomy":"category","embeddable":true,"href":"https:\/\/www.bghaber.org\/bghaber\/wp-json\/wp\/v2\/categories?post=2143"},{"taxonomy":"post_tag","embeddable":true,"href":"https:\/\/www.bghaber.org\/bghaber\/wp-json\/wp\/v2\/tags?post=2143"}],"curies":[{"name":"wp","href":"https:\/\/api.w.org\/{rel}","templated":true}]}}