{"id":21160,"date":"2016-10-22T16:35:44","date_gmt":"2016-10-22T13:35:44","guid":{"rendered":"http:\/\/www.bghaber.org\/bghaber\/?p=21160"},"modified":"2016-10-22T17:07:01","modified_gmt":"2016-10-22T14:07:01","slug":"osman-oktay-kurbanlar-ve-cellatlar-demokrasiye-karsi","status":"publish","type":"post","link":"https:\/\/www.bghaber.org\/bghaber\/osman-oktay-kurbanlar-ve-cellatlar-demokrasiye-karsi\/","title":{"rendered":"Bir A\u011fac\u0131n \u0130ki Dal\u0131"},"content":{"rendered":"<p>&nbsp;<\/p>\n<p>Rafet ULUT\u00dcRK<\/p>\n<p><strong>B\u00f6yle gelmi\u015f b\u00f6yle gidiyor.\u00a0<\/strong><\/p>\n<p>Bulgar klasiklerinden Dimitar Talev, <strong>bu d\u00fcnyada \u00f6len son kom\u00fcnist, Bulgar kom\u00fcnisti olur, <\/strong>demi\u015fti. Her \u015fey de\u011fi\u015febilir ama Bulgar kom\u00fcnistleri T\u00fcrklere olan tutumu ve d\u00fc\u015fmanl\u0131klar\u0131 de\u011fi\u015fmez.<\/p>\n<p>Bizim dilimizde \u201c<strong>bir ayr\u0131\u011f\u0131 40 y\u0131l ta\u015f duvar \u00fczerinde tutsan, f\u0131rsat buldu\u011funda yine ye\u015ferir<\/strong>\u201d de\u011fimi me\u015fhurdur.<\/p><div id=\"bghab-1347310644\" class=\"bghab-icerik-icine bghab-entity-placement\"><script async src=\"\/\/pagead2.googlesyndication.com\/pagead\/js\/adsbygoogle.js?client=ca-pub-6203283170189293\" crossorigin=\"anonymous\"><\/script><ins class=\"adsbygoogle\" style=\"display:block; text-align:center;\" data-ad-client=\"ca-pub-6203283170189293\" \ndata-ad-slot=\"7303146466\" \ndata-ad-layout=\"in-article\"\ndata-ad-format=\"fluid\" data-full-width-responsive=\"true\"><\/ins>\n<script> \n(adsbygoogle = window.adsbygoogle || []).push({}); \n<\/script>\n<\/div>\n<p><strong>Bulgaristan\u2019da kom\u00fcnistlik eski bir siyaset t\u00fcr\u00fcd\u00fcr.<\/strong><\/p>\n<p>116 y\u0131l \u00f6nce Rusya\u2019da gelmi\u015f, tarihi boyunca b\u00f6l\u00fcnm\u00fc\u015f par\u00e7alanm\u0131\u015f, yasaklanm\u0131\u015f, k\u0131l\u0131k de\u011fi\u015ftirmi\u015f, yerin dibine girmi\u015f, a\u011fa\u00e7 kovu\u011funda ya\u015fam\u0131\u015f, a\u011fa\u00e7 dal\u0131nda bitmi\u015f ama hep var olmay\u0131 nas\u0131lsa hep becermi\u015ftir. Bu g\u00fcn de \u00fclkemizin ana sorunu kom\u00fcnist rejim kal\u0131nt\u0131lar\u0131n\u0131 s\u00f6kmektir ama yak\u0131nda s\u00f6k\u00fclece\u011fe pek benzemiyor, <strong>K\u0131l\u0131k de\u011fi\u015ftiriyor, bin bir yalan s\u00f6yleyip her g\u00fcn ba\u015fka bir d\u00fczen kuruyor ve T\u00fcrk M\u00fcsl\u00fcman d\u00fc\u015fmanl\u0131\u011f\u0131 k\u0131rm\u0131z\u0131 \u00e7izgisinden \u00f6d\u00fcn vermeden ilerliyor.<\/strong><\/p>\n<p>Se\u00e7ime say\u0131l\u0131 g\u00fcnler kalsa da meclis T\u00fcrkiye\u2019deki se\u00e7men yurtta\u015flar\u0131m\u0131z\u0131n insan haklar\u0131n\u0131 hedef alm\u0131\u015f yasa de\u011fi\u015fikliklerinde \u0131srar etmeye devam ediyor. Bu de\u011fi\u015fikliklerden biri <strong>zorunlu oy kullanma<\/strong> maddesidir. Bu maddeye g\u00f6re, T\u00fcrkiye\u2019de bulunan ve oy kullanmas\u0131 zorunludur kategorisinden olan 620 bin \u00e7ifte vatanda\u015f kimlikli soyda\u015f\u0131m\u0131z var.<\/p>\n<p>Bu durumda bir de, T\u00fcrkiye\u2019de yaln\u0131z 35 sand\u0131k a\u00e7\u0131labilir s\u0131n\u0131rlamas\u0131n\u0131 da getiren bu h\u00fckumet, ne var ki, her sand\u0131\u011fa 1000 (bin) soyda\u015f oy atsa 35 bin oy olur, 585\u00a0000 (be\u015f y\u00fcz seksen be\u015f bin) soyda\u015f\u0131m\u0131z oy kullan(a)mayacak.<\/p>\n<p><strong>Bu tuza\u011fa iki defa d\u00fc\u015fen en do\u011fal insan hakk\u0131m\u0131z olan se\u00e7me ve se\u00e7ilme hakk\u0131m\u0131z\u0131 yitirmi\u015f oluyoruz.<\/strong><\/p><div id=\"bghab-1348397480\" class=\"bghab-icerik-icine-10-paragraf bghab-entity-placement\"><script async src=\"\/\/pagead2.googlesyndication.com\/pagead\/js\/adsbygoogle.js?client=ca-pub-6203283170189293\" crossorigin=\"anonymous\"><\/script><ins class=\"adsbygoogle\" style=\"display:block; text-align:center;\" data-ad-client=\"ca-pub-6203283170189293\" \ndata-ad-slot=\"7303146466\" \ndata-ad-layout=\"in-article\"\ndata-ad-format=\"fluid\" data-full-width-responsive=\"true\"><\/ins>\n<script> \n(adsbygoogle = window.adsbygoogle || []).push({}); \n<\/script>\n<\/div>\n<p>Strazburg U\u0130HM oy kullanmak isteyen yurtta\u015flar\u0131m\u0131z\u0131 hakl\u0131 bulur, fakat bu sorunun \u00e7\u00f6z\u00fclece\u011fi yer Sofya meclisi de\u011fil midir? Sofya Meclisi T\u00fcrklerin haklar\u0131n\u0131 k\u0131s\u0131tlamak i\u00e7in mi \u00e7al\u0131\u015f\u0131yor? Bu nas\u0131l bir Avrupa \u00fclkesi meclisidir? \u0130nsan haklar\u0131 a\u00e7\u0131s\u0131ndan bir \u201c<strong>ikinci s\u0131n\u0131f<\/strong>\u201d vatanda\u015fl\u0131klar\u0131m\u0131z devam m\u0131 etmektedir, \u201c<strong>ba\u015fka birileri miyiz<\/strong>?\u201d Bu ger\u00e7eklerde kom\u00fcnist Bulgarlar\u0131n insan d\u00fc\u015fmanl\u0131\u011f\u0131ndan, T\u00fcrk d\u00fc\u015fmanl\u0131\u011f\u0131ndan ba\u015fka ne g\u00f6rebiliyoruz.<\/p>\n<p><strong>Bulgaristan&#8217;da anti-kom\u00fcnizm bir siyaset t\u00fcr\u00fcd\u00fcr. <\/strong><\/p>\n<p>Fakat bir \u00fclkede 26 anti-kom\u00fcnist siyaset \u00e7izgisi izleyenler hep yerinde durdularsa, yerinde sayd\u0131larsa ve d\u00f6nd\u00fclerse ve hi\u00e7bir netice elde edilememi\u015fse, su\u00e7lu olan kimdir.<\/p>\n<p>1971\u201373 y\u0131llar\u0131nda Pomaklara, 1984\u201389 d\u00f6neminde T\u00fcrklere total soyk\u0131r\u0131m uygulayan diktat\u00f6r Todor Jivkov\u2019a kar\u015f\u0131 a\u00e7\u0131lan ve 120 cilt delil i\u00e7eren davadan hi\u00e7bir sonu\u00e7 almadan, \u201c<strong>zaman a\u015f\u0131m\u0131na u\u011frad\u0131<\/strong>\u201d deyip dosya kapat\u0131lm\u0131\u015ft\u0131r.<\/p>\n<p>21.10. 2016 tarihine yan\u0131 bug\u00fcne kadar Sofya meclisinde s\u00fcre gelen \u201c<strong>T\u00fcrklerin t\u00fcm haklar\u0131n\u0131 ellerinden alma ve bire dek hepsini memleketten kovma<\/strong>\u201d \u00e7abalar\u0131 bu sonu\u00e7lanmadan kalan ve binlerce katili aklayan davan\u0131n bir yans\u0131mas\u0131, dinmeyen aksisedas\u0131 de\u011fil de nedir?<\/p><div id=\"bghab-1624038039\" class=\"bghab-icerik-icine-15-paragraf bghab-entity-placement\"><script async src=\"\/\/pagead2.googlesyndication.com\/pagead\/js\/adsbygoogle.js?client=ca-pub-6203283170189293\" crossorigin=\"anonymous\"><\/script><ins class=\"adsbygoogle\" style=\"display:block; text-align:center;\" data-ad-client=\"ca-pub-6203283170189293\" \ndata-ad-slot=\"7303146466\" \ndata-ad-layout=\"in-article\"\ndata-ad-format=\"fluid\" data-full-width-responsive=\"true\"><\/ins>\n<script> \n(adsbygoogle = window.adsbygoogle || []).push({}); \n<\/script>\n<\/div>\n<p>Meclis \u00e7o\u011funlu\u011fu onlarda olduk\u00e7a ve biz par\u00e7alanmaya devam ettik\u00e7e belki de kazanan hep onlar olacak\u2026<\/p>\n<p><strong>Bu i\u015fkence ne zaman sona erecektir? Bu gidi\u015f gidi\u015f de\u011fildir\u2026<\/strong><\/p>\n<p>\u0130nsanl\u0131k tarihindeki en b\u00fcy\u00fck \u00e7arp\u0131\u015fmalar\u0131n \u0130kinci D\u00fcnya Sava\u015f\u0131nda oldu\u011funu kabul edersek, o zaman sanki kom\u00fcnist ve fa\u015fist ideler en \u00e7\u0131plak \u015fekilde k\u0131yas\u0131ya y\u00fczle\u015fmi\u015fti. Sonra memleketimiz Bulgaristan gibi \u00fclkelerde kom\u00fcnistler tek ba\u015flar\u0131na veya baz\u0131 halk\u00e7\u0131 partilerle ortakl\u0131k kurarak, Sovyetler Birli\u011fi g\u00f6lgesinde uzun zaman iktidarda kald\u0131lar. <strong>Bizde bu Bulgar Halk \u00c7ift\u00e7i Birli\u011fi ile ortakl\u0131k \u015feklinde ger\u00e7ekle\u015fmi\u015fti.<\/strong><\/p>\n<p>Bulgaristan\u2019da kom\u00fcnist iktidar kuruculu\u011fu 1944\u2019e kadar iktidarda olan otoriter \u00c7arc\u0131 fa\u015fist rejim kadrolar\u0131n\u0131n k\u0131y\u0131m\u0131yla ve o zamanlar\u0131n Stalin rejimince g\u00f6sterilen kadrolar\u0131n erk olmas\u0131yla ger\u00e7ekle\u015fti. Geli\u015fme baz\u0131 dallar\u0131 kesilen ve yapraklar\u0131 d\u00f6k\u00fclen Fa\u015fist Bulgar a\u011fac\u0131n\u0131n yeni baharda kom\u00fcnist\u00e7e ye\u015fermesi \u015feklinde oldu.<\/p>\n<p>Var olan d\u00fczen 1878\u2019den sonra Alman kafal\u0131 Ferdinand ve o\u011flu III. Boris\u2019in \u015fekillendirdi\u011fi Bulgar devlet a\u011fac\u0131n\u0131n dal budak salmas\u0131yla hayat bulmu\u015ftu. Sanayide \u00f6zelden devlete, tar\u0131mda da \u00f6zel \u00fcretimden kooperatif\u00e7ili\u011fe ge\u00e7ildi. <strong>Herkes m\u00fclk\u00fcn\u00fc kaybetti. <\/strong><\/p><div id=\"bghab-3877065566\" class=\"bghab-icerik-icine-20-paragraf bghab-entity-placement\"><script async src=\"\/\/pagead2.googlesyndication.com\/pagead\/js\/adsbygoogle.js?client=ca-pub-6203283170189293\" crossorigin=\"anonymous\"><\/script><ins class=\"adsbygoogle\" style=\"display:block; text-align:center;\" data-ad-client=\"ca-pub-6203283170189293\" \ndata-ad-slot=\"7303146466\" \ndata-ad-layout=\"in-article\"\ndata-ad-format=\"fluid\" data-full-width-responsive=\"true\"><\/ins>\n<script> \n(adsbygoogle = window.adsbygoogle || []).push({}); \n<\/script>\n<\/div>\n<p>M\u00fclkiyet devlet kontrol\u00fcne ge\u00e7ti\u011finden 1989\u2019da kom\u00fcnistler iktidardan d\u00fc\u015f\u00fcnce \u00fcretim bi\u00e7imi de \u00e7\u00f6kt\u00fc. \u0130\u015f g\u00fcc\u00fc da\u011f\u0131ld\u0131. Yeni durumda i\u015f\u00e7iler ve tar\u0131mc\u0131lar i\u015fleri \u00f6rg\u00fctlemeyi, pazarlamay\u0131 ve y\u00f6netmeyi bilmiyorlard\u0131.<\/p>\n<p>\u00dcretime kat\u0131l\u0131mlar\u0131 el kol eme\u011fiyle olmu\u015ftu. Yapabilecekleri ba\u015fka bir \u015feyler kapat\u0131lm\u0131\u015ft\u0131. Bu anlamda \u201c<strong>devlet ba\u015flar\u0131na y\u0131k\u0131ld<\/strong>\u0131\u201d. Bu y\u0131k\u0131mdan kurtulabilenler d\u0131\u015f \u00fclkelere ka\u00e7t\u0131lar, \u201c<strong>\u00f6nce ka\u00e7ak, ard\u0131ndan konuk<\/strong>\u201d i\u015f\u00e7i oldular.<\/p>\n<p><strong>Biz T\u00fcrklerse T\u00fcrkiye&#8217;mize s\u0131\u011f\u0131nd\u0131k. Bat\u0131ya da G\u00fcneye de ka\u00e7anlar\u0131n akl\u0131 hep geride kald\u0131. Asl\u0131nda arkada kalan suyu \u00e7ekilmi\u015f bir \u0131rmakt\u0131, ta\u015flar\u0131n aras\u0131ndaki g\u00f6lc\u00fcklere s\u0131\u011f\u0131nan ve yeni olanak i\u00e7in \u00e7\u0131rp\u0131nanlar ise dereye su gelmesini beklerken i\u015fte bu g\u00fcnlere gelebildik.<\/strong><\/p>\n<p><strong>Yukar\u0131da yazd\u0131\u011f\u0131m gibi bug\u00fcn Bulgaristan\u2019da \u00e7ok dall\u0131 ama \u00e7atal bir a\u011fa\u00e7 var.<\/strong><\/p>\n<p>\u00c7ok dall\u0131 dedi\u011fimde, kurulmu\u015f 402 siyasi parti, mecliste 8 partili bile\u015fim ve 6 Kas\u0131mda Cumhurba\u015fkan\u0131 se\u00e7imlerine bile 22 adayla girildi\u011fini d\u00fc\u015f\u00fcn\u00fcyorum. Fakat bu Bulgar toplum a\u011fac\u0131n\u0131n, ayn\u0131 k\u00f6kten, ayn\u0131 bedenden gelen ve ne kadar budan\u0131rsa budans\u0131n ayn\u0131 filizleri s\u00fcren iki ana dal\u0131 oldu\u011funu d\u00fc\u015f\u00fcn\u00fcyorum durmadan. Ve bu ger\u00e7ek d\u00fcnk\u00fc g\u00fcn yine b\u00fct\u00fcn g\u00fcc\u00fcyle parlad\u0131.<\/p><div id=\"bghab-2817805415\" class=\"bghab-icerik-icine-25-paragraf bghab-entity-placement\"><script async src=\"\/\/pagead2.googlesyndication.com\/pagead\/js\/adsbygoogle.js?client=ca-pub-6203283170189293\" crossorigin=\"anonymous\"><\/script><ins class=\"adsbygoogle\" style=\"display:block; text-align:center;\" data-ad-client=\"ca-pub-6203283170189293\" \ndata-ad-slot=\"7303146466\" \ndata-ad-layout=\"in-article\"\ndata-ad-format=\"fluid\" data-full-width-responsive=\"true\"><\/ins>\n<script> \n(adsbygoogle = window.adsbygoogle || []).push({}); \n<\/script>\n<\/div>\n<p><strong>Bu dallardan biri olan eski BKP\u2019nin<\/strong> halk\u00e7\u0131 taban\u0131 bug\u00fcnk\u00fc Sosyalist Parti (BSP) mecliste ana muhalefettir. Sol g\u00fc\u00e7lerden bir k\u0131sm\u0131n\u0131 temsil ediyor.<\/p>\n<p><strong>\u00d6teki dal ise, yine g\u00f6nl\u00fc solda olan<\/strong> ama Bat\u0131dan esen r\u00fczg\u00e2rla serinlemekten ho\u015flanan, kom\u00fcnist ruh ta\u015f\u0131yan ve 26 y\u0131l sonra bile istese de farkl\u0131 meyve verebilmesi imk\u00e2ns\u0131z olan GERB var.<\/p>\n<p><strong>Di\u011fer t\u00fcm partiler, hareketler, ak\u0131mlar onlar\u0131n alt\u0131nda<\/strong> veya \u00fcst\u00fcnde, sa\u011f\u0131nda veya solunda mevzilenmi\u015f, ba\u011f\u0131ms\u0131z kispeti ta\u015f\u0131yan olu\u015fumlard\u0131r.<\/p>\n<p>Her d\u00fc\u011f\u00fcn\u00fcn kamberi oldu\u011fu gibi, bizdeki demokrasi, \u00fcstelik \u00e7o\u011fulcu demokraside var olabilmemiz i\u00e7in bizim bu ba\u015ftan ba\u015fa sahte durumu kabul etmemiz gerekiyor.<\/p>\n<p>Asl\u0131na bak\u0131l\u0131rsa, bu d\u00fc\u015f\u00fcnce tarz\u0131 \u00f6z\u00fcnde a\u015f\u0131lmas\u0131 imk\u00e2ns\u0131z b\u00fcy\u00fck bir \u00e7eli\u015fki var. <strong>\u00c7\u00fcnk\u00fc Osmanl\u0131 ba\u011fr\u0131nda mayalanan Bulgar milli hareketinin amac\u0131nda Bulgar Milli Devletini, tek uluslu Bulgar toplumunu kurmak vard\u0131.<\/strong><\/p><div id=\"bghab-2299031514\" class=\"bghab-icerik-icine-30-paragraf bghab-entity-placement\"><script async src=\"\/\/pagead2.googlesyndication.com\/pagead\/js\/adsbygoogle.js?client=ca-pub-6203283170189293\" crossorigin=\"anonymous\"><\/script><ins class=\"adsbygoogle\" style=\"display:block; text-align:center;\" data-ad-client=\"ca-pub-6203283170189293\" \ndata-ad-slot=\"7303146466\" \ndata-ad-layout=\"in-article\"\ndata-ad-format=\"fluid\" data-full-width-responsive=\"true\"><\/ins>\n<script> \n(adsbygoogle = window.adsbygoogle || []).push({}); \n<\/script>\n<\/div>\n<p>Bu ama\u00e7, Rus sald\u0131r\u0131s\u0131 (93 Harbi) ve Bat\u0131n\u0131n (Avusturya-Almanya-\u0130ngiltere) diplomatik m\u00fcdahalesiyle ger\u00e7ekle\u015fti\u011finden (1878 Berlin Konferans\u0131) Bulgar devleti ve toplumu her zaman ya do\u011funun, ya Bat\u0131n\u0131n ya da taban\u0131ndan f\u0131\u015fk\u0131rd\u0131\u011f\u0131 Osmanl\u0131c\u0131l\u0131\u011f\u0131n (g\u00fcn\u00fcm\u00fcz T\u00fcrkiye\u2019si) etki alan\u0131nda, g\u00f6lgesinde kald\u0131.<\/p>\n<p>Bu etkiler o kadar g\u00fc\u00e7l\u00fcd\u00fcr ki, Bulgaristan\u2019da 1878\u2019den sonra kurulan bine yak\u0131n siyasi partiden <strong>hepsi ya Do\u011fuya ya Bat\u0131ya bakm\u0131\u015f ya da T\u00fcrkiyeyi G\u00fcne\u015f bilerek g\u00fcnd\u00f6nd\u00fc<\/strong> (ay\u00e7i\u00e7e\u011fi) misalinde oldu\u011fu gibi, ba\u015f\u0131 daha fazla \u00f6ne b\u00fck\u00fclm\u00fc\u015f, Do\u011fu\u2019dan bat\u0131ya s\u00fcrekli gidip gelmi\u015ftir.<\/p>\n<p>Bug\u00fcn de ayn\u0131s\u0131n\u0131 ya\u015f\u0131yoruz. NATO ve AB \u00fcyesi olsak da, \u201cBelene\u201d AES, madenler, akaryak\u0131tlar, tekelle\u015fme, kartelle\u015fme, oligar\u015fi dayatmas\u0131 gibi konularda Rusya elimizi kolumuzu asla koparamayaca\u011f\u0131m\u0131z \u015fekilde ba\u011flam\u0131\u015ft\u0131r.<\/p>\n<p><strong>Bu \u00fc\u00e7gende bizde hi\u00e7bir \u015fey talep etmeden yard\u0131m eli uzatan tek devlet T\u00fcrkiye Cumhuriyetidir.<\/strong><\/p>\n<p>Bu bak\u0131ma biz, halk\u0131 avutmak i\u00e7in ad\u0131na \u201c<strong>Ge\u00e7i\u015f S\u00fcresi<\/strong>\u201d dedi\u011fimiz \u00e7eyrek as\u0131rl\u0131k devre i\u00e7inde ba\u015f\u0131m\u0131z\u0131 Do\u011fudan Bat\u0131ya, yani Rusya\u2019dan Bat\u0131 Avrupa\u2019ya \u00e7evirebilme s\u00fcreci i\u00e7inde bulunduk.<\/p><div id=\"bghab-2823838212\" class=\"bghab-icerik-icine-35-paragraf bghab-entity-placement\"><script async src=\"\/\/pagead2.googlesyndication.com\/pagead\/js\/adsbygoogle.js?client=ca-pub-6203283170189293\" crossorigin=\"anonymous\"><\/script><ins class=\"adsbygoogle\" style=\"display:block; text-align:center;\" data-ad-client=\"ca-pub-6203283170189293\" \ndata-ad-slot=\"7303146466\" \ndata-ad-layout=\"in-article\"\ndata-ad-format=\"fluid\" data-full-width-responsive=\"true\"><\/ins>\n<script> \n(adsbygoogle = window.adsbygoogle || []).push({}); \n<\/script>\n<\/div>\n<p>Bizde bu \u00e7ok zor oldu, zor ilerliyor ve hatta hala t\u00f6kezleyi\u015f d\u00f6nemindeyiz. 6 Kas\u0131m 2016 Cumhurba\u015fkan\u0131 se\u00e7imleri bu i\u015fin par\u0131l par\u0131l parlayan aynas\u0131 oluverdi.<\/p>\n<p><strong>\u00c7\u00fcnk\u00fc \u00e7atal olarak tarif etti\u011fimiz Bulgar a\u011fac\u0131n\u0131n birbirine girmi\u015f dallar\u0131n\u0131n tam ortas\u0131nda bir etnik az\u0131nl\u0131klar toplulu\u011fu (az\u0131nl\u0131\u011f\u0131n yuvalanm\u0131\u015fl\u0131\u011f\u0131) vard\u0131r ki, bu toplulu\u011fun tutumu ve tavr\u0131 ve Bulgar siyaset kurumlar\u0131n\u0131n bu etkiden uzak kalma \u00e7abalar\u0131 belirleyici oland\u0131r. <\/strong><\/p>\n<p>Bunun mecazen alg\u0131larsak, iki \u00e7atal aras\u0131ndaki orta dal\u0131n (M\u00fcsl\u00fcman T\u00fcrk, Pomak ve \u00c7ingene toplulu\u011fu) hangi tarafa bakarsa ( kime oy verirse) Bulgar Cumhurba\u015fkan\u0131 her zaman o g\u00fc\u00e7lerden se\u00e7ilmi\u015ftir.<\/p>\n<p>1990\u2019dan beri, \u00fc\u00e7\u00fc sa\u011fdan (Jely\u00fc Jelev, Petor Stoyanov ve Rosen Plevneliev), birisi de soldan (2 defa-Georgi P\u0131rvanov) hep ayn\u0131 g\u00fc\u00e7ler dengesinin \u00fcr\u00fcn\u00fc olmu\u015ftur. <strong>Her biri T\u00fcrklerin oylar\u0131yla Bulgaristan Tac\u0131 giydiler. <\/strong><\/p>\n<p><strong>Bug\u00fcn, se\u00e7ime art\u0131k tam 2 hafta kala, durum hep ayn\u0131d\u0131r.<\/strong><\/p><div id=\"bghab-1328700201\" class=\"bghab-icerik-icine-40-paragraf bghab-entity-placement\"><script async src=\"\/\/pagead2.googlesyndication.com\/pagead\/js\/adsbygoogle.js?client=ca-pub-6203283170189293\" crossorigin=\"anonymous\"><\/script><ins class=\"adsbygoogle\" style=\"display:block; text-align:center;\" data-ad-client=\"ca-pub-6203283170189293\" \ndata-ad-slot=\"7303146466\" \ndata-ad-layout=\"in-article\"\ndata-ad-format=\"fluid\" data-full-width-responsive=\"true\"><\/ins>\n<script> \n(adsbygoogle = window.adsbygoogle || []).push({}); \n<\/script>\n<\/div>\n<p>\u00d6zellikle 2015 ve 2016\u2019da iktidar g\u00fc\u00e7leri M\u00fcsl\u00fcman T\u00fcrk, Pomak, \u00c7ingene az\u0131nl\u0131\u011f\u0131n\u0131 iktidar b\u00fcnyesinden, siyasi hayattan s\u00f6k\u00fcp atmaya ne kadar gayret g\u00f6stermi\u015f olsalar da, durumda lehlerinde pek de\u011fi\u015fen bir \u015fey olmam\u0131\u015ft\u0131r. <strong>Kantar\u0131n topuzunu etkileyen hep T\u00fcrklerin oylar\u0131 olmu\u015f ve bu defa da onlar olacakt\u0131r.\u00a0\u0130stense de istenmese de bu durum Bulgar\u2019\u0131n yazg\u0131s\u0131d\u0131r.<\/strong><\/p>\n<p>Zor da olsa kabul etmek zorundad\u0131rlar. Bu al\u0131n yaz\u0131s\u0131na eh demeyen g\u00fcc\u00fc yeterse kaderini kendi belirler, se\u00e7ene\u011fi yoktur. \u00c7\u00fcnk\u00fc d\u00fcnya k\u00fc\u00e7\u00fcld\u00fck\u00e7e uluslar aras\u0131 ba\u011flar g\u00fc\u00e7leniyor, ulusal devletler istemeseler de d\u00fcnyan\u0131n gidi\u015fine ayak uydurmak zorunda kal\u0131yorlar ya da yak\u0131n zamanda kalacaklard\u0131r.<\/p>\n<p><strong>Son y\u0131llar\u0131n en b\u00fcy\u00fck siyasi sorun olarak sivrilen \u015fudur.<\/strong><\/p>\n<p>1989\u2019da kovulanlar\u0131n ve daha sonra ekmek paras\u0131n\u0131 T\u00fcrkiye&#8217;de ararken oraya yerle\u015fen ama Bulgaristan ve AB vatanda\u015fl\u0131\u011f\u0131n\u0131 kaybetmeden \u00e7ifte vatanda\u015f kimli\u011fi de alanlar\u0131 git gide Bulgar toplumundan koparmakt\u0131r. Bulgar vatanda\u015fl\u0131\u011f\u0131n\u0131 ellerinden almakt\u0131r. Bulgar siyasetinden so\u011futmak ve en k\u0131sa zamanda de\u011fi\u015fik tuzaklar kurarak se\u00e7me ve se\u00e7ilme haklar\u0131ndan hepsini mahrum etmektir.<\/p>\n<p>Otob\u00fcsle gidip oy verme ser\u00fcveninin \u00f6n\u00fcne ge\u00e7tiler ve bunu hanelerine son derece b\u00fcy\u00fck bir ba\u015far\u0131 olarak yazd\u0131lar.<\/p><div id=\"bghab-3893321807\" class=\"bghab-icerik-icine-45-paragraf bghab-entity-placement\"><script async src=\"\/\/pagead2.googlesyndication.com\/pagead\/js\/adsbygoogle.js?client=ca-pub-6203283170189293\" crossorigin=\"anonymous\"><\/script><ins class=\"adsbygoogle\" style=\"display:block; text-align:center;\" data-ad-client=\"ca-pub-6203283170189293\" \ndata-ad-slot=\"7303146466\" \ndata-ad-layout=\"in-article\"\ndata-ad-format=\"fluid\" data-full-width-responsive=\"true\"><\/ins>\n<script> \n(adsbygoogle = window.adsbygoogle || []).push({}); \n<\/script>\n<\/div>\n<p><strong>Bu bir zorlama, vatan hakk\u0131ndan zorla vazge\u00e7irme s\u00fcre\u00e7tir.<\/strong><\/p>\n<p>Ge\u00e7erli olan kural: \u201c<strong>Giden geri gelmemelidir<\/strong>!\u201d Bu s\u00fcrecin yasal olarak derinle\u015ftirilmesine son iki y\u0131lda \u00e7ok b\u00fcy\u00fck gayret g\u00f6steriliyor. Se\u00e7me ve se\u00e7ilme hakk\u0131 k\u0131s\u0131tlamalar\u0131, sand\u0131k say\u0131s\u0131n\u0131n 35\u2019e indirilmesi, sand\u0131k ba\u015f\u0131 ve g\u00f6zlemcilerin Sofya\u2019dan belirlenmesi, onaylanmas\u0131 i\u015flemi vb giri\u015fimler hep ayn\u0131 siyaset \u00e7izgisini geli\u015ftirme \u00e7abalar\u0131d\u0131r.<\/p>\n<p>Bu i\u015flerin, elektronik oy kullanma sistemine ge\u00e7ilmesiyle yoluna girece\u011fini beklesek de bizi istemeyenlerin daha ne gibi tuzaklar kuraca\u011f\u0131n\u0131, d\u00fcnya hukukuna ters ne gibi icatlar yasalla\u015ft\u0131racaklar\u0131n\u0131 ve burnumuza s\u00fcrteceklerini \u00f6ng\u00f6rebilmek olduk\u00e7a zordur.<\/p>\n<p><strong>\u00d6rneklemek gerekirse, T\u00fcrk M\u00fcsl\u00fcman toplulu\u011fa sald\u0131r\u0131 y\u00f6n\u00fc yine camilere \u00e7evriliyor.<\/strong><\/p>\n<p>Varna\u2019da \u201c<strong>s\u0131\u011f\u0131nmac\u0131lara kar\u015f\u0131 d\u00fczenlenen bir mitingde<\/strong>, <strong>Bulgaristan\u2019da s\u0131\u011f\u0131nmac\u0131lar\u0131n camilerde kald\u0131\u011f\u0131 ve camilere silah y\u0131\u011f\u0131na\u011f\u0131 yap\u0131ld\u0131\u011f\u0131<\/strong>\u201d gibi sa\u00e7mal\u0131klara geni\u015f yer verildi. Yerli M\u00fcsl\u00fcman vatanda\u015flar\u0131n \u00fc\u00e7te biri ter\u00f6rist oldu\u011fu iddia edilen, s\u0131\u011f\u0131nmac\u0131lar kadar tehlikeli oldu\u011fu dillerde dola\u015f\u0131yor. Kan kabartmak i\u00e7in her g\u00fcn yeni bir form\u00fcl aran\u0131yor. Bulgarlar M\u00fcsl\u00fcmanlara kar\u015f\u0131 k\u0131\u015fk\u0131rt\u0131l\u0131yor.<\/p><div id=\"bghab-2808821414\" class=\"bghab-icerik-icine-50-paragraf bghab-entity-placement\"><script async src=\"\/\/pagead2.googlesyndication.com\/pagead\/js\/adsbygoogle.js?client=ca-pub-6203283170189293\" crossorigin=\"anonymous\"><\/script><ins class=\"adsbygoogle\" style=\"display:block; text-align:center;\" data-ad-client=\"ca-pub-6203283170189293\" \ndata-ad-slot=\"7303146466\" \ndata-ad-layout=\"in-article\"\ndata-ad-format=\"fluid\" data-full-width-responsive=\"true\"><\/ins>\n<script> \n(adsbygoogle = window.adsbygoogle || []).push({}); \n<\/script>\n<\/div>\n<p><strong>Se\u00e7imle ilgili H\u00d6H ve DOST tutumlar\u0131<\/strong><\/p>\n<p>T\u00fcm bunlar\u0131 bu \u015fekilde anlatmam\u0131n nedeni ise \u015fudur:\u00a0 20 Ekim g\u00fcn\u00fc, Hak ve \u00d6zg\u00fcrl\u00fckler Partisi (H\u00d6H-DPS) yeni ba\u015fkan\u0131 Mustafa Karaday\u0131 ile yeni kurulan ve ilk kez se\u00e7imde s\u00f6z sahibi olmak ve kantar topuzunu etkileme heveslisi olan Sorumluluk, \u00d6zg\u00fcrl\u00fck ve Ho\u015fg\u00f6r\u00fc i\u00e7in Demokratlar partisi DOST lideri L\u00fctfi Mestan\u2019\u0131n \u00f6zel a\u00e7\u0131klamada bulundular.<\/p>\n<p>H\u00d6H-DPS oylar\u0131n\u0131 s\u00f6zde ba\u011f\u0131ms\u0131z aday, y\u00fcz\u00fcnden g\u00f6z\u00fcnden Rus\u00e7uluk akan, orta solun sa\u011f yan\u0131nda k\u00fcmelenmi\u015f eski ba\u015fbakanlar\u0131 Plamen Ore\u015farski\u2019ye oy verelim \u00e7a\u011fr\u0131s\u0131nda bulundu. Ora\u015farski\u2019nin aday g\u00f6sterilmesinde H\u00d6H partisinin \u00f6nemli rol\u00fc oldu\u011fundan kimse ku\u015fkulanm\u0131yor.<\/p>\n<p><strong>H\u00d6H \u015fimdiye kadar kendi Cumhurba\u015fkan\u0131 aday\u0131n\u0131 \u00e7\u0131karmam\u0131\u015ft\u0131.<\/strong><\/p>\n<p>Ora\u015farski\u2019ye verilen oylar ikinci turda kantar ayarlay\u0131c\u0131 olabilir. Herkes ikinci turda bu oylar\u0131n General Rumen Radev\u2019e gidece\u011fini hesaplamaya ba\u015flad\u0131. Yani H\u00d6H ku\u015funun a\u011fac\u0131n sakol dal\u0131na konmas\u0131 muhtemeldir. Geli\u015fmeleri izliyoruz.<\/p><div id=\"bghab-967093909\" class=\"bghab-icerik-icine-55-paragraf bghab-entity-placement\"><script async src=\"\/\/pagead2.googlesyndication.com\/pagead\/js\/adsbygoogle.js?client=ca-pub-6203283170189293\" crossorigin=\"anonymous\"><\/script><ins class=\"adsbygoogle\" style=\"display:block; text-align:center;\" data-ad-client=\"ca-pub-6203283170189293\" \ndata-ad-slot=\"7303146466\" \ndata-ad-layout=\"in-article\"\ndata-ad-format=\"fluid\" data-full-width-responsive=\"true\"><\/ins>\n<script> \n(adsbygoogle = window.adsbygoogle || []).push({}); \n<\/script>\n<\/div>\n<p>Mestan da orta sa\u011f\u0131n solunda yer alan ve bizim leh\u00e7emizde \u201c<strong>sana bakan beni g\u00f6ren<\/strong>\u201d de\u011fimine uygun hareket ederek Bat\u0131ya bakan ve Do\u011fuya g\u00f6z \u00e7akan GERB aday\u0131 Bayan Tsetska Tsa\u00e7eva\u2019ya kendi inisiyatifleriyle destek olmaya karar ald\u0131klar\u0131n\u0131 a\u00e7\u0131klad\u0131.<\/p>\n<p>Bulgar a\u011f\u0131c\u0131n\u0131n yapraklar\u0131n\u0131n hangi r\u00fczg\u00e2rla \u015fark\u0131 s\u00f6yledi\u011fi \u00f6nemli de\u011fil son hesap a\u011fac\u0131n g\u00f6lgesinde oturanlar ve daha iyi g\u00fcnleri bekleyenler hep biz, insanlar\u0131m\u0131z, soyda\u015flar\u0131m\u0131zd\u0131r. T\u00fcrkleri siyasetten uzak tutma yakla\u015f\u0131m\u0131 ne zamana kadar diki\u015f tutar \u015fimdilik pek hesaba gelmiyor.<\/p>\n<p>Bizdeki geli\u015fmeler, hep d\u0131\u015f etkilerden g\u00fc\u00e7 ald\u0131\u011f\u0131ndan olacak, umutla bakanlar g\u00f6zlerini bu defa da Bulgar a\u011fac\u0131n\u0131n iki dal\u0131ndan birine de\u011fil d\u0131\u015far\u0131ya \u00e7evirdiler T\u00fcrkiye&#8217;nin AB \u00fcyeli\u011fi ve vatanda\u015flar\u0131na AB \u00fclkelerine Vizesiz girip \u00e7\u0131kma siyasetinde ula\u015faca\u011f\u0131 ba\u015far\u0131lar bizim i\u00e7in de sonu\u00e7 belirleyici olacakt\u0131r. T\u00fcrkiye AB \u00fcyesi oldu\u011funda Bulgar T\u00fcrk s\u0131n\u0131r\u0131na tel \u00f6rg\u00fc gerilmesi anlams\u0131zla\u015facakt\u0131r.<\/p>\n<p><strong>Balkanlarda yeni bir hava esmesi \u00f6ncelikle T\u00fcrkiye\u2019nin demokratikle\u015fmesine, T\u00fcrk halk\u0131n\u0131n ba\u015far\u0131lar\u0131na, T\u00fcrkiye Cumhuriyeti\u2019nin Ba\u015fkanl\u0131k sistemine ge\u00e7mesine, \u00a0B\u00fcy\u00fck T\u00fcrkiye\u2019nin etki alan\u0131na yerle\u015fmesine, yeni role ba\u011fl\u0131 olacakt\u0131r. Tarih unutturulamaz. <\/strong><\/p>\n<p><strong>\u0130nsanlar\u0131n se\u00e7me ve se\u00e7ilme hakk\u0131 kal\u0131plan\u0131p buzdolab\u0131na kald\u0131r\u0131lamaz.<\/strong><\/p><div id=\"bghab-2497575875\" class=\"bghab-icerik-icine-60-paragraf bghab-entity-placement\"><script async src=\"\/\/pagead2.googlesyndication.com\/pagead\/js\/adsbygoogle.js?client=ca-pub-6203283170189293\" crossorigin=\"anonymous\"><\/script><ins class=\"adsbygoogle\" style=\"display:block; text-align:center;\" data-ad-client=\"ca-pub-6203283170189293\" \ndata-ad-slot=\"7303146466\" \ndata-ad-layout=\"in-article\"\ndata-ad-format=\"fluid\" data-full-width-responsive=\"true\"><\/ins>\n<script> \n(adsbygoogle = window.adsbygoogle || []).push({}); \n<\/script>\n<\/div>\n<p>Bu d\u00fcnya Sultan S\u00fcleyman\u2019a kalmam\u0131\u015f, b\u00fcy\u00fck i\u015flerin ince hesaplar\u0131na her zaman d\u00fc\u015fmanl\u0131k katanlara da kalmaz. Se\u00e7me ve se\u00e7ilme hakk\u0131 bireysel bir hakt\u0131r. \u0130\u015fler hesaba kitaba d\u00fc\u015ferse, pazarl\u0131k konusu olmu\u015fsa, hak hukuk, demokrasi falan filan rafa kalkm\u0131\u015f demektir.<\/p>\n<p><strong>Bir insan\u0131n ba\u015fka birisine hay\u0131r olsun diye oy teklif etmesi ise, i\u015fin tamamen z\u0131rvadan \u00e7\u0131kt\u0131\u011f\u0131na kan\u0131tt\u0131r. \u00c7\u00fcnk\u00fc oy kullanmak bireysel bir hakt\u0131r. <\/strong><\/p>\n<p>\u00d6rne\u011fim L. Mestan gidip kendisi Ts. Tsa\u00e7eva\u2019ya verebilir, ama e\u015fi \u015eirin han\u0131ma bile \u201c<strong>sen oyunu Tsa\u00e7eva\u2019ya vereceksin, vermezsen seni baban\u0131n k\u00f6y\u00fcne postalar\u0131m<\/strong>,\u201d demeye hakk\u0131 yoktur. Dedi\u011fi an mahkemelik olur. Bizde yasalar\u0131n \u00e7i\u011fnenecek yan\u0131 kalmam\u0131\u015f olabilir.<\/p>\n<p><strong>Yasa dedi\u011fin sak\u0131z gibi, \u00e7i\u011fne \u00e7i\u011fne uzat.<\/strong><\/p>\n<p>Ben yaz\u0131m\u0131 yazarken, Sofya mahkemesinde oylama sonu\u00e7land\u0131, AB \u00fclkelerindeki 35 sand\u0131k s\u0131n\u0131r\u0131 kalkm\u0131\u015f, se\u00e7im b\u00fcrolar\u0131nda kim ne kadar isterse sand\u0131k a\u00e7abilecekmi\u015f, yasaklar yaln\u0131z T\u00fcrkler, yaln\u0131z Pomaklar ve \u00c7ingeneler i\u00e7in ge\u00e7erlidir.<\/p><div id=\"bghab-286659315\" class=\"bghab-icerik-icine-65-paragraf bghab-entity-placement\"><script async src=\"\/\/pagead2.googlesyndication.com\/pagead\/js\/adsbygoogle.js?client=ca-pub-6203283170189293\" crossorigin=\"anonymous\"><\/script><ins class=\"adsbygoogle\" style=\"display:block; text-align:center;\" data-ad-client=\"ca-pub-6203283170189293\" \ndata-ad-slot=\"7303146466\" \ndata-ad-layout=\"in-article\"\ndata-ad-format=\"fluid\" data-full-width-responsive=\"true\"><\/ins>\n<script> \n(adsbygoogle = window.adsbygoogle || []).push({}); \n<\/script>\n<\/div>\n<p><strong>Bu a\u011f\u0131c\u0131n iki dal\u0131n\u0131n ikisinden de hay\u0131r yok\u2026 Bize uygulanan b\u00f6l y\u00f6net siyasetidir. Bu siyaset kar\u0131n doyurmaz.<\/strong><\/p>\n<p>Son hesapta bu i\u015fler \u015fimdiki yo\u011fun zorlamalarla bitmez. Kim ne derse desin, \u00e7atal a\u011fac\u0131n her yapra\u011f\u0131n\u0131n g\u00f6lge yapmaya hakk\u0131 vard\u0131r. \u015eimdi yoksa bile mutlaka olacakt\u0131r. Her insan\u0131n da insanca ya\u015famak, demokrasiyi se\u00e7mek, se\u00e7men ve se\u00e7ilmek de kutsal hakk\u0131d\u0131r.<\/p>\n<p><strong>Bizim i\u00e7in bu se\u00e7imler sakat do\u011fdu. \u0130\u015f Allah se\u00e7im sonu iyi olur.<\/strong><\/p>\n<div id=\"bghab-3490895164\" class=\"bghab-yazi-altinda bghab-entity-placement\"><div class=\"bghab-adlabel\">Reklamlar<\/div><script async src=\"https:\/\/pagead2.googlesyndication.com\/pagead\/js\/adsbygoogle.js\"><\/script>\r\n<!-- bghaber-yaz\u0131-sonu -->\r\n<ins class=\"adsbygoogle\"\r\n     style=\"display:block\"\r\n     data-ad-client=\"ca-pub-6203283170189293\"\r\n     data-ad-slot=\"4222328180\"\r\n     data-ad-format=\"auto\"\r\n     data-full-width-responsive=\"true\"><\/ins>\r\n<script>\r\n     (adsbygoogle = window.adsbygoogle || []).push({});\r\n<\/script><\/div><br style=\"clear: both; display: block; float: none;\"\/>","protected":false},"excerpt":{"rendered":"<p>&nbsp; Rafet ULUT\u00dcRK B\u00f6yle gelmi\u015f b\u00f6yle gidiyor.\u00a0 Bulgar klasiklerinden Dimitar Talev, bu d\u00fcnyada \u00f6len son kom\u00fcnist, Bulgar kom\u00fcnisti olur, demi\u015fti. Her \u015fey de\u011fi\u015febilir ama Bulgar<\/p>\n","protected":false},"author":13,"featured_media":21166,"comment_status":"closed","ping_status":"closed","sticky":false,"template":"","format":"standard","meta":{"advanced_seo_description":"","jetpack_seo_html_title":"","jetpack_seo_noindex":false,"_jetpack_memberships_contains_paid_content":false,"footnotes":""},"categories":[6],"tags":[],"class_list":["post-21160","post","type-post","status-publish","format-standard","has-post-thumbnail","hentry","category-yorum"],"jetpack_featured_media_url":"https:\/\/i0.wp.com\/www.bghaber.org\/bghaber\/wp-content\/uploads\/2016\/10\/rafet-uluturk.jpg?fit=132%2C177&ssl=1","jetpack_sharing_enabled":true,"jetpack_likes_enabled":true,"jetpack-related-posts":[],"jetpack_shortlink":"https:\/\/wp.me\/pc2PfJ-5vi","_links":{"self":[{"href":"https:\/\/www.bghaber.org\/bghaber\/wp-json\/wp\/v2\/posts\/21160","targetHints":{"allow":["GET"]}}],"collection":[{"href":"https:\/\/www.bghaber.org\/bghaber\/wp-json\/wp\/v2\/posts"}],"about":[{"href":"https:\/\/www.bghaber.org\/bghaber\/wp-json\/wp\/v2\/types\/post"}],"author":[{"embeddable":true,"href":"https:\/\/www.bghaber.org\/bghaber\/wp-json\/wp\/v2\/users\/13"}],"replies":[{"embeddable":true,"href":"https:\/\/www.bghaber.org\/bghaber\/wp-json\/wp\/v2\/comments?post=21160"}],"version-history":[{"count":0,"href":"https:\/\/www.bghaber.org\/bghaber\/wp-json\/wp\/v2\/posts\/21160\/revisions"}],"wp:featuredmedia":[{"embeddable":true,"href":"https:\/\/www.bghaber.org\/bghaber\/wp-json\/wp\/v2\/media\/21166"}],"wp:attachment":[{"href":"https:\/\/www.bghaber.org\/bghaber\/wp-json\/wp\/v2\/media?parent=21160"}],"wp:term":[{"taxonomy":"category","embeddable":true,"href":"https:\/\/www.bghaber.org\/bghaber\/wp-json\/wp\/v2\/categories?post=21160"},{"taxonomy":"post_tag","embeddable":true,"href":"https:\/\/www.bghaber.org\/bghaber\/wp-json\/wp\/v2\/tags?post=21160"}],"curies":[{"name":"wp","href":"https:\/\/api.w.org\/{rel}","templated":true}]}}