{"id":21157,"date":"2016-10-21T02:25:37","date_gmt":"2016-10-20T23:25:37","guid":{"rendered":"http:\/\/www.bghaber.org\/bghaber\/?p=21157"},"modified":"2016-10-21T02:25:37","modified_gmt":"2016-10-20T23:25:37","slug":"kendi-yolumuzu-secmeliyiz","status":"publish","type":"post","link":"https:\/\/www.bghaber.org\/bghaber\/kendi-yolumuzu-secmeliyiz\/","title":{"rendered":"Kendi Yolumuzu Se\u00e7meliyiz"},"content":{"rendered":"<p>&nbsp;<\/p>\n<p><strong>\u015eeytan, g\u00f6lgesini satamayaca\u011f\u0131 a\u011f\u0131c\u0131, mutlaka keser.<\/strong><\/p>\n<p>\u00c7ok kritik bir d\u00f6nemdeyiz. Bug\u00fcne kadar bizim g\u00fcc\u00fcm\u00fcz \u00e7ok bilin\u00e7li olmam\u0131zda de\u011fil, birbirine sar\u0131l\u0131p bir yumak olu\u015fturmu\u015f ve par\u00e7alanmadan, yorulmadan yuvarlanmam\u0131zda, yuvarland\u0131k\u00e7a canl\u0131 ve devinim halinde olmam\u0131zda oldu\u011fumuzu g\u00f6sterebilmemizdeydi.<\/p>\n<p>Bulgar totaliter kal\u0131nt\u0131lar\u0131, kom\u00fcnist iradesizler ve k\u00f6kleri fa\u015fizmden su alan milliyet\u00e7i \u0131rk\u00e7\u0131lar bizi, M\u00fcsl\u00fcman T\u00fcrk yuma\u011f\u0131n\u0131 s\u00f6kerek k\u00fc\u00e7\u00fcltemeyince yolumuzu daraltmay\u0131 se\u00e7tiler. Bu siyaset k\u0131sa ad\u0131 GERB, g\u00fcn\u00fcm\u00fcz iktidar partisinin, Ba\u015fbakan Boyko Borisov\u2019un g\u00f6lgesinde sivrilen, toparlanan ve ense yapmaya ba\u015flayan g\u00fcya \u201c<strong>Yurtsever Cephe<\/strong>\u201d ve onun lideri Valeri Simyono\u0131v taraf\u0131ndan kurulan bir oyundur. Bu \u0131rk\u00e7\u0131 milliyet\u00e7i hem iktidara kat\u0131lm\u0131yor, hem iktidar\u0131 destekliyor, hem de iktidara ne isterse onu yapt\u0131rabiliyor. GERB partisinin Sofya meclisindeki potansiyelinden gizli ve sinsi planlar\u0131 i\u00e7in istedi\u011fi gibi faydalan\u0131yor.<\/p>\n<p>Biliyorsunuz, 37 y\u0131ll\u0131k totaliter Todor Jivkov d\u00f6neminde, Bulgaristan Halk Cumhuriyetinde resmen kurulmu\u015f fa\u015fist parti yoktu. Sol u\u00e7ta Rusofil, T\u00fcrk ve \u0130slam d\u00fc\u015fman\u0131 \u201cAtaka\u201d, a\u015f\u0131r\u0131 sa\u011fda a\u015f\u0131r\u0131 milliyet\u00e7i ve \u0131rk\u00e7\u0131 g\u00fcya \u201cYurtsever Cephe\u201d ve Makedon komitalar\u0131n\u0131n VMRO partisi yoktu. O zaman b\u00fct\u00fcn devlet bask\u0131 ve ter\u00f6rle, demokratik d\u00fc\u015f\u00fcnce sahiplerine ve etnik ve dini az\u0131nl\u0131klara kar\u015f\u0131 bir kart kakt\u00fcs gibi b\u00fct\u00fcn dikenleriyle sald\u0131rd\u0131\u011f\u0131 i\u00e7in d\u00fc\u015fman bildikleri biz T\u00fcrklere, Pomaklara ve \u00c7ingenelere kar\u015f\u0131 t\u00fcm Bulgarlar ayn\u0131 totaliter \u00f6zde birle\u015fmi\u015f ve kenetle\u015fmi\u015flerdi. Arkada kalan 26 s\u00f6zde demokratikle\u015fme ve \u00f6zg\u00fcrle\u015fme y\u0131llar\u0131 halk\u0131m\u0131z\u0131 uyand\u0131ramad\u0131. Hatta sosyalist k\u0131l\u0131fl\u0131 kom\u00fcnist d\u00f6nemde \u015fuur yitirmi\u015f olan karde\u015flerimiz, \u00f6zellikle T\u00fcrkiye\u2019ye g\u00f6\u00e7 edip yerle\u015fen ve bir kula\u011f\u0131 hep \u201cSkat\u201d TV program\u0131 gibi y\u0131llardan beri enk\u00fcbasyon (kulu\u00e7ka) devri propagandas\u0131 yaparken, tavu\u011fun alt\u0131ndaki yumurtalar\u0131n y\u0131lan yumurtas\u0131 oldu\u011funu anlatmayan, yurtta\u015flar\u0131 uyarmayan d\u00fc\u015fman propaganda merkezlerinin ba\u015far\u0131l\u0131 oldu\u011funu yazabilirim. D\u00fc\u015f\u00fcne biliyor musunuz, T\u00fcrk ve M\u00fcsl\u00fcman d\u00fc\u015fmanl\u0131\u011f\u0131yla \u00fcnl\u00fc, meydan mitinglerinde \u00c7ingenelere hitaben yapt\u0131\u011f\u0131 konu\u015fmalarda \u201chepinizden sabun yapaca\u011f\u0131z\u201d diye bar\u0131m bar\u0131m ba\u011f\u0131ran Volen Siderov\u2019un \u201cAtaka\u201d partisine Bursa se\u00e7im sand\u0131klar\u0131ndan 500 oy \u00e7\u0131kt\u0131. Akl\u0131m kesmiyor. Yine son erken genel se\u00e7imde bug\u00fcn T\u00fcrkiye s\u0131n\u0131r\u0131na 2 kat 3 metre y\u00fcksek dikenli tel gerdiren, analar\u0131m\u0131z\u0131n ve e\u015flerimizin ba\u015f\u00f6rt\u00fcs\u00fc ile dola\u015fmas\u0131n\u0131 yasaklayan bir kanunu \u00e7\u0131karan, minarelerimizden ezan sesi i\u015fitilmesini yasaklayan bir ba\u015fka kanunu meclise sunan, T\u00fcrk\u00e7e konu\u015fmay\u0131 yasaklayabildik, \u00e7ocuklar\u0131n\u0131 okul d\u0131\u015f\u0131 b\u0131rakt\u0131k diye bayram eden ve \u015fimdi de o\u011fullar\u0131m\u0131z\u0131 <strong>ayda 1.5 levaya, yaln\u0131z domuz eti suyuyla besleyerek 6 ay \u00e7al\u0131\u015ft\u0131rmak i\u00e7in yasa tasar\u0131s\u0131 haz\u0131rlayan s\u00f6zde \u201cyurtsever cephe\u201d partisine de 25 oy \u00e7\u0131kt\u0131<\/strong>. Karde\u015flerim uyan\u0131n l\u00fctfen. Siz kime k\u00f6t\u00fcl\u00fck etmek istiyorsunuz? Biz d\u00fc\u015fman bah\u00e7esini sulayamay\u0131z. T\u00fcrkiye, \u201c<strong>ben istedi\u011fimi yapar\u0131m, benim i\u015fime kimse kar\u0131\u015famaz<\/strong>\u201d \u00fclkesi de\u011fildir. Ona buna z\u0131t giderken biz kendi bindi\u011fimiz dal\u0131 kesiyoruz, kendi kuyumuzu kaz\u0131yoruz, Bulgaristan\u2019da ya\u015fayan karde\u015flerimize k\u00f6t\u00fcl\u00fck yapm\u0131\u015f oluyoruz.<\/p><div id=\"bghab-4101089031\" class=\"bghab-icerik-icine bghab-entity-placement\"><script async src=\"\/\/pagead2.googlesyndication.com\/pagead\/js\/adsbygoogle.js?client=ca-pub-6203283170189293\" crossorigin=\"anonymous\"><\/script><ins class=\"adsbygoogle\" style=\"display:block; text-align:center;\" data-ad-client=\"ca-pub-6203283170189293\" \ndata-ad-slot=\"7303146466\" \ndata-ad-layout=\"in-article\"\ndata-ad-format=\"fluid\" data-full-width-responsive=\"true\"><\/ins>\n<script> \n(adsbygoogle = window.adsbygoogle || []).push({}); \n<\/script>\n<\/div>\n<p><strong>\u015eeytan, g\u00f6lgesini satamayaca\u011f\u0131 a\u011f\u0131c\u0131, mutlaka keser. Bu atas\u00f6z\u00fcnde \u015feytan onlard\u0131r. 138 y\u0131ldan beri kesilen a\u011fa\u00e7 biziz. K\u0131y\u0131m k\u0131y\u0131m k\u0131y\u0131l\u0131yoruz. Ve bug\u00fcn en ac\u0131 olan ger\u00e7ek, son 2 ayda T\u00fcrkiye\u2019de g\u00f6\u00e7men semtlerinde, belediyelerde hatta baz\u0131 bakanlar\u0131n huzurunda \u00e7ay kahve i\u00e7en ama h,i\u00e7 bir konuda asla ak\u0131l almadan, bo\u015f gidip bo\u015f gelen DOST \u00fc\u00e7l\u00fc d\u00f6rtl\u00fc lider tak\u0131m\u0131n\u0131n a\u00e7\u0131klad\u0131\u011f\u0131 karara \u015fa\u015ft\u0131m kald\u0131m. GERB partisi Cumhurba\u015fkan\u0131 aday\u0131 Tsetska Tsa\u00e7eva\u2019y\u0131 destekleme karar\u0131 alm\u0131\u015flar. <\/strong>\u00c7\u0131kt\u0131lar, L\u00fctfi Mestan karar a\u00e7\u0131klad\u0131.<strong> \u201cGERB bizden oy istemese de biz oyumuzu GERB\u2019e vermeye karar ald\u0131k\u201d <\/strong>dedi.<\/p>\n<p>L\u00fctf\u00fc Mestan\u2019\u0131n ve etraf\u0131ndaki kravatl\u0131 \u00e7antal\u0131 k\u00f6r lamba \u015fi\u015fesi tak\u0131m\u0131n\u0131n has\u0131ralt\u0131ndan su y\u00fcr\u00fctt\u00fc\u011f\u00fc, K\u0131rcaali\u2019de L. Mestan ile B. Borisov aras\u0131nda i\u00e7ilen T\u00fcrk kahvesinden sonra, \u0131ktidara omuz veren \u0131rk\u00e7\u0131 \u201cyurtseverler\u201d ve VMRO komitalar\u0131 saflar\u0131nda yer ald\u0131\u011f\u0131 g\u00fcn gibi ortaya \u00e7\u0131kt\u0131.<\/p>\n<p>Boyko Borisov, dede ve ninelerimizin mezar ta\u015flar\u0131n\u0131 s\u00f6k\u00fcp atan ve bizi 600 y\u0131ll\u0131k vatan\u0131m\u0131zdan tekmeleyerek kovan Todor Jivkov\u2019un yak\u0131n yeti\u015ftirdi\u011fi bir kadrodur. GERB partisi totaliter kom\u00fcnist sistemin polis, milis, gizli polis, ordulu subay, baret, jandarma, itfaiyeci, gardiyan, koruyucu sopac\u0131, eli coplu, beli tabancal\u0131 ve kelep\u00e7eler kemerinde kadrolar\u0131n ve onlar\u0131n evlatlar\u0131n\u0131n ve yak\u0131nlar\u0131n\u0131n partisidir. Bu partinin y\u00f6netimi T\u00fcrklere ve M\u00fcsl\u00fcmanlara kar\u015f\u0131 kurulmu\u015f oldu\u011funu \u00e7ok iyi bildi\u011finden, \u201c<strong>biz saflar\u0131m\u0131zda T\u00fcrk falan istemiyoruz. T\u00fcrklerle i\u015fimiz olmaz<\/strong>!\u201d s\u00f6zlerini defalarca yazd\u0131, \u00e7izdi. \u201c<strong>En iyi T\u00fcrk \u00f6l\u00fc T\u00fcrk!<\/strong>\u201d deyen onlard\u0131r.\u00a0 TV yay\u0131nlar\u0131nda a\u00e7\u0131klad\u0131. Herkese duyurdu. B\u00f6yle bir ortamda L\u00fctfi Mestan\u2019\u0131n insanlar\u0131m\u0131z\u0131, se\u00e7men karde\u015flerimizi bu kadar yanl\u0131\u015f bir yola g\u00f6t\u00fcrmesi, \u201c<strong>g\u00f6n\u00fcll\u00fc kurban etmesi<\/strong>\u201d ak\u0131l fikir alacak gibi de\u011fildir. Biz Bulgaristan\u2019da kom\u00fcnizm ocaklar\u0131n\u0131n s\u00f6nd\u00fcrelim derken, Mestan gidip insanlar\u0131m\u0131z\u0131 kuru odun gibi totaliter-kom\u00fcnist ate\u015fe at\u0131yor.<\/p>\n<p>Mestan ve arkada\u015flar\u0131n\u0131n siyasetten anlamad\u0131\u011f\u0131n\u0131, NATO ve Atlan tizim gargaras\u0131 ard\u0131ndan bir \u015feyler \u00e7evirdi\u011fini, el uzatt\u0131\u011f\u0131 makamlara bir de avu\u00e7 a\u00e7t\u0131\u011f\u0131n\u0131 biliyorduk. Fakat bu i\u015flerin bu kadar aya\u011fa d\u00fc\u015fece\u011fini derine inece\u011fini sanki d\u00fc\u015f\u00fcnememi\u015ftik. Her g\u00fcn deme\u00e7 veren bu \u00e7evreler bir s\u00fcre 2 mevlit kat\u0131ld\u0131 ve 5 vakit namazda saf tutular. Sonca camide para olmad\u0131\u011f\u0131n\u0131 anlay\u0131p hemen vazge\u00e7tiler.<\/p>\n<p>Arkada\u015flar bizim izleyece\u011fimiz siyaset anti-kom\u00fcnist \u00f6zl\u00fc olmal\u0131d\u0131r. \u00c7\u00fcnk\u00fc g\u00fcn\u00fcm\u00fcz Bulgar BSP ve GERB ruhunda kom\u00fcnist olmayan bir tek renk yoktur. Biz bu partilere oy veremeyiz. Vatan bildi\u011fimiz, g\u00f6bek ba\u011f\u0131m\u0131z\u0131n ve \u00e7ekilen di\u015flerimizin \u00e7\u00fcr\u00fcd\u00fc\u011f\u00fc bu memlekette k\u00f6kleri fa\u015fizme uzanan kom\u00fcnist insan d\u00fc\u015fman\u0131 sap\u0131kl\u0131k s\u00f6k\u00fclmeden ve yok edilmeden bir ad\u0131m ileri atamay\u0131z. Mestan\u2019\u0131n pusulas\u0131 olmayan GERP-\u00e7i siyaseti fa\u015fist y\u00f6nelimlidir. \u201cT\u00fcrkleri devlet g\u00f6revlerinden s\u00f6kmeliyiz\u201d siyaseti bug\u00fcn Bulgaristan\u2019da bir devlet siyasetidir ve biz buna kar\u015f\u0131 durmal\u0131y\u0131z. G\u00f6n\u00fcll\u00fc olarak fa\u015fistlere metreslik yapmaya gerek yok. Halk\u0131m\u0131z b\u00f6yle bir \u015fey kabul edemez ve hi\u00e7 birimiz GERB partisine oy veremeyiz. Bu partinin ta\u015feronlu\u011funu yapan \u0131rk\u00e7\u0131 ruhlu ve siyasi uygulamal\u0131 \u201cAtaka, \u201cYurtsever cephe\u201d ve VMRO partileri bug\u00fcn siyasi hayat\u0131n her dal\u0131nda T\u00fcrkiye d\u00fc\u015fmanl\u0131\u011f\u0131n, T\u00fcrk M\u00fcsl\u00fcman d\u00fc\u015fmanl\u0131\u011f\u0131, Recep Tayip Erdo\u011fan d\u00fc\u015fmanl\u0131\u011f\u0131 s\u00f6m\u00fcr\u00fcyorlar ve bundan ge\u00e7iniyorlar. 15 Temmuz 2016 gecesi 260 \u015fehit verdik, 2700 karde\u015fimiz yaraland\u0131, T\u00fcrkiye par\u00e7alanmak ve co\u011frafyadan silinmek istendi, biz hepimiz d\u00fcnya ejderhas\u0131na k\u00f6le edilmek istendik hepsi sevindi. 2-3 g\u00fcn kendilerine gelip \u201cAman ne oluyor? Ge\u00e7mi\u015f olsun kom\u015fu!\u201d deyemediler. \u201cYeni Kap\u0131\u201d mitinginde do\u011fan Yeni T\u00fcrk Ruhunu g\u00f6r\u00fcnce dillerini yuttular ve daha da sald\u0131rganla\u015ft\u0131lar. S\u0131\u011f\u0131nmac\u0131lar konusunda sabahtan ak\u015fama T\u00fcrkiye d\u00fc\u015fmanl\u0131\u011f\u0131 yap\u0131yorlar. Ellerinde olsa, FET\u00d6 ter\u00f6ristlerinin hepsine s\u0131\u011f\u0131nma hakk\u0131 tan\u0131yacaklar, onlar\u0131 kutup silahland\u0131r\u0131p geri g\u00f6nderecekler. T\u00fcrkiye\u2019nin b\u00fcy\u00fcmesi \u00f6tle\u011fi kopuyor, gecelerine k\u00e2bus oluyor. Bu siyasetlerinde Bulgar Milliyet\u00e7iler y\u0131lana sar\u0131ld\u0131\u011f\u0131 i\u00e7in L\u00fctf\u00fc Mestan\u2019\u0131 aralar\u0131na almalar\u0131na \u015fa\u015fmamak gerek.<\/p><div id=\"bghab-2899288376\" class=\"bghab-icerik-icine-10-paragraf bghab-entity-placement\"><script async src=\"\/\/pagead2.googlesyndication.com\/pagead\/js\/adsbygoogle.js?client=ca-pub-6203283170189293\" crossorigin=\"anonymous\"><\/script><ins class=\"adsbygoogle\" style=\"display:block; text-align:center;\" data-ad-client=\"ca-pub-6203283170189293\" \ndata-ad-slot=\"7303146466\" \ndata-ad-layout=\"in-article\"\ndata-ad-format=\"fluid\" data-full-width-responsive=\"true\"><\/ins>\n<script> \n(adsbygoogle = window.adsbygoogle || []).push({}); \n<\/script>\n<\/div>\n<p>Ne de olsa, <strong>\u015eeytan\u2019\u0131n dostlu\u011fu dara\u011fac\u0131na kadard\u0131r.<\/strong><\/p>\n<p><strong>6 Kas\u0131m 2016 se\u00e7imlerine i\u015fte b\u00f6yle son derece kar\u0131\u015f\u0131k, Bulgar milliyet\u00e7ili\u011finin NATO ve AB-cilik kispetinde son derece kabard\u0131\u011f\u0131, T\u00fcrk ve M\u00fcsl\u00fcman, insan hak ve \u00f6zg\u00fcrl\u00fcklerinden s\u00f6z bile edilmeden kazan kayn\u0131yor. Irk\u00e7\u0131lar bu defa se\u00e7me ve se\u00e7ilme hakk\u0131m\u0131z\u0131 35 sand\u0131\u011fa t\u0131kt\u0131lar. Oysa se\u00e7ime kat\u0131lmak zorunludur. T.C. \u00a0620 bin ki\u015fi oy vermek istiyor. Yar\u0131n, onlar Bulgaristan\u2019dan tamamen kopmu\u015f, dilimizi bilmiyorlar, dinimizi kabul etmediler, kapay\u0131n kap\u0131y\u0131 dediklerinde \u015fa\u015fmayal\u0131m. Fa\u015fizm iktidara t\u0131rman\u0131yor. L\u00fctf\u00fc Mestan ve etraf\u0131ndaki k\u00f6r lamba \u015fi\u015feleri de fa\u015fizme ayak oluyor\u2026 Bursa\u2019da ya\u015fay\u0131p Bulgaristan\u2019da fa\u015fist partilere oy veren 525 \u201ckarde\u015fime\u201d selam ediyorum. Utan\u0131n be\u2026 Ama \u015funu da unutmay\u0131n bu oylar verilirken L\u00fctf\u00fc Mestan H\u00d6H-DPS partisi Genel Ba\u015fkan\u0131yd\u0131. Bu yumurtalardan yaln\u0131z ve ancak y\u0131lan yavrusu \u00e7\u0131kar. Uyanmak! Oyun kurmay\u0131 \u00f6\u011frenmek ve kendi yolumuzu se\u00e7mek zorunday\u0131z\u2026 \u00a0 \u00a0<\/strong><strong>Devam edece\u011fiz.<\/strong><\/p>\n<div id=\"bghab-3188355079\" class=\"bghab-yazi-altinda bghab-entity-placement\"><div class=\"bghab-adlabel\">Reklamlar<\/div><script async src=\"https:\/\/pagead2.googlesyndication.com\/pagead\/js\/adsbygoogle.js\"><\/script>\r\n<!-- bghaber-yaz\u0131-sonu -->\r\n<ins class=\"adsbygoogle\"\r\n     style=\"display:block\"\r\n     data-ad-client=\"ca-pub-6203283170189293\"\r\n     data-ad-slot=\"4222328180\"\r\n     data-ad-format=\"auto\"\r\n     data-full-width-responsive=\"true\"><\/ins>\r\n<script>\r\n     (adsbygoogle = window.adsbygoogle || []).push({});\r\n<\/script><\/div><br style=\"clear: both; display: block; float: none;\"\/>","protected":false},"excerpt":{"rendered":"<p>&nbsp; \u015eeytan, g\u00f6lgesini satamayaca\u011f\u0131 a\u011f\u0131c\u0131, mutlaka keser. \u00c7ok kritik bir d\u00f6nemdeyiz. Bug\u00fcne kadar bizim g\u00fcc\u00fcm\u00fcz \u00e7ok bilin\u00e7li olmam\u0131zda de\u011fil, birbirine sar\u0131l\u0131p bir yumak olu\u015fturmu\u015f ve<\/p>\n","protected":false},"author":13,"featured_media":0,"comment_status":"closed","ping_status":"closed","sticky":false,"template":"","format":"standard","meta":{"advanced_seo_description":"","jetpack_seo_html_title":"","jetpack_seo_noindex":false,"_jetpack_memberships_contains_paid_content":false,"footnotes":""},"categories":[6],"tags":[],"class_list":["post-21157","post","type-post","status-publish","format-standard","hentry","category-yorum"],"jetpack_featured_media_url":"","jetpack_sharing_enabled":true,"jetpack_likes_enabled":true,"jetpack-related-posts":[],"jetpack_shortlink":"https:\/\/wp.me\/pc2PfJ-5vf","_links":{"self":[{"href":"https:\/\/www.bghaber.org\/bghaber\/wp-json\/wp\/v2\/posts\/21157","targetHints":{"allow":["GET"]}}],"collection":[{"href":"https:\/\/www.bghaber.org\/bghaber\/wp-json\/wp\/v2\/posts"}],"about":[{"href":"https:\/\/www.bghaber.org\/bghaber\/wp-json\/wp\/v2\/types\/post"}],"author":[{"embeddable":true,"href":"https:\/\/www.bghaber.org\/bghaber\/wp-json\/wp\/v2\/users\/13"}],"replies":[{"embeddable":true,"href":"https:\/\/www.bghaber.org\/bghaber\/wp-json\/wp\/v2\/comments?post=21157"}],"version-history":[{"count":0,"href":"https:\/\/www.bghaber.org\/bghaber\/wp-json\/wp\/v2\/posts\/21157\/revisions"}],"wp:attachment":[{"href":"https:\/\/www.bghaber.org\/bghaber\/wp-json\/wp\/v2\/media?parent=21157"}],"wp:term":[{"taxonomy":"category","embeddable":true,"href":"https:\/\/www.bghaber.org\/bghaber\/wp-json\/wp\/v2\/categories?post=21157"},{"taxonomy":"post_tag","embeddable":true,"href":"https:\/\/www.bghaber.org\/bghaber\/wp-json\/wp\/v2\/tags?post=21157"}],"curies":[{"name":"wp","href":"https:\/\/api.w.org\/{rel}","templated":true}]}}