{"id":21153,"date":"2016-10-21T02:20:16","date_gmt":"2016-10-20T23:20:16","guid":{"rendered":"http:\/\/www.bghaber.org\/bghaber\/?p=21153"},"modified":"2016-10-21T02:21:41","modified_gmt":"2016-10-20T23:21:41","slug":"dunyanin-en-zengin-3-dilinden-biri","status":"publish","type":"post","link":"https:\/\/www.bghaber.org\/bghaber\/dunyanin-en-zengin-3-dilinden-biri\/","title":{"rendered":"T\u00fcrk D\u00fcnyas\u0131 1. Gen\u00e7lik \u00c7al\u0131\u015ftay\u0131"},"content":{"rendered":"<div id=\"yiv8166964469yui_3_16_0_ym19_1_1476962632014_22781\"><\/div>\n<div id=\"yiv8166964469yui_3_16_0_ym19_1_1476962632014_22785\"><span id=\"yiv8166964469yui_3_16_0_ym19_1_1476962632014_22786\">D\u00fcnyan\u0131n En Zengin 3 Dilinden Biri<\/span><\/div>\n<div><span id=\"yiv8166964469yui_3_16_0_ym19_1_1476962632014_22786\">Alptekin CEVHERL\u0130 &#8211;\u00a0<\/span><span id=\"yiv8166964469yui_3_16_0_ym19_1_1476962632014_22788\">Gazeteci &#8211; Yazar<\/span><\/div>\n<div><span id=\"yiv8166964469yui_3_16_0_ym19_1_1476962632014_22790\">+++++ALT BA\u015eLIIK++++<\/span><\/div>\n<div id=\"yiv8166964469yui_3_16_0_ym19_1_1476962632014_22791\"><span id=\"yiv8166964469yui_3_16_0_ym19_1_1476962632014_22792\">KKTC\u2019de d\u00fczenlenen T\u00fcrk D\u00fcnyas\u0131 1. Gen\u00e7lik \u00c7al\u0131\u015ftay\u0131\u2019nda \u00c7a\u011fda\u015f T\u00fcrk Edebiyat\u0131\u2019n\u0131n sorunlar\u0131 konulu bir bildiri yay\u0131nlayan Kocaeli \u015eairler ve Yazarlar Birli\u011fi Ba\u015fkan\u0131 Alptekin CEVHERL\u0130, dil birli\u011fi konusunda \u00e7ok \u00f6nemli noktalara parmak bast\u0131<\/span><\/div>\n<div id=\"yiv8166964469yui_3_16_0_ym19_1_1476962632014_22793\"><span id=\"yiv8166964469yui_3_16_0_ym19_1_1476962632014_22794\">+++++SPOT++++<\/span><\/div>\n<div id=\"yiv8166964469yui_3_16_0_ym19_1_1476962632014_22795\"><span id=\"yiv8166964469yui_3_16_0_ym19_1_1476962632014_22796\">25 y\u0131lda h\u00e2l\u00e2 bir alfabe birli\u011fini ger\u00e7ekle\u015ftiremedik. T\u00fcrkiye\u2019de ayr\u0131, T\u00fcrkmenistan\u2019da ayr\u0131, Azerbaycan\u2019da ayr\u0131, \u00d6zbekistan\u2019da ayr\u0131 Latin alfabeleri kullan\u0131l\u0131rken; di\u011fer yandan K\u0131rg\u0131zistan\u2019da ayr\u0131, Kazakistan\u2019da ayr\u0131 ve Tacikistan\u2019da ayr\u0131 Kiril alfabeleri kullan\u0131l\u0131yor. D\u00fcnyan\u0131n neresinde ve tarihin hangi safhas\u0131nda g\u00f6r\u00fclm\u00fc\u015ft\u00fcr ki, bir millet kendi \u2018ba\u011f\u0131ms\u0131z\u2019 devletlerinde ayn\u0131 anda 2 temel k\u00f6kten 7 farkl\u0131 alfabe kullans\u0131n?<\/span><i id=\"yiv8166964469yui_3_16_0_ym19_1_1476962632014_22797\"><span id=\"yiv8166964469yui_3_16_0_ym19_1_1476962632014_22798\"><\/span><\/i><\/div>\n<div id=\"yiv8166964469yui_3_16_0_ym19_1_1476962632014_22799\"><span id=\"yiv8166964469yui_3_16_0_ym19_1_1476962632014_22800\">++++++SPOT+++++<\/span><\/div>\n<div id=\"yiv8166964469yui_3_16_0_ym19_1_1476962632014_22801\"><span id=\"yiv8166964469yui_3_16_0_ym19_1_1476962632014_22802\">Bug\u00fcn T\u00fcrk\u00e7e, toplam 1 milyon kelime say\u0131s\u0131 ile d\u00fcnyan\u0131n h\u00e2l\u00e2 en zengin 3 dilinden biridir. Balkanlardan Sibirya\u2019ya kadar olan 20 milyon kilometrekarelik alanda ana dil olarak konu\u015fulan T\u00fcrk\u00e7elerin b\u00fct\u00fcn kelimeleri topland\u0131\u011f\u0131nda ortaya 1 milyon farkl\u0131 kelime \u00e7\u0131kmaktad\u0131r.<\/span><\/div>\n<div id=\"yiv8166964469yui_3_16_0_ym19_1_1476962632014_22803\"><span id=\"yiv8166964469yui_3_16_0_ym19_1_1476962632014_22804\">+++++<\/span><\/div>\n<div id=\"yiv8166964469yui_3_16_0_ym19_1_1476962632014_22805\"><span id=\"yiv8166964469yui_3_16_0_ym19_1_1476962632014_22806\">Yakla\u015f\u0131k 500 y\u0131ld\u0131r ya\u015fad\u0131\u011f\u0131m\u0131z s\u0131k\u0131nt\u0131lar\u0131n, ihanetlerin ve vurdumduymazl\u0131klar\u0131n hesab\u0131n\u0131 bug\u00fcn bizler veriyoruz. B\u00f6yle giderse \u00e7ocuklar\u0131m\u0131z ve torunlar\u0131m\u0131z da dedelerimizin hatalar\u0131n\u0131n bedellerini \u00f6demeye devam edecek. \u00c7\u00fcnk\u00fc millet \u00f6mr\u00fcnde 100 y\u0131l bir g\u00fcn gibidir\u2026<\/span><\/div>\n<div id=\"yiv8166964469yui_3_16_0_ym19_1_1476962632014_22807\"><span id=\"yiv8166964469yui_3_16_0_ym19_1_1476962632014_22808\">\u015e\u00f6yle ki; T\u00fcrk dilinin en \u00fcnl\u00fc \u015fairlerinden olan Fuzul\u00ee\u2019nin g\u00fcn\u00fcm\u00fcze kadar intikal edebilmi\u015f eserlerinin yakla\u015f\u0131k 40 bin farkl\u0131 kelime kullan\u0131larak yaz\u0131ld\u0131\u011f\u0131n\u0131 ara\u015ft\u0131rmac\u0131lar tespit etmi\u015f. B\u00fcy\u00fck \u00fcstad\u0131n g\u00fcn\u00fcm\u00fcze ula\u015famayan ve eserlerinde yer vermedi\u011fi kendi da\u011farc\u0131\u011f\u0131nda bulunan kelimeleri de hesaplarsak yakla\u015f\u0131k 100 bin kelimenin \u00fczerinde bir T\u00fcrk\u00e7e hazinesi oldu\u011funu tahmin edebiliyoruz.<\/span><\/div>\n<div id=\"yiv8166964469yui_3_16_0_ym19_1_1476962632014_22809\"><span id=\"yiv8166964469yui_3_16_0_ym19_1_1476962632014_22810\">Bug\u00fcn \u00fcniversite mezunu, y\u0131llarca edebiyat dersi alm\u0131\u015f ortalama bir gencimizin iddia edildi\u011fi gibi 400 kelime ile konu\u015ftu\u011funu varsayarsak, yakla\u015f\u0131k 450 y\u0131lda millet olarak, \u00e7a\u011fda\u015f T\u00fcrk edebiyat\u0131 olarak nereden nereye geldi\u011fimizi var\u0131n siz hesap edin\u2026<\/span><\/div>\n<div id=\"yiv8166964469yui_3_16_0_ym19_1_1476962632014_22811\"><span id=\"yiv8166964469yui_3_16_0_ym19_1_1476962632014_22812\">Leyl\u00e2 ile Mecnun\u2019u kaleme almas\u0131na ra\u011fmen, \u201c\u00c2\u015f\u0131k-\u0131 sad\u0131k menem, Mecnun\u2019un sade ad\u0131 var\u201d diyecek kadar tasavvufa d\u00fc\u015fk\u00fcn olan Fuzul\u00ee ile g\u00fcn\u00fcm\u00fcz T\u00fcrk\u00e7esinin en pop\u00fcler \u015fairini k\u0131yaslamak bile imk\u00e2ns\u0131zd\u0131r de\u011fil mi?<\/span><\/div>\n<div id=\"yiv8166964469yui_3_16_0_ym19_1_1476962632014_22813\"><span id=\"yiv8166964469yui_3_16_0_ym19_1_1476962632014_22814\">Ya da bundan 100 y\u0131l kadar \u00f6nce (22 Nisan 1883), yine Rus i\u015fgalindeki K\u0131r\u0131m\u2019da g\u00fcnl\u00fck olarak yay\u0131nlad\u0131\u011f\u0131 ve kulland\u0131\u011f\u0131 dil sayesinde Balkanlar\u2019dan Sibirya\u2019ya, Anadolu\u2019dan T\u00fcrkistan\u2019a kadar b\u00fct\u00fcn T\u00fcrk d\u00fcnyas\u0131nda okunan Terc\u00fcm\u00e2n-\u0131 Ahv\u00e2l-i Zaman gazetesini \u00e7\u0131karan Gasp\u0131ral\u0131 \u0130smail Bey, \u201cDilde, fikirde, i\u015fte birlik\u201d derken; dilde birli\u011fin \u0130stanbul T\u00fcrk\u00e7esi\u2019nde ger\u00e7ekle\u015fmesini sal\u0131k veriyordu. Son nefesini verdi\u011finde (1914) gazetesi T\u00fcrk\u00e7e olarak neredeyse b\u00fct\u00fcn d\u00fcnyada okunurken; bug\u00fcn \u0130stanbul\u2019da herhangi bir gencin 400 kelime kapasitesine sahip oldu\u011funu bilse idi acaba ne derdi?<\/span><\/div>\n<div id=\"yiv8166964469yui_3_16_0_ym19_1_1476962632014_22815\"><span id=\"yiv8166964469yui_3_16_0_ym19_1_1476962632014_22816\">+++++<\/span><\/div>\n<div id=\"yiv8166964469yui_3_16_0_ym19_1_1476962632014_22817\"><span id=\"yiv8166964469yui_3_16_0_ym19_1_1476962632014_22818\">YARAMIZ B\u00dcY\u00dcK, YARAMIZ DER\u0130N\u2026<\/span><\/div>\n<div id=\"yiv8166964469yui_3_16_0_ym19_1_1476962632014_22819\"><span id=\"yiv8166964469yui_3_16_0_ym19_1_1476962632014_22820\">+++++<\/span><\/div>\n<div id=\"yiv8166964469yui_3_16_0_ym19_1_1476962632014_22821\"><span id=\"yiv8166964469yui_3_16_0_ym19_1_1476962632014_22822\">Bug\u00fcn T\u00fcrk\u00e7e, toplam 1 milyon kelime say\u0131s\u0131 ile d\u00fcnyan\u0131n h\u00e2l\u00e2 en zengin 3\u2019\u00fcnc\u00fc dilidir. Balkanlardan Sibirya\u2019ya kadar olan 20 milyon kilometrekarelik alanda ana dil olarak konu\u015fulan T\u00fcrk\u00e7elerin b\u00fct\u00fcn kelimeleri topland\u0131\u011f\u0131nda ortaya 1 milyon farkl\u0131 kelime gibi m\u00fcthi\u015f bir ifade g\u00fcc\u00fc \u00e7\u0131k\u0131yor.<\/span><\/div>\n<div id=\"yiv8166964469yui_3_16_0_ym19_1_1476962632014_22823\"><span id=\"yiv8166964469yui_3_16_0_ym19_1_1476962632014_22824\">Ancak bizler, bu zengin miras\u0131n m\u00fcflis mirasyedileri olarak \u00fczerinde oturdu\u011fumuz variyetin fark\u0131nda bile de\u011filiz\u2026<\/span><\/div>\n<div id=\"yiv8166964469yui_3_16_0_ym19_1_1476962632014_22825\"><span id=\"yiv8166964469yui_3_16_0_ym19_1_1476962632014_22826\">Sovyetler Birli\u011fi da\u011f\u0131larak T\u00fcrk D\u00fcnyas\u0131 \u00fczerinde Demokles\u2019in k\u0131l\u0131c\u0131 gibi sallanan Rus hegemonyas\u0131 k\u0131r\u0131ld\u0131ktan sonra dahi aradan 25 y\u0131l ge\u00e7mesine ra\u011fmen, g\u00fcn\u00fcm\u00fcz T\u00fcrk ayd\u0131n\u0131 h\u00e2l\u00e2 \u0130stanbul\u2019da bas\u0131lan bir gazeteyi Tuva\u2019da okuyam\u0131yor. Ya da Ka\u015fgar\u2019da bin bir g\u00fc\u00e7l\u00fckle bas\u0131lan bir matbu eseri \u00dcsk\u00fcp\u2019te g\u00f6remiyor bile\u2026<\/span><\/div>\n<div id=\"yiv8166964469yui_3_16_0_ym19_1_1476962632014_22827\"><span id=\"yiv8166964469yui_3_16_0_ym19_1_1476962632014_22828\">Bundan yakla\u015f\u0131k 100 y\u0131l \u00f6nce Gasp\u0131ral\u0131 \u0130smail Bey\u2019in Rus i\u015fgali alt\u0131ndaki K\u0131r\u0131m\u2019da ba\u015fard\u0131\u011f\u0131n\u0131, bug\u00fcn 8 ba\u011f\u0131ms\u0131z T\u00fcrk Devleti\u2019nin bulundu\u011fu g\u00fcn\u00fcm\u00fcz d\u00fcnyas\u0131nda, bunca teknolojik imk\u00e2na ra\u011fmen ger\u00e7ekle\u015ftiremiyoruz.<\/span><\/div>\n<div id=\"yiv8166964469yui_3_16_0_ym19_1_1476962632014_22829\"><span id=\"yiv8166964469yui_3_16_0_ym19_1_1476962632014_22830\">Gasp\u0131ral\u0131\u2019n\u0131n bast\u0131\u011f\u0131 gazeteler Rus i\u015fgalindeki T\u00fcrk yurtlar\u0131n\u0131n yan\u0131 s\u0131ra Osmanl\u0131 Devleti\u2019ne, hen\u00fcz Ruslarca i\u015fgal edilemeyen Bat\u0131 T\u00fcrkistan\u2019a ve \u00c7in\u2019le m\u00fccadele i\u00e7indeki Do\u011fu T\u00fcrkistan\u2019a kadar ve hatta G\u00fcney T\u00fcrkistan\u2019a (Hindistan ve Afganistan\u2019a) uzan\u0131yordu.<\/span><\/div>\n<div id=\"yiv8166964469yui_3_16_0_ym19_1_1476962632014_22831\"><span id=\"yiv8166964469yui_3_16_0_ym19_1_1476962632014_22832\">Bu ay\u0131p, kendini \u2018ayd\u0131n\u2019 olarak tan\u0131mlayan b\u00fct\u00fcn T\u00fcrk d\u00fcnyas\u0131n\u0131n \u015fu an ya\u015fayan m\u00fcnevverlerine ve kendini medya patronu veya bas\u0131n devi olarak tan\u0131mlayan zat-\u0131 muhteremlere yeter\u2026<\/span><\/div>\n<div id=\"yiv8166964469yui_3_16_0_ym19_1_1476962632014_22833\"><span id=\"yiv8166964469yui_3_16_0_ym19_1_1476962632014_22834\">+++++++<\/span><\/div>\n<div id=\"yiv8166964469yui_3_16_0_ym19_1_1476962632014_22835\"><span id=\"yiv8166964469yui_3_16_0_ym19_1_1476962632014_22836\">T\u00dcRK M\u0130LLET\u0130 Y\u0130NE TAR\u0130H YAZIYOR(!)<\/span><\/div>\n<div id=\"yiv8166964469yui_3_16_0_ym19_1_1476962632014_22837\"><span id=\"yiv8166964469yui_3_16_0_ym19_1_1476962632014_22838\">+++++++<\/span><\/div>\n<div id=\"yiv8166964469yui_3_16_0_ym19_1_1476962632014_22839\"><span id=\"yiv8166964469yui_3_16_0_ym19_1_1476962632014_22840\">Bu arada Rahmetli \u00d6zal zaman\u0131nda ba\u015flayan ve g\u00fcn\u00fcm\u00fcze kadar \u00e7e\u015fitli isimlerle devam eden TRT Avaz\u2019\u0131 istisna tutuyorum. 25 y\u0131ld\u0131r bu u\u011furda m\u00fccadele eden ve bu yay\u0131na eme\u011fi ge\u00e7en herkesi de can-\u0131 g\u00f6n\u00fclden tebrik ediyorum.<\/span><\/div>\n<div id=\"yiv8166964469yui_3_16_0_ym19_1_1476962632014_22841\"><span id=\"yiv8166964469yui_3_16_0_ym19_1_1476962632014_22842\">Ancak 25 y\u0131lda h\u00e2l\u00e2 bir alfabe birli\u011fini ger\u00e7ekle\u015ftiremedik. T\u00fcrkiye\u2019de ayr\u0131, T\u00fcrkmenistan\u2019da ayr\u0131, Azerbaycan\u2019da ayr\u0131, \u00d6zbekistan\u2019da ayr\u0131 Latin alfabeleri kullan\u0131l\u0131rken; di\u011fer yandan K\u0131rg\u0131zistan\u2019da ayr\u0131, Kazakistan\u2019da ayr\u0131 ve Tacikistan\u2019da ayr\u0131 Kiril alfabeleri kullan\u0131l\u0131yor. D\u00fcnyan\u0131n neresinde ve tarihin hangi safhas\u0131nda g\u00f6r\u00fclm\u00fc\u015ft\u00fcr ki, bir millet kendi \u2018ba\u011f\u0131ms\u0131z\u2019 devletlerinde ayn\u0131 anda 2 temel k\u00f6kten 7 farkl\u0131 alfabe kullans\u0131n?<\/span><\/div>\n<div id=\"yiv8166964469yui_3_16_0_ym19_1_1476962632014_22843\"><span id=\"yiv8166964469yui_3_16_0_ym19_1_1476962632014_22844\">K\u0131sacas\u0131 \u015fu anda T\u00fcrk milleti olarak yine tarih yaz\u0131yoruz (?)<\/span><\/div>\n<div id=\"yiv8166964469yui_3_16_0_ym19_1_1476962632014_22845\"><span id=\"yiv8166964469yui_3_16_0_ym19_1_1476962632014_22846\">Bu arada Arap, \u0130bran\u00ee, Yunan, Fars, \u00c7in veya Ermeni alfabelerini kullanan k\u00fc\u00e7\u00fck gruplar\u0131 saym\u0131yorum bile\u2026<\/span><\/div>\n<div id=\"yiv8166964469yui_3_16_0_ym19_1_1476962632014_22847\"><span id=\"yiv8166964469yui_3_16_0_ym19_1_1476962632014_22848\">Evet, millet olarak \u00e7ok sorunlar\u0131m\u0131z var. \u0130\u00e7 politikada, d\u0131\u015f politikada savunma ve g\u00fcvenlik konular\u0131nda her cenahtan taarruzlar var. Olacakt\u0131r da\u2026<\/span><\/div>\n<div id=\"yiv8166964469yui_3_16_0_ym19_1_1476962632014_22849\"><span id=\"yiv8166964469yui_3_16_0_ym19_1_1476962632014_22850\">\u00c7\u00fcnk\u00fc tarih boyu b\u00f6yle olu\u015fmu\u015ftur.<\/span><\/div>\n<div id=\"yiv8166964469yui_3_16_0_ym19_1_1476962632014_22851\"><span id=\"yiv8166964469yui_3_16_0_ym19_1_1476962632014_22852\">Bug\u00fcn d\u00fcnyada resmi dili \u0130ngilizce (\u0130ngiltere hari\u00e7 tamam\u0131 \u0130ngiliz eski s\u00f6m\u00fcrgesi olan \u2018ba\u011f\u0131ms\u0131z\u2019) 48 \u00fclke varken bunlar\u0131n 7 ayr\u0131 alfabe kulland\u0131\u011f\u0131n\u0131 d\u00fc\u015f\u00fcnsenize\u2026 Ne komik olurdu de\u011fil mi?<\/span><\/div>\n<div id=\"yiv8166964469yui_3_16_0_ym19_1_1476962632014_22853\"><span id=\"yiv8166964469yui_3_16_0_ym19_1_1476962632014_22854\">Ya da Frans\u0131zca veya Arap\u00e7a konu\u015fan \u00fclkelerde farkl\u0131 alfabeler kullan\u0131ld\u0131\u011f\u0131n\u0131?<\/span><\/div>\n<div id=\"yiv8166964469yui_3_16_0_ym19_1_1476962632014_22855\"><span id=\"yiv8166964469yui_3_16_0_ym19_1_1476962632014_22856\">Akl\u0131n\u0131z bile alm\u0131yor de\u011fil mi?<\/span><\/div>\n<div id=\"yiv8166964469yui_3_16_0_ym19_1_1476962632014_22857\"><span id=\"yiv8166964469yui_3_16_0_ym19_1_1476962632014_22858\">Ama biz bunu 25 y\u0131ld\u0131r millet olarak ya\u015f\u0131yoruz\u2026<\/span><\/div>\n<div id=\"yiv8166964469yui_3_16_0_ym19_1_1476962632014_22859\"><span id=\"yiv8166964469yui_3_16_0_ym19_1_1476962632014_22860\">Bir milleti bir arada tutan ve mill\u00ee bilin\u00e7 olu\u015fmas\u0131n\u0131 sa\u011flayan en \u00f6nemli unsur dilidir, ayn\u0131 alfabe ile okuyup yazabilmesidir. Dil birli\u011fini kaybederseniz, gerisi zaten \u00e7orap s\u00f6k\u00fc\u011f\u00fc gibi gelir.<\/span><\/div>\n<div id=\"yiv8166964469yui_3_16_0_ym19_1_1476962632014_22861\"><span id=\"yiv8166964469yui_3_16_0_ym19_1_1476962632014_22862\">Onun i\u00e7in diyoruz ki, ayd\u0131nlar\u0131m\u0131z\u0131n bu cehaleti ancak tahsille m\u00fcmk\u00fcnd\u00fcr diye\u2026<\/span><\/div>\n<div id=\"yiv8166964469yui_3_16_0_ym19_1_1476962632014_22863\"><span id=\"yiv8166964469yui_3_16_0_ym19_1_1476962632014_22864\">Peki, bu kadar ilerlemi\u015f teknolojik imk\u00e2nlarla desteklenmi\u015f ileti\u015fim \u00e7a\u011f\u0131nda edebiyat\u0131m\u0131z\u0131n bu sorununu nas\u0131l \u00e7\u00f6zece\u011fiz?<\/span><\/div>\n<div id=\"yiv8166964469yui_3_16_0_ym19_1_1476962632014_22865\"><span id=\"yiv8166964469yui_3_16_0_ym19_1_1476962632014_22866\">++++++++<\/span><\/div>\n<div id=\"yiv8166964469yui_3_16_0_ym19_1_1476962632014_22867\"><span id=\"yiv8166964469yui_3_16_0_ym19_1_1476962632014_22868\">SORUNLARIMIZIN \u00c7\u00d6Z\u00dcM YOLLARI<\/span><\/div>\n<div id=\"yiv8166964469yui_3_16_0_ym19_1_1476962632014_22869\"><span id=\"yiv8166964469yui_3_16_0_ym19_1_1476962632014_22870\">++++++++<\/span><\/div>\n<div id=\"yiv8166964469yui_3_16_0_ym19_1_1476962632014_22871\"><span id=\"yiv8166964469yui_3_16_0_ym19_1_1476962632014_22872\">\u00c7\u00f6z\u00fcm nedir?<\/span><\/div>\n<div id=\"yiv8166964469yui_3_16_0_ym19_1_1476962632014_22873\">1- Ortak Alfabenin Hayata Ge\u00e7irilmesi.<\/div>\n<div id=\"yiv8166964469yui_3_16_0_ym19_1_1476962632014_22874\">2- Bas\u0131n\u0131n Ortak Alfabeyi Kullanmas\u0131 ve Te\u015fvik Edilmesi.<\/div>\n<div id=\"yiv8166964469yui_3_16_0_ym19_1_1476962632014_22875\">3- Mill\u00ee Bilgisayar \u0130\u015fletim Sistemi.<\/div>\n<div id=\"yiv8166964469yui_3_16_0_ym19_1_1476962632014_22876\">4- Mill\u00ee \u0130nternet Yaz\u0131l\u0131m\u0131.<\/div>\n<div id=\"yiv8166964469yui_3_16_0_ym19_1_1476962632014_22877\">5- Ucuz ve H\u0131zl\u0131 Ula\u015f\u0131m \u0130mk\u00e2nlar\u0131 (S\u00fcbvansiyon uygulanmas\u0131).<\/div>\n<div id=\"yiv8166964469yui_3_16_0_ym19_1_1476962632014_22878\">6- Uydu Yay\u0131nlar\u0131.<\/div>\n<div id=\"yiv8166964469yui_3_16_0_ym19_1_1476962632014_22879\">7- Ortak Yay\u0131nlar\u0131n Ger\u00e7ekle\u015ftirilmesi ve Te\u015fvik Edilmesi.<\/div>\n<div id=\"yiv8166964469yui_3_16_0_ym19_1_1476962632014_22880\">8- Televizyonlarda belirli bir kota olu\u015fturularak T\u00fcrk D\u00fcnyas\u0131\u2019ndan yay\u0131nlar\u0131n zorunlu yay\u0131nlanmas\u0131.<\/div>\n<div id=\"yiv8166964469yui_3_16_0_ym19_1_1476962632014_22881\">9- \u00d6zellikle T\u00fcrkiye\u2019de Gen\u00e7 Nesilde T\u00fcrk D\u00fcnyas\u0131 Kavram\u0131 Olu\u015fturulmas\u0131.<\/div>\n<div id=\"yiv8166964469yui_3_16_0_ym19_1_1476962632014_22882\">++++++++<\/div>\n<div id=\"yiv8166964469yui_3_16_0_ym19_1_1476962632014_22883\">M\u0130LL\u00ce B\u0130LG\u0130SAYAR \u0130\u015eLET\u0130M S\u0130STEM\u0130<\/div>\n<div id=\"yiv8166964469yui_3_16_0_ym19_1_1476962632014_22884\">++++++++<\/div>\n<div id=\"yiv8166964469yui_3_16_0_ym19_1_1476962632014_22885\">Bunlar\u0131 k\u0131saca a\u00e7mam\u0131z gerekirse\u2026<\/div>\n<div id=\"yiv8166964469yui_3_16_0_ym19_1_1476962632014_22886\"><span id=\"yiv8166964469yui_3_16_0_ym19_1_1476962632014_22887\"><span id=\"yiv8166964469yui_3_16_0_ym19_1_1476962632014_22888\">1-<span id=\"yiv8166964469yui_3_16_0_ym19_1_1476962632014_22889\">\u00a0\u00a0\u00a0\u00a0\u00a0 <\/span><\/span><\/span>Ortak Alfabenin Hayata Ge\u00e7irilmesi: Bug\u00fcn ba\u011f\u0131ms\u0131z 8 T\u00fcrk devletinin 3\u2019\u00fc Kiril alfabesi kullanmaktad\u0131r. Di\u011ferleri ise de\u011fi\u015ftirilmi\u015f Latin alfabesi kullanmaktad\u0131r. Bu nedenle ilk i\u015f olarak bu Latin alfabelerinde birlik sa\u011flanmas\u0131 \u015fartt\u0131r. Ard\u0131ndan da Kiril alfabesi kullanan 3 \u00fclkenin kesin bir kararla Latin alfabesine ge\u00e7i\u015fi sa\u011flanmal\u0131d\u0131r. Bu konuda sadece Kazakistan\u2019da ek baz\u0131 \u00e7al\u0131\u015fmalar yap\u0131lmas\u0131 gerekebilir.<\/div>\n<div id=\"yiv8166964469yui_3_16_0_ym19_1_1476962632014_22890\"><span id=\"yiv8166964469yui_3_16_0_ym19_1_1476962632014_22891\"><span id=\"yiv8166964469yui_3_16_0_ym19_1_1476962632014_22892\">2-<span id=\"yiv8166964469yui_3_16_0_ym19_1_1476962632014_22893\">\u00a0\u00a0\u00a0\u00a0\u00a0 <\/span><\/span><\/span>Bas\u0131n\u0131n Ortak Alfabeyi Kullanmas\u0131 ve Te\u015fvik Edilmesi: Bas\u0131n \u2013 yay\u0131n\u0131n kulland\u0131\u011f\u0131 dil zamanla toplumun dili haline d\u00f6n\u00fc\u015f\u00fcr. Bu nedenle Gazete, dergi ve televizyonlara ortak alfabe ile yay\u0131n yapmalar\u0131 zorunlulu\u011fu getirilerek, T\u00fcrk D\u00fcnyas\u0131 Ortak Alfabesi\u2019nin k\u0131sa bir s\u00fcrede kabul g\u00f6rerek yayg\u0131nla\u015fmas\u0131 temin edilmelidir.<\/div>\n<div id=\"yiv8166964469yui_3_16_0_ym19_1_1476962632014_22894\"><span id=\"yiv8166964469yui_3_16_0_ym19_1_1476962632014_22895\"><span id=\"yiv8166964469yui_3_16_0_ym19_1_1476962632014_22896\">3-<span id=\"yiv8166964469yui_3_16_0_ym19_1_1476962632014_22897\">\u00a0\u00a0\u00a0\u00a0\u00a0 <\/span><\/span><\/span>Mill\u00ee Bilgisayar \u0130\u015fletim Sistemi: ABD kaynakl\u0131 Miscrosoft firmas\u0131n\u0131n Windows uygulamas\u0131na benzer bir anlay\u0131\u015fla mill\u00ee bir yaz\u0131l\u0131m geli\u015ftirilmesi ve uygulanmas\u0131 \u015fartt\u0131r. Bu konuda yakla\u015f\u0131k 15 \u2013 20 y\u0131l \u00f6nce T\u00dcB\u0130TAK\u2019\u0131n geli\u015ftirdi\u011fi ancak sonra kad\u00fck b\u0131rak\u0131lan PARDUS veya benzeri bir \u00e7al\u0131\u015fma yeniden hayata ge\u00e7irilmelidir. Mill\u00ee bilgisayar yaz\u0131l\u0131m\u0131 olmadan ne kadar g\u00fczel edebi eserler verirsek verelim, b\u00fct\u00fcn teknolojik ifadelerimiz terc\u00fcme olaca\u011f\u0131 i\u00e7in, dilimiz zaman i\u00e7erisinde yine g\u00fcn\u00fcm\u00fczdeki gibi i\u015fgal alt\u0131na u\u011frayacak, \u00fclke g\u00fcvenliklerimiz tehdit alt\u0131nda kalacakt\u0131r.<\/div>\n<div id=\"yiv8166964469yui_3_16_0_ym19_1_1476962632014_22898\"><span id=\"yiv8166964469yui_3_16_0_ym19_1_1476962632014_22899\"><span id=\"yiv8166964469yui_3_16_0_ym19_1_1476962632014_22900\">4-<span id=\"yiv8166964469yui_3_16_0_ym19_1_1476962632014_22901\">\u00a0\u00a0\u00a0\u00a0\u00a0 <\/span><\/span><\/span>Mill\u00ee \u0130nternet Yaz\u0131l\u0131m\u0131: \u0130nternet Explorer, Mozilla, Google Crome vb. gibi mill\u00ee bir internet yaz\u0131l\u0131m\u0131 gerekli olup, bilgi g\u00fcvenli\u011fi ve bilgi ar\u015fivlemesi a\u00e7\u0131s\u0131ndan zorunluluktur. Bu konuda yap\u0131lacak \u00e7al\u0131\u015fma ile hem dil g\u00fcvenli\u011fi, hem de yurt g\u00fcvenli\u011fi garanti alt\u0131na al\u0131nacakt\u0131r.<\/div>\n<div id=\"yiv8166964469yui_3_16_0_ym19_1_1476962632014_22902\"><span id=\"yiv8166964469yui_3_16_0_ym19_1_1476962632014_22903\"><span id=\"yiv8166964469yui_3_16_0_ym19_1_1476962632014_22904\">5-<span id=\"yiv8166964469yui_3_16_0_ym19_1_1476962632014_22905\">\u00a0\u00a0\u00a0\u00a0\u00a0 <\/span><\/span><\/span>Ucuz ve H\u0131zl\u0131 Ula\u015f\u0131m \u0130mk\u00e2nlar\u0131 (S\u00fcbvansiyon uygulanmas\u0131): Toplumlar ancak birbirleriyle irtibat kurduklar\u0131 s\u00fcrece kayna\u015fabilirler. G\u00f6zden \u0131rak olan, zamanla g\u00f6n\u00fclden de \u0131rak olur. Bu nedenle T\u00fcrk edebiyat\u0131n\u0131n T\u00fcrk D\u00fcnyas\u0131\u2019nda inki\u015faf edebilmesi i\u00e7in ayn\u0131 zamanda seyahat imk\u00e2nlar\u0131n\u0131n da kolayla\u015fmas\u0131, kargo ta\u015f\u0131mac\u0131l\u0131\u011f\u0131n\u0131n ucuzla\u015fmas\u0131 gereklidir. Bug\u00fcn Bat\u0131 \u00fclkeleri ile ayn\u0131 mesafedeki bir T\u00fcrk devletine seyahat \u00e7ok daha pahal\u0131ya m\u00e2l olabilmektedir. Bu nedenle karde\u015f cumhuriyetler aras\u0131 ula\u015f\u0131mda u\u00e7ak yak\u0131tlar\u0131n\u0131n s\u00fcbvanse edilmesi, \u0130pek Demir Yolu Projesi\u2019nin bir an \u00f6nce ufak-tefek eksiklerinin giderilerek hayata ge\u00e7irilmesi, g\u00fcvenli kara ula\u015f\u0131m imk\u00e2n\u0131n\u0131n sa\u011flanmas\u0131 olmazsa olmaz gerekliliktir. Bu sayede toplumlar aras\u0131 kayna\u015fmay\u0131 tekrara sa\u011flayarak edebiyat\u0131m\u0131z\u0131n mevcut etki alan\u0131n\u0131 geni\u015fletebiliriz.<\/div>\n<div id=\"yiv8166964469yui_3_16_0_ym19_1_1476962632014_22906\"><span id=\"yiv8166964469yui_3_16_0_ym19_1_1476962632014_22907\"><span id=\"yiv8166964469yui_3_16_0_ym19_1_1476962632014_22908\">6-<span id=\"yiv8166964469yui_3_16_0_ym19_1_1476962632014_22909\">\u00a0\u00a0\u00a0\u00a0\u00a0 <\/span><\/span><\/span>Uydu Yay\u0131nlar\u0131: Bug\u00fcn T\u00fcrk d\u00fcnyas\u0131n\u0131n Kazakistan\u2019da bir uzay \u00fcss\u00fc ile 9\u2019u faal 10 adet uydusu bulunmaktad\u0131r. Hemen hemen b\u00fct\u00fcn d\u00fcnyaya T\u00fcrk\u00e7e televizyon yay\u0131n\u0131 yapabilecek imk\u00e2nlar\u0131m\u0131z vard\u0131r. T\u00fcrkiye 6 uydu ile bu konuda ba\u015f\u0131 \u00e7ekmektedir. TRT\u2019nin Avrasya, T\u00fcrk vb. isimlerle yay\u0131n yapm\u0131\u015f bulunan AVAZ televizyonu ile TMB adl\u0131 T\u00fcrk D\u00fcnyas\u0131 M\u00fczik Kanal\u0131 hari\u00e7 T\u00fcrk D\u00fcnyas\u0131na yay\u0131n yapan ba\u015fka bir yay\u0131n yoktur. Ancak bu iki yay\u0131n\u0131n da T\u00fcrk D\u00fcnyas\u0131\u2019nda ne kadar takip edilebildi\u011fi, ya da edildi\u011fi ayr\u0131 bir tart\u0131\u015fma konusudur. Bu yay\u0131nlar\u0131n \u00c7a\u011fda\u015f T\u00fcrk Edebiyat\u0131\u2019n\u0131n olu\u015fumunda oynayabilece\u011fi rol asla yads\u0131namaz. Bu nedenle TRT AVAZ yay\u0131n kalitelerini y\u00fckselterek, en az bir CNN International ya da TRT World kalitesine \u00e7ekmek zorundad\u0131r.<\/div>\n<div id=\"yiv8166964469yui_3_16_0_ym19_1_1476962632014_22910\">Ayr\u0131ca TMB TV de yay\u0131n kalitesini biraz daha y\u00fckselterek pop\u00fcler m\u00fczik yay\u0131nlar\u0131nda \u00f6zellikle de T\u00fcrkiye\u2019den yay\u0131nlad\u0131\u011f\u0131 kliplerde mill\u00ee hassasiyetleri de g\u00f6z \u00f6n\u00fcne alarak edebiyat\u0131n ayr\u0131lmaz bir par\u00e7as\u0131 olan s\u00f6z yazarl\u0131\u011f\u0131 konusunda b\u00fcy\u00fck bir f\u0131rsat sunabilmektedir.<\/div>\n<div id=\"yiv8166964469yui_3_16_0_ym19_1_1476962632014_22911\">T\u00fcrk D\u00fcnyas\u0131 haber ve m\u00fczik kanallar\u0131n\u0131n yan\u0131 s\u0131ra bir de genel k\u00fclt\u00fcr anlam\u0131nda yay\u0131n yapacak ve b\u00fct\u00fcn T\u00fcrk \u00fclkelerinden k\u00fclt\u00fcrel etkinlikleri ve kaliteli film ya da dizileri yay\u0131nlayacak bir T\u00fcrk D\u00fcnyas\u0131 K\u00fclt\u00fcr kanal\u0131na \u015fiddetle ihtiya\u00e7 vard\u0131r. Bu kanalda \u00d6zbekistan\u2019dan, T\u00fcrkiye\u2019den, KKTC\u2019den veya Makedonya\u2019dan belgesel, film ve dizliler ayn\u0131 yay\u0131n d\u00f6neminde bir arada bulunmal\u0131d\u0131r.<\/div>\n<div id=\"yiv8166964469yui_3_16_0_ym19_1_1476962632014_22912\"><span id=\"yiv8166964469yui_3_16_0_ym19_1_1476962632014_22913\"><span id=\"yiv8166964469yui_3_16_0_ym19_1_1476962632014_22914\">7-<span id=\"yiv8166964469yui_3_16_0_ym19_1_1476962632014_22915\">\u00a0\u00a0\u00a0\u00a0\u00a0 <\/span><\/span><\/span>Ortak Yay\u0131nlar\u0131n Ger\u00e7ekle\u015ftirilmesi ve Te\u015fvik Edilmesi: T\u00fcrkiye ve \u00d6zbekistan aras\u0131nda, Kazakistan ile Azerbaycan aras\u0131nda vb. \u015fekilde ortak film, dizi, belgesel yay\u0131nlar\u0131 ger\u00e7ekle\u015ftirilerek, toplumlar\u0131n ve dilin kayna\u015fmas\u0131 sa\u011flanmal\u0131d\u0131r. Unutulmamal\u0131d\u0131r ki, hepimizin de birbirimizden \u00f6\u011frenece\u011fimiz \u00e7ok \u015feyler var! Bu b\u00fcy\u00fck medeniyet miras\u0131n\u0131n hepimiz de miras\u00e7\u0131s\u0131y\u0131z, ama ne yaz\u0131k ki her birimizde miras\u0131n bir par\u00e7as\u0131 kalm\u0131\u015f. Bu nedenle bir araya gelir ve par\u00e7alar\u0131 birle\u015ftirirsek ancak b\u00fct\u00fcn\u00fc g\u00f6rebiliriz.<\/div>\n<div id=\"yiv8166964469yui_3_16_0_ym19_1_1476962632014_22916\"><span id=\"yiv8166964469yui_3_16_0_ym19_1_1476962632014_22917\"><span id=\"yiv8166964469yui_3_16_0_ym19_1_1476962632014_22918\">8-<span id=\"yiv8166964469yui_3_16_0_ym19_1_1476962632014_22919\">\u00a0\u00a0\u00a0\u00a0\u00a0 <\/span><\/span><\/span>Televizyonlarda belirli bir kota olu\u015fturularak T\u00fcrk D\u00fcnyas\u0131\u2019ndan yay\u0131nlar\u0131n zorunlu yay\u0131nlanmas\u0131: \u00d6zel televizyon kanallar\u0131nda ve radyolarda en az % 10, ideali % 20 oran\u0131nda T\u00fcrk D\u00fcnyas\u0131\u2019ndan n\u00fcfusa g\u00f6re da\u011f\u0131l\u0131m\u0131 yap\u0131lacak \u015fekilde yay\u0131nlar\u0131n ekrana getirilmesi zorunlulu\u011fu getirilmelidir. Bug\u00fcn bir ATV, Kanal D veya AZ TV\u2019yi a\u00e7t\u0131\u011f\u0131n\u0131zda en az % 10 oran\u0131nda di\u011fer T\u00fcrk \u00fclkelerinde haz\u0131rlanm\u0131\u015f prod\u00fcksiyonlar\u0131n da yay\u0131nlanmas\u0131 ancak dil ve k\u00fclt\u00fcr birli\u011fini sa\u011flayabilecektir.<\/div>\n<div id=\"yiv8166964469yui_3_16_0_ym19_1_1476962632014_22920\"><span id=\"yiv8166964469yui_3_16_0_ym19_1_1476962632014_22921\"><span id=\"yiv8166964469yui_3_16_0_ym19_1_1476962632014_22922\">9-<span id=\"yiv8166964469yui_3_16_0_ym19_1_1476962632014_22923\">\u00a0\u00a0\u00a0\u00a0\u00a0 <\/span><\/span><\/span>\u00d6zellikle T\u00fcrkiye\u2019de Gen\u00e7 Nesilde T\u00fcrk D\u00fcnyas\u0131 Kavram\u0131 Olu\u015fturulmas\u0131: Anaokullar\u0131ndan itibaren bug\u00fcn nas\u0131l T\u00fcrkiye\u2019de \u0130ngilizce ve Anglosakson k\u00fclt\u00fcr\u00fc \u00f6\u011fretiliyorsa ayn\u0131 \u015fekilde T\u00fcrk D\u00fcnyas\u0131n\u0131n varl\u0131\u011f\u0131 ve karde\u015f \u00fclkelerin de bizimle birlikte oldu\u011fu ger\u00e7e\u011fi \u00f6\u011fretilmelidir. Ancak bu sayede \u00fczerinden 26 y\u0131l ge\u00e7mesine ra\u011fmen bir Azerbaycanl\u0131 \u00f6\u011frenci ile kar\u015f\u0131la\u015fan T\u00fcrk vatanda\u015f\u0131n\u0131n T\u00fcrk\u00e7e\u2019yi ne kadar da g\u00fczel konu\u015fuyorsun. Nerede \u00f6\u011frendin diye sormas\u0131 komedisinin \u00f6n\u00fcne ge\u00e7ebiliriz. Ve ancak b\u00f6ylece \u00e7a\u011fda\u015f edebi yay\u0131nlar\u0131m\u0131z\u0131n di\u011fer T\u00fcrk D\u00fcnyas\u0131\u2019nda okunup, takip edilmesini, sa\u011flayabiliriz.<\/div>\n<div id=\"bghab-96721695\" class=\"bghab-yazi-altinda bghab-entity-placement\"><div class=\"bghab-adlabel\">Reklamlar<\/div><script async src=\"https:\/\/pagead2.googlesyndication.com\/pagead\/js\/adsbygoogle.js\"><\/script>\r\n<!-- bghaber-yaz\u0131-sonu -->\r\n<ins class=\"adsbygoogle\"\r\n     style=\"display:block\"\r\n     data-ad-client=\"ca-pub-6203283170189293\"\r\n     data-ad-slot=\"4222328180\"\r\n     data-ad-format=\"auto\"\r\n     data-full-width-responsive=\"true\"><\/ins>\r\n<script>\r\n     (adsbygoogle = window.adsbygoogle || []).push({});\r\n<\/script><\/div><br style=\"clear: both; display: block; float: none;\"\/>","protected":false},"excerpt":{"rendered":"<p>D\u00fcnyan\u0131n En Zengin 3 Dilinden Biri Alptekin CEVHERL\u0130 &#8211;\u00a0Gazeteci &#8211; Yazar +++++ALT BA\u015eLIIK++++ KKTC\u2019de d\u00fczenlenen T\u00fcrk D\u00fcnyas\u0131 1. Gen\u00e7lik \u00c7al\u0131\u015ftay\u0131\u2019nda \u00c7a\u011fda\u015f T\u00fcrk Edebiyat\u0131\u2019n\u0131n sorunlar\u0131 konulu<\/p>\n","protected":false},"author":13,"featured_media":17095,"comment_status":"closed","ping_status":"closed","sticky":false,"template":"","format":"standard","meta":{"advanced_seo_description":"","jetpack_seo_html_title":"","jetpack_seo_noindex":false,"_jetpack_memberships_contains_paid_content":false,"footnotes":""},"categories":[6],"tags":[],"class_list":["post-21153","post","type-post","status-publish","format-standard","has-post-thumbnail","hentry","category-yorum"],"jetpack_featured_media_url":"https:\/\/i0.wp.com\/www.bghaber.org\/bghaber\/wp-content\/uploads\/2015\/11\/Alptekin11.jpg?fit=298%2C401&ssl=1","jetpack_sharing_enabled":true,"jetpack_likes_enabled":true,"jetpack-related-posts":[],"jetpack_shortlink":"https:\/\/wp.me\/pc2PfJ-5vb","_links":{"self":[{"href":"https:\/\/www.bghaber.org\/bghaber\/wp-json\/wp\/v2\/posts\/21153","targetHints":{"allow":["GET"]}}],"collection":[{"href":"https:\/\/www.bghaber.org\/bghaber\/wp-json\/wp\/v2\/posts"}],"about":[{"href":"https:\/\/www.bghaber.org\/bghaber\/wp-json\/wp\/v2\/types\/post"}],"author":[{"embeddable":true,"href":"https:\/\/www.bghaber.org\/bghaber\/wp-json\/wp\/v2\/users\/13"}],"replies":[{"embeddable":true,"href":"https:\/\/www.bghaber.org\/bghaber\/wp-json\/wp\/v2\/comments?post=21153"}],"version-history":[{"count":0,"href":"https:\/\/www.bghaber.org\/bghaber\/wp-json\/wp\/v2\/posts\/21153\/revisions"}],"wp:featuredmedia":[{"embeddable":true,"href":"https:\/\/www.bghaber.org\/bghaber\/wp-json\/wp\/v2\/media\/17095"}],"wp:attachment":[{"href":"https:\/\/www.bghaber.org\/bghaber\/wp-json\/wp\/v2\/media?parent=21153"}],"wp:term":[{"taxonomy":"category","embeddable":true,"href":"https:\/\/www.bghaber.org\/bghaber\/wp-json\/wp\/v2\/categories?post=21153"},{"taxonomy":"post_tag","embeddable":true,"href":"https:\/\/www.bghaber.org\/bghaber\/wp-json\/wp\/v2\/tags?post=21153"}],"curies":[{"name":"wp","href":"https:\/\/api.w.org\/{rel}","templated":true}]}}