{"id":21145,"date":"2016-10-19T23:14:56","date_gmt":"2016-10-19T20:14:56","guid":{"rendered":"http:\/\/www.bghaber.org\/bghaber\/?p=21145"},"modified":"2016-10-19T23:14:56","modified_gmt":"2016-10-19T20:14:56","slug":"secim-yasasindaki-turk-dusmanligi","status":"publish","type":"post","link":"https:\/\/www.bghaber.org\/bghaber\/secim-yasasindaki-turk-dusmanligi\/","title":{"rendered":"Se\u00e7im Yasas\u0131ndaki T\u00fcrk D\u00fc\u015fmanl\u0131\u011f\u0131"},"content":{"rendered":"<p>&nbsp;<\/p>\n<p>BGSAM<\/p>\n<p>Konu: <strong>Halk\u0131n Cumhuriyeti miyiz yoksa Ba\u015fbakan Cumhuriyeti mi?<\/strong><\/p>\n<p>Bizde iktidar\u0131n ayar\u0131 birka\u00e7 ayda bir bozulmaya ba\u015flad\u0131. Bu defa Ba\u015fbakan Boyko Borisov kabineyi ayar etmeye \u00e7al\u0131\u015f\u0131rken, halk meclisine girip bir ay tatile giren milletvekillerini g\u00f6reve \u00e7a\u011f\u0131rmas\u0131, asl\u0131nda ba\u015fka bir ayar\u0131 ciddi \u015fekilde bozdu. Bu, Ba\u015fbakan\u2019\u0131n Meclisi kendi ba\u015f\u0131na toplanmaya \u00e7a\u011f\u0131rma hakk\u0131 olmamas\u0131ndan kaynaklan\u0131yor. Bulgar Anayasas\u0131nda, tatile \u00e7\u0131kan meclisin ancak Bakanlar Kurulu karar\u0131yla toplanmas\u0131n\u0131 \u00f6ng\u00f6rm\u00fc\u015ft\u00fcr.<\/p>\n<p>Bu defa Bulgar h\u00fck\u00fcmetini \u00e7at\u0131rdatan, bu y\u0131l\u0131n Nisan-May\u0131s aylar\u0131nda yap\u0131lan Se\u00e7im Kanunu de\u011fi\u015fiklikleri oldu. Bu de\u011fi\u015fikler, orta sa\u011fda merkezci GERB kabinesine her ge\u00e7en g\u00fcn biraz daha \u0131s\u0131nan a\u015f\u0131r\u0131 sa\u011fc\u0131 ve \u0131rk\u00e7\u0131 g\u00fcya \u201cYurtsever Cephe\u201d partisi ile VMRO \u2013 Makedon komitac\u0131lar\u0131 ortakl\u0131\u011f\u0131n\u0131n daha da sokulmas\u0131 ve isteklerini dayatmas\u0131 oldu. Bu iki gerici g\u00fc\u00e7 devletin ana makamlar\u0131n\u0131 ele ge\u00e7irme hevesindedir. Bulgar milliyet\u00e7ilerinin h\u00fck\u00fcmetten istekleri T\u00fcrklerin ve M\u00fcsl\u00fcmanlar\u0131n devlet makamlar\u0131ndan ve y\u00fcr\u00fctmeden s\u00f6k\u00fcl\u00fcp at\u0131lmas\u0131 ve meclisin T\u00fcrklerin temel insan haklar\u0131n\u0131, e\u015fit vatanda\u015f hakk\u0131n\u0131 \u00e7i\u011fneyip, Bulgaristan\u2019da ya\u015fayan M\u00fcsl\u00fcman T\u00fcrklerle T\u00fcrkiye Cumhuriyeti\u2019ndeki yak\u0131nlar\u0131 aras\u0131ndaki ba\u011flar\u0131 koparmaya y\u00f6neliktir.<\/p><div id=\"bghab-819120773\" class=\"bghab-icerik-icine bghab-entity-placement\"><script async src=\"\/\/pagead2.googlesyndication.com\/pagead\/js\/adsbygoogle.js?client=ca-pub-6203283170189293\" crossorigin=\"anonymous\"><\/script><ins class=\"adsbygoogle\" style=\"display:block; text-align:center;\" data-ad-client=\"ca-pub-6203283170189293\" \ndata-ad-slot=\"7303146466\" \ndata-ad-layout=\"in-article\"\ndata-ad-format=\"fluid\" data-full-width-responsive=\"true\"><\/ins>\n<script> \n(adsbygoogle = window.adsbygoogle || []).push({}); \n<\/script>\n<\/div>\n<p>Evrensel insan haklar\u0131n\u0131 hi\u00e7e sayan ay\u0131r\u0131m ve d\u00fc\u015fmanl\u0131k \u00f6ng\u00f6ren isteklerin sivri ucunda, 1989\u2019dan beri Bulgaristan\u2019\u0131 terk etmek zorunda b\u0131rak\u0131lan vatanda\u015flar\u0131m\u0131z\u0131n en do\u011fal insan hakk\u0131 olan \u00e7ifte vatanda\u015fl\u0131k hakk\u0131n\u0131 kald\u0131rmak ve Bulgaristan vatanda\u015f\u0131 ve Avrupa Birli\u011fi vatanda\u015f\u0131 olma hakk\u0131n\u0131 ellerinden almakt\u0131r. 2016 May\u0131s\u0131nda onaylanan se\u00e7im yasas\u0131 de\u011fi\u015fiklikleri, T\u00fcrkiye, Bulgaristan ve Avrupa Birli\u011fi vatanda\u015fl\u0131\u011f\u0131 olan 620 bin Bulgaristanl\u0131 T\u00fcrk\u00fcn se\u00e7me ve se\u00e7ilme hakk\u0131n\u0131 baltalad\u0131. Demokrasi ko\u015fullar\u0131nda Be\u015finci Cumhurba\u015fkan\u0131 se\u00e7imine soyda\u015flar\u0131m\u0131z\u0131n \u00f6zg\u00fcrce kat\u0131lmas\u0131 s\u0131n\u0131rland\u0131. 35 sand\u0131k tavan\u0131, 620 bin Bulgaristanl\u0131 T\u00fcrk\u00fcn en kutsal hakk\u0131n\u0131 yok etmek i\u00e7in getirildi. Ama\u00e7lar\u0131nda bizi Bulgaristan\u2019dan so\u011futmak ve koparmak var. T\u00fcrk se\u00e7menin 26 y\u0131ldan beri Bulgaristan siyaseti \u00fczerindeki sonu\u00e7 belirleyen rol\u00fcne son verilmek isteniyor.<\/p>\n<p>\u015eimdi yani se\u00e7im g\u00fcn\u00fcne 19 g\u00fcn kala toplanan meclisin halk\u0131n tepkisini tu\u015flamak i\u00e7in toplanarak se\u00e7im yasas\u0131nda de\u011fi\u015fiklikler yapmaya \u00e7al\u0131\u015fmas\u0131na d\u00fcnyan\u0131n hi\u00e7bir \u00fclkesinde rastlanmam\u0131\u015ft\u0131r. Durumu bir futbol kar\u015f\u0131la\u015fmas\u0131yla mukayese edersek, oyun esnas\u0131nda kurallar\u0131n de\u011fi\u015ftirildi\u011fini g\u00f6r\u00fcyoruz. Daha \u00f6nce b\u00f6yle bir geli\u015fme izlenmemi\u015fti. Ba\u015fbakan Borisov otoriter davran\u0131\u015flar\u0131yla bir yandan kendine s\u0131ms\u0131k\u0131 ba\u011fl\u0131 olan kat\u0131 kom\u00fcnist Tsetska Tsa\u00e7eva\u2019y\u0131 Cumhurba\u015fkan\u0131 yapmaya \u00e7al\u0131\u015f\u0131rken, \u00f6te yandan y\u00fcr\u00fctmeyi i\u015fler duruma getirmek i\u00e7in milliyet\u00e7ilere daha b\u00fcy\u00fck \u00f6d\u00fcnler veriyor. Yurtseverlik maskesi ard\u0131na gizlenen milliyet\u00e7i, \u0131rk\u00e7\u0131 komitac\u0131lar\u0131n dayatmas\u0131 \u00fczerine T\u00fcrkiye ile Bulgaristan devlet s\u0131n\u0131r\u0131na 3 metre y\u00fcksek tel \u00f6rg\u00fc gerildi, g\u00f6zetleme kamaralar\u0131 yerle\u015ftirildi, askeri birlikler yerle\u015ftirildi. T\u00fcrk ve M\u00fcsl\u00fcman d\u00fc\u015fman\u0131 ruha sahip ayn\u0131 g\u00fc\u00e7lerin meclise sundu\u011fu ba\u015fka bir yasayla M\u00fcsl\u00fcman bayanlar\u0131n ba\u015f\u00f6rt\u00fcs\u00fc ta\u015f\u0131malar\u0131 yasakland\u0131. Onaylanma bekleyen ba\u015fka bir yasa \u00f6nerisiyle ise minarelerden ezan okunmas\u0131 yasaklan\u0131rken, camide T\u00fcrk\u00e7e konu\u015fman\u0131n yasaklanmas\u0131 \u00f6ng\u00f6r\u00fcl\u00fcyor. Bu istekler s\u00f6z\u00fcm ona \u201csoya d\u00f6n\u00fc\u015f\u201d d\u00f6nemi zulm\u00fcn\u00fcn a\u00e7\u0131k devam\u0131d\u0131r. Fa\u015fizm kokan son geli\u015fmeler, b\u00fct\u00fcn \u00fclkede anti-T\u00fcrk dalgay\u0131 hareketlendirip y\u00fckseltirken, keyfi hareketleri cezaland\u0131r\u0131lmayan hatta \u00f6zendiriliyor. Fa\u015fist palazlanma s\u0131rt\u0131n\u0131 GERB partisine dayarken, % 42 temizlenmi\u015f olan ajan dosyalar\u0131na dayanan Bulgar demokrasisinde adaleti r\u00fcyada g\u00f6rebilmek bile hayaldir. Son a\u00e7\u0131klamalarda, askeri istihbarat\u0131n 16 bin dosyay\u0131 yok etti\u011fi a\u00e7\u0131kland\u0131. Bu 16 bin ki\u015fi aras\u0131nda T\u00fcrkler de oldu\u011fu bir ger\u00e7ek oldu\u011fu kadar, b\u00f6ylelikle bir\u00e7ok siyaset\u00e7inin akland\u0131\u011f\u0131 ve g\u00f6revde kald\u0131\u011f\u0131 g\u00fcn gibi parl\u0131yor. Bulgar devleti kom\u00fcnist rejimin ajan dosyalar\u0131 \u00fczerinde objektif bir \u00e7al\u0131\u015fma yap\u0131lmas\u0131n\u0131 finanse etmedi\u011finden maada, \u00f6teki Do\u011fu Avrupa \u00fclkelerini de \u00f6rnek almad\u0131. Polonya\u2019da totaliter kom\u00fcnist \u00f6z\u00fcn s\u00f6k\u00fcl\u00fcp \u00e7\u0131kar\u0131lmas\u0131na ve ge\u00e7mi\u015fin art\u0131klar\u0131ndan kesinlikle kopma davas\u0131na her y\u0131l 40 milyon Euro b\u00fct\u00e7e ayr\u0131l\u0131yor. Biz ge\u00e7mi\u015fin asla \u00f6lmedi\u011fini biliyoruz. Buna ra\u011fmen, 1944 \u00f6ncesi fa\u015fist Bulgaristan\u2019daki \u201cBrannik\u201d gibi fa\u015fizan gen\u00e7lik \u00f6rg\u00fctlerinin canland\u0131r\u0131l\u0131p diriltilmesine kesinlikle kar\u015f\u0131y\u0131z. Totaliter kom\u00fcnist ge\u00e7mi\u015fin bask\u0131, ter\u00f6r ve zulm\u00fc nefes almaya devam ederken, fa\u015fizm d\u00f6nemindeki k\u0131r\u0131nt\u0131 ve at\u0131klara, halk d\u00fc\u015fmanl\u0131\u011f\u0131na hayat hakk\u0131 tan\u0131nmas\u0131 kabul edilemez. Bu geli\u015fmelerin Ba\u015fbakanl\u0131k Cumhuriyeti\u2019nde ya\u015fam hakk\u0131 bulmas\u0131 demokrasi ufku \u00f6n\u00fcne kara bulutlar geriyor.<\/p>\n<p>Sofya meclisinde devam eden tart\u0131\u015fmalarda T\u00fcrkiye\u2019deki soyda\u015flar\u0131m\u0131z\u0131n se\u00e7im sand\u0131klar\u0131ndan uzak tutulmas\u0131na \u00e7al\u0131\u015fanlardan insan haklar\u0131n\u0131, se\u00e7me ve se\u00e7ilme hakk\u0131 temel al\u0131narak mant\u0131kl\u0131 d\u00fc\u015f\u00fcnmelerini ve yasalara uygun kararlar alarak de\u011fi\u015fikler yapmas\u0131n\u0131 beklemek yanl\u0131\u015f olur. \u00c7\u00fcnk\u00fc anti- T\u00fcrk konusundan \u00f6d\u00fcn bekleyemeyiz. Onlar bu konuda yeminlidir. T\u00fcrklerin, az\u0131nl\u0131klar\u0131n temel insan haklar\u0131n\u0131 tan\u0131madan ulusal b\u00fct\u00fcnl\u00fck isteyenlerin, demokrasiden, hak, \u00f6zg\u00fcrl\u00fck ve adaletten ne anlad\u0131klar\u0131n\u0131 alg\u0131lamak her g\u00fcn biraz daha zor oluyor. Bu memlekette T\u00fcrk, Pomak ve \u00c7ingene az\u0131nl\u0131klar\u0131 oldu\u011fundan s\u00f6z bile etmeden, de\u011fi\u015fik dinler oldu\u011fundan, birka\u00e7 dil konu\u015fuldu\u011fundan s\u00f6z bile edilmeden y\u00fcr\u00fct\u00fclen Cumhurba\u015fkan\u0131 kampanyas\u0131, insanlar aras\u0131nda hayal ve d\u00fc\u015f k\u0131r\u0131kl\u0131\u011f\u0131 uyand\u0131r\u0131yor.<\/p>\n<p><strong>Meclis uluslar aras\u0131 yasalar ve angajmanlara uygun karar alabilecek durumda de\u011fildir.<\/strong><\/p>\n<p>Bu arada, soyda\u015flar olarak, bizim yasal haklar\u0131m\u0131z\u0131 savunmay\u0131 kabul eden Cumhurba\u015fkan\u0131 adaylar\u0131na oy vermemiz do\u011fru olur. \u00c7\u00fcnk\u00fc yaln\u0131z H\u00d6H ve DOST partilerinin \u201cerkekn se\u00e7im isteri\u201d \u015fiar\u0131 sorunlar\u0131m\u0131z\u0131n \u00e7\u00f6z\u00fclmesine yeterli de\u011fildir. \u00d6rne\u011fin Reformcu Blok\u2019un Cumhurba\u015fkan\u0131 aday\u0131 Tray\u00e7o Traykov bas\u0131na deme\u00e7lerinde, TV konu\u015fmalar\u0131nda ve halkta temaslar\u0131nda ger\u00e7ekten demokratik isteklerle g\u00f6n\u00fcl ok\u015fuyor. \u00a0Aday Tr. Traykov, Bulgaristan\u2019da ger\u00e7ekten demokratik bir adalet reformu yap\u0131lmas\u0131 \u00fczerinde basa basa dururken, adalet sisteminin kom\u00fcnist ve r\u00fc\u015fvet\u00e7i yarg\u0131\u00e7 ve savc\u0131lardan ar\u0131nd\u0131r\u0131lmas\u0131nda \u0131srar ediyor ve b\u00f6yle bir reformu destekledi\u011fini belirtiyor.<\/p><div id=\"bghab-2132172171\" class=\"bghab-icerik-icine-10-paragraf bghab-entity-placement\"><script async src=\"\/\/pagead2.googlesyndication.com\/pagead\/js\/adsbygoogle.js?client=ca-pub-6203283170189293\" crossorigin=\"anonymous\"><\/script><ins class=\"adsbygoogle\" style=\"display:block; text-align:center;\" data-ad-client=\"ca-pub-6203283170189293\" \ndata-ad-slot=\"7303146466\" \ndata-ad-layout=\"in-article\"\ndata-ad-format=\"fluid\" data-full-width-responsive=\"true\"><\/ins>\n<script> \n(adsbygoogle = window.adsbygoogle || []).push({}); \n<\/script>\n<\/div>\n<p>Traykov, di\u011fer adaylardan farkl\u0131 olarak T\u00fcrkiye de bu arada t\u00fcm kom\u015fular\u0131m\u0131zla iyi ilikliler geli\u015ftirmemizden yana \u00e7\u0131karken NATO ve Avrupa Birli\u011fi i\u00e7inde s\u00f6z\u00fcm\u00fcz\u00fcn i\u015fitilmesini istiyor. Bulgaristan menfaatlerini m\u00fcttefikler ve kom\u015fular \u00f6n\u00fcnde savunmak isteyen Traykov, az\u0131nl\u0131klar\u0131n temel haklar\u0131n\u0131n tan\u0131nmas\u0131ndan yana \u00e7\u0131k\u0131yor ve ayn\u0131 zamanda \u00fclkemizin fakirle\u015fmesi ve yoksulla\u015fmas\u0131na sebep olan tekellerle, oligar\u015fi ve r\u00fc\u015fvet\u00e7i, doland\u0131r\u0131c\u0131, dalavereci zengin z\u00fcmreyle m\u00fccadele edece\u011fine s\u00f6z veriyor. Onun bir Bulgar olmas\u0131 oyun bozmaz. \u00d6nemli olan bizim gibi d\u00fc\u015f\u00fcnmesi ve bizim haklar\u0131m\u0131z\u0131 g\u00f6z ard\u0131 etmemesidir.<\/p>\n<p><strong>Traykov\u2019un Cumhurba\u015fkan\u0131 listesindeki n.o.\u2019su 7 (yedidir).<\/strong><\/p>\n<p>\u0130\u015fte b\u00f6yle bir ortamda, Bulgaristan\u2019da Cumhurba\u015fkan\u0131 se\u00e7imlerine do\u011fru siyasi s\u00fcr\u00fcnme devam ederken, bas\u0131nda B\u00fcy\u00fck T\u00fcrkiye\u2019nin etki alan\u0131na ili\u015fkin \u00e7\u0131kan yeni haberler farkl\u0131 yorumlara vesile oldu. Baz\u0131 tarih\u00e7ilerin T\u00fcrkiye devletinin devlet s\u0131n\u0131rlar\u0131na ili\u015fkin \u201cMilli Mutabakat\u0131n\u201d K\u0131br\u0131s, Alepo, Musul, Erbil, Kerk\u00fck, Batumi, Selanik, K\u0131rcaali ve Varna ile Ege Denini adalar\u0131n\u0131 da kapsad\u0131\u011f\u0131n\u0131 savunmas\u0131, anti-yeni Osmanl\u0131c\u0131 yorumlar\u0131 \u015fiddetlendirdi. Bu gerginlik \u00fclkedeki se\u00e7im kampanyas\u0131n\u0131n her an\u0131nda daha da g\u00fc\u00e7l\u00fc hissedilmeye ba\u015flad\u0131.<\/p>\n<p>Se\u00e7men kitlesinde sinme ve kendi kabu\u011funa s\u0131\u011f\u0131nma e\u011filimi hissediliyor. Bu geli\u015fmeler bir de ikide bir ayar\u0131 ka\u00e7an iktidar\u0131n sald\u0131rgan tav\u0131rla uyum sa\u011flay\u0131p d\u00fczen durmaya \u00e7al\u0131\u015ft\u0131\u011f\u0131 bir ortamdan cereyan edince \u00e7\u00f6z\u00fclemeyen sorunlar yeni boyutlar al\u0131yor.<\/p>\n<p>Devam edecek<\/p><div id=\"bghab-1153481925\" class=\"bghab-icerik-icine-15-paragraf bghab-entity-placement\"><script async src=\"\/\/pagead2.googlesyndication.com\/pagead\/js\/adsbygoogle.js?client=ca-pub-6203283170189293\" crossorigin=\"anonymous\"><\/script><ins class=\"adsbygoogle\" style=\"display:block; text-align:center;\" data-ad-client=\"ca-pub-6203283170189293\" \ndata-ad-slot=\"7303146466\" \ndata-ad-layout=\"in-article\"\ndata-ad-format=\"fluid\" data-full-width-responsive=\"true\"><\/ins>\n<script> \n(adsbygoogle = window.adsbygoogle || []).push({}); \n<\/script>\n<\/div>\n<div id=\"bghab-2231931306\" class=\"bghab-yazi-altinda bghab-entity-placement\"><div class=\"bghab-adlabel\">Reklamlar<\/div><script async src=\"https:\/\/pagead2.googlesyndication.com\/pagead\/js\/adsbygoogle.js\"><\/script>\r\n<!-- bghaber-yaz\u0131-sonu -->\r\n<ins class=\"adsbygoogle\"\r\n     style=\"display:block\"\r\n     data-ad-client=\"ca-pub-6203283170189293\"\r\n     data-ad-slot=\"4222328180\"\r\n     data-ad-format=\"auto\"\r\n     data-full-width-responsive=\"true\"><\/ins>\r\n<script>\r\n     (adsbygoogle = window.adsbygoogle || []).push({});\r\n<\/script><\/div><br style=\"clear: both; display: block; float: none;\"\/>","protected":false},"excerpt":{"rendered":"<p>&nbsp; BGSAM Konu: Halk\u0131n Cumhuriyeti miyiz yoksa Ba\u015fbakan Cumhuriyeti mi? Bizde iktidar\u0131n ayar\u0131 birka\u00e7 ayda bir bozulmaya ba\u015flad\u0131. Bu defa Ba\u015fbakan Boyko Borisov kabineyi ayar<\/p>\n","protected":false},"author":13,"featured_media":6093,"comment_status":"closed","ping_status":"closed","sticky":false,"template":"","format":"standard","meta":{"advanced_seo_description":"","jetpack_seo_html_title":"","jetpack_seo_noindex":false,"_jetpack_memberships_contains_paid_content":false,"footnotes":""},"categories":[6],"tags":[],"class_list":["post-21145","post","type-post","status-publish","format-standard","has-post-thumbnail","hentry","category-yorum"],"jetpack_featured_media_url":"https:\/\/i0.wp.com\/www.bghaber.org\/bghaber\/wp-content\/uploads\/2013\/09\/1-logo-yk.jpg?fit=552%2C531&ssl=1","jetpack_sharing_enabled":true,"jetpack_likes_enabled":true,"jetpack-related-posts":[],"jetpack_shortlink":"https:\/\/wp.me\/pc2PfJ-5v3","_links":{"self":[{"href":"https:\/\/www.bghaber.org\/bghaber\/wp-json\/wp\/v2\/posts\/21145","targetHints":{"allow":["GET"]}}],"collection":[{"href":"https:\/\/www.bghaber.org\/bghaber\/wp-json\/wp\/v2\/posts"}],"about":[{"href":"https:\/\/www.bghaber.org\/bghaber\/wp-json\/wp\/v2\/types\/post"}],"author":[{"embeddable":true,"href":"https:\/\/www.bghaber.org\/bghaber\/wp-json\/wp\/v2\/users\/13"}],"replies":[{"embeddable":true,"href":"https:\/\/www.bghaber.org\/bghaber\/wp-json\/wp\/v2\/comments?post=21145"}],"version-history":[{"count":0,"href":"https:\/\/www.bghaber.org\/bghaber\/wp-json\/wp\/v2\/posts\/21145\/revisions"}],"wp:featuredmedia":[{"embeddable":true,"href":"https:\/\/www.bghaber.org\/bghaber\/wp-json\/wp\/v2\/media\/6093"}],"wp:attachment":[{"href":"https:\/\/www.bghaber.org\/bghaber\/wp-json\/wp\/v2\/media?parent=21145"}],"wp:term":[{"taxonomy":"category","embeddable":true,"href":"https:\/\/www.bghaber.org\/bghaber\/wp-json\/wp\/v2\/categories?post=21145"},{"taxonomy":"post_tag","embeddable":true,"href":"https:\/\/www.bghaber.org\/bghaber\/wp-json\/wp\/v2\/tags?post=21145"}],"curies":[{"name":"wp","href":"https:\/\/api.w.org\/{rel}","templated":true}]}}