{"id":21137,"date":"2016-10-19T23:08:19","date_gmt":"2016-10-19T20:08:19","guid":{"rendered":"http:\/\/www.bghaber.org\/bghaber\/?p=21137"},"modified":"2018-05-09T17:55:25","modified_gmt":"2018-05-09T14:55:25","slug":"bulturk-ankara-temsilcisi-kayseri-tv1-de","status":"publish","type":"post","link":"https:\/\/www.bghaber.org\/bghaber\/bulturk-ankara-temsilcisi-kayseri-tv1-de\/","title":{"rendered":"BULT\u00dcRK Ankara Temsilcisi Kayseri TV1&#8217;de"},"content":{"rendered":"<p>BULT\u00dcRK Ankara Temsilcimiz, Siyaset Bilimi ve Uluslararas\u0131 \u0130li\u015fkiler Uzman\u0131 \u0130smail C\u0130NG\u00d6Z Kayseri\u2019de T\u00fcrkiye\u2019nin Ortado\u011fu g\u00fcndemini de\u011ferlendirdi.<\/p>\n<p><img data-recalc-dims=\"1\" decoding=\"async\" src=\"https:\/\/i0.wp.com\/www.bghaber.org\/bghaber\/wp-content\/uploads\/2016\/10\/kayseri-tv.jpg?w=640\" alt=\"kayseri-tv\" \/><\/p>\n<p>Ulusal yay\u0131n yapan Kayseri TV1 Televizyon Kanal\u0131nda 18 Ekim 2016 g\u00fcn\u00fc Do\u00e7. Dr. Celil ARSLAN\u2019\u0131n taraf\u0131ndan sunulan <strong>\u201cAkademik Bak\u0131\u015f\u201d<\/strong> program\u0131na canl\u0131 yay\u0131n konu\u011fu olarak davet edilen BULT\u00dcRK Derne\u011fi Ankara Temsilcimiz Siyaset Bilimi ve Uluslararas\u0131 \u0130li\u015fkiler Uzman\u0131 \u0130smail C\u0130NG\u00d6Z, birlikte son d\u00f6nemlerin g\u00fcndemden d\u00fc\u015fmeyen b\u00f6lgesi Ortado\u011fu g\u00fcndemini ele ald\u0131lar. Say\u0131n ARSLAN ile birlikte Say\u0131n C\u0130NG\u00d6Z, <strong>\u201cT\u00fcrkiye Suriye \u0130li\u015fkilerinin D\u00fcn\u00fc-Bug\u00fcn\u00fc ve Suriyeli S\u0131\u011f\u0131nmac\u0131lar\u201d<\/strong> konusu \u00fczerinde akademik a\u00e7\u0131dan de\u011ferlendirmeler yapt\u0131lar.<\/p>\n<p>Ayn\u0131 g\u00fcn\u00fcn ak\u015fam\u0131nda ise T\u00fcrk Ocaklar Kayseri \u015eube Ba\u015fkan\u0131 Prof. Dr. Mustafa \u00dcNAL ve Ba\u015fkan Yard\u0131mc\u0131s\u0131 Do\u00e7. Dr. Celil ARSLAN\u2019\u0131n konu\u011fu olarak T\u00fcrk Oca\u011f\u0131 Kayseri \u015eubesine davet edilen \u0130smail C\u0130NG\u00d6Z, T\u00fcrk Oca\u011f\u0131 Sal\u0131 Sohbetleri etkinli\u011finde <strong>\u201cArap Bahar\u0131 ve T\u00fcrkiye-Suriye \u0130li\u015fkilerine Etkisi, Suriyeli S\u0131\u011f\u0131nmac\u0131lar Sorunu\u201d<\/strong> konulu bir konferans vermi\u015ftir. Kat\u0131l\u0131m\u0131n yo\u011fun oldu\u011fu g\u00f6r\u00fclen konferans, ilgi ile takip edilmi\u015ftir.<\/p>\n<h5><img data-recalc-dims=\"1\" decoding=\"async\" src=\"https:\/\/i0.wp.com\/www.bghaber.org\/bghaber\/wp-content\/uploads\/2016\/10\/to-kayseri.jpg?w=640\" alt=\"to-kayseri\" \/>Bult\u00fcrk Ankara temsilcisi Siyaset Bilimi ve Uluslararas\u0131 \u0130li\u015fkiler Uzman\u0131 \u0130smail C\u0130NG\u00d6Z Te\u015fekk\u00fcr belgesi<\/h5>\n<div id=\"bghab-1761043073\" class=\"bghab-yazi-altinda bghab-entity-placement\"><div class=\"bghab-adlabel\">Reklamlar<\/div><script async src=\"https:\/\/pagead2.googlesyndication.com\/pagead\/js\/adsbygoogle.js\"><\/script>\r\n<!-- bghaber-yaz\u0131-sonu -->\r\n<ins class=\"adsbygoogle\"\r\n     style=\"display:block\"\r\n     data-ad-client=\"ca-pub-6203283170189293\"\r\n     data-ad-slot=\"4222328180\"\r\n     data-ad-format=\"auto\"\r\n     data-full-width-responsive=\"true\"><\/ins>\r\n<script>\r\n     (adsbygoogle = window.adsbygoogle || []).push({});\r\n<\/script><\/div><br style=\"clear: both; display: block; float: none;\"\/>","protected":false},"excerpt":{"rendered":"<p>BULT\u00dcRK Ankara Temsilcimiz, Siyaset Bilimi ve Uluslararas\u0131 \u0130li\u015fkiler Uzman\u0131 \u0130smail C\u0130NG\u00d6Z Kayseri\u2019de T\u00fcrkiye\u2019nin Ortado\u011fu g\u00fcndemini de\u011ferlendirdi. Ulusal yay\u0131n yapan Kayseri TV1 Televizyon Kanal\u0131nda 18 Ekim<\/p>\n","protected":false},"author":13,"featured_media":21139,"comment_status":"closed","ping_status":"closed","sticky":false,"template":"","format":"standard","meta":{"advanced_seo_description":"","jetpack_seo_html_title":"","jetpack_seo_noindex":false,"_jetpack_memberships_contains_paid_content":false,"footnotes":""},"categories":[4],"tags":[37,785,982],"class_list":["post-21137","post","type-post","status-publish","format-standard","has-post-thumbnail","hentry","category-siyaset","tag-bulturk","tag-bulturk-dernegi","tag-kayseri-tv1"],"jetpack_featured_media_url":"https:\/\/i0.wp.com\/www.bghaber.org\/bghaber\/wp-content\/uploads\/2016\/10\/kayseri-tv.jpg?fit=1024%2C709&ssl=1","jetpack_sharing_enabled":true,"jetpack_likes_enabled":true,"jetpack-related-posts":[],"jetpack_shortlink":"https:\/\/wp.me\/pc2PfJ-5uV","_links":{"self":[{"href":"https:\/\/www.bghaber.org\/bghaber\/wp-json\/wp\/v2\/posts\/21137","targetHints":{"allow":["GET"]}}],"collection":[{"href":"https:\/\/www.bghaber.org\/bghaber\/wp-json\/wp\/v2\/posts"}],"about":[{"href":"https:\/\/www.bghaber.org\/bghaber\/wp-json\/wp\/v2\/types\/post"}],"author":[{"embeddable":true,"href":"https:\/\/www.bghaber.org\/bghaber\/wp-json\/wp\/v2\/users\/13"}],"replies":[{"embeddable":true,"href":"https:\/\/www.bghaber.org\/bghaber\/wp-json\/wp\/v2\/comments?post=21137"}],"version-history":[{"count":0,"href":"https:\/\/www.bghaber.org\/bghaber\/wp-json\/wp\/v2\/posts\/21137\/revisions"}],"wp:featuredmedia":[{"embeddable":true,"href":"https:\/\/www.bghaber.org\/bghaber\/wp-json\/wp\/v2\/media\/21139"}],"wp:attachment":[{"href":"https:\/\/www.bghaber.org\/bghaber\/wp-json\/wp\/v2\/media?parent=21137"}],"wp:term":[{"taxonomy":"category","embeddable":true,"href":"https:\/\/www.bghaber.org\/bghaber\/wp-json\/wp\/v2\/categories?post=21137"},{"taxonomy":"post_tag","embeddable":true,"href":"https:\/\/www.bghaber.org\/bghaber\/wp-json\/wp\/v2\/tags?post=21137"}],"curies":[{"name":"wp","href":"https:\/\/api.w.org\/{rel}","templated":true}]}}