{"id":21130,"date":"2016-10-18T15:55:24","date_gmt":"2016-10-18T12:55:24","guid":{"rendered":"http:\/\/www.bghaber.org\/bghaber\/?p=21130"},"modified":"2016-10-18T15:55:24","modified_gmt":"2016-10-18T12:55:24","slug":"turk-akimi-ve-guney-akimi-projesi-nedir","status":"publish","type":"post","link":"https:\/\/www.bghaber.org\/bghaber\/turk-akimi-ve-guney-akimi-projesi-nedir\/","title":{"rendered":"T\u00fcrk Ak\u0131m\u0131 ve G\u00fcney Ak\u0131m\u0131 projesi nedir?"},"content":{"rendered":"<p><img data-recalc-dims=\"1\" decoding=\"async\" src=\"https:\/\/i0.wp.com\/i.hurimg.com\/i\/hurriyet\/90\/620x350\/57fbd0f5c03c0e31c0a40c58.jpg?w=640\" alt=\"T\u00fcrk Ak\u0131m\u0131 ve G\u00fcney Ak\u0131m\u0131 projesi nedir?\" \/><\/p>\n<div class=\"news-detail-spot\">\n<h2 class=\"selectionShareable\">Son d\u00f6nemde yeniden g\u00fcndeme gelen <a class=\"keywords\" href=\"http:\/\/www.hurriyet.com.tr\/index\/guney-akimi\" target=\"_blank\">G\u00fcney Ak\u0131m\u0131<\/a> ve <a class=\"keywords\" href=\"http:\/\/www.hurriyet.com.tr\/index\/turk-akimi\" target=\"_blank\">T\u00fcrk Ak\u0131m\u0131<\/a> projeleri nedir? Karadeniz\u2019in alt\u0131ndan ge\u00e7erek <a class=\"keywords\" href=\"http:\/\/www.hurriyet.com.tr\/index\/turkiye\" target=\"_blank\">T\u00fcrkiye<\/a> \u00fczerinden Avrupa\u2019ya ula\u015facak T\u00fcrk Ak\u0131m\u0131 do\u011falgaz boru hatt\u0131 nedir? \u0130\u015fte projenin detaylar\u0131.<\/h2>\n<\/div>\n<div class=\"news-box\">\n<p class=\"selectionShareable\"><a class=\"keywords\" href=\"http:\/\/www.hurriyet.com.tr\/index\/recep-tayyip-erdogan\" target=\"_blank\">Erdo\u011fan<\/a> Putin g\u00f6r\u00fc\u015fmesinden sonra g\u00fcndeme gelen <a class=\"keywords\" href=\"http:\/\/www.hurriyet.com.tr\/index\/guney-akimi\" target=\"_blank\">G\u00fcney Ak\u0131m\u0131<\/a> ve <a class=\"keywords\" href=\"http:\/\/www.hurriyet.com.tr\/index\/turk-akimi\" target=\"_blank\">T\u00fcrk Ak\u0131m\u0131<\/a>projeleri nedir?<\/p>\n<p class=\"selectionShareable\">Rusya ile <a class=\"keywords\" href=\"http:\/\/www.hurriyet.com.tr\/index\/turkiye\" target=\"_blank\">T\u00fcrkiye<\/a> aras\u0131nda <a class=\"keywords\" href=\"http:\/\/www.hurriyet.com.tr\/index\/son\" target=\"_blank\">son<\/a> d\u00f6nemde masada yer alan en \u00f6nemli do\u011falgaz projelerinin ba\u015f\u0131nda <a class=\"keywords\" href=\"http:\/\/www.hurriyet.com.tr\/index\/turk\" target=\"_blank\">T\u00fcrk<\/a> Ak\u0131m\u0131 geliyor.<\/p>\n<p class=\"selectionShareable\">Projenin ilk detaylar\u0131 Aral\u0131k 2014&#8217;te ortaya \u00e7\u0131kt\u0131. Bu tarihte Rusya Devlet Ba\u015fkan\u0131 Vladimir Putin&#8217;in <a class=\"keywords\" href=\"http:\/\/www.hurriyet.com.tr\/index\/ankara\" target=\"_blank\">Ankara<\/a>&#8216;da Cumhurba\u015fkan\u0131 <a class=\"keywords\" href=\"http:\/\/www.hurriyet.com.tr\/index\/recep-tayyip-erdogan\" target=\"_blank\">Recep Tayyip Erdo\u011fan<\/a>&#8216;\u0131 ziyareti sonras\u0131nda a\u00e7\u0131klanan projede in\u015faata 2016&#8217;da ba\u015flanmas\u0131 \u00f6ng\u00f6r\u00fcld\u00fc.<\/p>\n<p class=\"selectionShareable\"><strong>RUS GAZI \u0130\u00c7\u0130N YEN\u0130 HAT<\/strong><\/p>\n<p class=\"selectionShareable\">Avrupa&#8217;ya do\u011falgaz\u0131n\u0131 Ukrayna \u00fczerinden satan Rusya, bu \u00fclke ile ya\u015fad\u0131\u011f\u0131 sorunlar ard\u0131ndan do\u011falgaz\u0131n\u0131 alternatif bir yolla ta\u015f\u0131mak istiyordu. T\u00fcrk Ak\u0131m\u0131 projesi bu nedende g\u00fcndeme geldi. Do\u011falgaz hatt\u0131, Rus gaz\u0131n\u0131 Karadeniz&#8217;in alt\u0131ndan ge\u00e7erek T\u00fcrkiye topraklar\u0131na ve buradan da Yunanistan \u00fczerinden Avrupa&#8217;ya ta\u015f\u0131may\u0131 \u00f6ng\u00f6r\u00fcyord\u00fc.<\/p><div id=\"bghab-400238238\" class=\"bghab-icerik-icine bghab-entity-placement\"><script async src=\"\/\/pagead2.googlesyndication.com\/pagead\/js\/adsbygoogle.js?client=ca-pub-6203283170189293\" crossorigin=\"anonymous\"><\/script><ins class=\"adsbygoogle\" style=\"display:block; text-align:center;\" data-ad-client=\"ca-pub-6203283170189293\" \ndata-ad-slot=\"7303146466\" \ndata-ad-layout=\"in-article\"\ndata-ad-format=\"fluid\" data-full-width-responsive=\"true\"><\/ins>\n<script> \n(adsbygoogle = window.adsbygoogle || []).push({}); \n<\/script>\n<\/div>\n<p class=\"selectionShareable\"><strong>HATTIN UZUNLU\u011eU KA\u00c7 K\u0130LOMETRE?<\/strong><\/p>\n<p class=\"selectionShareable\">Her biri 15 milyar 750 milyon metrek\u00fcp kapasiteli 4 hattan olu\u015facak T\u00fcrk Ak\u0131m\u2019\u0131n\u0131n 910 kilometresi Karadeniz\u2019in alt\u0131ndan ge\u00e7ecek. Trakya\u2019dan T\u00fcrkiye topraklar\u0131na girecek hatt\u0131n kara b\u00f6l\u00fcm\u00fcndeki uzunlu\u011fu da 260 kilometre olacak.<\/p>\n<p class=\"selectionShareable\"><strong>HATTAN NE KADAR <a class=\"keywords\" href=\"http:\/\/www.hurriyet.com.tr\/index\/gaz\" target=\"_blank\">GAZ<\/a> G\u0130DECEK?<\/strong><\/p>\n<p class=\"selectionShareable\">Boru hatt\u0131n\u0131n planlanan tahmini ta\u015f\u0131ma kapasitesi y\u0131lda 63 milyar metrek\u00fcp. T\u00fcrkiye&#8217;nin bu projeden y\u0131lda yakla\u015f\u0131k 14 milyar metrek\u00fcp do\u011falgaz almas\u0131 ve geriye kalan 49 milyar metrek\u00fcp gaz\u0131n Avrupa&#8217;ya ihra\u00e7 edilmesi d\u00fc\u015f\u00fcn\u00fcl\u00fcyor.<\/p>\n<p class=\"selectionShareable\">Gazprom, Karadeniz\u2019in alt\u0131ndan ge\u00e7ecek hatt\u0131n tamam\u0131n\u0131 kendisi in\u015fa edecek. T\u00fcrkiye topraklar\u0131ndan ge\u00e7ecek k\u0131sm\u0131n ortakla\u015fa yap\u0131lmas\u0131 planland\u0131.<\/p><div id=\"bghab-862218392\" class=\"bghab-icerik-icine-10-paragraf bghab-entity-placement\"><script async src=\"\/\/pagead2.googlesyndication.com\/pagead\/js\/adsbygoogle.js?client=ca-pub-6203283170189293\" crossorigin=\"anonymous\"><\/script><ins class=\"adsbygoogle\" style=\"display:block; text-align:center;\" data-ad-client=\"ca-pub-6203283170189293\" \ndata-ad-slot=\"7303146466\" \ndata-ad-layout=\"in-article\"\ndata-ad-format=\"fluid\" data-full-width-responsive=\"true\"><\/ins>\n<script> \n(adsbygoogle = window.adsbygoogle || []).push({}); \n<\/script>\n<\/div>\n<p class=\"selectionShareable\"><strong>NE KADARA MAL OLACAK?<\/strong><\/p>\n<p class=\"selectionShareable\">T\u00fcrk Ak\u0131m\u0131\u2019n\u0131n 19 milyar dolara mal olmas\u0131 bekleniyor.<\/p>\n<p class=\"selectionShareable\"><strong>MAYIS 2015: \u0130N\u015eAAT BA\u015eLADI<\/strong><\/p>\n<p class=\"selectionShareable\">\u0130ki \u00fclke aras\u0131ndaki anla\u015fmalar do\u011frultusunda in\u015faat May\u0131s 2015&#8217;te ba\u015flad\u0131. Gazprom Ba\u015fkan\u0131 Aleksey Miller, T\u00fcrk Ak\u0131m\u0131 do\u011falgaz boru hatt\u0131 ile ilgili in\u015faat \u00e7al\u0131\u015fmalar\u0131n\u0131n ba\u015flad\u0131\u011f\u0131n\u0131 a\u00e7\u0131klad\u0131.<\/p>\n<p class=\"selectionShareable\"><strong><a class=\"keywords\" href=\"http:\/\/www.hurriyet.com.tr\/index\/ucak\" target=\"_blank\">U\u00c7AK<\/a> D\u00dc\u015eMES\u0130 SONRASI PROJE DURDU<\/strong><\/p><div id=\"bghab-2169209098\" class=\"bghab-icerik-icine-15-paragraf bghab-entity-placement\"><script async src=\"\/\/pagead2.googlesyndication.com\/pagead\/js\/adsbygoogle.js?client=ca-pub-6203283170189293\" crossorigin=\"anonymous\"><\/script><ins class=\"adsbygoogle\" style=\"display:block; text-align:center;\" data-ad-client=\"ca-pub-6203283170189293\" \ndata-ad-slot=\"7303146466\" \ndata-ad-layout=\"in-article\"\ndata-ad-format=\"fluid\" data-full-width-responsive=\"true\"><\/ins>\n<script> \n(adsbygoogle = window.adsbygoogle || []).push({}); \n<\/script>\n<\/div>\n<p class=\"selectionShareable\">Proje i\u00e7in d\u00f6n\u00fcm noktas\u0131 24 Kas\u0131m 2015 oldu. S\u0131n\u0131rda Rus sava\u015f u\u00e7a\u011f\u0131n\u0131n\u0131n d\u00fc\u015f\u00fcr\u00fclmesinin ard\u0131ndan projeyle ilgili \u00e7al\u0131\u015fmalar donduruldu.<\/p>\n<p class=\"selectionShareable\">Ve <a class=\"keywords\" href=\"http:\/\/www.hurriyet.com.tr\/index\/bugun\" target=\"_blank\">bug\u00fcn<\/a>.. Cumhurba\u015fkan\u0131 <a class=\"keywords\" href=\"http:\/\/www.hurriyet.com.tr\/index\/recep-tayyip-erdogan\" target=\"_blank\">Tayyip Erdo\u011fan<\/a> ve Rusya Devlet Ba\u015fkan\u0131 Vladimir Putin, projenin yeniden hayata ge\u00e7irilmesi i\u00e7in ad\u0131m at\u0131laca\u011f\u0131n\u0131 a\u00e7\u0131klad\u0131.<\/p>\n<p class=\"selectionShareable\"><strong>G\u00dcNEY AKIMI PROJES\u0130 NED\u0130R?<\/strong><\/p>\n<p class=\"selectionShareable\">G\u00fcney Ak\u0131m\u0131 Do\u011falgaz projesi Rusya\u2019n\u0131n en b\u00fcy\u00fck do\u011falgaz hatt\u0131 projesi olan Nabucco\u2019yu devre d\u0131\u015f\u0131 b\u0131rakmak ve Ukrayna\u2019y\u0131 devre d\u0131\u015f\u0131 b\u0131rakmak i\u00e7in ortaya att\u0131\u011f\u0131 bir projedir.<\/p>\n<p class=\"selectionShareable\">G\u00fcney Ak\u0131m Projesi&#8217;ne g\u00f6re Rus do\u011falgaz\u0131, Rusya&#8217;dan ba\u015flay\u0131p Karadeniz&#8217;in ikibin metre alt\u0131ndan Bulgaristan&#8217;a ula\u015f\u0131p buradan iki kola ayr\u0131lacak.<\/p><div id=\"bghab-4271167200\" class=\"bghab-icerik-icine-20-paragraf bghab-entity-placement\"><script async src=\"\/\/pagead2.googlesyndication.com\/pagead\/js\/adsbygoogle.js?client=ca-pub-6203283170189293\" crossorigin=\"anonymous\"><\/script><ins class=\"adsbygoogle\" style=\"display:block; text-align:center;\" data-ad-client=\"ca-pub-6203283170189293\" \ndata-ad-slot=\"7303146466\" \ndata-ad-layout=\"in-article\"\ndata-ad-format=\"fluid\" data-full-width-responsive=\"true\"><\/ins>\n<script> \n(adsbygoogle = window.adsbygoogle || []).push({}); \n<\/script>\n<\/div>\n<p class=\"selectionShareable\">Birinci kol Yunanistan \u00fczerinden \u0130talya&#8217;ya, ikinci kol ise S\u0131rbistan ve Macaristan \u00fczerinden ge\u00e7erek Avusturya&#8217;n\u0131n Baumgarten liman\u0131na ula\u015facak.<\/p>\n<\/div>\n<div id=\"bghab-978734059\" class=\"bghab-yazi-altinda bghab-entity-placement\"><div class=\"bghab-adlabel\">Reklamlar<\/div><script async src=\"https:\/\/pagead2.googlesyndication.com\/pagead\/js\/adsbygoogle.js\"><\/script>\r\n<!-- bghaber-yaz\u0131-sonu -->\r\n<ins class=\"adsbygoogle\"\r\n     style=\"display:block\"\r\n     data-ad-client=\"ca-pub-6203283170189293\"\r\n     data-ad-slot=\"4222328180\"\r\n     data-ad-format=\"auto\"\r\n     data-full-width-responsive=\"true\"><\/ins>\r\n<script>\r\n     (adsbygoogle = window.adsbygoogle || []).push({});\r\n<\/script><\/div><br style=\"clear: both; display: block; float: none;\"\/>","protected":false},"excerpt":{"rendered":"<p>Son d\u00f6nemde yeniden g\u00fcndeme gelen G\u00fcney Ak\u0131m\u0131 ve T\u00fcrk Ak\u0131m\u0131 projeleri nedir? Karadeniz\u2019in alt\u0131ndan ge\u00e7erek T\u00fcrkiye \u00fczerinden Avrupa\u2019ya ula\u015facak T\u00fcrk Ak\u0131m\u0131 do\u011falgaz boru hatt\u0131 nedir?<\/p>\n","protected":false},"author":13,"featured_media":21131,"comment_status":"closed","ping_status":"closed","sticky":false,"template":"","format":"standard","meta":{"advanced_seo_description":"","jetpack_seo_html_title":"","jetpack_seo_noindex":false,"_jetpack_memberships_contains_paid_content":false,"footnotes":""},"categories":[9],"tags":[],"class_list":["post-21130","post","type-post","status-publish","format-standard","has-post-thumbnail","hentry","category-ekonomi"],"jetpack_featured_media_url":"https:\/\/i0.wp.com\/www.bghaber.org\/bghaber\/wp-content\/uploads\/2016\/10\/turk-ak%C4%B1m.jpg?fit=620%2C350&ssl=1","jetpack_sharing_enabled":true,"jetpack_likes_enabled":true,"jetpack-related-posts":[],"jetpack_shortlink":"https:\/\/wp.me\/pc2PfJ-5uO","_links":{"self":[{"href":"https:\/\/www.bghaber.org\/bghaber\/wp-json\/wp\/v2\/posts\/21130","targetHints":{"allow":["GET"]}}],"collection":[{"href":"https:\/\/www.bghaber.org\/bghaber\/wp-json\/wp\/v2\/posts"}],"about":[{"href":"https:\/\/www.bghaber.org\/bghaber\/wp-json\/wp\/v2\/types\/post"}],"author":[{"embeddable":true,"href":"https:\/\/www.bghaber.org\/bghaber\/wp-json\/wp\/v2\/users\/13"}],"replies":[{"embeddable":true,"href":"https:\/\/www.bghaber.org\/bghaber\/wp-json\/wp\/v2\/comments?post=21130"}],"version-history":[{"count":0,"href":"https:\/\/www.bghaber.org\/bghaber\/wp-json\/wp\/v2\/posts\/21130\/revisions"}],"wp:featuredmedia":[{"embeddable":true,"href":"https:\/\/www.bghaber.org\/bghaber\/wp-json\/wp\/v2\/media\/21131"}],"wp:attachment":[{"href":"https:\/\/www.bghaber.org\/bghaber\/wp-json\/wp\/v2\/media?parent=21130"}],"wp:term":[{"taxonomy":"category","embeddable":true,"href":"https:\/\/www.bghaber.org\/bghaber\/wp-json\/wp\/v2\/categories?post=21130"},{"taxonomy":"post_tag","embeddable":true,"href":"https:\/\/www.bghaber.org\/bghaber\/wp-json\/wp\/v2\/tags?post=21130"}],"curies":[{"name":"wp","href":"https:\/\/api.w.org\/{rel}","templated":true}]}}