{"id":21127,"date":"2016-10-18T15:50:43","date_gmt":"2016-10-18T12:50:43","guid":{"rendered":"http:\/\/www.bghaber.org\/bghaber\/?p=21127"},"modified":"2016-10-29T11:48:17","modified_gmt":"2016-10-29T08:48:17","slug":"2-bisanthe-tas-heykel-sempozyumu-alin-yazisi","status":"publish","type":"post","link":"https:\/\/www.bghaber.org\/bghaber\/2-bisanthe-tas-heykel-sempozyumu-alin-yazisi\/","title":{"rendered":"2. Bisanthe Ta\u015f Heykel Sempozyumu: \u201cAl\u0131n Yaz\u0131s\u0131\u201d"},"content":{"rendered":"<p><img data-recalc-dims=\"1\" decoding=\"async\" src=\"https:\/\/i0.wp.com\/i.hurimg.com\/i\/hurriyet\/90\/620x350\/5804eb8eeb10bb15408d183e.jpg?w=640\" alt=\"2. Bisanthe Ta\u015f Heykel Sempozyumu: \u201cAl\u0131n Yaz\u0131s\u0131\u201d\" \/><\/p>\n<p>TEK\u0130RDA\u011e&#8217;da Bulgar heykelt\u0131ra\u015f Velislav Minekov, S\u00fcleymanpa\u015fa Belediyesi\u2019nin 2. Bisanthe Ta\u015f Heykel Sempozyumu\u2019nda ger\u00e7ekle\u015ftirdi\u011fi Suriyeli m\u00fcltecilerin ya\u015fad\u0131\u011f\u0131 zorluklar\u0131 anlatan &#8216;al\u0131n yaz\u0131s\u0131&#8217; ad\u0131n\u0131 verdi\u011fi eseri hakk\u0131nda a\u00e7\u0131klamalarda bulundu.<br \/>\nBulgaristan Ulusal Sanat Akademisi ve Trakya \u00dcniversitesi G\u00fczel Sanatlar Fak\u00fcltesi\u2019nde \u00f6\u011fretim g\u00f6revlisi olarak g\u00f6rev yapan Profes\u00f6r Velislav Minekov; \u201c2. Bisanthe Ta\u015f Heykel Sempozyumu\u2019nda yapaca\u011f\u0131m eserin \u00e7al\u0131\u015fmalar\u0131na \u00c7in\u2019de ba\u015flad\u0131m. Bir davet esnas\u0131nda binden fazla m\u00fcltecinin \u00f6ld\u00fc\u011f\u00fc haberlerini g\u00f6rd\u00fckten sonra m\u00fclteci sorunuyla ilgilenmeye ba\u015flad\u0131m. Yunanistan seyahatimde m\u00fcltecilerin ya\u015fad\u0131\u011f\u0131 zorluklara tan\u0131k oldum. Bulgaristan\u2019a d\u00f6nd\u00fc\u011f\u00fcm zaman eserimi kafamda olu\u015fturmu\u015ftum.\u201d dedi.<br \/>\n2. Bisanthe Ta\u015f Heykel Sempozyumu\u2019nun bar\u0131\u015f temas\u0131yla i\u015flenece\u011fini duydu\u011funda olduk\u00e7a mutlu oldu\u011funu ifade ederken; \u201cBurada bar\u0131\u015f konulu bir sempozyum oldu\u011funu duydu\u011fumda \u00e7ok mutlu oldum. \u00c7ok hassas oldu\u011fum bu konu hakk\u0131nda \u00e7al\u0131\u015fmam\u0131 ger\u00e7ekle\u015ftirme f\u0131rsat\u0131 veren herkese \u00e7ok te\u015fekk\u00fcr ederim. Benim projem, daha iyi bir ya\u015fam i\u00e7in denizleri a\u015fmaya \u00e7al\u0131\u015fan insanlara, onlar\u0131n trajedisine, onlar\u0131n al\u0131n yaz\u0131s\u0131na adanm\u0131\u015ft\u0131r. Umar\u0131m bu al\u0131n yaz\u0131s\u0131 insanlar\u0131n vicdan\u0131n\u0131n sesiyle birlikte de\u011fi\u015fir.\u201d ifadelerini kulland\u0131.<\/p>\n<div id=\"bghab-3241340530\" class=\"bghab-yazi-altinda bghab-entity-placement\"><div class=\"bghab-adlabel\">Reklamlar<\/div><script async src=\"https:\/\/pagead2.googlesyndication.com\/pagead\/js\/adsbygoogle.js\"><\/script>\r\n<!-- bghaber-yaz\u0131-sonu -->\r\n<ins class=\"adsbygoogle\"\r\n     style=\"display:block\"\r\n     data-ad-client=\"ca-pub-6203283170189293\"\r\n     data-ad-slot=\"4222328180\"\r\n     data-ad-format=\"auto\"\r\n     data-full-width-responsive=\"true\"><\/ins>\r\n<script>\r\n     (adsbygoogle = window.adsbygoogle || []).push({});\r\n<\/script><\/div><br style=\"clear: both; display: block; float: none;\"\/>","protected":false},"excerpt":{"rendered":"<p>TEK\u0130RDA\u011e&#8217;da Bulgar heykelt\u0131ra\u015f Velislav Minekov, S\u00fcleymanpa\u015fa Belediyesi\u2019nin 2. Bisanthe Ta\u015f Heykel Sempozyumu\u2019nda ger\u00e7ekle\u015ftirdi\u011fi Suriyeli m\u00fcltecilerin ya\u015fad\u0131\u011f\u0131 zorluklar\u0131 anlatan &#8216;al\u0131n yaz\u0131s\u0131&#8217; ad\u0131n\u0131 verdi\u011fi eseri hakk\u0131nda a\u00e7\u0131klamalarda<\/p>\n","protected":false},"author":13,"featured_media":21128,"comment_status":"closed","ping_status":"closed","sticky":false,"template":"","format":"standard","meta":{"advanced_seo_description":"","jetpack_seo_html_title":"","jetpack_seo_noindex":false,"_jetpack_memberships_contains_paid_content":false,"footnotes":""},"categories":[10],"tags":[],"class_list":["post-21127","post","type-post","status-publish","format-standard","has-post-thumbnail","hentry","category-kultur-sanat"],"jetpack_featured_media_url":"https:\/\/i0.wp.com\/www.bghaber.org\/bghaber\/wp-content\/uploads\/2016\/10\/heykel.jpg?fit=620%2C350&ssl=1","jetpack_sharing_enabled":true,"jetpack_likes_enabled":true,"jetpack-related-posts":[],"jetpack_shortlink":"https:\/\/wp.me\/pc2PfJ-5uL","_links":{"self":[{"href":"https:\/\/www.bghaber.org\/bghaber\/wp-json\/wp\/v2\/posts\/21127","targetHints":{"allow":["GET"]}}],"collection":[{"href":"https:\/\/www.bghaber.org\/bghaber\/wp-json\/wp\/v2\/posts"}],"about":[{"href":"https:\/\/www.bghaber.org\/bghaber\/wp-json\/wp\/v2\/types\/post"}],"author":[{"embeddable":true,"href":"https:\/\/www.bghaber.org\/bghaber\/wp-json\/wp\/v2\/users\/13"}],"replies":[{"embeddable":true,"href":"https:\/\/www.bghaber.org\/bghaber\/wp-json\/wp\/v2\/comments?post=21127"}],"version-history":[{"count":0,"href":"https:\/\/www.bghaber.org\/bghaber\/wp-json\/wp\/v2\/posts\/21127\/revisions"}],"wp:featuredmedia":[{"embeddable":true,"href":"https:\/\/www.bghaber.org\/bghaber\/wp-json\/wp\/v2\/media\/21128"}],"wp:attachment":[{"href":"https:\/\/www.bghaber.org\/bghaber\/wp-json\/wp\/v2\/media?parent=21127"}],"wp:term":[{"taxonomy":"category","embeddable":true,"href":"https:\/\/www.bghaber.org\/bghaber\/wp-json\/wp\/v2\/categories?post=21127"},{"taxonomy":"post_tag","embeddable":true,"href":"https:\/\/www.bghaber.org\/bghaber\/wp-json\/wp\/v2\/tags?post=21127"}],"curies":[{"name":"wp","href":"https:\/\/api.w.org\/{rel}","templated":true}]}}