{"id":21123,"date":"2016-10-18T15:44:31","date_gmt":"2016-10-18T12:44:31","guid":{"rendered":"http:\/\/www.bghaber.org\/bghaber\/?p=21123"},"modified":"2016-10-18T15:44:31","modified_gmt":"2016-10-18T12:44:31","slug":"prof-dr-halil-inalciki-anlattilar","status":"publish","type":"post","link":"https:\/\/www.bghaber.org\/bghaber\/prof-dr-halil-inalciki-anlattilar\/","title":{"rendered":"Prof. Dr. Halil \u0130nalc\u0131k&#8217;\u0131 anlatt\u0131lar"},"content":{"rendered":"<p>Bilim ve Sanat Vakf\u0131nca (B\u0130SAV) 100&#8217;\u00fcnc\u00fcs\u00fc d\u00fczenlenen &#8220;Yuvarlak Masa Toplant\u0131lar\u0131&#8221;nda, Prof. Dr. Mehmet \u0130p\u015firli, merhum tarih\u00e7i yazar Prof. Dr. Halil \u0130nalc\u0131k&#8217;\u0131 anlatt\u0131.<br \/>\n<img data-recalc-dims=\"1\" decoding=\"async\" src=\"https:\/\/i0.wp.com\/www.bghaber.org\/bghaber\/wp-content\/uploads\/2016\/10\/yuvarlak-masa-toplantilari-8868602_3662_o.png?w=640\" alt=\"yuvarlak-masa-toplantilari-8868602_3662_o\" \/><br \/>\nB\u0130SAV \u015eakir Kocaba\u015f Salonu&#8217;nda ger\u00e7ekle\u015fen etkinlikte konu\u015fan Medipol \u00dcniversitesi \u0130nsan ve Toplum Bilimleri Fak\u00fcltesi \u00d6\u011fretim \u00dcyesi Prof. Dr. \u0130\u015fpirli, \u0130nalc\u0131k&#8217;\u0131n 100 y\u0131ll\u0131k \u00f6mr\u00fcn\u00fc \u00e7ok iyi de\u011ferlendirdi\u011fini belirterek, &#8220;Halil \u0130nalc\u0131k Hoca, \u00f6mr\u00fc boyunca hi\u00e7bir idari g\u00f6rev almam\u0131\u015f, kendisine teklif dahi edilmemi\u015f. \u00c7\u00fcnk\u00fc bu y\u00f6nde hi\u00e7bir arzusu olmam\u0131\u015f ama alt yap\u0131s\u0131n\u0131 \u00e7ok sa\u011flam geli\u015ftirmi\u015f birisidir.&#8221; dedi.<\/p>\n<p>\u0130p\u015firli, \u0130nalc\u0131k&#8217;\u0131n Ankara \u00dcniversitesi Dil Tarih ve Co\u011frafya Fak\u00fcltesindeki ara\u015ft\u0131rmalar\u0131na, Tanzimat d\u00f6nemi ile ba\u015flad\u0131\u011f\u0131n\u0131 s\u00f6yleyerek, \u015f\u00f6yle devam etti:<\/p>\n<p>&#8220;Bekir S\u0131tk\u0131 Baykal, \u015einasi Altunda\u011f, Fuat K\u00f6pr\u00fcl\u00fc gibi isimlerden istifade ediyor ama Tanzimat&#8217;la ba\u015flamas\u0131, bir ba\u015flang\u0131\u00e7 safhas\u0131nda kal\u0131yor. Bulgaristan&#8217;daki Tanzimat&#8217;\u0131n tatbikat\u0131n\u0131, Midilli&#8217;deki uygulamas\u0131n\u0131, oradaki ayan, e\u015fraf gibi z\u00fcmrelerin rolleri gibi konular\u0131 inceleyen, derinli\u011fi olan bir \u00e7al\u0131\u015fma ortaya koyuyor. Tabii bu \u00e7al\u0131\u015fmalar\u0131 yank\u0131 uyand\u0131r\u0131yor ama ondan sonra \u0130ngiltere&#8217;ye gitmesiyle Osmanl\u0131 Devleti&#8217;nin kurulu\u015fu \u00fczerine yo\u011funla\u015f\u0131yor ve \u00f6mr\u00fcn\u00fcn sonuna kadar da bu konuyu hi\u00e7bir zaman terk etmedi\u011fini biliyoruz. Hatta ilk defa Osmanl\u0131 arkeolojisini de \u0130nalc\u0131k Hoca ba\u015flatt\u0131 diyebiliriz.&#8221;<\/p>\n<p>\u0130nalc\u0131k&#8217;\u0131n, Diyanet \u0130slam Ansiklopedisi&#8217;ne 7 tane Osmanl\u0131 padi\u015fah\u0131n\u0131n biyografisini yazd\u0131\u011f\u0131 bilgisini veren \u0130p\u015firli, &#8220;O biyografiler, b\u00fcy\u00fck bir kazan\u00e7 oldu. Kendisi de bundan dolay\u0131 seviniyordu. Osman Gazi&#8217;den Fatih Sultan Mehmet&#8217;e kadar, 7 padi\u015fah onun kaleminden \u00e7\u0131kt\u0131. Kadir\u015finas bir insand\u0131, ayn\u0131 zamanda \u0130nalc\u0131k. Hakikaten eme\u011fi ge\u00e7mi\u015f olan herkesi, takdir eder, olumlu \u015feyler s\u00f6ylerdi. Bu kadir\u015finasl\u0131k da bizim mesle\u011fimizde, bizim camiam\u0131zda \u00e7ok \u00f6nemlidir.&#8221; ifadelerini kulland\u0131.<\/p>\n<p>\u0130p\u015firli, \u0130nalc\u0131k&#8217;\u0131n T\u00fcrk ilminin ve T\u00fcrk tedrisat\u0131n\u0131n \u00f6nemli isimlerinden biri oldu\u011funa dikkati \u00e7ekerek, \u015funlar\u0131 kaydetti:<\/p><div id=\"bghab-3297371888\" class=\"bghab-icerik-icine bghab-entity-placement\"><script async src=\"\/\/pagead2.googlesyndication.com\/pagead\/js\/adsbygoogle.js?client=ca-pub-6203283170189293\" crossorigin=\"anonymous\"><\/script><ins class=\"adsbygoogle\" style=\"display:block; text-align:center;\" data-ad-client=\"ca-pub-6203283170189293\" \ndata-ad-slot=\"7303146466\" \ndata-ad-layout=\"in-article\"\ndata-ad-format=\"fluid\" data-full-width-responsive=\"true\"><\/ins>\n<script> \n(adsbygoogle = window.adsbygoogle || []).push({}); \n<\/script>\n<\/div>\n<p>&#8220;\u00c7ok sistemliydi. \u00d6nce belgelerle ba\u015flar, sonra o belgelerin analizleri, yorumlar\u0131 ile ilgili kafa yorard\u0131. Daha sonra da onlara dayanarak, makaleler yaz\u0131yordu. \u0130nalc\u0131k Hoca, T\u00fcrkl\u00fc\u011f\u00fcn\u00fcn, M\u00fcsl\u00fcman olu\u015funun \u015fuurunda biriydi. \u00c7al\u0131\u015fmalar\u0131na, bu hislerle yakla\u015f\u0131rd\u0131. Bir hocam\u0131zdan bahsetti bir g\u00fcn, o hoca T\u00fcrk Tarih Kurumu toplant\u0131s\u0131nda &#8216;\u00dclkemizin menfaati i\u00e7in gerekirse baz\u0131 \u015feyleri farkl\u0131 \u015fekilde yorumlayabiliriz&#8217; demi\u015f. &#8216;B\u00f6yle bir tarih alimi, sayg\u0131 duydu\u011fum insan nas\u0131l b\u00f6yle bir \u015fey s\u00f6yler hayret ediyorum&#8217; diyerek, bunu yad\u0131rgad\u0131\u011f\u0131n\u0131 s\u00f6ylemi\u015fti. Buradan da \u015fu \u00e7\u0131k\u0131yor, o belgeleri veyahut birtak\u0131m tarihi olaylar\u0131 manip\u00fcle etme taraftar\u0131 de\u011fildi. Belgeleri bilimsel olarak, tarafs\u0131z olarak yorumlamaktayd\u0131.&#8221;<\/p>\n<div id=\"bghab-3979946571\" class=\"bghab-yazi-altinda bghab-entity-placement\"><div class=\"bghab-adlabel\">Reklamlar<\/div><script async src=\"https:\/\/pagead2.googlesyndication.com\/pagead\/js\/adsbygoogle.js\"><\/script>\r\n<!-- bghaber-yaz\u0131-sonu -->\r\n<ins class=\"adsbygoogle\"\r\n     style=\"display:block\"\r\n     data-ad-client=\"ca-pub-6203283170189293\"\r\n     data-ad-slot=\"4222328180\"\r\n     data-ad-format=\"auto\"\r\n     data-full-width-responsive=\"true\"><\/ins>\r\n<script>\r\n     (adsbygoogle = window.adsbygoogle || []).push({});\r\n<\/script><\/div><br style=\"clear: both; display: block; float: none;\"\/>","protected":false},"excerpt":{"rendered":"<p>Bilim ve Sanat Vakf\u0131nca (B\u0130SAV) 100&#8217;\u00fcnc\u00fcs\u00fc d\u00fczenlenen &#8220;Yuvarlak Masa Toplant\u0131lar\u0131&#8221;nda, Prof. Dr. Mehmet \u0130p\u015firli, merhum tarih\u00e7i yazar Prof. Dr. Halil \u0130nalc\u0131k&#8217;\u0131 anlatt\u0131. B\u0130SAV \u015eakir Kocaba\u015f<\/p>\n","protected":false},"author":13,"featured_media":21124,"comment_status":"closed","ping_status":"closed","sticky":false,"template":"","format":"standard","meta":{"advanced_seo_description":"","jetpack_seo_html_title":"","jetpack_seo_noindex":false,"_jetpack_memberships_contains_paid_content":false,"footnotes":""},"categories":[10],"tags":[],"class_list":["post-21123","post","type-post","status-publish","format-standard","has-post-thumbnail","hentry","category-kultur-sanat"],"jetpack_featured_media_url":"https:\/\/i0.wp.com\/www.bghaber.org\/bghaber\/wp-content\/uploads\/2016\/10\/yuvarlak-masa-toplantilari-8868602_3662_o.png?fit=640%2C360&ssl=1","jetpack_sharing_enabled":true,"jetpack_likes_enabled":true,"jetpack-related-posts":[],"jetpack_shortlink":"https:\/\/wp.me\/pc2PfJ-5uH","_links":{"self":[{"href":"https:\/\/www.bghaber.org\/bghaber\/wp-json\/wp\/v2\/posts\/21123","targetHints":{"allow":["GET"]}}],"collection":[{"href":"https:\/\/www.bghaber.org\/bghaber\/wp-json\/wp\/v2\/posts"}],"about":[{"href":"https:\/\/www.bghaber.org\/bghaber\/wp-json\/wp\/v2\/types\/post"}],"author":[{"embeddable":true,"href":"https:\/\/www.bghaber.org\/bghaber\/wp-json\/wp\/v2\/users\/13"}],"replies":[{"embeddable":true,"href":"https:\/\/www.bghaber.org\/bghaber\/wp-json\/wp\/v2\/comments?post=21123"}],"version-history":[{"count":0,"href":"https:\/\/www.bghaber.org\/bghaber\/wp-json\/wp\/v2\/posts\/21123\/revisions"}],"wp:featuredmedia":[{"embeddable":true,"href":"https:\/\/www.bghaber.org\/bghaber\/wp-json\/wp\/v2\/media\/21124"}],"wp:attachment":[{"href":"https:\/\/www.bghaber.org\/bghaber\/wp-json\/wp\/v2\/media?parent=21123"}],"wp:term":[{"taxonomy":"category","embeddable":true,"href":"https:\/\/www.bghaber.org\/bghaber\/wp-json\/wp\/v2\/categories?post=21123"},{"taxonomy":"post_tag","embeddable":true,"href":"https:\/\/www.bghaber.org\/bghaber\/wp-json\/wp\/v2\/tags?post=21123"}],"curies":[{"name":"wp","href":"https:\/\/api.w.org\/{rel}","templated":true}]}}