{"id":21117,"date":"2016-10-18T15:34:16","date_gmt":"2016-10-18T12:34:16","guid":{"rendered":"http:\/\/www.bghaber.org\/bghaber\/?p=21117"},"modified":"2016-10-18T15:34:16","modified_gmt":"2016-10-18T12:34:16","slug":"mese-calistayi","status":"publish","type":"post","link":"https:\/\/www.bghaber.org\/bghaber\/mese-calistayi\/","title":{"rendered":"&#8216;Me\u015fe \u00c7al\u0131\u015ftay\u0131&#8221;"},"content":{"rendered":"<div class=\"solpartsol \">\n<h2 class=\"ustblkgenislet2 spot \">Orman Genel M\u00fcd\u00fcr\u00fc \u0130smail \u00dczmez, &#8220;Ormanc\u0131l\u0131k anlam\u0131nda \u00e7ok zengin bir \u00fclkeyiz.<\/h2>\n<div><img data-recalc-dims=\"1\" decoding=\"async\" class=\"meta imgekcl\" src=\"https:\/\/i0.wp.com\/img.haberler.com\/haber\/552\/mese-calistayi-8869552_o.jpg?w=640\" alt=\"'Me\u015fe \u00c7al\u0131\u015ftay\u0131\" \/><\/div>\n<\/div>\n<div id=\"BlokAltSol\" class=\"w640\">\n<div class=\"haber_metni mb20\">\n<p class=\"selectionShareable\">Orman Genel M\u00fcd\u00fcr\u00fc \u0130smail \u00dczmez, &#8220;Ormanc\u0131l\u0131k anlam\u0131nda \u00e7ok zengin bir \u00fclkeyiz. Bu nedenle anayasal g\u00f6revimiz ormanlar\u0131 korumak.&#8221; dedi.<\/p>\n<p>Orman Genel M\u00fcd\u00fcrl\u00fc\u011f\u00fcnce <a class=\"keyword\" title=\"K\u0131rklareli Haberleri\" href=\"http:\/\/www.haberler.com\/kirklareli\/\">K\u0131rklareli<\/a>&#8216;nde <a class=\"keyword\" title=\"T\u00fcrkiye Haberleri\" href=\"http:\/\/www.haberler.com\/turkiye\/\">T\u00fcrkiye<\/a>, <a class=\"keyword\" title=\"Bulgaristan Haberleri\" href=\"http:\/\/www.haberler.com\/bulgaristan\/\">Bulgaristan<\/a>, <a class=\"keyword\" title=\"Arnavutluk Haberleri\" href=\"http:\/\/www.haberler.com\/arnavutluk\/\">Arnavutluk<\/a>, <a class=\"keyword\" title=\"Kosova Haberleri\" href=\"http:\/\/www.haberler.com\/kosova\/\">Kosova<\/a>,<a class=\"keyword\" title=\"Bosna Hersek Haberleri\" href=\"http:\/\/www.haberler.com\/bosna-hersek-6202\/\">Bosna Hersek<\/a>, <a class=\"keyword\" title=\"\u0130sve\u00e7 Haberleri\" href=\"http:\/\/www.haberler.com\/isvec\/\">\u0130sve\u00e7<\/a> ve <a class=\"keyword\" title=\"Amerika Haberleri\" href=\"http:\/\/www.haberler.com\/amerika\/\">Amerika<\/a>&#8216;dan temsilcilerin kat\u0131ld\u0131\u011f\u0131 &#8220;Me\u015fe \u00c7al\u0131\u015ftay\u0131&#8221; ba\u015flad\u0131.<\/p>\n<p>Demirk\u00f6y il\u00e7esine ba\u011fl\u0131 <a class=\"keyword\" title=\"\u0130\u011fneada Haberleri\" href=\"http:\/\/www.haberler.com\/igneada\/\">\u0130\u011fneada<\/a> beldesindeki bir otelde d\u00fczenlenen \u00e7al\u0131\u015ftayda konu\u015fan \u00dczmez, Orman Genel M\u00fcd\u00fcrl\u00fc\u011f\u00fcn\u00fcn 42 bin \u00e7al\u0131\u015fan\u0131 ile hizmet sundu\u011funu s\u00f6yledi.<\/p>\n<p>Orman te\u015fkilat\u0131n\u0131n, Osmanl\u0131 d\u00f6neminden bu yana var olan bir kurulu\u015f oldu\u011funu belirten \u00dczmez, ormanc\u0131l\u0131k \u00e7al\u0131\u015fmalar\u0131n\u0131n da son derece k\u00f6kl\u00fc oldu\u011funu ifade etti.<\/p>\n<p>T\u00fcrkiye&#8217;de ormanlar\u0131n y\u00fczde 98&#8217;inin devlet orman\u0131 oldu\u011funu aktaran \u00dczmez, &#8220;Tabii ormanlar\u0131n tamam\u0131na yak\u0131n\u0131 devletin. <a class=\"keyword\" title=\"T\u00fcrkiye Haberleri\" href=\"http:\/\/www.haberler.com\/turkiye\/\">T\u00fcrkiye<\/a> Anayasas\u0131nda ormanlarla ilgili h\u00fck\u00fcmler var. Ormanc\u0131l\u0131k anlam\u0131nda \u00e7ok zengin bir \u00fclkeyiz. Bu nedenle anayasal g\u00f6revimiz ormanlar\u0131 korumak. \u0130kinci g\u00f6revimiz ormanlar\u0131 geli\u015ftirmek, \u00fc\u00e7\u00fcnc\u00fc g\u00f6revimiz ise ormanlar\u0131 i\u015fletmektir. <a class=\"keyword\" title=\"T\u00fcrkiye Haberleri\" href=\"http:\/\/www.haberler.com\/turkiye\/\">T\u00fcrkiye<\/a>&#8216;nin y\u00fczde 30&#8217;una yak\u0131n bir araziyi y\u00f6netmekteyiz. <a class=\"keyword\" title=\"T\u00fcrkiye Haberleri\" href=\"http:\/\/www.haberler.com\/turkiye\/\">T\u00fcrkiye<\/a>&#8216;de alan ve t\u00fcr olarak en \u00e7ok me\u015femiz var. Me\u015feyi uzun y\u0131llard\u0131r tart\u0131\u015f\u0131yoruz. <a class=\"keyword\" title=\"T\u00fcrkiye Haberleri\" href=\"http:\/\/www.haberler.com\/turkiye\/\">T\u00fcrkiye<\/a>&#8216;de 18 me\u015fe t\u00fcr\u00fcn\u00fc biyolojilerine uygun olarak geli\u015ftirmek istiyoruz.&#8221; diye konu\u015ftu.<\/p><div id=\"bghab-1529227115\" class=\"bghab-icerik-icine bghab-entity-placement\"><script async src=\"\/\/pagead2.googlesyndication.com\/pagead\/js\/adsbygoogle.js?client=ca-pub-6203283170189293\" crossorigin=\"anonymous\"><\/script><ins class=\"adsbygoogle\" style=\"display:block; text-align:center;\" data-ad-client=\"ca-pub-6203283170189293\" \ndata-ad-slot=\"7303146466\" \ndata-ad-layout=\"in-article\"\ndata-ad-format=\"fluid\" data-full-width-responsive=\"true\"><\/ins>\n<script> \n(adsbygoogle = window.adsbygoogle || []).push({}); \n<\/script>\n<\/div>\n<p>\u00dczmez, sanayi ve k\u00f6yl\u00fc a\u00e7\u0131s\u0131ndan ormanc\u0131l\u0131\u011f\u0131n \u00f6nemli oldu\u011funu dile getirerek, ormandan elde ettikleri geliri orman k\u00f6yl\u00fclerine verdiklerini aktard\u0131.<\/p>\n<p>&#8220;Erozyonla m\u00fccadele \u00e7al\u0131\u015fmalar\u0131n\u0131 \u00e7ok \u00f6nemsiyoruz&#8221;<\/p>\n<p>Y\u0131lda ortalama 250 milyon fidan\u0131 toprakla bulu\u015fturduklar\u0131n\u0131 vurgulayan \u00dczmez, \u015f\u00f6yle devam etti:<\/p>\n<p>&#8220;Erozyonla m\u00fccadele \u00e7al\u0131\u015fmalar\u0131n\u0131 \u00e7ok \u00f6nemsiyoruz. \u00d6nceden topraklar\u0131m\u0131z\u0131n \u00f6nemli bir k\u0131sm\u0131 deniz ve g\u00f6llere ak\u0131yordu. A\u011fa\u00e7land\u0131rma \u00e7al\u0131\u015fmalar\u0131 ile bunlar\u0131 ciddi anlamda \u00f6nlemi\u015f bulunuyoruz. Ormanlar\u0131n en b\u00fcy\u00fck g\u00f6r\u00fcnen d\u00fc\u015fman\u0131, orman yang\u0131nlar\u0131d\u0131r. Yakla\u015f\u0131k 19 bin personel ile orman yang\u0131nlar\u0131yla havadan ve karadan m\u00fccadele ediyoruz. Orman yang\u0131nlar\u0131n\u0131n yan\u0131 s\u0131ra tar\u0131m yang\u0131nlar\u0131na da m\u00fcdahale ediyoruz.&#8221;<\/p>\n<p>\u00dczmez, ormanlara zarar veren canl\u0131larla ilgili de ciddi \u00e7al\u0131\u015fmalar yap\u0131ld\u0131\u011f\u0131n\u0131 anlatt\u0131.<\/p><div id=\"bghab-1563567709\" class=\"bghab-icerik-icine-10-paragraf bghab-entity-placement\"><script async src=\"\/\/pagead2.googlesyndication.com\/pagead\/js\/adsbygoogle.js?client=ca-pub-6203283170189293\" crossorigin=\"anonymous\"><\/script><ins class=\"adsbygoogle\" style=\"display:block; text-align:center;\" data-ad-client=\"ca-pub-6203283170189293\" \ndata-ad-slot=\"7303146466\" \ndata-ad-layout=\"in-article\"\ndata-ad-format=\"fluid\" data-full-width-responsive=\"true\"><\/ins>\n<script> \n(adsbygoogle = window.adsbygoogle || []).push({}); \n<\/script>\n<\/div>\n<p>D\u0131\u015f \u0130li\u015fkiler E\u011fitim ve Ara\u015ft\u0131rma Dairesi Ba\u015fkan\u0131 <a class=\"keyword\" title=\"Musa Kaya Haberleri\" href=\"http:\/\/www.haberler.com\/musa-kaya\/\">Musa Kaya<\/a> ise <a class=\"keyword\" title=\"T\u00fcrkiye Haberleri\" href=\"http:\/\/www.haberler.com\/turkiye\/\">T\u00fcrkiye<\/a>&#8216;nin, di\u011fer a\u011fa\u00e7lara g\u00f6re &#8220;me\u015fe zengini&#8221; oldu\u011funa i\u015faret etti.<\/p>\n<p>Me\u015fe ile ilgili ara\u015ft\u0131rmalar\u0131n bug\u00fcne kadar \u00e7ok az yap\u0131ld\u0131\u011f\u0131na dikkati \u00e7eken Kaya, eksikliklerin giderilmesi amac\u0131yla \u00e7al\u0131\u015ftay\u0131n \u00e7ok \u00f6nemli oldu\u011funu aktard\u0131.<\/p>\n<p>\u0130stanbul Orman B\u00f6lge M\u00fcd\u00fcr\u00fc Zekeriya Mere de \u00e7al\u0131\u015ftay\u0131n, me\u015fe zengini <a class=\"keyword\" title=\"K\u0131rklareli Haberleri\" href=\"http:\/\/www.haberler.com\/kirklareli\/\">K\u0131rklareli<\/a>&#8216;nde yap\u0131lmas\u0131ndan son derece memnun olduklar\u0131n\u0131 kaydetti.<\/p>\n<p>Mere, 3 g\u00fcn s\u00fcrecek \u00e7al\u0131\u015ftay\u0131n \u00e7ok verimli ge\u00e7ece\u011fine inand\u0131\u011f\u0131n\u0131 s\u00f6zlerine ekledi.<\/p>\n<p>\u00c7al\u0131\u015ftayda, <a class=\"keyword\" title=\"Marmara Haberleri\" href=\"http:\/\/www.haberler.com\/marmara\/\">Marmara<\/a> Orman Ara\u015ft\u0131rma Enstit\u00fcs\u00fc M\u00fcd\u00fcr\u00fc <a class=\"keyword\" title=\"Mehmet \u00d6zdemir Haberleri\" href=\"http:\/\/www.haberler.com\/mehmet-ozdemir\/\">Mehmet \u00d6zdemir<\/a> de konu\u015fma yapt\u0131.<\/p><div id=\"bghab-2142744097\" class=\"bghab-icerik-icine-15-paragraf bghab-entity-placement\"><script async src=\"\/\/pagead2.googlesyndication.com\/pagead\/js\/adsbygoogle.js?client=ca-pub-6203283170189293\" crossorigin=\"anonymous\"><\/script><ins class=\"adsbygoogle\" style=\"display:block; text-align:center;\" data-ad-client=\"ca-pub-6203283170189293\" \ndata-ad-slot=\"7303146466\" \ndata-ad-layout=\"in-article\"\ndata-ad-format=\"fluid\" data-full-width-responsive=\"true\"><\/ins>\n<script> \n(adsbygoogle = window.adsbygoogle || []).push({}); \n<\/script>\n<\/div>\n<p>\u00c7al\u0131\u015ftay, 20 Ekim Per\u015fembe g\u00fcn\u00fc sona erecek.<\/p>\n<\/div>\n<\/div>\n<div id=\"bghab-2075443054\" class=\"bghab-yazi-altinda bghab-entity-placement\"><div class=\"bghab-adlabel\">Reklamlar<\/div><script async src=\"https:\/\/pagead2.googlesyndication.com\/pagead\/js\/adsbygoogle.js\"><\/script>\r\n<!-- bghaber-yaz\u0131-sonu -->\r\n<ins class=\"adsbygoogle\"\r\n     style=\"display:block\"\r\n     data-ad-client=\"ca-pub-6203283170189293\"\r\n     data-ad-slot=\"4222328180\"\r\n     data-ad-format=\"auto\"\r\n     data-full-width-responsive=\"true\"><\/ins>\r\n<script>\r\n     (adsbygoogle = window.adsbygoogle || []).push({});\r\n<\/script><\/div><br style=\"clear: both; display: block; float: none;\"\/>","protected":false},"excerpt":{"rendered":"<p>Orman Genel M\u00fcd\u00fcr\u00fc \u0130smail \u00dczmez, &#8220;Ormanc\u0131l\u0131k anlam\u0131nda \u00e7ok zengin bir \u00fclkeyiz. Orman Genel M\u00fcd\u00fcr\u00fc \u0130smail \u00dczmez, &#8220;Ormanc\u0131l\u0131k anlam\u0131nda \u00e7ok zengin bir \u00fclkeyiz. Bu nedenle anayasal<\/p>\n","protected":false},"author":13,"featured_media":21118,"comment_status":"closed","ping_status":"closed","sticky":false,"template":"","format":"standard","meta":{"advanced_seo_description":"","jetpack_seo_html_title":"","jetpack_seo_noindex":false,"_jetpack_memberships_contains_paid_content":false,"footnotes":""},"categories":[8],"tags":[],"class_list":["post-21117","post","type-post","status-publish","format-standard","has-post-thumbnail","hentry","category-egitim"],"jetpack_featured_media_url":"https:\/\/i0.wp.com\/www.bghaber.org\/bghaber\/wp-content\/uploads\/2016\/10\/mese-calistayi-8869552_o.png?fit=640%2C360&ssl=1","jetpack_sharing_enabled":true,"jetpack_likes_enabled":true,"jetpack-related-posts":[],"jetpack_shortlink":"https:\/\/wp.me\/pc2PfJ-5uB","_links":{"self":[{"href":"https:\/\/www.bghaber.org\/bghaber\/wp-json\/wp\/v2\/posts\/21117","targetHints":{"allow":["GET"]}}],"collection":[{"href":"https:\/\/www.bghaber.org\/bghaber\/wp-json\/wp\/v2\/posts"}],"about":[{"href":"https:\/\/www.bghaber.org\/bghaber\/wp-json\/wp\/v2\/types\/post"}],"author":[{"embeddable":true,"href":"https:\/\/www.bghaber.org\/bghaber\/wp-json\/wp\/v2\/users\/13"}],"replies":[{"embeddable":true,"href":"https:\/\/www.bghaber.org\/bghaber\/wp-json\/wp\/v2\/comments?post=21117"}],"version-history":[{"count":0,"href":"https:\/\/www.bghaber.org\/bghaber\/wp-json\/wp\/v2\/posts\/21117\/revisions"}],"wp:featuredmedia":[{"embeddable":true,"href":"https:\/\/www.bghaber.org\/bghaber\/wp-json\/wp\/v2\/media\/21118"}],"wp:attachment":[{"href":"https:\/\/www.bghaber.org\/bghaber\/wp-json\/wp\/v2\/media?parent=21117"}],"wp:term":[{"taxonomy":"category","embeddable":true,"href":"https:\/\/www.bghaber.org\/bghaber\/wp-json\/wp\/v2\/categories?post=21117"},{"taxonomy":"post_tag","embeddable":true,"href":"https:\/\/www.bghaber.org\/bghaber\/wp-json\/wp\/v2\/tags?post=21117"}],"curies":[{"name":"wp","href":"https:\/\/api.w.org\/{rel}","templated":true}]}}