{"id":21110,"date":"2016-10-16T23:10:26","date_gmt":"2016-10-16T20:10:26","guid":{"rendered":"http:\/\/www.bghaber.org\/bghaber\/?p=21110"},"modified":"2016-10-16T23:10:26","modified_gmt":"2016-10-16T20:10:26","slug":"referendum-1","status":"publish","type":"post","link":"https:\/\/www.bghaber.org\/bghaber\/referendum-1\/","title":{"rendered":"Referendum 1"},"content":{"rendered":"<p><strong>Siyasi sistemde sorun var.<\/strong><\/p>\n<p>Cumhurba\u015fkan\u0131 se\u00e7imlerine 3 hafta kala siyasi durum k\u00f6kten de\u011fi\u015fmeye ba\u015flad\u0131. Borisov iktidar\u0131na olan g\u00fcven azald\u0131. Kabine \u00e7at\u0131rd\u0131yor. Meclisten onaylad\u0131\u011f\u0131 yasalar\u0131 de\u011fi\u015ftirmesi yani t\u00fck\u00fcrd\u00fc\u011f\u00fcn\u00fc yalamas\u0131 isteniyor.<\/p>\n<p>16.Ekim\u2019de durum de\u011ferlendirmesi yapan GERB y\u00f6netimi \u015fu karar\u0131 ald\u0131: Se\u00e7im yasas\u0131nda a\u00e7\u0131l de\u011fi\u015fiklik istenecek, se\u00e7im \u00f6n\u00fc gerginli\u011fin bast\u0131r\u0131lmas\u0131 isteniyor.<\/p>\n<p>Bir se\u00e7im b\u00fcrosuna bir\u00e7ok sand\u0131k konacak. \u00d6rne\u011fin b\u00fcro spor salonunda ise, 10 sand\u0131k da a\u00e7\u0131labilecek.<\/p>\n<p><strong>GERB 35 se\u00e7im sand\u0131k yasas\u0131n\u0131n kald\u0131r\u0131lmas\u0131n\u0131 istiyor. Bununla birlikte her se\u00e7im b\u00fcrosuna birden fazla sand\u0131k konabilecek.<\/strong><\/p><div id=\"bghab-2253191962\" class=\"bghab-icerik-icine bghab-entity-placement\"><script async src=\"\/\/pagead2.googlesyndication.com\/pagead\/js\/adsbygoogle.js?client=ca-pub-6203283170189293\" crossorigin=\"anonymous\"><\/script><ins class=\"adsbygoogle\" style=\"display:block; text-align:center;\" data-ad-client=\"ca-pub-6203283170189293\" \ndata-ad-slot=\"7303146466\" \ndata-ad-layout=\"in-article\"\ndata-ad-format=\"fluid\" data-full-width-responsive=\"true\"><\/ins>\n<script> \n(adsbygoogle = window.adsbygoogle || []).push({}); \n<\/script>\n<\/div>\n<p>GERB partisi, Cumhurba\u015fkan\u0131 aday listelerinin sonundaki \u201c<strong>Kimseyi desteklemiyorum<\/strong>\u201d karesini i\u015faretlerin oyunun ge\u00e7erli oy olmas\u0131nda direniyor.<\/p>\n<p>Sal\u0131 g\u00fcn meclis ola\u011fan\u00fcst\u00fc toplanan meclis se\u00e7im yasas\u0131nda de\u011fi\u015fiklik yapacak.<\/p>\n<p>Bu yap\u0131lmazsa, insan haklar\u0131n\u0131n ve vatanda\u015flar\u0131n anayasal haklar\u0131n\u0131n \u00e7i\u011fnendi\u011fi gerek\u00e7esiyle Cumhurba\u015fkan\u0131 Rosen Plevneliev, se\u00e7im yasas\u0131n\u0131n ge\u00e7ersiz k\u0131l\u0131nmas\u0131 iste\u011fiyle Anayasa Mahkemesine ba\u015fvuracak.<\/p>\n<p><strong>D\u0131\u015f \u00fclkelerdeki Bulgaristan vatanda\u015flar y\u00fcr\u00fcrl\u00fckteki se\u00e7im kanunu kabul etmiyor.<\/strong> \u00a0Se\u00e7im hakk\u0131 gibi temel insan haklar\u0131n\u0131n ayakalt\u0131na al\u0131nmas\u0131 b\u00fcy\u00fck tepki uyand\u0131r\u0131yor. Hem solda hem de sa\u011fda heyecanlanma ve hareketlenme yeni \u00e7ok b\u00fcy\u00fck boyutlar ald\u0131. Cumhurba\u015fkan\u0131 se\u00e7imini kaybederse GERB iktidardan \u00e7ekiliyor.<\/p>\n<p><strong>H\u00fck\u00fcmet orta\u011f\u0131 \u00c7ift\u00e7i Partisi erken se\u00e7im istedi.<\/strong><\/p><div id=\"bghab-3491192489\" class=\"bghab-icerik-icine-10-paragraf bghab-entity-placement\"><script async src=\"\/\/pagead2.googlesyndication.com\/pagead\/js\/adsbygoogle.js?client=ca-pub-6203283170189293\" crossorigin=\"anonymous\"><\/script><ins class=\"adsbygoogle\" style=\"display:block; text-align:center;\" data-ad-client=\"ca-pub-6203283170189293\" \ndata-ad-slot=\"7303146466\" \ndata-ad-layout=\"in-article\"\ndata-ad-format=\"fluid\" data-full-width-responsive=\"true\"><\/ins>\n<script> \n(adsbygoogle = window.adsbygoogle || []).push({}); \n<\/script>\n<\/div>\n<p>D\u0131\u015f \u00fclkelerdeki i\u015f\u00e7ilerimiz, onlarla birlik olan T\u00fcrkiye\u2019deki soyda\u015flar\u0131m\u0131z Bulgar \u0131rk\u00e7\u0131-a\u015f\u0131r\u0131 milliyet\u00e7ilerinin GERB partisi ve iktidar\u0131na dayatt\u0131\u011f\u0131 yeni se\u00e7im yasas\u0131 b\u00f6ylece suya d\u00fc\u015f\u00fcr\u00fclm\u00fc\u015f oluyor. Se\u00e7im yasas\u0131ndaki k\u00f6kl\u00fc de\u011fi\u015fikliklere gidilmesi, majoriter \/\u00e7o\u011fulcu\/ isteme ge\u00e7ilmesi ve halk\u0131n istedi\u011fi Cumhurba\u015fkan\u0131n\u0131n se\u00e7ilmesi 6 Kas\u0131m 2016\u2019da se\u00e7menin elinde ve iradesindedir. Halktan g\u00fc\u00e7l\u00fc olan yoktur.<\/p>\n<p><strong>Bulgar siyasetinde s\u00f6z sahibi olan uzman bilginlerin g\u00f6r\u00fc\u015flerine yer veriyoruz:\u00a0<\/strong><\/p>\n<p><img data-recalc-dims=\"1\" loading=\"lazy\" decoding=\"async\" class=\"\" src=\"https:\/\/i0.wp.com\/www.bghaber.org\/bghaber\/wp-content\/uploads\/2016\/10\/bg-s%C4%B1yas.jpg?resize=525%2C464\" alt=\"bg-siyas\" width=\"525\" height=\"464\" \/><\/p>\n<p><strong>Politik sisteminin ciddi bir \u015fekilde ele al\u0131nas\u0131 gerek, yeni yakla\u015f\u0131m bulmal\u0131y\u0131z, siyasi bunal\u0131m var.<\/strong><\/p>\n<p><em>\u00a0<\/em><\/p>\n<p><strong>Soru<\/strong>: Se\u00e7im yasas\u0131nda bask\u0131 alt\u0131nda ve geli\u015fi g\u00fczel de\u011fi\u015fikler yap\u0131ld\u0131 ve olay patlad\u0131.D\u0131\u015f \u00fclkelerdeki Bulgar vatanda\u015flar\u0131ndan daha fazlas\u0131n\u0131n oy kullanamamas\u0131n\u0131 nas\u0131l yorumluyorsunuz?<\/p>\n<p><strong>Cevap<\/strong>: D\u0131\u015f \u00fclkelerdeki Bulgaristan vatanda\u015flar\u0131n\u0131n oy kullanmas\u0131nda sorun ya\u015fanaca\u011f\u0131 defalarca tart\u0131\u015f\u0131ld\u0131. Protestolar oldu. D\u0131\u015f \u00fclkelerdeki soyda\u015flar\u0131m\u0131z aktifle\u015fti. Vatanda\u015f haklar\u0131n\u0131 kaybetmek istemiyorlar. G\u00fcn gelir d\u00f6neriz diyorlar. Fakat milletvekilleri vatanda\u015f\u0131 i\u015fitmek istemedi. \u00c7\u00fcnk\u00fc biz onlar\u0131 i\u015fitmesek de olur, gelip ge\u00e7er dediler. Ama ge\u00e7medi. Milletvekiller se\u00e7meni duymak istemedi\u011fine g\u00f6re, onlar se\u00e7menleri temsil ediyor mu? Sorun budur. Bizde, iktidar\u0131 temsil edenler G\u00dcNE\u015e KRAL gibi davran\u0131yor. Kendilerini eri\u015filmez san\u0131yorlar. Bunun sebebi ise, se\u00e7menin bu ki\u015filere kar\u015f\u0131 sab\u0131rl\u0131 davranmas\u0131d\u0131r.<\/p><div id=\"bghab-1435614087\" class=\"bghab-icerik-icine-15-paragraf bghab-entity-placement\"><script async src=\"\/\/pagead2.googlesyndication.com\/pagead\/js\/adsbygoogle.js?client=ca-pub-6203283170189293\" crossorigin=\"anonymous\"><\/script><ins class=\"adsbygoogle\" style=\"display:block; text-align:center;\" data-ad-client=\"ca-pub-6203283170189293\" \ndata-ad-slot=\"7303146466\" \ndata-ad-layout=\"in-article\"\ndata-ad-format=\"fluid\" data-full-width-responsive=\"true\"><\/ins>\n<script> \n(adsbygoogle = window.adsbygoogle || []).push({}); \n<\/script>\n<\/div>\n<p>Birinci Borisov kabinesi ufak tefek \u015feyler i\u00e7inde geri ad\u0131m at\u0131yor, \u00f6d\u00fcnler veriyordu. \u0130kinci kabinede durum de\u011fi\u015fti. Art\u0131k vatanda\u015f\u0131n s\u00f6yledi\u011fi, istedi\u011fi, \u00f6nerdi\u011fi \u00f6nemsiz oldu. \u015eimdi 6 Kas\u0131m\u2019da sand\u0131k ba\u015f\u0131na gidecek olanlar iyi d\u00fc\u015f\u00fcns\u00fcn ve \u00e7ok daha fazla \u015feyler istemeye haz\u0131rlans\u0131nlar. \u015eu unutulmamal\u0131 d\u0131\u015f \u00fclkelerde sand\u0131k ba\u015f\u0131na gidenlerin hepsinde, hatta savunduklar\u0131 g\u00f6r\u00fc\u015flerin pek \u00f6nem ta\u015f\u0131mad\u0131\u011f\u0131n\u0131 d\u00fc\u015f\u00fcnseler bile,\u00a0 Bulgaristan\u2019a d\u00f6nme niyeti var. Onlar vatana d\u00f6nmek istememi\u015f olsalar se\u00e7imlerden s\u00f6z etmezlerdi. Avrupa\u2019y\u0131 aya\u011fa kald\u0131rd\u0131lar. T\u00fcrkiye\u2019de b\u00fcy\u00fck hareketlenme izleniyor. T\u00fcrkiye\u2019den gelen oylar\u0131n do\u011fru d\u00fcr\u00fcst yerini bulmas\u0131n\u0131 isteyenler durumu kontrol alt\u0131na almak i\u00e7in, i\u015fleyen form\u00fcl, g\u00fcvenli yol bulmak zorundad\u0131r. S\u00f6z konusu olan, se\u00e7im yasas\u0131na uyularak ve insan haklar\u0131na sayg\u0131 g\u00f6stererek se\u00e7im s\u00fcrecinin \u00e7ok basit bir \u015fekilde haz\u0131rlanmas\u0131, i\u015flerin, se\u00e7imlerin normal \u00f6rg\u00fctlenmesidir.<\/p>\n<p><strong>Soru<\/strong>: Milletvekili se\u00e7imlerinin mojoriter sisteme g\u00f6re yap\u0131lmas\u0131n\u0131 \u00f6ng\u00f6ren halk oylamas\u0131 g\u00f6lgede kald\u0131.Art\u0131k herkes g\u00f6rd\u00fc ki, Merkez Se\u00e7im Komisyonunda hakim olan g\u00f6r\u00fc\u015fe g\u00f6re, se\u00e7mene se\u00e7im b\u00fclteni verilirken ancak istendi\u011finde referandum zarf\u0131 da verilecektir. Bunu nas\u0131l anl\u0131yorsunuz?<\/p>\n<p><strong>Cevap<\/strong>: Benim de g\u00f6rebildi\u011fim kadar\u0131yla, meclisteki \u015fimdiki \u00e7o\u011funluk referandumu desteklemiyor. Onlar halk oylamas\u0131n\u0131n onlar\u0131n lehinde \u00e7al\u0131\u015fmad\u0131\u011f\u0131 g\u00f6r\u00fc\u015f\u00fcndedir. Bundan dolay\u0131 iktidar \u00e7evreleri referendum aktifli\u011fini azaltmak i\u00e7in elinden geleni ard\u0131na b\u0131rakm\u0131yor. Hedeflerinde se\u00e7menin Cumhurba\u015fkan\u0131 i\u00e7in oy kullanmas\u0131, halk oylamas\u0131na kat\u0131lma oran\u0131n\u0131n d\u00fc\u015f\u00fcr\u00fclmesi ve b\u00f6ylece referandumun \u00f6neminin azalt\u0131lmas\u0131 var. Se\u00e7men referandumun \u00f6nemini anlamal\u0131 ve oyunu kullanmal\u0131d\u0131r. Sand\u0131k ba\u015f\u0131ndakilerin kendisine zarf uzatmas\u0131n\u0131 beklemeden, zarf\u0131 istemelidirler. Se\u00e7meni bilin\u00e7li hareket etmeye ve referenduma kat\u0131lmaya ve oyuyla durumu de\u011fi\u015ftirmeye davet ediyorum.<\/p>\n<p><strong>Soru: <\/strong>Se\u00e7ime kalan 3 haftada Cumhurba\u015fkan\u0131 adaylar\u0131n\u0131n fikirlerinin halka indirilmesine ve derin bir tart\u0131\u015fma d\u00fczenlenmesine zaman olmad\u0131\u011f\u0131 art\u0131k ortadad\u0131r. Bu durumda sizin se\u00e7im tahminleriniz nas\u0131ld\u0131r?<\/p>\n<p><strong>Cevap<\/strong>: Kampanyan\u0131n 1 aya s\u0131k\u0131\u015ft\u0131r\u0131lmas\u0131 \u015ferefsizlik oldu. Bu bir skandald\u0131r. Bulgar siyaset sisteminin ciddi bir \u015fekilde g\u00f6zden ge\u00e7irilmesi ve yeni yakla\u015f\u0131m aranmas\u0131 gerekti\u011fini defalarca belirttim. Boyko Borisov b\u00fct\u00fcn iktidar\u0131n merkezi ve ba\u015f\u0131 olmay\u0131 ne kadar isterse istesin, Cumhurba\u015fkan\u0131 adaylar\u0131 \u00fcst\u00fcne halk tart\u0131\u015fmas\u0131 yap\u0131lmas\u0131 k\u00fc\u00e7\u00fcmsenemez, \u00e7\u00fcnk\u00fc Cumhurba\u015fkanl\u0131\u011f\u0131 kurumunun \u00fclkemiz, toplumumuz ve siyasetimiz i\u00e7in ta\u015f\u0131d\u0131\u011f\u0131 \u00f6nem ve sorumluluk \u00e7ok b\u00fcy\u00fckt\u00fcr. Anayasam\u0131za sayg\u0131 duyuyorsak, devlet ba\u015fkan\u0131n\u0131 nas\u0131l se\u00e7ti\u011fimize son derece sayg\u0131n davranmal\u0131y\u0131z. Biz sava\u015f i\u00e7indeyiz, s\u0131\u011f\u0131nmac\u0131lar, g\u00f6\u00e7menler bize geliyor, istila edilece\u011fiz gibi s\u00f6zler, kamuoyunun g\u00f6z\u00fcne k\u00fcl atmak i\u00e7in tekrarland\u0131\u011f\u0131 gibi, bir de G\u00fcne\u015f-Ba\u015fbakan Boyko Borisov\u2019un kimsenin g\u00f6lgesinde kalmak istemedi\u011fini g\u00f6steriyor. O, Rosen Plevneliev\u2019le yapt\u0131\u011f\u0131 gibi, Tsetska Tsa\u00e7eva ile de \u015fimdi denedi\u011fi \u00fczere, halka d\u00f6n\u00fcp \u201c<strong>i\u015fte size ba\u015fkan<\/strong>\u201d \u201c<strong>koyunlar, hadi sand\u0131k ba\u015f\u0131na oy verin<\/strong>!\u201d demek istiyor. Deli olan b\u00f6rek yiyen de\u011fil, deliye b\u00f6rek sunand\u0131r. Ben, gece g\u00fcnd\u00fcz \u015fi\u015firilen \u015fu g\u00f6r\u00fc\u015fe asla kat\u0131lm\u0131yorum: Tsa\u00e7eva birinci tutu kazan\u0131r. Ard\u0131nda g\u00fc\u00e7l\u00fc bir siyas\u0131 g\u00fc\u00e7 \u2013GERB- var, bu durumda ikinci tutu da kazanabilir. Bu b\u00f6yle olursa Bulgaristan\u2019da toplumun bekledi\u011fi hi\u00e7bir siyasi de\u011fi\u015fiklik yap\u0131lamaz. Bu durumda biz b\u00fcy\u00fck Hegel\u2019in \u201c<strong>Her halk kendi h\u00fck\u00fcmetini hak eder<\/strong>\u201d s\u00f6zlerine ba\u011fl\u0131 kal\u0131r\u0131z.<\/p><div id=\"bghab-1645183519\" class=\"bghab-icerik-icine-20-paragraf bghab-entity-placement\"><script async src=\"\/\/pagead2.googlesyndication.com\/pagead\/js\/adsbygoogle.js?client=ca-pub-6203283170189293\" crossorigin=\"anonymous\"><\/script><ins class=\"adsbygoogle\" style=\"display:block; text-align:center;\" data-ad-client=\"ca-pub-6203283170189293\" \ndata-ad-slot=\"7303146466\" \ndata-ad-layout=\"in-article\"\ndata-ad-format=\"fluid\" data-full-width-responsive=\"true\"><\/ins>\n<script> \n(adsbygoogle = window.adsbygoogle || []).push({}); \n<\/script>\n<\/div>\n<p>Bu se\u00e7imde Bulgar toplumunda ba\u015fka bir hareketlenme g\u00f6zleniyor. Di\u011fer adaylar\u0131n rahat konu\u015flan\u0131\u015f\u0131 ilgi \u00e7ekiyor. Onlar sanki GERB aday\u0131yla rekabet i\u00e7inde de\u011fil. Bir \u015fey olsun da biz de GERB aday\u0131n\u0131n Cumhurba\u015fkan\u0131 koltu\u011funa oturmas\u0131n\u0131 biraz destekleyelim ve bir i\u015f g\u00f6rm\u00fc\u015f olal\u0131m havalar\u0131na girmi\u015fler.<\/p>\n<p>Solda muhalefet adaylar\u0131 aras\u0131nda ba\u015f\u0131 \u00e7eken General Rumen Radev, orta sol konumu bi\u00e7imlendiremedi, TV tart\u0131\u015fmalar\u0131na kat\u0131lmak istemiyor, haz\u0131rlanan ve halka g\u00f6sterilen klip doyurucu d\u00fczeyde de\u011fildir. Anket sonu\u00e7lar\u0131, vatanda\u015flardan bir k\u0131sm\u0131n\u0131n iktidar aday\u0131na oy vermek istedi\u011fini g\u00f6steriyor. Dikkati \u00e7eken \u00f6zellik, partilerin vurdum duymaz tav\u0131r sergilemesi, hizmetk\u00e2r gibi davranmas\u0131 ve sanki Cumhurba\u015fkanl\u0131\u011f\u0131n\u0131 GERB aday\u0131na tepside sunmak istemesidir.<\/p>\n<p>\u015eimdiki durumdan sorumluluk ta\u015f\u0131yanlar, se\u00e7menden fazla olan se\u00e7im akt\u00f6rleridir. Bulgaristan\u2019da iktidarla olma iradesi bu akt\u00f6rlerin ald\u0131\u011f\u0131 kararlara g\u00f6re ger\u00e7ekl\u015fiyor. Bu a\u015famada, \u00fclkemizindeki siyasi olgunluk d\u00fczeyi budur.<\/p>\n<p><strong>Sofya \/ Bulgaristan<\/strong><\/p>\n<div id=\"bghab-848997012\" class=\"bghab-yazi-altinda bghab-entity-placement\"><div class=\"bghab-adlabel\">Reklamlar<\/div><script async src=\"https:\/\/pagead2.googlesyndication.com\/pagead\/js\/adsbygoogle.js\"><\/script>\r\n<!-- bghaber-yaz\u0131-sonu -->\r\n<ins class=\"adsbygoogle\"\r\n     style=\"display:block\"\r\n     data-ad-client=\"ca-pub-6203283170189293\"\r\n     data-ad-slot=\"4222328180\"\r\n     data-ad-format=\"auto\"\r\n     data-full-width-responsive=\"true\"><\/ins>\r\n<script>\r\n     (adsbygoogle = window.adsbygoogle || []).push({});\r\n<\/script><\/div><br style=\"clear: both; display: block; float: none;\"\/>","protected":false},"excerpt":{"rendered":"<p>Siyasi sistemde sorun var. Cumhurba\u015fkan\u0131 se\u00e7imlerine 3 hafta kala siyasi durum k\u00f6kten de\u011fi\u015fmeye ba\u015flad\u0131. Borisov iktidar\u0131na olan g\u00fcven azald\u0131. Kabine \u00e7at\u0131rd\u0131yor. Meclisten onaylad\u0131\u011f\u0131 yasalar\u0131 de\u011fi\u015ftirmesi<\/p>\n","protected":false},"author":13,"featured_media":21111,"comment_status":"closed","ping_status":"closed","sticky":false,"template":"","format":"standard","meta":{"advanced_seo_description":"","jetpack_seo_html_title":"","jetpack_seo_noindex":false,"_jetpack_memberships_contains_paid_content":false,"footnotes":""},"categories":[6],"tags":[],"class_list":["post-21110","post","type-post","status-publish","format-standard","has-post-thumbnail","hentry","category-yorum"],"jetpack_featured_media_url":"https:\/\/i0.wp.com\/www.bghaber.org\/bghaber\/wp-content\/uploads\/2016\/10\/bg-s%C4%B1yas.jpg?fit=390%2C345&ssl=1","jetpack_sharing_enabled":true,"jetpack_likes_enabled":true,"jetpack-related-posts":[],"jetpack_shortlink":"https:\/\/wp.me\/pc2PfJ-5uu","_links":{"self":[{"href":"https:\/\/www.bghaber.org\/bghaber\/wp-json\/wp\/v2\/posts\/21110","targetHints":{"allow":["GET"]}}],"collection":[{"href":"https:\/\/www.bghaber.org\/bghaber\/wp-json\/wp\/v2\/posts"}],"about":[{"href":"https:\/\/www.bghaber.org\/bghaber\/wp-json\/wp\/v2\/types\/post"}],"author":[{"embeddable":true,"href":"https:\/\/www.bghaber.org\/bghaber\/wp-json\/wp\/v2\/users\/13"}],"replies":[{"embeddable":true,"href":"https:\/\/www.bghaber.org\/bghaber\/wp-json\/wp\/v2\/comments?post=21110"}],"version-history":[{"count":0,"href":"https:\/\/www.bghaber.org\/bghaber\/wp-json\/wp\/v2\/posts\/21110\/revisions"}],"wp:featuredmedia":[{"embeddable":true,"href":"https:\/\/www.bghaber.org\/bghaber\/wp-json\/wp\/v2\/media\/21111"}],"wp:attachment":[{"href":"https:\/\/www.bghaber.org\/bghaber\/wp-json\/wp\/v2\/media?parent=21110"}],"wp:term":[{"taxonomy":"category","embeddable":true,"href":"https:\/\/www.bghaber.org\/bghaber\/wp-json\/wp\/v2\/categories?post=21110"},{"taxonomy":"post_tag","embeddable":true,"href":"https:\/\/www.bghaber.org\/bghaber\/wp-json\/wp\/v2\/tags?post=21110"}],"curies":[{"name":"wp","href":"https:\/\/api.w.org\/{rel}","templated":true}]}}