{"id":21104,"date":"2016-10-16T23:06:03","date_gmt":"2016-10-16T20:06:03","guid":{"rendered":"http:\/\/www.bghaber.org\/bghaber\/?p=21104"},"modified":"2016-10-16T23:06:03","modified_gmt":"2016-10-16T20:06:03","slug":"ciftci-partisi-erken-secim-dedi","status":"publish","type":"post","link":"https:\/\/www.bghaber.org\/bghaber\/ciftci-partisi-erken-secim-dedi\/","title":{"rendered":"\u00c7ift\u00e7i Partisi Erken Se\u00e7im, dedi"},"content":{"rendered":"<p><strong><em><img data-recalc-dims=\"1\" loading=\"lazy\" decoding=\"async\" class=\"\" src=\"https:\/\/i0.wp.com\/www.bghaber.org\/bghaber\/wp-content\/uploads\/2016\/10\/c%C4%B1ftc%C4%B1-parti-bg.jpg?resize=133%2C112\" alt=\"ciftci-parti-bg\" width=\"133\" height=\"112\" \/>\u00a0Nikolay Nenov<\/em><\/strong><\/p>\n<p><strong>Bulgaristan Halk \u00c7ift\u00e7i Partisi \/BZNS\/\u00a0 \u00f6zel bir bildiri yay\u0131nlyarak, devletin istikrars\u0131zl\u0131\u011fa itilmesi denemelerini k\u0131yarak, \u00e7\u0131k\u0131\u015f yolu\u00a0 \u201cERKEKN SE\u00c7\u0130M\u201d dedi.<\/strong><\/p>\n<p>Savunma Bakan\u0131 Nikolay Nenov taraf\u0131ndan y\u00f6netilen ve Reformcu Blok \/RB\/ bile\u015fimindeki ana partilerden biri olan \/BZNS\/ erken se\u00e7im yap\u0131lmas\u0131ndan yana oldu\u011funu a\u00e7\u0131klad\u0131. Savunma Bakan\u0131\u2019n\u0131n partisi \u00f6zel bir oturum d\u00fczenleyerek, t\u00fcm di\u011fer yollar t\u0131kand\u0131\u011f\u0131na g\u00f6re, erken se\u00e7ime gitme karar\u0131 ald\u0131 ve \u00f6zel bir bildiri yay\u0131nlayarak gerek\u00e7elerini halka a\u00e7\u0131klad\u0131.<\/p>\n<p>Bu konuda Reormcu Blok Y\u00fcr\u00fctme ve Sivil Konseyini toplant\u0131ya \u00e7a\u011f\u0131ran \u00c7ift\u00e7i Parti y\u00f6netimi, 5 partinin erken se\u00e7im karar\u0131n\u0131 birlikte g\u00f6r\u00fc\u015fmesine \u00e7a\u011fr\u0131 yapt\u0131.<\/p>\n<p>\u0130ktidar koalisyonunda g\u00fcvensizlik oldu\u011funa i\u015faret eden \u00c7ift\u00e7i Birli\u011fi y\u00f6neticileri, 6 Kas\u0131m 2016\u2019da Cumhurba\u015fkan\u0131 se\u00e7imleri \u00f6ncesi en \u00f6nemli \u00f6devin ortak aday Tray\u00e7o Traykov ile C\u0131bi S\u0131bev\u2019e destek vermek oldu\u011funu yineledi.<\/p><div id=\"bghab-3044203391\" class=\"bghab-icerik-icine bghab-entity-placement\"><script async src=\"\/\/pagead2.googlesyndication.com\/pagead\/js\/adsbygoogle.js?client=ca-pub-6203283170189293\" crossorigin=\"anonymous\"><\/script><ins class=\"adsbygoogle\" style=\"display:block; text-align:center;\" data-ad-client=\"ca-pub-6203283170189293\" \ndata-ad-slot=\"7303146466\" \ndata-ad-layout=\"in-article\"\ndata-ad-format=\"fluid\" data-full-width-responsive=\"true\"><\/ins>\n<script> \n(adsbygoogle = window.adsbygoogle || []).push({}); \n<\/script>\n<\/div>\n<p>BZNS Bildirisinde aynen \u015f\u00f6yle deniyor:<\/p>\n<p>BZNS devletin ve kurumlar\u0131n\u0131n istikrars\u0131zla\u015ft\u0131r\u0131lmas\u0131 denemelerini k\u0131n\u0131yor.<\/p>\n<p>BZNS devlet y\u00f6netiminde ve y\u00f6neten koalisyonda her zaman ilkesel sayg\u0131, devaml\u0131l\u0131k ve \u015feffafl\u0131k olmas\u0131n\u0131 istemi\u015ftir. Bu inan\u00e7lar\u0131m\u0131zdan \u00f6d\u00fcn veremeyiz. Bulgaristan ileti\u015fim ara\u00e7lar\u0131n\u0131n bir b\u00f6l\u00fcm\u00fcnde se\u00e7menlerin akl\u0131n\u0131 \u00e7elmek i\u00e7in s\u00fcregiden propagandayla ilgili olarak, iktidara kat\u0131lman\u0131n bizim son amac\u0131m\u0131z olmad\u0131\u011f\u0131n\u0131 vurguluyoruz.<\/p>\n<p>BZNS koalisyon ortaklar\u0131 aras\u0131ndaki g\u00fcvenin yok oldu\u011fu kan\u0131s\u0131ndad\u0131r.<\/p>\n<p>Biz, ancak ve yaln\u0131z Bulgaristan\u2019\u0131n milli menfaatlerini, Avrupa Atlantik \u00fcyeli\u011fini savunmak ve onu mafya k\u0131skac\u0131ndan kurtarmak i\u00e7in iktidara kat\u0131ld\u0131k.<\/p><div id=\"bghab-3343315867\" class=\"bghab-icerik-icine-10-paragraf bghab-entity-placement\"><script async src=\"\/\/pagead2.googlesyndication.com\/pagead\/js\/adsbygoogle.js?client=ca-pub-6203283170189293\" crossorigin=\"anonymous\"><\/script><ins class=\"adsbygoogle\" style=\"display:block; text-align:center;\" data-ad-client=\"ca-pub-6203283170189293\" \ndata-ad-slot=\"7303146466\" \ndata-ad-layout=\"in-article\"\ndata-ad-format=\"fluid\" data-full-width-responsive=\"true\"><\/ins>\n<script> \n(adsbygoogle = window.adsbygoogle || []).push({}); \n<\/script>\n<\/div>\n<p>Bununla ilgili olarak, biz, dalgalanan ve belirsiz bir \u00e7o\u011funluk form\u00fcl\u00fcyle suya d\u00fc\u015fen ekonomik ve siyasi tasar\u0131mlarla iktidar\u0131 cinai kom\u00fcnist rejimin miras\u00e7\u0131lar\u0131na ve onlar\u0131n yeti\u015ftirdi\u011fi oligar\u015fiye b\u0131rakman\u0131n su\u00e7 oldu\u011fu kan\u0131s\u0131nday\u0131z.<\/p>\n<p>\u0130stikrars\u0131zl\u0131\u011f\u0131m\u0131z\u0131 derinle\u015ftiren her ad\u0131m ve politik bunal\u0131m bizi sald\u0131rgan Rus imparatorluk siyasetinden daha da s\u0131k\u0131 ba\u011f\u0131ml\u0131 duruma getiriyor. \u00d6zg\u00fcrl\u00fcklerimizle ve \u015ferefimizle pazarl\u0131k edilmesine, k\u00fc\u00e7\u00fck d\u00fc\u015f\u00fcr\u00fclmeye raz\u0131 olamay\u0131z.<\/p>\n<p>Reformcu Blok g\u00fc\u00e7lerinin e\u015fit hakl\u0131 \u00fcyesi olarak 17 Ekim\u2019de Y\u00fcr\u00fctme ve Sivil Konseyi oturuma davet ediyoruz. E\u011fer hepimiz, iktidar ortakl\u0131\u011f\u0131 yollar\u0131ndan hepsinin t\u0131kand\u0131\u011f\u0131 kan\u0131s\u0131ndaysak, gelecek y\u0131l\u0131n bahar\u0131nda erken genel se\u00e7im yap\u0131lmas\u0131 karar\u0131 almay\u0131, t\u00fcm RB \u00fcyelerine \u00f6neriyoruz. Kan\u0131m\u0131za g\u00f6re, politik bunal\u0131mdan \u00e7\u0131kmak i\u00e7in en demokratik yol genel se\u00e7imdir.<\/p>\n<p>*****<\/p>\n<p>Bulgaristan Sosyalist Partisi \/BSP\/, Hak ve \u00d6zg\u00fcrl\u00fckler Partisi \/DPS\/ ve Bulgaristan i\u00e7in Alternatif Partisi \/ABV\/ genel se\u00e7im \u00e7a\u011fr\u0131s\u0131nda art\u0131k bulundular.<\/p><div id=\"bghab-3873577722\" class=\"bghab-icerik-icine-15-paragraf bghab-entity-placement\"><script async src=\"\/\/pagead2.googlesyndication.com\/pagead\/js\/adsbygoogle.js?client=ca-pub-6203283170189293\" crossorigin=\"anonymous\"><\/script><ins class=\"adsbygoogle\" style=\"display:block; text-align:center;\" data-ad-client=\"ca-pub-6203283170189293\" \ndata-ad-slot=\"7303146466\" \ndata-ad-layout=\"in-article\"\ndata-ad-format=\"fluid\" data-full-width-responsive=\"true\"><\/ins>\n<script> \n(adsbygoogle = window.adsbygoogle || []).push({}); \n<\/script>\n<\/div>\n<div id=\"bghab-3848443527\" class=\"bghab-yazi-altinda bghab-entity-placement\"><div class=\"bghab-adlabel\">Reklamlar<\/div><script async src=\"https:\/\/pagead2.googlesyndication.com\/pagead\/js\/adsbygoogle.js\"><\/script>\r\n<!-- bghaber-yaz\u0131-sonu -->\r\n<ins class=\"adsbygoogle\"\r\n     style=\"display:block\"\r\n     data-ad-client=\"ca-pub-6203283170189293\"\r\n     data-ad-slot=\"4222328180\"\r\n     data-ad-format=\"auto\"\r\n     data-full-width-responsive=\"true\"><\/ins>\r\n<script>\r\n     (adsbygoogle = window.adsbygoogle || []).push({});\r\n<\/script><\/div><br style=\"clear: both; display: block; float: none;\"\/>","protected":false},"excerpt":{"rendered":"<p>\u00a0Nikolay Nenov Bulgaristan Halk \u00c7ift\u00e7i Partisi \/BZNS\/\u00a0 \u00f6zel bir bildiri yay\u0131nlyarak, devletin istikrars\u0131zl\u0131\u011fa itilmesi denemelerini k\u0131yarak, \u00e7\u0131k\u0131\u015f yolu\u00a0 \u201cERKEKN SE\u00c7\u0130M\u201d dedi. Savunma Bakan\u0131 Nikolay Nenov<\/p>\n","protected":false},"author":13,"featured_media":21105,"comment_status":"closed","ping_status":"closed","sticky":false,"template":"","format":"standard","meta":{"advanced_seo_description":"","jetpack_seo_html_title":"","jetpack_seo_noindex":false,"_jetpack_memberships_contains_paid_content":false,"footnotes":""},"categories":[5],"tags":[],"class_list":["post-21104","post","type-post","status-publish","format-standard","has-post-thumbnail","hentry","category-yasam"],"jetpack_featured_media_url":"https:\/\/i0.wp.com\/www.bghaber.org\/bghaber\/wp-content\/uploads\/2016\/10\/c%C4%B1ftc%C4%B1-parti-bg.jpg?fit=360%2C303&ssl=1","jetpack_sharing_enabled":true,"jetpack_likes_enabled":true,"jetpack-related-posts":[],"jetpack_shortlink":"https:\/\/wp.me\/pc2PfJ-5uo","_links":{"self":[{"href":"https:\/\/www.bghaber.org\/bghaber\/wp-json\/wp\/v2\/posts\/21104","targetHints":{"allow":["GET"]}}],"collection":[{"href":"https:\/\/www.bghaber.org\/bghaber\/wp-json\/wp\/v2\/posts"}],"about":[{"href":"https:\/\/www.bghaber.org\/bghaber\/wp-json\/wp\/v2\/types\/post"}],"author":[{"embeddable":true,"href":"https:\/\/www.bghaber.org\/bghaber\/wp-json\/wp\/v2\/users\/13"}],"replies":[{"embeddable":true,"href":"https:\/\/www.bghaber.org\/bghaber\/wp-json\/wp\/v2\/comments?post=21104"}],"version-history":[{"count":0,"href":"https:\/\/www.bghaber.org\/bghaber\/wp-json\/wp\/v2\/posts\/21104\/revisions"}],"wp:featuredmedia":[{"embeddable":true,"href":"https:\/\/www.bghaber.org\/bghaber\/wp-json\/wp\/v2\/media\/21105"}],"wp:attachment":[{"href":"https:\/\/www.bghaber.org\/bghaber\/wp-json\/wp\/v2\/media?parent=21104"}],"wp:term":[{"taxonomy":"category","embeddable":true,"href":"https:\/\/www.bghaber.org\/bghaber\/wp-json\/wp\/v2\/categories?post=21104"},{"taxonomy":"post_tag","embeddable":true,"href":"https:\/\/www.bghaber.org\/bghaber\/wp-json\/wp\/v2\/tags?post=21104"}],"curies":[{"name":"wp","href":"https:\/\/api.w.org\/{rel}","templated":true}]}}