{"id":21102,"date":"2016-10-16T23:04:16","date_gmt":"2016-10-16T20:04:16","guid":{"rendered":"http:\/\/www.bghaber.org\/bghaber\/?p=21102"},"modified":"2016-10-16T23:04:16","modified_gmt":"2016-10-16T20:04:16","slug":"merkez-secim-komisyonu-karari","status":"publish","type":"post","link":"https:\/\/www.bghaber.org\/bghaber\/merkez-secim-komisyonu-karari\/","title":{"rendered":"Merkez Se\u00e7im Komisyonu karar\u0131:"},"content":{"rendered":"<p><strong>15 Ekim 2016 g\u00fcn\u00fc Merkez Se\u00e7im Komisyonu 06 Kas\u0131m 2016 g\u00fcn\u00fc yap\u0131lacak olan Cumhurba\u015fkan\u0131 se\u00e7imlerine d\u0131\u015f \u00fclkelerde bulunan ve ikamet eden Bulgaristan vatanda\u015flar\u0131yla ilgili \u015f\u00f6yle bir karar ald\u0131.<\/strong><\/p>\n<p><img data-recalc-dims=\"1\" loading=\"lazy\" decoding=\"async\" class=\"\" src=\"https:\/\/i0.wp.com\/www.bghaber.org\/bghaber\/wp-content\/uploads\/2013\/04\/secim.jpg?resize=562%2C416\" alt=\"secim\" width=\"562\" height=\"416\" \/><\/p>\n<p>Se\u00e7ime kat\u0131lmak isteyen ve dilek\u00e7e veren se\u00e7menlerin en kalabal\u0131k oldu\u011fu \u00fclke T\u00fcrkliye Cumhuriyeti,\u00a0 ard\u0131ndan Birle\u015fik Amerika ve B\u00fcy\u00fck Britanya geliyor.<\/p>\n<p>MSK d\u0131\u015f \u00fclkelerdeki se\u00e7im sand\u0131klar\u0131n\u0131n toplam say\u0131s\u0131n\u0131n 3001 olmas\u0131na karar verdi.<\/p>\n<p>Yasa en fazla sand\u0131k say\u0131s\u0131na \u201c35\u201d gibi bir s\u0131n\u0131r getirse de\u00a0 Sofya meclisi bu konuda 19 Ekom 2016\u2019da yeniden toplanacak ve\u00a0 se\u00e7i kanununda milliyet\u00e7ilerin dayatmas\u0131yla kabul edilen yasa de\u011fi\u015fikliklerini tart\u0131\u015facak ve de\u011fi\u015fiklik yaparak, yeni kararlar alacakt\u0131r. \u015eimdilik se\u00e7ime kat\u0131lmak isteyenlerin en kalabal\u0131k oldu\u011fu \u00fclkelerin ba\u015f\u0131nda T.C. geliyor.<\/p>\n<p>\u0130spanya\u2019da 27, Yunanistan\u2019da 13, Fransa\u2019da 10, \u0130talya\u2019da ise yaln\u0131z 9 sand\u0131k a\u00e7\u0131lacakt\u0131r. T\u00fcrkiye\u2019deki soyda\u015flar aras\u0131nda se\u00e7ime kat\u0131lma hakk\u0131 olan toplam 620 bin \u00e7ifte vatanda\u015f\u0131m\u0131z var. Onlar yasal haklar\u0131ndan yararlanmak istiyorlar.<\/p><div id=\"bghab-3162849858\" class=\"bghab-icerik-icine bghab-entity-placement\"><script async src=\"\/\/pagead2.googlesyndication.com\/pagead\/js\/adsbygoogle.js?client=ca-pub-6203283170189293\" crossorigin=\"anonymous\"><\/script><ins class=\"adsbygoogle\" style=\"display:block; text-align:center;\" data-ad-client=\"ca-pub-6203283170189293\" \ndata-ad-slot=\"7303146466\" \ndata-ad-layout=\"in-article\"\ndata-ad-format=\"fluid\" data-full-width-responsive=\"true\"><\/ins>\n<script> \n(adsbygoogle = window.adsbygoogle || []).push({}); \n<\/script>\n<\/div>\n<p>Bug\u00fcne kadar yurt d\u0131\u015f\u0131nda bulunan 34 bin vatanda\u015f Merkez Se\u015fim Komisyonuna mektup g\u00f6ndererek her vatanda\u015f\u0131n se\u00e7me ve se\u00e7ilme hakk\u0131na sayg\u0131 g\u00f6sterilmesini istemi\u015ftir. Bu mektuplar\u0131n \u00e7o\u011fu \u0130ngiltere, T\u00fcrkiye, ABD ve Almanya\u2019dan gelmi\u015ftir.<\/p>\n<p>Almanya\u2019daki sand\u0131k say\u0131s\u0131 8\u2019dir. Almanya makamlar\u0131 yabanc\u0131lar\u0131n B\u00fcy\u00fckel\u00e7ilik ve konsolosluklar d\u0131\u015f\u0131nda oy kullanmalar\u0131na izin vermiyor. Avrupa\u2019da en fazla Bulgar i\u015f\u00e7i \u00e7al\u0131\u015ft\u0131ran \u0130spanya\u2019da ancak 25 se\u00e7im sand\u0131\u011f\u0131 a\u00e7\u0131labiliyor.<\/p>\n<p>T\u00fcrkiye\u2019den gelen 8 842 mektupta, se\u00e7im i\u015flerinin g\u00f6\u00e7men derneklerince \u00f6rg\u00fctlenmesinde ve kontrol edilmesinde, sand\u0131k ba\u015flar\u0131n\u0131n Bulgarca okur yazar olan, iki dil bilen soyda\u015flar aras\u0131ndan se\u00e7ilmesinde \u0131srar ediliyor.\u00a0 Konsolosluklar\u0131n se\u00e7im \u00f6n haz\u0131rl\u0131klar\u0131 i\u00e7in dernek ba\u015fkanlar\u0131yla temas kurmas\u0131 \u00f6neriliyor.<\/p>\n<p>Cumhurba\u015fkan\u0131 se\u00e7imine kat\u0131lanlar referanduma da kat\u0131lmak isterken bu konuda kendilerine daha fazla bilgi sunulmas\u0131nda \u0131srar ediyorlar.<\/p>\n<div id=\"bghab-1844279313\" class=\"bghab-yazi-altinda bghab-entity-placement\"><div class=\"bghab-adlabel\">Reklamlar<\/div><script async src=\"https:\/\/pagead2.googlesyndication.com\/pagead\/js\/adsbygoogle.js\"><\/script>\r\n<!-- bghaber-yaz\u0131-sonu -->\r\n<ins class=\"adsbygoogle\"\r\n     style=\"display:block\"\r\n     data-ad-client=\"ca-pub-6203283170189293\"\r\n     data-ad-slot=\"4222328180\"\r\n     data-ad-format=\"auto\"\r\n     data-full-width-responsive=\"true\"><\/ins>\r\n<script>\r\n     (adsbygoogle = window.adsbygoogle || []).push({});\r\n<\/script><\/div><br style=\"clear: both; display: block; float: none;\"\/>","protected":false},"excerpt":{"rendered":"<p>15 Ekim 2016 g\u00fcn\u00fc Merkez Se\u00e7im Komisyonu 06 Kas\u0131m 2016 g\u00fcn\u00fc yap\u0131lacak olan Cumhurba\u015fkan\u0131 se\u00e7imlerine d\u0131\u015f \u00fclkelerde bulunan ve ikamet eden Bulgaristan vatanda\u015flar\u0131yla ilgili \u015f\u00f6yle<\/p>\n","protected":false},"author":13,"featured_media":261,"comment_status":"closed","ping_status":"closed","sticky":false,"template":"","format":"standard","meta":{"advanced_seo_description":"","jetpack_seo_html_title":"","jetpack_seo_noindex":false,"_jetpack_memberships_contains_paid_content":false,"footnotes":""},"categories":[8],"tags":[],"class_list":["post-21102","post","type-post","status-publish","format-standard","has-post-thumbnail","hentry","category-egitim"],"jetpack_featured_media_url":"https:\/\/i0.wp.com\/www.bghaber.org\/bghaber\/wp-content\/uploads\/2013\/04\/secim.jpg?fit=216%2C160&ssl=1","jetpack_sharing_enabled":true,"jetpack_likes_enabled":true,"jetpack-related-posts":[],"jetpack_shortlink":"https:\/\/wp.me\/pc2PfJ-5um","_links":{"self":[{"href":"https:\/\/www.bghaber.org\/bghaber\/wp-json\/wp\/v2\/posts\/21102","targetHints":{"allow":["GET"]}}],"collection":[{"href":"https:\/\/www.bghaber.org\/bghaber\/wp-json\/wp\/v2\/posts"}],"about":[{"href":"https:\/\/www.bghaber.org\/bghaber\/wp-json\/wp\/v2\/types\/post"}],"author":[{"embeddable":true,"href":"https:\/\/www.bghaber.org\/bghaber\/wp-json\/wp\/v2\/users\/13"}],"replies":[{"embeddable":true,"href":"https:\/\/www.bghaber.org\/bghaber\/wp-json\/wp\/v2\/comments?post=21102"}],"version-history":[{"count":0,"href":"https:\/\/www.bghaber.org\/bghaber\/wp-json\/wp\/v2\/posts\/21102\/revisions"}],"wp:featuredmedia":[{"embeddable":true,"href":"https:\/\/www.bghaber.org\/bghaber\/wp-json\/wp\/v2\/media\/261"}],"wp:attachment":[{"href":"https:\/\/www.bghaber.org\/bghaber\/wp-json\/wp\/v2\/media?parent=21102"}],"wp:term":[{"taxonomy":"category","embeddable":true,"href":"https:\/\/www.bghaber.org\/bghaber\/wp-json\/wp\/v2\/categories?post=21102"},{"taxonomy":"post_tag","embeddable":true,"href":"https:\/\/www.bghaber.org\/bghaber\/wp-json\/wp\/v2\/tags?post=21102"}],"curies":[{"name":"wp","href":"https:\/\/api.w.org\/{rel}","templated":true}]}}