{"id":2075,"date":"2013-05-26T16:58:45","date_gmt":"2013-05-26T13:58:45","guid":{"rendered":"http:\/\/bghaber.org\/bghaber\/?p=2075"},"modified":"2019-07-18T23:57:09","modified_gmt":"2019-07-18T21:57:09","slug":"cumhurbaskani-rosen-plevneliev-almanyayi-resmi-ziyarette-bulunuyor","status":"publish","type":"post","link":"https:\/\/www.bghaber.org\/bghaber\/cumhurbaskani-rosen-plevneliev-almanyayi-resmi-ziyarette-bulunuyor\/","title":{"rendered":"Cumhurba\u015fkan\u0131 Rosen Plevneliev Almanya\u2019y\u0131 resmi ziyarette bulunuyor"},"content":{"rendered":"<p>Cumhurba\u015fkan\u0131 Rosen Plevneliev, Almanya\u2019y\u0131 iki g\u00fcnl\u00fck resmi ziyarette bulunuyor. Cumhurba\u015fkan\u0131 Baden W\u00fcrttenberg eyaletine gidecek. Ellwangen kentinde Cumhurba\u015fkan\u0131, Aziz Kiril ve Metodiy karde\u015flerinin B\u00fcy\u00fck Moraviya misyonu \u00fczerinden ge\u00e7en 1150 y\u0131l kutlamalar\u0131na kat\u0131lacak. <!--more--><a href=\"https:\/\/i0.wp.com\/bghaber.org\/bghaber\/wp-content\/uploads\/2013\/05\/%C4%B0%C3%A7erik.jpg\"><img data-recalc-dims=\"1\" loading=\"lazy\" decoding=\"async\" class=\"size-full wp-image-2077 alignright\" alt=\"\u0130\u00e7erik\" src=\"https:\/\/i0.wp.com\/bghaber.org\/bghaber\/wp-content\/uploads\/2013\/05\/%C4%B0%C3%A7erik.jpg?resize=122%2C166\" width=\"122\" height=\"166\" \/><\/a>Kentin belediye ba\u015fkanl\u0131\u011f\u0131nda Rosen Plevneliev, Avrupa\u2019da \u00fc\u00e7\u00fcnc\u00fc yaz\u0131 olan Kiril alfabesinin y\u0131ld\u00f6n\u00fcm\u00fcne adanan konferans\u0131n a\u00e7\u0131l\u0131\u015f\u0131n\u0131 yapacak. Devlet Ba\u015fkan\u0131 ayr\u0131ca Baden W\u00fcrttemberg Sanayi ve Ticaret Odas\u0131 ve i\u015f \u00e7evreleri temsilcileri ile yuvarlak masa toplant\u0131s\u0131na kat\u0131lacak.<\/p>\n<div id=\"bghab-570504784\" class=\"bghab-yazi-altinda bghab-entity-placement\"><script async src=\"https:\/\/pagead2.googlesyndication.com\/pagead\/js\/adsbygoogle.js\"><\/script>\r\n<!-- bghaber-yaz\u0131-sonu -->\r\n<ins class=\"adsbygoogle\"\r\n     style=\"display:block\"\r\n     data-ad-client=\"ca-pub-6203283170189293\"\r\n     data-ad-slot=\"4222328180\"\r\n     data-ad-format=\"auto\"\r\n     data-full-width-responsive=\"true\"><\/ins>\r\n<script>\r\n     (adsbygoogle = window.adsbygoogle || []).push({});\r\n<\/script><\/div><br style=\"clear: both; display: block; float: none;\"\/>","protected":false},"excerpt":{"rendered":"<p>Cumhurba\u015fkan\u0131 Rosen Plevneliev, Almanya\u2019y\u0131 iki g\u00fcnl\u00fck resmi ziyarette bulunuyor. Cumhurba\u015fkan\u0131 Baden W\u00fcrttenberg eyaletine gidecek. Ellwangen kentinde Cumhurba\u015fkan\u0131, Aziz Kiril ve Metodiy karde\u015flerinin B\u00fcy\u00fck Moraviya misyonu<\/p>\n","protected":false},"author":29,"featured_media":2077,"comment_status":"closed","ping_status":"closed","sticky":false,"template":"","format":"standard","meta":{"advanced_seo_description":"","jetpack_seo_html_title":"","jetpack_seo_noindex":false,"jetpack_seo_schema_type":"","_jetpack_newsletter_access":"","_jetpack_dont_email_post_to_subs":false,"_jetpack_newsletter_tier_id":0,"_jetpack_memberships_contains_paywalled_content":false,"_jetpack_feature_clip_id":0,"_jetpack_memberships_contains_paid_content":false,"footnotes":"","jetpack_post_was_ever_published":false},"categories":[4],"tags":[30],"class_list":["post-2075","post","type-post","status-publish","format-standard","has-post-thumbnail","hentry","category-siyaset","tag-bulgaristan"],"jetpack_sharing_enabled":true,"jetpack_likes_enabled":true,"jetpack-related-posts":[],"jetpack_shortlink":"https:\/\/wp.me\/pc2PfJ-xt","jetpack_featured_media_url":"https:\/\/i0.wp.com\/www.bghaber.org\/bghaber\/wp-content\/uploads\/2013\/05\/%C4%B0%C3%A7erik.jpg?fit=193%2C262&ssl=1","_links":{"self":[{"href":"https:\/\/www.bghaber.org\/bghaber\/wp-json\/wp\/v2\/posts\/2075","targetHints":{"allow":["GET"]}}],"collection":[{"href":"https:\/\/www.bghaber.org\/bghaber\/wp-json\/wp\/v2\/posts"}],"about":[{"href":"https:\/\/www.bghaber.org\/bghaber\/wp-json\/wp\/v2\/types\/post"}],"author":[{"embeddable":true,"href":"https:\/\/www.bghaber.org\/bghaber\/wp-json\/wp\/v2\/users\/29"}],"replies":[{"embeddable":true,"href":"https:\/\/www.bghaber.org\/bghaber\/wp-json\/wp\/v2\/comments?post=2075"}],"version-history":[{"count":0,"href":"https:\/\/www.bghaber.org\/bghaber\/wp-json\/wp\/v2\/posts\/2075\/revisions"}],"wp:featuredmedia":[{"embeddable":true,"href":"https:\/\/www.bghaber.org\/bghaber\/wp-json\/wp\/v2\/media\/2077"}],"wp:attachment":[{"href":"https:\/\/www.bghaber.org\/bghaber\/wp-json\/wp\/v2\/media?parent=2075"}],"wp:term":[{"taxonomy":"category","embeddable":true,"href":"https:\/\/www.bghaber.org\/bghaber\/wp-json\/wp\/v2\/categories?post=2075"},{"taxonomy":"post_tag","embeddable":true,"href":"https:\/\/www.bghaber.org\/bghaber\/wp-json\/wp\/v2\/tags?post=2075"}],"curies":[{"name":"wp","href":"https:\/\/api.w.org\/{rel}","templated":true}]}}