{"id":2073,"date":"2013-05-26T16:57:10","date_gmt":"2013-05-26T13:57:10","guid":{"rendered":"http:\/\/bghaber.org\/bghaber\/?p=2073"},"modified":"2019-07-18T23:57:09","modified_gmt":"2019-07-18T21:57:09","slug":"yeni-hukumet-yuzde-90-hazirdir","status":"publish","type":"post","link":"https:\/\/www.bghaber.org\/bghaber\/yeni-hukumet-yuzde-90-hazirdir\/","title":{"rendered":"Yeni h\u00fck\u00fcmet y\u00fczde 90 haz\u0131rd\u0131r"},"content":{"rendered":"<p>Bulgaristan i\u00e7in koalisyonu taraf\u0131ndan ba\u015fbakan g\u00f6revine aday g\u00f6sterilen Plamen Ore\u015farski, \u00f6nde bir televizyon kanal\u0131na yapt\u0131\u011f\u0131 a\u00e7\u0131klamada yeni h\u00fck\u00fcmetin neredeyse haz\u0131r oldu\u011funu belirtti. Ore\u015farski, h\u00fck\u00fcmetin y\u00fczde 90 oran\u0131nda haz\u0131r oldu\u011funu ve t\u00fcm \u00fcyelerinin isimlerini Pazartesi g\u00fcn\u00fc a\u00e7\u0131klayaca\u011f\u0131n\u0131 kaydetti. <!--more--><a href=\"https:\/\/i0.wp.com\/bghaber.org\/bghaber\/wp-content\/uploads\/2013\/05\/bulgaristan2.jpg\"><img data-recalc-dims=\"1\" loading=\"lazy\" decoding=\"async\" class=\"aligncenter size-medium wp-image-1545\" alt=\"bulgaristan2\" src=\"https:\/\/i0.wp.com\/bghaber.org\/bghaber\/wp-content\/uploads\/2013\/05\/bulgaristan2-300x209.jpg?resize=300%2C209\" width=\"300\" height=\"209\" srcset=\"https:\/\/i0.wp.com\/www.bghaber.org\/bghaber\/wp-content\/uploads\/2013\/05\/bulgaristan2.jpg?resize=300%2C209&amp;ssl=1 300w, https:\/\/i0.wp.com\/www.bghaber.org\/bghaber\/wp-content\/uploads\/2013\/05\/bulgaristan2.jpg?w=400&amp;ssl=1 400w\" sizes=\"auto, (max-width: 300px) 100vw, 300px\" \/><\/a>Yeni \u00e7al\u0131\u015fma haftas\u0131n\u0131n ba\u015f\u0131nda 2013-2017 d\u00f6nemine ili\u015fkin y\u00f6netim program\u0131n\u0131n \u00f6ncelikli hedeflerini iktidarla birlikte g\u00f6r\u00fc\u015fmek \u00fczere Halk Meclisine \u201cAtaka\u201d partisinin ve de Parlamento\u2019da temsil edilmeyen \u201cVatanda\u015flar i\u00e7in Bulgaristan\u201d, VMRO ile \u201cHalk\u0131n Sesi\u201d partilerinin uzmanlar\u0131 davet edildi.<\/p>\n<div id=\"bghab-3919844238\" class=\"bghab-yazi-altinda bghab-entity-placement\"><script async src=\"https:\/\/pagead2.googlesyndication.com\/pagead\/js\/adsbygoogle.js\"><\/script>\r\n<!-- bghaber-yaz\u0131-sonu -->\r\n<ins class=\"adsbygoogle\"\r\n     style=\"display:block\"\r\n     data-ad-client=\"ca-pub-6203283170189293\"\r\n     data-ad-slot=\"4222328180\"\r\n     data-ad-format=\"auto\"\r\n     data-full-width-responsive=\"true\"><\/ins>\r\n<script>\r\n     (adsbygoogle = window.adsbygoogle || []).push({});\r\n<\/script><\/div><br style=\"clear: both; display: block; float: none;\"\/>","protected":false},"excerpt":{"rendered":"<p>Bulgaristan i\u00e7in koalisyonu taraf\u0131ndan ba\u015fbakan g\u00f6revine aday g\u00f6sterilen Plamen Ore\u015farski, \u00f6nde bir televizyon kanal\u0131na yapt\u0131\u011f\u0131 a\u00e7\u0131klamada yeni h\u00fck\u00fcmetin neredeyse haz\u0131r oldu\u011funu belirtti. Ore\u015farski, h\u00fck\u00fcmetin y\u00fczde<\/p>\n","protected":false},"author":29,"featured_media":1545,"comment_status":"closed","ping_status":"closed","sticky":false,"template":"","format":"standard","meta":{"advanced_seo_description":"","jetpack_seo_html_title":"","jetpack_seo_noindex":false,"jetpack_seo_schema_type":"","_jetpack_newsletter_access":"","_jetpack_dont_email_post_to_subs":false,"_jetpack_newsletter_tier_id":0,"_jetpack_memberships_contains_paywalled_content":false,"_jetpack_feature_clip_id":0,"_jetpack_memberships_contains_paid_content":false,"footnotes":"","jetpack_post_was_ever_published":false},"categories":[4],"tags":[30],"class_list":["post-2073","post","type-post","status-publish","format-standard","has-post-thumbnail","hentry","category-siyaset","tag-bulgaristan"],"jetpack_sharing_enabled":true,"jetpack_likes_enabled":true,"jetpack-related-posts":[],"jetpack_shortlink":"https:\/\/wp.me\/pc2PfJ-xr","jetpack_featured_media_url":"https:\/\/i0.wp.com\/www.bghaber.org\/bghaber\/wp-content\/uploads\/2013\/05\/bulgaristan2.jpg?fit=400%2C279&ssl=1","_links":{"self":[{"href":"https:\/\/www.bghaber.org\/bghaber\/wp-json\/wp\/v2\/posts\/2073","targetHints":{"allow":["GET"]}}],"collection":[{"href":"https:\/\/www.bghaber.org\/bghaber\/wp-json\/wp\/v2\/posts"}],"about":[{"href":"https:\/\/www.bghaber.org\/bghaber\/wp-json\/wp\/v2\/types\/post"}],"author":[{"embeddable":true,"href":"https:\/\/www.bghaber.org\/bghaber\/wp-json\/wp\/v2\/users\/29"}],"replies":[{"embeddable":true,"href":"https:\/\/www.bghaber.org\/bghaber\/wp-json\/wp\/v2\/comments?post=2073"}],"version-history":[{"count":0,"href":"https:\/\/www.bghaber.org\/bghaber\/wp-json\/wp\/v2\/posts\/2073\/revisions"}],"wp:featuredmedia":[{"embeddable":true,"href":"https:\/\/www.bghaber.org\/bghaber\/wp-json\/wp\/v2\/media\/1545"}],"wp:attachment":[{"href":"https:\/\/www.bghaber.org\/bghaber\/wp-json\/wp\/v2\/media?parent=2073"}],"wp:term":[{"taxonomy":"category","embeddable":true,"href":"https:\/\/www.bghaber.org\/bghaber\/wp-json\/wp\/v2\/categories?post=2073"},{"taxonomy":"post_tag","embeddable":true,"href":"https:\/\/www.bghaber.org\/bghaber\/wp-json\/wp\/v2\/tags?post=2073"}],"curies":[{"name":"wp","href":"https:\/\/api.w.org\/{rel}","templated":true}]}}