{"id":20490,"date":"2016-09-14T15:09:51","date_gmt":"2016-09-14T12:09:51","guid":{"rendered":"http:\/\/www.bghaber.org\/bghaber\/?p=20490"},"modified":"2016-09-14T15:09:51","modified_gmt":"2016-09-14T12:09:51","slug":"bulgar-medyasi-fetonun-pesinde","status":"publish","type":"post","link":"https:\/\/www.bghaber.org\/bghaber\/bulgar-medyasi-fetonun-pesinde\/","title":{"rendered":"Bulgar medyas\u0131 FET\u00d6?n\u00fcn pe\u015finde"},"content":{"rendered":"<h2>Bulgaristan?da en \u00e7ok izlenen \u00f6zel televizyon kanalar\u0131ndan Nova TV, Fetullah\u00e7\u0131 Ter\u00f6r \u00d6rg\u00fct\u00fc\/Paralel Devlet Yap\u0131lanmas\u0131&#8217;n\u0131n (FET\u00d6\/PDY) \u00fclkedeki faaliyetleriyle ilgili haber yay\u0131nlad\u0131.<\/h2>\n<p>Kanal\u0131n haberinde, FET\u00d6&#8217;n\u00fcn 1997-2001 y\u0131llar\u0131nda \u00fclkedeki \u00fc\u00e7 ilahiyat lisesinin kontrol\u00fcn\u00fc elinde tuttu\u011fu d\u00f6nemde bu okullardan birinde e\u011fitim g\u00f6ren, ancak FET\u00d6&#8217;n\u00fcn Bulgaristan&#8217;da hala etkili oldu\u011funu belirterek kamera \u00f6n\u00fcnde y\u00fcz\u00fcn\u00fc gizlemeyi ve soyad\u0131n\u0131 kullanmamay\u0131 tercih eden Erdin\u00e7 adl\u0131 \u00f6\u011frencinin deneyimlerine yer verildi.<\/p>\n<p>Derslerde, din e\u011fitiminden \u00e7ok FET\u00d6 eleba\u015f\u0131 Fetullah G\u00fclen&#8217;in hayat\u0131n\u0131n \u00f6\u011fretildi\u011fini belirten Erdin\u00e7 adl\u0131 \u00f6\u011frenci, \u015funlar\u0131 kaydetti:<\/p>\n<p>&#8220;Mestanl\u0131&#8217;daki ilahiyat lisesinde \u00f6\u011frenci oldu\u011fum d\u00f6nemde derslerin y\u00fczde 80&#8217;ini G\u00fclen&#8217;in hayat\u0131 kaps\u0131yordu. Geri kalan y\u00fczde 20&#8217;si ise dini dersleri kaps\u0131yordu. Kendilerinin s\u00f6z\u00fcnden \u00e7\u0131kmayan \u00f6\u011frencileri abilerin evlerine davet ediyorlard\u0131. Evlerde manip\u00fclasyona maruz b\u0131rakarak kendilerinin d\u00fc\u015f\u00fcnce yap\u0131s\u0131n\u0131 \u00f6\u011frencilerin beyinlerine yerle\u015ftiriyorlard\u0131.&#8221;<\/p>\n<p>&#8220;Abilerin&#8221; s\u00f6zlerini dinlemeyenlerin ayakkab\u0131larla d\u00f6v\u00fcld\u00fc\u011f\u00fcn\u00fc ve a\u00e7l\u0131kla cezaland\u0131r\u0131ld\u0131\u011f\u0131n\u0131 anlatan Erdin\u00e7, o d\u00f6nemde Mestanl\u0131 \u015fehrindeki okulun yurdunda kald\u0131\u011f\u0131n\u0131 dile getirdi.<\/p>\n<p>E\u011fitim hayatlar\u0131 boyunca t\u00fcm masraflar\u0131n FET\u00d6 taraf\u0131ndan kar\u015f\u0131land\u0131\u011f\u0131n\u0131, kar\u015f\u0131l\u0131\u011f\u0131nda ise tek bir \u015fey istendi\u011fini ifade eden Erdin\u00e7, istenilenin okul bittikten sonra \u00f6zel veya kamu kurulu\u015flar\u0131nda bir g\u00f6reve geldikten sonra gelirinin bir k\u0131sm\u0131n\u0131 kendilerine vererek, kendilerine s\u00f6ylenilen talimatlara uymak oldu\u011funu aktard\u0131.<\/p><div id=\"bghab-2508229614\" class=\"bghab-icerik-icine bghab-entity-placement\"><script async src=\"\/\/pagead2.googlesyndication.com\/pagead\/js\/adsbygoogle.js?client=ca-pub-6203283170189293\" crossorigin=\"anonymous\"><\/script><ins class=\"adsbygoogle\" style=\"display:block; text-align:center;\" data-ad-client=\"ca-pub-6203283170189293\" \ndata-ad-slot=\"7303146466\" \ndata-ad-layout=\"in-article\"\ndata-ad-format=\"fluid\" data-full-width-responsive=\"true\"><\/ins>\n<script> \n(adsbygoogle = window.adsbygoogle || []).push({}); \n<\/script>\n<\/div>\n<div id=\"bghab-1136176177\" class=\"bghab-yazi-altinda bghab-entity-placement\"><div class=\"bghab-adlabel\">Reklamlar<\/div><script async src=\"https:\/\/pagead2.googlesyndication.com\/pagead\/js\/adsbygoogle.js\"><\/script>\r\n<!-- bghaber-yaz\u0131-sonu -->\r\n<ins class=\"adsbygoogle\"\r\n     style=\"display:block\"\r\n     data-ad-client=\"ca-pub-6203283170189293\"\r\n     data-ad-slot=\"4222328180\"\r\n     data-ad-format=\"auto\"\r\n     data-full-width-responsive=\"true\"><\/ins>\r\n<script>\r\n     (adsbygoogle = window.adsbygoogle || []).push({});\r\n<\/script><\/div><br style=\"clear: both; display: block; float: none;\"\/>","protected":false},"excerpt":{"rendered":"<p>Bulgaristan?da en \u00e7ok izlenen \u00f6zel televizyon kanalar\u0131ndan Nova TV, Fetullah\u00e7\u0131 Ter\u00f6r \u00d6rg\u00fct\u00fc\/Paralel Devlet Yap\u0131lanmas\u0131&#8217;n\u0131n (FET\u00d6\/PDY) \u00fclkedeki faaliyetleriyle ilgili haber yay\u0131nlad\u0131. Kanal\u0131n haberinde, FET\u00d6&#8217;n\u00fcn 1997-2001 y\u0131llar\u0131nda<\/p>\n","protected":false},"author":13,"featured_media":6578,"comment_status":"closed","ping_status":"closed","sticky":false,"template":"","format":"standard","meta":{"advanced_seo_description":"","jetpack_seo_html_title":"","jetpack_seo_noindex":false,"_jetpack_memberships_contains_paid_content":false,"footnotes":""},"categories":[8],"tags":[],"class_list":["post-20490","post","type-post","status-publish","format-standard","has-post-thumbnail","hentry","category-egitim"],"jetpack_featured_media_url":"https:\/\/i0.wp.com\/www.bghaber.org\/bghaber\/wp-content\/uploads\/2013\/09\/skat-fettullah-gulen.jpg?fit=320%2C204&ssl=1","jetpack_sharing_enabled":true,"jetpack_likes_enabled":true,"jetpack-related-posts":[],"jetpack_shortlink":"https:\/\/wp.me\/pc2PfJ-5ku","_links":{"self":[{"href":"https:\/\/www.bghaber.org\/bghaber\/wp-json\/wp\/v2\/posts\/20490","targetHints":{"allow":["GET"]}}],"collection":[{"href":"https:\/\/www.bghaber.org\/bghaber\/wp-json\/wp\/v2\/posts"}],"about":[{"href":"https:\/\/www.bghaber.org\/bghaber\/wp-json\/wp\/v2\/types\/post"}],"author":[{"embeddable":true,"href":"https:\/\/www.bghaber.org\/bghaber\/wp-json\/wp\/v2\/users\/13"}],"replies":[{"embeddable":true,"href":"https:\/\/www.bghaber.org\/bghaber\/wp-json\/wp\/v2\/comments?post=20490"}],"version-history":[{"count":0,"href":"https:\/\/www.bghaber.org\/bghaber\/wp-json\/wp\/v2\/posts\/20490\/revisions"}],"wp:featuredmedia":[{"embeddable":true,"href":"https:\/\/www.bghaber.org\/bghaber\/wp-json\/wp\/v2\/media\/6578"}],"wp:attachment":[{"href":"https:\/\/www.bghaber.org\/bghaber\/wp-json\/wp\/v2\/media?parent=20490"}],"wp:term":[{"taxonomy":"category","embeddable":true,"href":"https:\/\/www.bghaber.org\/bghaber\/wp-json\/wp\/v2\/categories?post=20490"},{"taxonomy":"post_tag","embeddable":true,"href":"https:\/\/www.bghaber.org\/bghaber\/wp-json\/wp\/v2\/tags?post=20490"}],"curies":[{"name":"wp","href":"https:\/\/api.w.org\/{rel}","templated":true}]}}