{"id":20487,"date":"2016-09-14T15:04:53","date_gmt":"2016-09-14T12:04:53","guid":{"rendered":"http:\/\/www.bghaber.org\/bghaber\/?p=20487"},"modified":"2016-09-14T15:04:53","modified_gmt":"2016-09-14T12:04:53","slug":"bulgaristanin-dogusunda-karadeniz-kiyisinda-bulunan-nesse","status":"publish","type":"post","link":"https:\/\/www.bghaber.org\/bghaber\/bulgaristanin-dogusunda-karadeniz-kiyisinda-bulunan-nesse\/","title":{"rendered":"Bulgaristan&#8217;\u0131n do\u011fusunda, Karadeniz k\u0131y\u0131s\u0131nda bulunan Nesse"},"content":{"rendered":"<p><img decoding=\"async\" class=\"img-responsive img-thumbnail\" title=\"Bulgaristan'\u0131n do\u011fusunda, Karadeniz k\u0131y\u0131s\u0131nda bulunan Nesse\" src=\"http:\/\/www.bta.bg\/bg\/gallery\/showImage\/?image=3637554\" alt=\"Bulgaria, Nessebar (14.9.2016) Bulgaristan'\u0131n do\u011fusunda, Karadeniz k\u0131y\u0131s\u0131nda bulunan Nessebar Yar\u0131madas\u0131, ziyaret\u00e7ilere adeta tarihte yolculuk yapma imkan\u0131 sunuyor. Ah\u015fap evleri, otelleri ve restoranlar\u0131, dar ta\u015f sokaklar\u0131, tarih kokan yap\u0131lar\u0131 ve sahiliyle b\u00fcy\u00fck ilgi g\u00f6ren Nessebar, as\u0131rlar boyunca  Bulgaristan i\u00e7in \u00f6nemli bir liman g\u00f6revi de g\u00f6rd\u00fc. Foto\u011frafta ''Eski Nessebar' \u00e7ar\u015f\u0131s\u0131 g\u00f6r\u00fcl\u00fcyor.  ( Adnan \u0130driz - Anadolu Ajans\u0131 )\" width=\"100%\" data-pagespeed-url-hash=\"3459446474\" data-pagespeed-onload=\"pagespeed.CriticalImages.checkImageForCriticality(this);\" data-pagespeed-loaded=\"1\" \/><\/p>\n<div class=\"photo-description\">\n<p>Bulgaria, Nessebar (14.9.2016) Bulgaristan&#8217;\u0131n do\u011fusunda, Karadeniz k\u0131y\u0131s\u0131nda bulunan Nessebar Yar\u0131madas\u0131, ziyaret\u00e7ilere adeta tarihte yolculuk yapma imkan\u0131 sunuyor.<\/p>\n<p>Ah\u015fap evleri, otelleri ve restoranlar\u0131, dar ta\u015f sokaklar\u0131, tarih kokan yap\u0131lar\u0131 ve sahiliyle b\u00fcy\u00fck ilgi g\u00f6ren Nessebar, as\u0131rlar boyunca Bulgaristan i\u00e7in \u00f6nemli bir liman g\u00f6revi de g\u00f6rd\u00fc.<\/p>\n<p>Foto\u011frafta &#8221;Eski Nessebar&#8217; \u00e7ar\u015f\u0131s\u0131 g\u00f6r\u00fcl\u00fcyor.<\/p>\n<p>( Sude MA\u015eAO\u011eLU\u00a0&#8211; BGSAM\u00a0Ajans\u0131 )<\/p>\n<\/div>\n<div id=\"bghab-1719485444\" class=\"bghab-yazi-altinda bghab-entity-placement\"><div class=\"bghab-adlabel\">Reklamlar<\/div><script async src=\"https:\/\/pagead2.googlesyndication.com\/pagead\/js\/adsbygoogle.js\"><\/script>\r\n<!-- bghaber-yaz\u0131-sonu -->\r\n<ins class=\"adsbygoogle\"\r\n     style=\"display:block\"\r\n     data-ad-client=\"ca-pub-6203283170189293\"\r\n     data-ad-slot=\"4222328180\"\r\n     data-ad-format=\"auto\"\r\n     data-full-width-responsive=\"true\"><\/ins>\r\n<script>\r\n     (adsbygoogle = window.adsbygoogle || []).push({});\r\n<\/script><\/div><br style=\"clear: both; display: block; float: none;\"\/>","protected":false},"excerpt":{"rendered":"<p>Bulgaria, Nessebar (14.9.2016) Bulgaristan&#8217;\u0131n do\u011fusunda, Karadeniz k\u0131y\u0131s\u0131nda bulunan Nessebar Yar\u0131madas\u0131, ziyaret\u00e7ilere adeta tarihte yolculuk yapma imkan\u0131 sunuyor. Ah\u015fap evleri, otelleri ve restoranlar\u0131, dar ta\u015f sokaklar\u0131,<\/p>\n","protected":false},"author":13,"featured_media":20488,"comment_status":"closed","ping_status":"closed","sticky":false,"template":"","format":"standard","meta":{"advanced_seo_description":"","jetpack_seo_html_title":"","jetpack_seo_noindex":false,"_jetpack_memberships_contains_paid_content":false,"footnotes":""},"categories":[10],"tags":[],"class_list":["post-20487","post","type-post","status-publish","format-standard","has-post-thumbnail","hentry","category-kultur-sanat"],"jetpack_featured_media_url":"https:\/\/i0.wp.com\/www.bghaber.org\/bghaber\/wp-content\/uploads\/2016\/09\/nesebr.jpg?fit=620%2C422&ssl=1","jetpack_sharing_enabled":true,"jetpack_likes_enabled":true,"jetpack-related-posts":[],"jetpack_shortlink":"https:\/\/wp.me\/pc2PfJ-5kr","_links":{"self":[{"href":"https:\/\/www.bghaber.org\/bghaber\/wp-json\/wp\/v2\/posts\/20487","targetHints":{"allow":["GET"]}}],"collection":[{"href":"https:\/\/www.bghaber.org\/bghaber\/wp-json\/wp\/v2\/posts"}],"about":[{"href":"https:\/\/www.bghaber.org\/bghaber\/wp-json\/wp\/v2\/types\/post"}],"author":[{"embeddable":true,"href":"https:\/\/www.bghaber.org\/bghaber\/wp-json\/wp\/v2\/users\/13"}],"replies":[{"embeddable":true,"href":"https:\/\/www.bghaber.org\/bghaber\/wp-json\/wp\/v2\/comments?post=20487"}],"version-history":[{"count":0,"href":"https:\/\/www.bghaber.org\/bghaber\/wp-json\/wp\/v2\/posts\/20487\/revisions"}],"wp:featuredmedia":[{"embeddable":true,"href":"https:\/\/www.bghaber.org\/bghaber\/wp-json\/wp\/v2\/media\/20488"}],"wp:attachment":[{"href":"https:\/\/www.bghaber.org\/bghaber\/wp-json\/wp\/v2\/media?parent=20487"}],"wp:term":[{"taxonomy":"category","embeddable":true,"href":"https:\/\/www.bghaber.org\/bghaber\/wp-json\/wp\/v2\/categories?post=20487"},{"taxonomy":"post_tag","embeddable":true,"href":"https:\/\/www.bghaber.org\/bghaber\/wp-json\/wp\/v2\/tags?post=20487"}],"curies":[{"name":"wp","href":"https:\/\/api.w.org\/{rel}","templated":true}]}}