{"id":20485,"date":"2016-09-14T14:59:23","date_gmt":"2016-09-14T11:59:23","guid":{"rendered":"http:\/\/www.bghaber.org\/bghaber\/?p=20485"},"modified":"2016-09-14T14:59:23","modified_gmt":"2016-09-14T11:59:23","slug":"bulgaristan-ayakkabi-ihracinda-2","status":"publish","type":"post","link":"https:\/\/www.bghaber.org\/bghaber\/bulgaristan-ayakkabi-ihracinda-2\/","title":{"rendered":"Bulgaristan Ayakkab\u0131 \u0130hra\u00e7\u0131nda 2."},"content":{"rendered":"<p>T\u00fcrkiye&#8217;den ocak-a\u011fustos d\u00f6neminde yakla\u015f\u0131k 506 milyon dolarl\u0131k ayakkab\u0131 ihracat\u0131 ger\u00e7ekle\u015ftirildi.<\/p>\n<p>T\u00fcrkiye Ayakkab\u0131 Sanayicileri Derne\u011fi (TASD) verilerine g\u00f6re, 8 ayda 50&#8217;nin \u00fczerinde \u00fclkeye toplam 506 milyon 96 bin dolarl\u0131k ayakkab\u0131 sat\u0131ld\u0131. Ayakkab\u0131 ihracat\u0131 ge\u00e7en y\u0131l\u0131n 8 ay\u0131na g\u00f6re y\u00fczde 4,1 artt\u0131. Ge\u00e7en y\u0131l\u0131n ocak-a\u011fustos d\u00f6neminde ayakkab\u0131 ihracat\u0131 486 milyon 166 bin dolar d\u00fczeyinde ger\u00e7ekle\u015fmi\u015fti.<\/p>\n<p><strong>\u0130LK SIRAYI IRAK ALDI<\/strong><\/p>\n<p>Ayakkab\u0131 ihracat\u0131nda ilk s\u0131ray\u0131 yakla\u015f\u0131k 58,8 milyon dolarla\u00a0<a class=\"keyword-sd\" title=\"Irak\" href=\"http:\/\/www.sondakika.com\/irak\/\">Irak<\/a> ald\u0131.\u00a0<a class=\"keyword-sd\" title=\"Irak\" href=\"http:\/\/www.sondakika.com\/irak\/\">Irak<\/a>&#8216;\u0131 30,5 milyon dolarla\u00a0<a class=\"keyword-sd\" title=\"Almanya\" href=\"http:\/\/www.sondakika.com\/almanya\/\">Almanya<\/a>, 29,4 milyon dolarla\u00a0<a class=\"keyword-sd\" title=\"Suudi Arabistan\" href=\"http:\/\/www.sondakika.com\/suudi-arabistan\/\">Suudi Arabistan<\/a>, 21,2 milyon dolarla\u00a0<a class=\"keyword-sd\" title=\"Rusya Federasyonu\" href=\"http:\/\/www.sondakika.com\/rusya-federasyonu\/\">Rusya Federasyonu<\/a> ve 17,9 milyon dolarla\u00a0<a class=\"keyword-sd\" title=\"\u0130ran\" href=\"http:\/\/www.sondakika.com\/iran\/\">\u0130ran<\/a> takip etti.<\/p>\n<p>Bu \u00fclkeleri s\u0131ras\u0131yla\u00a0<a class=\"keyword-sd\" title=\"Bulgaristan\" href=\"http:\/\/www.sondakika.com\/bulgaristan\/\">Bulgaristan<\/a>,\u00a0<a class=\"keyword-sd\" title=\"Cezayir\" href=\"http:\/\/www.sondakika.com\/cezayir\/\">Cezayir<\/a>,\u00a0<a class=\"keyword-sd\" title=\"Hollanda\" href=\"http:\/\/www.sondakika.com\/hollanda\/\">Hollanda<\/a>,\u00a0<a class=\"keyword-sd\" title=\"Romanya\" href=\"http:\/\/www.sondakika.com\/romanya\/\">Romanya<\/a>,\u00a0<a class=\"keyword-sd\" title=\"\u0130talya\" href=\"http:\/\/www.sondakika.com\/italya\/\">\u0130talya<\/a>,\u00a0<a class=\"keyword-sd\" title=\"Birle\u015fik Krall\u0131k\" href=\"http:\/\/www.sondakika.com\/birlesik-krallik\/\">Birle\u015fik Krall\u0131k<\/a>,\u00a0<a class=\"keyword-sd\" title=\"Fransa\" href=\"http:\/\/www.sondakika.com\/fransa\/\">Fransa<\/a>,\u00a0<a class=\"keyword-sd\" title=\"\u0130srail\" href=\"http:\/\/www.sondakika.com\/israil\/\">\u0130srail<\/a>,\u00a0<a class=\"keyword-sd\" title=\"Azerbaycan\" href=\"http:\/\/www.sondakika.com\/azerbaycan\/\">Azerbaycan<\/a>,\u00a0<a class=\"keyword-sd\" title=\"Estonya\" href=\"http:\/\/www.sondakika.com\/estonya\/\">Estonya<\/a>,\u00a0<a class=\"keyword-sd\" title=\"\u00dcrd\u00fcn\" href=\"http:\/\/www.sondakika.com\/urdun\/\">\u00dcrd\u00fcn<\/a>,\u00a0<a class=\"keyword-sd\" title=\"Letonya\" href=\"http:\/\/www.sondakika.com\/letonya\/\">Letonya<\/a>,\u00a0<a class=\"keyword-sd\" title=\"\u0130spanya\" href=\"http:\/\/www.sondakika.com\/ispanya\/\">\u0130spanya<\/a>,\u00a0<a class=\"keyword-sd\" title=\"Libya\" href=\"http:\/\/www.sondakika.com\/libya\/\">Libya<\/a>,\u00a0<a class=\"keyword-sd\" title=\"Kazakistan\" href=\"http:\/\/www.sondakika.com\/kazakistan\/\">Kazakistan<\/a>,\u00a0<a class=\"keyword-sd\" title=\"Birle\u015fik Arap Emirlikleri\" href=\"http:\/\/www.sondakika.com\/birlesik-arap-emirlikleri\/\">Birle\u015fik Arap Emirlikleri<\/a>,\u00a0<a class=\"keyword-sd\" title=\"T\u00fcrkmenistan\" href=\"http:\/\/www.sondakika.com\/turkmenistan\/\">T\u00fcrkmenistan<\/a>,\u00a0<a class=\"keyword-sd\" title=\"Ukrayna\" href=\"http:\/\/www.sondakika.com\/ukrayna\/\">Ukrayna<\/a>,\u00a0<a class=\"keyword-sd\" title=\"Tacikistan\" href=\"http:\/\/www.sondakika.com\/tacikistan\/\">Tacikistan<\/a>,\u00a0<a class=\"keyword-sd\" title=\"Yemen\" href=\"http:\/\/www.sondakika.com\/yemen\/\">Yemen<\/a>,\u00a0<a class=\"keyword-sd\" title=\"Yunanistan\" href=\"http:\/\/www.sondakika.com\/yunanistan\/\">Yunanistan<\/a>,\u00a0<a class=\"keyword-sd\" title=\"Makedonya\" href=\"http:\/\/www.sondakika.com\/makedonya\/\">Makedonya<\/a>,\u00a0<a class=\"keyword-sd\" title=\"Sudan\" href=\"http:\/\/www.sondakika.com\/sudan\/\">Sudan<\/a>,\u00a0<a class=\"keyword-sd\" title=\"Arnavutluk\" href=\"http:\/\/www.sondakika.com\/arnavutluk\/\">Arnavutluk<\/a> ve ABD takip etti.<\/p><div id=\"bghab-2925332720\" class=\"bghab-icerik-icine bghab-entity-placement\"><script async src=\"\/\/pagead2.googlesyndication.com\/pagead\/js\/adsbygoogle.js?client=ca-pub-6203283170189293\" crossorigin=\"anonymous\"><\/script><ins class=\"adsbygoogle\" style=\"display:block; text-align:center;\" data-ad-client=\"ca-pub-6203283170189293\" \ndata-ad-slot=\"7303146466\" \ndata-ad-layout=\"in-article\"\ndata-ad-format=\"fluid\" data-full-width-responsive=\"true\"><\/ins>\n<script> \n(adsbygoogle = window.adsbygoogle || []).push({}); \n<\/script>\n<\/div>\n<p>\u00d6te yandan, ocak-temmuz d\u00f6neminde yakla\u015f\u0131k 465 milyon dolarl\u0131k ayakkab\u0131 ithalat\u0131 yap\u0131ld\u0131. \u0130thalat ge\u00e7en y\u0131l\u0131n ayn\u0131 d\u00f6nemine g\u00f6re y\u00fczde 18 geriledi. 2015 y\u0131l\u0131nda 794,5 milyon dolarl\u0131k ayakkab\u0131 ithalat\u0131 yap\u0131lm\u0131\u015ft\u0131.<\/p>\n<div id=\"div_165891\"><\/div>\n<p><strong>YILLIK \u00dcRET\u0130M 350 M\u0130LYON \u00c7\u0130FT<\/strong><\/p>\n<p>TASD Ba\u015fkan\u0131\u00a0<a class=\"keyword-sd\" title=\"H\u00fcseyin \u00c7etin\" href=\"http:\/\/www.sondakika.com\/huseyin-cetin\/\">H\u00fcseyin \u00c7etin<\/a>, yapt\u0131\u011f\u0131 a\u00e7\u0131klamada, d\u00fcnyada ayakkab\u0131 \u00fcreticisi \u00fclkeler aras\u0131nda yer alan\u00a0<a class=\"keyword-sd\" title=\"T\u00fcrkiye\" href=\"http:\/\/www.sondakika.com\/turkiye\/\">T\u00fcrkiye<\/a>&#8216;nin y\u0131lda 500 milyon \u00e7ift ayakkab\u0131 \u00fcretim kapasitesine sahip oldu\u011funu, ancak bu kapasitenin tamam\u0131n\u0131n kullan\u0131lamad\u0131\u011f\u0131n\u0131 s\u00f6yledi.<\/p>\n<p>\u00d6nceki y\u0131l 300 milyon \u00e7ift olan y\u0131ll\u0131k ayakkab\u0131 \u00fcretiminin ge\u00e7en y\u0131l 350 milyon \u00e7ifte \u00e7\u0131kar\u0131ld\u0131\u011f\u0131n\u0131 belirten \u00c7etin, bunun yakla\u015f\u0131k yar\u0131s\u0131n\u0131n yurt d\u0131\u015f\u0131na sat\u0131ld\u0131\u011f\u0131n\u0131 kaydetti.<\/p>\n<p><strong>B\u0130R K\u0130\u015e\u0130 YILDA ORTALAMA 3 \u00c7\u0130FT SATIN ALIYOR<\/strong><\/p><div id=\"bghab-3612252651\" class=\"bghab-icerik-icine-10-paragraf bghab-entity-placement\"><script async src=\"\/\/pagead2.googlesyndication.com\/pagead\/js\/adsbygoogle.js?client=ca-pub-6203283170189293\" crossorigin=\"anonymous\"><\/script><ins class=\"adsbygoogle\" style=\"display:block; text-align:center;\" data-ad-client=\"ca-pub-6203283170189293\" \ndata-ad-slot=\"7303146466\" \ndata-ad-layout=\"in-article\"\ndata-ad-format=\"fluid\" data-full-width-responsive=\"true\"><\/ins>\n<script> \n(adsbygoogle = window.adsbygoogle || []).push({}); \n<\/script>\n<\/div>\n<p>\u00c7etin,\u00a0<a class=\"keyword-sd\" title=\"T\u00fcrkiye\" href=\"http:\/\/www.sondakika.com\/turkiye\/\">T\u00fcrkiye<\/a>&#8216;de ki\u015fi ba\u015f\u0131na y\u0131ll\u0131k ortalama 3 \u00e7ift ayakkab\u0131 sat\u0131n al\u0131nd\u0131\u011f\u0131n\u0131, d\u00fcnya ortalamas\u0131n\u0131n da yakla\u015f\u0131k bu d\u00fczeylerde oldu\u011funu dile getirdi.<\/p>\n<p>Y\u0131lda 168 milyon \u00e7ift ayakkab\u0131n\u0131n ihra\u00e7 edildi\u011fini ifade eden \u00c7etin, &#8220;Ayakkab\u0131 sekt\u00f6r\u00fcn\u00fcn 2015 y\u0131l\u0131ndaki ihracat\u0131 yakla\u015f\u0131k 672 milyon dolar olarak ger\u00e7ekle\u015fti. 2016&#8217;n\u0131n 8 ayl\u0131k b\u00f6l\u00fcm\u00fcnde 506 milyon dolarl\u0131k ihracat ger\u00e7ekle\u015ftirdik. \u0130hracat\u0131m\u0131z\u0131 ge\u00e7en y\u0131l\u0131n ayn\u0131 d\u00f6nemine g\u00f6re y\u00fczde 4 art\u0131rd\u0131k. Y\u0131l sonunda 800 milyon dolar \u00e7\u0131tas\u0131n\u0131 a\u015f\u0131p, ayakkab\u0131 ihracat\u0131n\u0131 ithalat\u0131n \u00f6n\u00fcne ge\u00e7irmeyi hedefliyoruz.&#8221; diye konu\u015ftu.<\/p>\n<p><strong>AYAKKABI \u00dcRET\u0130M\u0130NDE \u00c7\u0130N HAK\u0130M\u0130YET\u0130<\/strong><\/p>\n<p>\u00c7in&#8217;in ayakkab\u0131 \u00fcretiminde d\u00fcnyan\u0131n tart\u0131\u015fmas\u0131z lideri oldu\u011funu anlatan \u00c7etin, 2012 verilerine g\u00f6re bu \u00fclkenin y\u0131ll\u0131k ayakkab\u0131 \u00fcretiminin yakla\u015f\u0131k 13 milyar \u00e7ifte ula\u015ft\u0131\u011f\u0131n\u0131 bildirdi. \u00c7etin, &#8220;Ba\u015fka bir \u015fekilde ifade etmek gerekirse\u00a0<a class=\"keyword-sd\" title=\"\u00c7in\" href=\"http:\/\/www.sondakika.com\/cin\/\">\u00c7in<\/a> d\u00fcnya ayakkab\u0131 \u00fcretiminin y\u00fczde 60&#8217;\u0131n\u0131 tek ba\u015f\u0131na kar\u015f\u0131l\u0131yor.\u00a0<a class=\"keyword-sd\" title=\"\u00c7in\" href=\"http:\/\/www.sondakika.com\/cin\/\">\u00c7in<\/a>&#8216;i\u00a0<a class=\"keyword-sd\" title=\"Hindistan\" href=\"http:\/\/www.sondakika.com\/hindistan\/\">Hindistan<\/a> ve ve\u00a0<a class=\"keyword-sd\" title=\"Brezilya\" href=\"http:\/\/www.sondakika.com\/brezilya\/\">Brezilya<\/a> takip ediyor.\u00a0<a class=\"keyword-sd\" title=\"T\u00fcrkiye\" href=\"http:\/\/www.sondakika.com\/turkiye\/\">T\u00fcrkiye<\/a> ise y\u0131ll\u0131k 350 milyon \u00e7iftle ayakkab\u0131 \u00fcreticisi \u00fclkeler listesinde 7&#8217;nci s\u0131rada yer al\u0131yor.&#8221; dedi.<\/p>\n<p>\u00d6zellikle dar gelirli t\u00fcketicinin 2 y\u0131l \u00f6ncesine g\u00f6re yerliye g\u00f6re daha uygun fiyatlarla sat\u0131ld\u0131\u011f\u0131 i\u00e7in\u00a0<a class=\"keyword-sd\" title=\"Uzakdo\u011fu\" href=\"http:\/\/www.sondakika.com\/uzakdogu\/\">Uzakdo\u011fu<\/a>&#8216;dan ithal edilen ayakkab\u0131y\u0131 tercih etti\u011fini dile getiren &#8220;Son iki y\u0131lda yerli ayakkab\u0131ya giderek artan bir ilgiden s\u00f6z etmek m\u00fcmk\u00fcn. Ancak ek vergiye ra\u011fmen\u00a0<a class=\"keyword-sd\" title=\"Uzakdo\u011fu\" href=\"http:\/\/www.sondakika.com\/uzakdogu\/\">Uzakdo\u011fu<\/a> \u00fclkelerinden kalitesiz ve insan sa\u011fl\u0131\u011f\u0131na uygun olmayan ayakkab\u0131lar\u0131n ithalat\u0131 devam ediyor.&#8221; diye konu\u015ftu.<\/p><div id=\"bghab-3067171198\" class=\"bghab-icerik-icine-15-paragraf bghab-entity-placement\"><script async src=\"\/\/pagead2.googlesyndication.com\/pagead\/js\/adsbygoogle.js?client=ca-pub-6203283170189293\" crossorigin=\"anonymous\"><\/script><ins class=\"adsbygoogle\" style=\"display:block; text-align:center;\" data-ad-client=\"ca-pub-6203283170189293\" \ndata-ad-slot=\"7303146466\" \ndata-ad-layout=\"in-article\"\ndata-ad-format=\"fluid\" data-full-width-responsive=\"true\"><\/ins>\n<script> \n(adsbygoogle = window.adsbygoogle || []).push({}); \n<\/script>\n<\/div>\n<p><strong>AYAKKABI SATIN ALIRKEN NELERE D\u0130KKAT ETMEL\u0130?<\/strong><\/p>\n<p>\u00c7etin, ayakkab\u0131 sat\u0131n al\u0131rken nelere dikkat edilmesi gerekti\u011fi hususunda \u015fu bilgileri verdi:<\/p>\n<p>&#8220;Kullan\u0131lan malzemenin insan sa\u011fl\u0131\u011f\u0131na uygunlu\u011funu ve ayakkab\u0131n\u0131n ortopedik olup olmad\u0131\u011f\u0131n\u0131 kontrol etmeliyiz. Elbette her zaman \u00e7\u0131plak g\u00f6zle malzemenin kalitesini, insan sa\u011fl\u0131\u011f\u0131na uygun olup olmad\u0131\u011f\u0131n\u0131 anlamayabiliriz. Bu nedenle ayakkab\u0131 al\u0131rken g\u00fcvendi\u011fimiz, tan\u0131d\u0131\u011f\u0131m\u0131z markalar\u0131n \u00fcr\u00fcnlerini tercih etmeliyiz. Piyasada benzerlerinden \u00e7ok daha uygun fiyata sat\u0131lan ithal ayakkab\u0131lar dar gelirli t\u00fcketicilerimize cazip gelebilir. Ancak bu \u00fcr\u00fcnlerin kullanma s\u00fcrelerini ve ayak sa\u011fl\u0131\u011f\u0131m\u0131za verebilece\u011fi zararlar\u0131 hesaba katt\u0131\u011f\u0131m\u0131zda maliyetinin \u00e7ok daha y\u00fcksek olabilece\u011fini akl\u0131m\u0131zdan \u00e7\u0131karmamal\u0131y\u0131z.&#8221;<\/p>\n<div id=\"bghab-3067284750\" class=\"bghab-yazi-altinda bghab-entity-placement\"><div class=\"bghab-adlabel\">Reklamlar<\/div><script async src=\"https:\/\/pagead2.googlesyndication.com\/pagead\/js\/adsbygoogle.js\"><\/script>\r\n<!-- bghaber-yaz\u0131-sonu -->\r\n<ins class=\"adsbygoogle\"\r\n     style=\"display:block\"\r\n     data-ad-client=\"ca-pub-6203283170189293\"\r\n     data-ad-slot=\"4222328180\"\r\n     data-ad-format=\"auto\"\r\n     data-full-width-responsive=\"true\"><\/ins>\r\n<script>\r\n     (adsbygoogle = window.adsbygoogle || []).push({});\r\n<\/script><\/div><br style=\"clear: both; display: block; float: none;\"\/>","protected":false},"excerpt":{"rendered":"<p>T\u00fcrkiye&#8217;den ocak-a\u011fustos d\u00f6neminde yakla\u015f\u0131k 506 milyon dolarl\u0131k ayakkab\u0131 ihracat\u0131 ger\u00e7ekle\u015ftirildi. T\u00fcrkiye Ayakkab\u0131 Sanayicileri Derne\u011fi (TASD) verilerine g\u00f6re, 8 ayda 50&#8217;nin \u00fczerinde \u00fclkeye toplam 506 milyon<\/p>\n","protected":false},"author":13,"featured_media":20024,"comment_status":"closed","ping_status":"closed","sticky":false,"template":"","format":"standard","meta":{"advanced_seo_description":"","jetpack_seo_html_title":"","jetpack_seo_noindex":false,"_jetpack_memberships_contains_paid_content":false,"footnotes":""},"categories":[9],"tags":[],"class_list":["post-20485","post","type-post","status-publish","format-standard","has-post-thumbnail","hentry","category-ekonomi"],"jetpack_featured_media_url":"https:\/\/i0.wp.com\/www.bghaber.org\/bghaber\/wp-content\/uploads\/2016\/08\/bg-1.jpg?fit=820%2C528&ssl=1","jetpack_sharing_enabled":true,"jetpack_likes_enabled":true,"jetpack-related-posts":[],"jetpack_shortlink":"https:\/\/wp.me\/pc2PfJ-5kp","_links":{"self":[{"href":"https:\/\/www.bghaber.org\/bghaber\/wp-json\/wp\/v2\/posts\/20485","targetHints":{"allow":["GET"]}}],"collection":[{"href":"https:\/\/www.bghaber.org\/bghaber\/wp-json\/wp\/v2\/posts"}],"about":[{"href":"https:\/\/www.bghaber.org\/bghaber\/wp-json\/wp\/v2\/types\/post"}],"author":[{"embeddable":true,"href":"https:\/\/www.bghaber.org\/bghaber\/wp-json\/wp\/v2\/users\/13"}],"replies":[{"embeddable":true,"href":"https:\/\/www.bghaber.org\/bghaber\/wp-json\/wp\/v2\/comments?post=20485"}],"version-history":[{"count":0,"href":"https:\/\/www.bghaber.org\/bghaber\/wp-json\/wp\/v2\/posts\/20485\/revisions"}],"wp:featuredmedia":[{"embeddable":true,"href":"https:\/\/www.bghaber.org\/bghaber\/wp-json\/wp\/v2\/media\/20024"}],"wp:attachment":[{"href":"https:\/\/www.bghaber.org\/bghaber\/wp-json\/wp\/v2\/media?parent=20485"}],"wp:term":[{"taxonomy":"category","embeddable":true,"href":"https:\/\/www.bghaber.org\/bghaber\/wp-json\/wp\/v2\/categories?post=20485"},{"taxonomy":"post_tag","embeddable":true,"href":"https:\/\/www.bghaber.org\/bghaber\/wp-json\/wp\/v2\/tags?post=20485"}],"curies":[{"name":"wp","href":"https:\/\/api.w.org\/{rel}","templated":true}]}}