{"id":20483,"date":"2016-09-14T12:45:04","date_gmt":"2016-09-14T09:45:04","guid":{"rendered":"http:\/\/www.bghaber.org\/bghaber\/?p=20483"},"modified":"2016-09-14T12:45:04","modified_gmt":"2016-09-14T09:45:04","slug":"avrupa-birligi-silahlaniyor","status":"publish","type":"post","link":"https:\/\/www.bghaber.org\/bghaber\/avrupa-birligi-silahlaniyor\/","title":{"rendered":"Avrupa Birli\u011fi Silahlan\u0131yor!"},"content":{"rendered":"<div class=\"RenderVideoOrImage\">\n<div class=\"haberResim\"><img data-recalc-dims=\"1\" decoding=\"async\" id=\"haberResim\" src=\"https:\/\/i0.wp.com\/img.sondakika.com\/haber\/686\/juncker-in-yillik-ab-nin-durumu-konusmasi-8776686_x_3241_o.jpg?w=640\" alt=\"Avrupa Birli\u011fi Silahlan\u0131yor!, System.String[]\" \/><\/div>\n<\/div>\n<div class=\"wrapper\">\n<p>AB Komisyonu Ba\u015fkan\u0131 Juncker,\u00a0<a class=\"keyword-sd\" title=\"Avrupa\" href=\"http:\/\/www.sondakika.com\/avrupa\/\">Avrupa<\/a> Savunma Fonu kurulmas\u0131 \u00f6nerisinde bulunduklar\u0131n\u0131 s\u00f6yledi.<\/p>\n<p>Strazburg&#8217;da devam eden\u00a0<a class=\"keyword-sd\" title=\"Avrupa\" href=\"http:\/\/www.sondakika.com\/avrupa\/\">Avrupa<\/a> Parlamentosu genel kuruluna hitap eden Juncker, pop\u00fclizmin sorunlar\u0131 \u00e7\u00f6zmedi\u011fini, aksine sorun yaratt\u0131\u011f\u0131n\u0131 belirterek bu tehlikenin bilincinde olunmas\u0131 gerekti\u011fini vurgulad\u0131.<\/p>\n<p><strong>&#8220;B\u0130Z\u0130 MUTLU EDECEK&#8221;<\/strong><\/p>\n<p>\u0130ngiltere&#8217;nin AB&#8217;den ayr\u0131lma karar\u0131n\u0131n endi\u015fe ve dedikodular\u0131 beraberinde getirdi\u011fine de\u011finen Juncker, &#8220;Birle\u015fik Krall\u0131k&#8217;\u0131n ayr\u0131lma talebinin, dedikodu ve kar\u0131\u015f\u0131kl\u0131klara son verme a\u00e7\u0131s\u0131ndan m\u00fcmk\u00fcn oldu\u011fu kadar \u00e7abuk bir \u015fekilde iletilmesi bizi mutlu edecek.&#8221; ifadelerini kulland\u0131.<\/p>\n<div id=\"div_165891\"><\/div>\n<p><strong>&#8220;AB SINIRLARINA G\u0130REN K\u0130\u015e\u0130LER\u0130N K\u0130M OLDUKLARINI B\u0130LMEM\u0130Z GEREK\u0130YOR&#8221;<\/strong><\/p><div id=\"bghab-1639453078\" class=\"bghab-icerik-icine bghab-entity-placement\"><script async src=\"\/\/pagead2.googlesyndication.com\/pagead\/js\/adsbygoogle.js?client=ca-pub-6203283170189293\" crossorigin=\"anonymous\"><\/script><ins class=\"adsbygoogle\" style=\"display:block; text-align:center;\" data-ad-client=\"ca-pub-6203283170189293\" \ndata-ad-slot=\"7303146466\" \ndata-ad-layout=\"in-article\"\ndata-ad-format=\"fluid\" data-full-width-responsive=\"true\"><\/ins>\n<script> \n(adsbygoogle = window.adsbygoogle || []).push({}); \n<\/script>\n<\/div>\n<p>Ter\u00f6rizme kar\u015f\u0131 AB&#8217;nin her zamankinden daha dikkatli ve dayan\u0131\u015fma i\u00e7erisinde olmas\u0131 \u00e7a\u011fr\u0131s\u0131 yapan Juncker, AB s\u0131n\u0131rlar\u0131n\u0131n daha iyi korunmas\u0131 gerekti\u011fine de\u011finerek, &#8220;2004 y\u0131l\u0131ndan beri AB 30 ter\u00f6r sald\u0131r\u0131s\u0131na maruz kald\u0131, Ekim ay\u0131ndan itibaren 200 yeni\u00a0<a class=\"keyword-sd\" title=\"Avrupa\" href=\"http:\/\/www.sondakika.com\/avrupa\/\">Avrupa<\/a> S\u0131n\u0131r Koruma Ajans\u0131 (Frontex) g\u00f6revlisinin\u00a0<a class=\"keyword-sd\" title=\"Bulgaristan\" href=\"http:\/\/www.sondakika.com\/bulgaristan\/\">Bulgaristan<\/a>s\u0131n\u0131r\u0131nda g\u00f6revlendirilmesini umuyoruz.&#8221; \u015feklinde konu\u015ftu. S\u0131n\u0131r kontrollerinin art\u0131r\u0131lmas\u0131 ihtiyac\u0131 oldu\u011funu kaydeden Juncker, &#8220;AB s\u0131n\u0131rlar\u0131na giren ki\u015filerin kim olduklar\u0131n\u0131 bilmemiz gerekiyor.&#8221; dedi.<\/p>\n<p><strong>AVRUPA SAVUNMA FONU<\/strong><\/p>\n<p>AB olarak ortak savunma birli\u011finin kurulmas\u0131 gerekti\u011fine de\u011finen Juncker,\u00a0<a class=\"keyword-sd\" title=\"Avrupa\" href=\"http:\/\/www.sondakika.com\/avrupa\/\">Avrupa<\/a> Savunma Fonu olu\u015fturularak AB&#8217;nin\u00a0<a class=\"keyword-sd\" title=\"Avrupa\" href=\"http:\/\/www.sondakika.com\/avrupa\/\">Avrupa<\/a> savunmas\u0131n\u0131n merkezi haline getirilmesi gerekti\u011fini s\u00f6yledi. Juncker bu olu\u015fumun ayr\u0131ca NATO&#8217;nun faaliyetlerine de destek olaca\u011f\u0131n\u0131 savundu.<\/p>\n<p><strong>TEKNOLOJ\u0130YE YATIRIM<\/strong><\/p>\n<p>Juncker, AB olarak yeni bir teknoloji ve internet yat\u0131r\u0131m plan\u0131 uygulayacaklar\u0131n\u0131, y\u00fcksek h\u0131zl\u0131 interneti yayg\u0131nla\u015ft\u0131rmay\u0131 hedefleyen plan \u00e7er\u00e7evesinde 2025 y\u0131l\u0131 itibariyle t\u00fcm AB \u00fclkelerinde 5G internet h\u0131z\u0131na ge\u00e7ilece\u011fini, t\u00fcm \u015fehirlerde ise 2020 y\u0131l\u0131ndan itibaren \u00fccretsiz kablosuz internet sa\u011flanaca\u011f\u0131n\u0131 aktard\u0131.<\/p><div id=\"bghab-2920104869\" class=\"bghab-icerik-icine-10-paragraf bghab-entity-placement\"><script async src=\"\/\/pagead2.googlesyndication.com\/pagead\/js\/adsbygoogle.js?client=ca-pub-6203283170189293\" crossorigin=\"anonymous\"><\/script><ins class=\"adsbygoogle\" style=\"display:block; text-align:center;\" data-ad-client=\"ca-pub-6203283170189293\" \ndata-ad-slot=\"7303146466\" \ndata-ad-layout=\"in-article\"\ndata-ad-format=\"fluid\" data-full-width-responsive=\"true\"><\/ins>\n<script> \n(adsbygoogle = window.adsbygoogle || []).push({}); \n<\/script>\n<\/div>\n<p>2014 y\u0131l\u0131nda uygulamaya giren ve Juncker Plan\u0131 olarak an\u0131lan yat\u0131r\u0131m plan\u0131 hakk\u0131nda da bilgi veren Juncker, ekonomik b\u00fcy\u00fcmeyi h\u0131zland\u0131rmak amac\u0131yla yat\u0131r\u0131m plan\u0131 kapasitesinin iki kat\u0131na \u00e7\u0131kar\u0131laca\u011f\u0131n\u0131 ve hedefin 2022 y\u0131l\u0131nda 630 milyar avro olaca\u011f\u0131n\u0131 s\u00f6yledi.<\/p>\n<p>Y\u0131lda bir kere d\u00fczenlenen &#8220;AB&#8217;nin durumu&#8221; konulu konu\u015fmada AB Komisyonu Ba\u015fkan\u0131, y\u0131ll\u0131k durum de\u011ferlendirmesi yap\u0131yor ve Birlik i\u00e7inde gelecek y\u0131l i\u00e7in at\u0131lacak ad\u0131mlar\u0131 ve izlenecek politikalar\u0131 payla\u015f\u0131yor.<\/p>\n<\/div>\n<div id=\"bghab-674543343\" class=\"bghab-yazi-altinda bghab-entity-placement\"><div class=\"bghab-adlabel\">Reklamlar<\/div><script async src=\"https:\/\/pagead2.googlesyndication.com\/pagead\/js\/adsbygoogle.js\"><\/script>\r\n<!-- bghaber-yaz\u0131-sonu -->\r\n<ins class=\"adsbygoogle\"\r\n     style=\"display:block\"\r\n     data-ad-client=\"ca-pub-6203283170189293\"\r\n     data-ad-slot=\"4222328180\"\r\n     data-ad-format=\"auto\"\r\n     data-full-width-responsive=\"true\"><\/ins>\r\n<script>\r\n     (adsbygoogle = window.adsbygoogle || []).push({});\r\n<\/script><\/div><br style=\"clear: both; display: block; float: none;\"\/>","protected":false},"excerpt":{"rendered":"<p>AB Komisyonu Ba\u015fkan\u0131 Juncker,\u00a0Avrupa Savunma Fonu kurulmas\u0131 \u00f6nerisinde bulunduklar\u0131n\u0131 s\u00f6yledi. Strazburg&#8217;da devam eden\u00a0Avrupa Parlamentosu genel kuruluna hitap eden Juncker, pop\u00fclizmin sorunlar\u0131 \u00e7\u00f6zmedi\u011fini, aksine sorun yaratt\u0131\u011f\u0131n\u0131<\/p>\n","protected":false},"author":13,"featured_media":18534,"comment_status":"closed","ping_status":"closed","sticky":false,"template":"","format":"standard","meta":{"advanced_seo_description":"","jetpack_seo_html_title":"","jetpack_seo_noindex":false,"_jetpack_memberships_contains_paid_content":false,"footnotes":""},"categories":[4],"tags":[],"class_list":["post-20483","post","type-post","status-publish","format-standard","has-post-thumbnail","hentry","category-siyaset"],"jetpack_featured_media_url":"https:\/\/i0.wp.com\/www.bghaber.org\/bghaber\/wp-content\/uploads\/2016\/04\/ab.jpg?fit=768%2C432&ssl=1","jetpack_sharing_enabled":true,"jetpack_likes_enabled":true,"jetpack-related-posts":[],"jetpack_shortlink":"https:\/\/wp.me\/pc2PfJ-5kn","_links":{"self":[{"href":"https:\/\/www.bghaber.org\/bghaber\/wp-json\/wp\/v2\/posts\/20483","targetHints":{"allow":["GET"]}}],"collection":[{"href":"https:\/\/www.bghaber.org\/bghaber\/wp-json\/wp\/v2\/posts"}],"about":[{"href":"https:\/\/www.bghaber.org\/bghaber\/wp-json\/wp\/v2\/types\/post"}],"author":[{"embeddable":true,"href":"https:\/\/www.bghaber.org\/bghaber\/wp-json\/wp\/v2\/users\/13"}],"replies":[{"embeddable":true,"href":"https:\/\/www.bghaber.org\/bghaber\/wp-json\/wp\/v2\/comments?post=20483"}],"version-history":[{"count":0,"href":"https:\/\/www.bghaber.org\/bghaber\/wp-json\/wp\/v2\/posts\/20483\/revisions"}],"wp:featuredmedia":[{"embeddable":true,"href":"https:\/\/www.bghaber.org\/bghaber\/wp-json\/wp\/v2\/media\/18534"}],"wp:attachment":[{"href":"https:\/\/www.bghaber.org\/bghaber\/wp-json\/wp\/v2\/media?parent=20483"}],"wp:term":[{"taxonomy":"category","embeddable":true,"href":"https:\/\/www.bghaber.org\/bghaber\/wp-json\/wp\/v2\/categories?post=20483"},{"taxonomy":"post_tag","embeddable":true,"href":"https:\/\/www.bghaber.org\/bghaber\/wp-json\/wp\/v2\/tags?post=20483"}],"curies":[{"name":"wp","href":"https:\/\/api.w.org\/{rel}","templated":true}]}}