{"id":20481,"date":"2016-09-14T00:40:28","date_gmt":"2016-09-13T21:40:28","guid":{"rendered":"http:\/\/www.bghaber.org\/bghaber\/?p=20481"},"modified":"2016-09-14T00:40:28","modified_gmt":"2016-09-13T21:40:28","slug":"devletin-iflasi","status":"publish","type":"post","link":"https:\/\/www.bghaber.org\/bghaber\/devletin-iflasi\/","title":{"rendered":"Devletin \u0130flas\u0131"},"content":{"rendered":"<p>Erta\u015f \u00c7AKIR<br \/>\nKonu: <strong>Her \u015feyin elden gitti\u011fi an\u0131n ad\u0131 nedir?<\/strong><\/p>\n<p>Josephe Fouche, tarih yazan Napolyon Bonoparte\u2019nin polis bakan\u0131d\u0131r. Belki de \u201c<strong>Devletin \u0130flas\u0131<\/strong>\u201d s\u00f6z\u00fc dilinin alt\u0131nda defalarca belirmi\u015f ama hi\u00e7bir zaman kullanmam\u0131\u015ft\u0131r.Bir devletin iflas\u0131 konusu Le Bone taraf\u0131ndan \u201c<strong>Devrim Psikolojisi<\/strong>\u201d irdeleme eserinde ayr\u0131nt\u0131l\u0131 i\u015flenirken, ne 1791\u2019de Frans\u0131z kral\u0131 16. Louis\u2019in derildi\u011fi an, ne de\u00a0 1815 Waterloo Sava\u015f\u0131\u2019ndan sonra Fransa\u2019n\u0131n bayra\u011f\u0131n\u0131 indirip 34 y\u0131l siyah bir pe\u00e7ete salland\u0131rd\u0131\u011f\u0131 d\u00f6nem i\u00e7in kullan\u0131lm\u0131\u015ft\u0131r. Daha da \u00f6nemli olan, \u201c<strong>Devletin \u0130flas\u0131<\/strong>\u201d en az bir yeni devletin kurulmas\u0131 kadar ve ola\u011fan\u00fcst\u00fc \u00f6nemli bir olayd\u0131r.<\/p>\n<p>Yeni Bulgar devletinin kurulmas\u0131nda en \u00f6nemli ad\u0131mlardan biri olan Bulgar Prensli\u011fi ile G\u00fcney Rumeli\u2019nin bundan 131 y\u0131l \u00f6nce 6 Eyl\u00fcl 1885\u2019te birle\u015fmesinin kutland\u0131\u011f\u0131 tatil g\u00fcnlerinden yaln\u0131z 2 g\u00fcn sonra (08 Eyl\u00fcl 2016) \u00a0Bulgaristan eski \u0130\u00e7 \u0130\u015fleri Bakanl\u0131\u011f\u0131 Genel Sekreteri Radulov\u2019un\u00a0\u00a0 \u201c<strong>bTV<\/strong>\u201d sabah program\u0131ndaki a\u00e7\u0131klamas\u0131 dikkat \u00e7ekti. O, \u00a0\u201c<strong>Bulgar devletinin iflas etti\u011fini<\/strong>\u201d ve yerine memleketimizde bir \u201c<strong>mafya devleti kuruldu\u011funu<\/strong>\u201d s\u00f6yledi.<\/p>\n<p>Akl\u0131ma ilk gelen \u201c<strong>her \u015fey elden gitti mi<\/strong>?\u201d\u00a0 Geli\u015fmeler o kadar da m\u0131 k\u00f6t\u00fc, diye d\u00fc\u015f\u00fcnd\u00fcm. Olaylar\u0131n k\u00f6t\u00fcye gitti\u011fini sezenlerden hi\u00e7 biri 6 Kas\u0131m 2016\u2019da yap\u0131lacak genel se\u00e7imlerde Cumhurba\u015fkan\u0131 olmay\u0131 belki de bu nedenle asla kabul etmek istemiyor, ge\u00e7ti akl\u0131mdan.<\/p>\n<p>Memleket dilimizde, \u201c<strong>d\u00fcnyay\u0131 bana dar etseler<\/strong>\u201d vatan\u0131m\u0131 terk etmem de\u011fimi \u00e7ok yayg\u0131nd\u0131. 1989\u2019da kalbimize ate\u015f d\u00fc\u015ft\u00fc\u011f\u00fcnde, karar\u0131m\u0131z\u0131 ne kadar zor de\u011fi\u015ftirdi\u011fimizi defalarca yazd\u0131m. Hep ba\u011flar bah\u00e7eler, inekler \u00e7ay\u0131rlar, \u00e7ifte kurbanlar anlat\u0131ld\u0131, hatta bizim bildi\u011fimiz gibi ya\u015fay\u0131\u015f\u0131m\u0131za bir \u015feyler demesinler de, \u201c<strong>ne yaparlarsa yaps\u0131nlar<\/strong>\u201d diyenlere cevap verilmezdi.<\/p><div id=\"bghab-79986785\" class=\"bghab-icerik-icine bghab-entity-placement\"><script async src=\"\/\/pagead2.googlesyndication.com\/pagead\/js\/adsbygoogle.js?client=ca-pub-6203283170189293\" crossorigin=\"anonymous\"><\/script><ins class=\"adsbygoogle\" style=\"display:block; text-align:center;\" data-ad-client=\"ca-pub-6203283170189293\" \ndata-ad-slot=\"7303146466\" \ndata-ad-layout=\"in-article\"\ndata-ad-format=\"fluid\" data-full-width-responsive=\"true\"><\/ins>\n<script> \n(adsbygoogle = window.adsbygoogle || []).push({}); \n<\/script>\n<\/div>\n<p>Radulov, bizdeki \u201c<strong>devlet iflas\u0131n\u0131<\/strong>\u201d her 3 dakikada bir su\u00e7 i\u015flenmesiyle, 57 bin polisin durumla ba\u015fa \u00e7\u0131kamamas\u0131nda, memleketi ve t\u00fcm maddi ve manevi de\u011ferlerini talan eden mafyan\u0131n ba\u015fkald\u0131r\u0131s\u0131yla ba\u015f edilememesinde g\u00f6r\u00fcyor. Bunlardan daha belirleyici olan ekonomik ve sosyal \u00e7eli\u015fkilere de\u011finmese de onlar her dakika kendini hissettiriyor. Bir arkada\u015f\u0131m payla\u015f\u0131yor. Plovdiv (Filibe) merkez tren istasyonunda gazete satan b\u00fcfenin kenar\u0131na durmu\u015f ve \u201c<strong>Galerya<\/strong>\u201d gazetesinin 6 Eyl\u00fcl say\u0131s\u0131n\u0131 alan bir gen\u00e7 vatanda\u015f\u0131n birinci sayfas\u0131nda Ahmet Do\u011fan\u2019\u0131n boy resmiyle \u00fc\u00e7 katl\u0131\u00a0 \u201c<strong>AGATHA<\/strong>\u201d yat\u0131n\u0131 g\u00f6renlerin bir dakikada 100 defa k\u00fcf\u00fcr etti\u011fini anlat\u0131yor. Halk neredeyse kayn\u0131yor. \u201cD\u00fcd\u00fckl\u00fc tencere\u201d patlayacak. Yani ortada bir hukuk devleti i\u00e7inde hukuk d\u00fczenini hi\u00e7e sayan, yasa normlar\u0131na uymayan, kanun ve toplum ahlak\u0131 tan\u0131mayan, keyfi hareket ederek kendine ya\u015fam sahas\u0131 a\u00e7abilmi\u015f bir silahl\u0131, yumruklu, eli sopal\u0131, beli silahl\u0131 ve hatta devlet korumal\u0131 korkun\u00e7 g\u00fc\u00e7 var.\u00a0 Ve ayn\u0131 zamanda bizim toplumumuzun i\u00e7inde bir t\u00fcm\u00f6r olabilmeyi ba\u015farm\u0131\u015f olan bu g\u00fcc\u00fcn kendisine ya\u015fam alan\u0131 sa\u011flayan, g\u00f6zle g\u00f6r\u00fclmeyen, TV ekran\u0131nda belirmeyen bir sanki hayalet olan \u00fcst iradeye her g\u00fcn 1 milyon Euro hava paras\u0131 \u00a0\u00f6dedi\u011fini payla\u015ft\u0131. Ve o bu olguyu \u201c<strong>devlet iflas etti<\/strong>\u201d \u015feklinde niteledi. Bu bir devlet yenilgisidir. Platon\u2019un \u201cDevlet\u201d kitab\u0131 yazd\u0131\u011f\u0131n\u0131 bile bilmeyenlerin kurdu\u011fu bir devletin 21. y.y.\u2019da \u00e7\u00f6k\u00fc\u015f\u00fcn\u00fcn bu \u015fekilde olaca\u011f\u0131n\u0131 d\u00fc\u015f\u00fcnmek bile \u00e7ok zor, itiraf ediyorum. Fakat bir ger\u00e7ektir. Ahmet Do\u011fan gibi suni yeti\u015ftirilmi\u015f, soyu sopu belli olmayan insanlar\u0131n y\u00f6netiminde bulundu\u011fu devletin bir balon gibi patlad\u0131\u011f\u0131n\u0131 g\u00f6r\u00fcnce l\u00fctfen kimse \u015fa\u015fmas\u0131n.<\/p>\n<p>Balkanlarda 19. y.y. \u2018\u0131n sonunda kocaman Yugoslavya iflas edip par\u00e7aland\u0131 ve da\u011f\u0131ld\u0131. \u00c7ok sanc\u0131l\u0131 olsa da 7 devlet s\u0131n\u0131r \u00e7itlerini \u00e7ekti, kendi milli bayraklar\u0131n\u0131 dalgaland\u0131rd\u0131, h\u00fck\u00fcmet kurdu ve uluslar aras\u0131 camiaya kat\u0131ld\u0131. Bu \u00e7\u00f6k\u00fc\u015fte a\u011f\u0131rl\u0131kl\u0131 olan insan haklar\u0131n\u0131n tan\u0131nmamas\u0131 ve etnik \u00f6zg\u00fcrl\u00fck i\u00e7in m\u00fccadele eden g\u00fc\u00e7ler \u00f6n planda olmas\u0131yd\u0131. Fakat bizde devleti \u00e7\u00f6kerten mafya olunca, ne olacak, devleti mafyac\u0131lar ve mafya d\u00fc\u015fmanlar\u0131 aras\u0131nda payla\u015facak m\u0131y\u0131z?<\/p>\n<p>Bulgaristan\u2019da totaliter d\u00fczen kal\u0131tlar\u0131n\u0131n metastaz ge\u00e7irerek mafyala\u015fmas\u0131 daha 1990\u2019lar\u0131n ba\u015f\u0131nda ba\u015flad\u0131. Tar\u0131m sekt\u00f6r\u00fc ile sanayi tesislerinin \u00f6zelle\u015ftirilmesi bahanesiyle yok edildi\u011fi y\u0131llarda palazlanan ve memleketimizdeki g\u00f6zle g\u00f6r\u00fclmeyen Rus sermayesinin de desteklemeleriyle holdingle\u015fmesi ve giderek oligar\u015fi-mafya sermayesinde kayna\u015fmas\u0131, besbelli ki art\u0131k siyasi iktidar\u0131 kontrol alt\u0131na alm\u0131\u015f ve \u201c<strong>devleti iflasa<\/strong>\u201d zorluyor. Bu s\u00fcrecin i\u00e7inde, bir aya\u011f\u0131 Moskova\u2019ya ba\u011fl\u0131 olan \u201c<strong>Multigrup<\/strong>\u201d \u00f6rne\u011finde yasal yap\u0131la\u015fan, ard\u0131nda Ahmet Do\u011fan etraf\u0131ndaki holding ve \u015firketler \u00e7emberinde kenetle\u015fen, FET\u00d6-ye ba\u011flanan g\u00fc\u00e7 zincirinin de rol\u00fc \u00e7ok b\u00fcy\u00fck oldu. T\u00fcrkiye\u2019de FET\u00d6 yok edilebilir, fakat Bulgar siyasi mafyas\u0131n\u0131n FET\u00c7- hainlerini ay\u0131klayaca\u011f\u0131na inanm\u0131yorum. \u00c7\u00fcnk\u00fc mafya ile FET\u00d6- misyoncular\u0131n\u0131n ayn\u0131 hedefi var Bulgar devletini \u00e7\u00f6kertirken, Bulgaristan\u2019da ya\u015fayan M\u00fcsl\u00fcman T\u00fcrklere de Milli Bilin\u00e7 olu\u015fturmalar\u0131na imk\u00e2n tan\u0131mamak, onlar\u0131 ezip ezip s\u00fcr\u00fcnd\u00fcrmek ve s\u00f6m\u00fcrmek, se\u00e7eneksiz b\u0131rakmak.<\/p>\n<p>20 y\u0131l \u00f6nce \u201cMultigrup\u201d sanayi i\u015fletmelerinin giri\u015f ve \u00e7\u0131k\u0131\u015f kap\u0131lar\u0131na yerle\u015fmi\u015fti. Ucuz hammadde i\u015fletip mamulleri Bat\u0131 devletlerine y\u00fcksek fiyatla satmay\u0131 ba\u015far\u0131yordu. Sermayenin palazlanmas\u0131nda bu oyun perdesi iki binlere girerken kapand\u0131ktan sonra, Avrupa Birli\u011fi\u2019nden gelen fonlar\u0131n muslu\u011fu ele ge\u00e7irildi. Sonunda bug\u00fcnk\u00fc duruma gelindi. \u201c<strong>\u0130ktidar iflas ederken<\/strong>\u201d bu erkin ana dire\u011fi olan emek\u00e7i ve emekli kesim de yoksulluk ve gurbetin verdi\u011fi ac\u0131larla, s\u00fcrekli h\u00fcz\u00fcn, keder, s\u0131k\u0131nt\u0131 ve belalar i\u00e7ersinde s\u00fcr\u00fcnd\u00fck\u00e7e s\u00fcr\u00fcn\u00fcyor. \u00d6yle ki, s\u00fcr\u00fcnen bu kitlenin kalbi demir de olsa, mafya bask\u0131s\u0131 alt\u0131nda her an k\u0131r\u0131lacak ve erimeyi kabul edecektir. <strong>Bir \u00f6rnek<\/strong>: 6 Kas\u0131m\u2019da se\u00e7imler olacak. Bu se\u00e7imlerle ilgili sopan\u0131n ucu ya\u015fl\u0131 se\u00e7mene daha \u015fimdiden g\u00f6sterilmeye ba\u015fland\u0131. Her ay\u0131n yedisi Bulgaristan\u2019da emekli maa\u015flar\u0131n\u0131n \u00f6dendi\u011fi g\u00fcnd\u00fcr. 7 Eyl\u00fclde t\u00fcm bankomat sistemi \u201c<strong>ar\u0131za yapt\u0131.<\/strong>\u201d Ya\u015fl\u0131lar ve g\u00fcnl\u00fck harcamalar\u0131n\u0131 banka kart\u0131 ile yapanlar, ap\u0131\u015ft\u0131 kald\u0131. Bu \u201c<strong>istersek bir anda solu\u011funuzu keseriz<\/strong>\u201d sinyaliydi: Bu bak\u0131ma t\u00fcm komando mevkilerine hakim olan mafyan\u0131n \u201c<strong>devleti iflasa zorlad\u0131\u011f\u0131<\/strong>\u201d g\u00f6r\u00fc\u015f\u00fcne kat\u0131l\u0131yorum.<\/p>\n<p>Tabii bizim bu g\u00f6r\u00fc\u015fte ya da \u015fu g\u00f6r\u00fc\u015fte olmam\u0131z\u0131n pek fazla \u00f6nemi olmayabilir. Fakat Bulgaristan sanat \u00e7evrelerinde ad\u0131 ve \u00fcn\u00fc olan sevilen akt\u00f6r <strong>Yosiv S\u0131r\u00e7eciev\u2019in 6 Eyl\u00fcl<\/strong> Bulgaristan\u2019\u0131n Birle\u015fmesi Y\u0131ld\u00f6n\u00fcm\u00fc m\u00fcnasebetiyle yazd\u0131\u011f\u0131 bir yaz\u0131, \u201c<strong>Episent\u0131r. Bg<\/strong>\u201d yay\u0131nland\u0131 ve \u015fu noktalar nefes kesti:<\/p><div id=\"bghab-4207085323\" class=\"bghab-icerik-icine-10-paragraf bghab-entity-placement\"><script async src=\"\/\/pagead2.googlesyndication.com\/pagead\/js\/adsbygoogle.js?client=ca-pub-6203283170189293\" crossorigin=\"anonymous\"><\/script><ins class=\"adsbygoogle\" style=\"display:block; text-align:center;\" data-ad-client=\"ca-pub-6203283170189293\" \ndata-ad-slot=\"7303146466\" \ndata-ad-layout=\"in-article\"\ndata-ad-format=\"fluid\" data-full-width-responsive=\"true\"><\/ins>\n<script> \n(adsbygoogle = window.adsbygoogle || []).push({}); \n<\/script>\n<\/div>\n<p>\u201c<strong>131 y\u0131l ge\u00e7mi\u015f olmas\u0131na ra\u011fmen, de\u011fi\u015fen pek bir \u015fey yok. Her \u015fey eskiden oldu\u011fu gibi \u2013 ruhlar\u0131n kavgas\u0131 devam ediyor. Bulgar milleti param par\u00e7a oldu.<\/strong>\u201d<\/p>\n<p>G\u00f6r\u00fc\u015flerini \u201c<strong>On Air TV<\/strong>\u201d program\u0131nda geli\u015ftiren S\u0131r\u00e7aciev, \u015f\u00f6yle konu\u015ftu:<\/p>\n<p>\u201c<strong>Devletler zehirlenebiliyor ve bizim n\u00fcfusumuz zehirlenmi\u015ftir. \u0130\u00e7imizdeki \u015feytan \u00e7ok iyi \u00e7al\u0131\u015ft\u0131. \u0130ktidar, insan\u0131n ve onun kendi ki\u015fili\u011finin bir hastal\u0131\u011f\u0131d\u0131r. Bundan dolay\u0131, etraftaki zehirden bir yudum al\u0131p zehirlenmeden sa\u011fl\u0131kl\u0131 kal\u0131p siyaset basamaklar\u0131ndan \u00e7\u0131kabilen \u00e7ok az ki\u015fi var<\/strong>.\u201d<\/p>\n<p>Olaylar\u0131 bir sahne adam\u0131 olarak de\u011ferlendiren S\u0131r\u00e7aciev, \u201c<strong>\u0130nsanlar ta\u015f\u0131d\u0131klar\u0131 maskelere al\u0131\u015f\u0131yor. Maskeleri d\u00fc\u015f\u00fcnce feryat ediyorlar<\/strong>\u201d dedi. Kendisini en fazla rahats\u0131z eden olay\u0131 ise, \u201c<strong>vatanda\u015flar\u0131n her yerde ve hayat\u0131n her dal\u0131nda e\u015fek\u00e7e, hayvanca \u00e7ok kaba hareket etmesi, cahilli\u011fin al\u0131p y\u00fcr\u00fcd\u00fc\u011f\u00fc, insan ruhundaki \u015feytanlar\u0131 alabildi\u011fine hareketlendi\u011fi ve her yerde cirit att\u0131\u011f\u0131<\/strong>\u201d \u015feklinde payla\u015ft\u0131.<\/p>\n<p>G\u00f6r\u00fcld\u00fc\u011f\u00fc \u00fczere, \u00a0toplumun entelekt\u00fcel tabakas\u0131 da gidi\u015fattan rahats\u0131z oldu\u011funu gizlemiyor.<\/p><div id=\"bghab-267865871\" class=\"bghab-icerik-icine-15-paragraf bghab-entity-placement\"><script async src=\"\/\/pagead2.googlesyndication.com\/pagead\/js\/adsbygoogle.js?client=ca-pub-6203283170189293\" crossorigin=\"anonymous\"><\/script><ins class=\"adsbygoogle\" style=\"display:block; text-align:center;\" data-ad-client=\"ca-pub-6203283170189293\" \ndata-ad-slot=\"7303146466\" \ndata-ad-layout=\"in-article\"\ndata-ad-format=\"fluid\" data-full-width-responsive=\"true\"><\/ins>\n<script> \n(adsbygoogle = window.adsbygoogle || []).push({}); \n<\/script>\n<\/div>\n<p>Toplum i\u00e7inde ortak de\u011fer sistemleri olu\u015fturulamamas\u0131, dayat\u0131lan yeni esas\u0131z de\u011fi\u015fikler, baz\u0131lar\u0131 \u00e7al\u0131\u015fmadan milyarder olurken, milyonlar\u0131n batan g\u00fcne\u015f gibi sarar\u0131p solmas\u0131 ve istenmeyen feci sonu \u00e7aresizlik i\u00e7inde beklemesi, herkesin ruhunu b\u00fcz\u00fcyor. Belki de \u201c<strong>devlet iflas\u0131<\/strong>\u201dn\u0131n \u00f6teki ismi de bu zamans\u0131z sarar\u0131p solmad\u0131r. \u201c<strong>Devlet iflas\u0131<\/strong>\u201d son yenilgidir\u2026<\/p>\n<p>&nbsp;<\/p>\n<div id=\"bghab-114946744\" class=\"bghab-yazi-altinda bghab-entity-placement\"><div class=\"bghab-adlabel\">Reklamlar<\/div><script async src=\"https:\/\/pagead2.googlesyndication.com\/pagead\/js\/adsbygoogle.js\"><\/script>\r\n<!-- bghaber-yaz\u0131-sonu -->\r\n<ins class=\"adsbygoogle\"\r\n     style=\"display:block\"\r\n     data-ad-client=\"ca-pub-6203283170189293\"\r\n     data-ad-slot=\"4222328180\"\r\n     data-ad-format=\"auto\"\r\n     data-full-width-responsive=\"true\"><\/ins>\r\n<script>\r\n     (adsbygoogle = window.adsbygoogle || []).push({});\r\n<\/script><\/div><br style=\"clear: both; display: block; float: none;\"\/>","protected":false},"excerpt":{"rendered":"<p>Erta\u015f \u00c7AKIR Konu: Her \u015feyin elden gitti\u011fi an\u0131n ad\u0131 nedir? Josephe Fouche, tarih yazan Napolyon Bonoparte\u2019nin polis bakan\u0131d\u0131r. Belki de \u201cDevletin \u0130flas\u0131\u201d s\u00f6z\u00fc dilinin alt\u0131nda<\/p>\n","protected":false},"author":13,"featured_media":0,"comment_status":"closed","ping_status":"closed","sticky":false,"template":"","format":"standard","meta":{"advanced_seo_description":"","jetpack_seo_html_title":"","jetpack_seo_noindex":false,"_jetpack_memberships_contains_paid_content":false,"footnotes":""},"categories":[6],"tags":[],"class_list":["post-20481","post","type-post","status-publish","format-standard","hentry","category-yorum"],"jetpack_featured_media_url":"","jetpack_sharing_enabled":true,"jetpack_likes_enabled":true,"jetpack-related-posts":[],"jetpack_shortlink":"https:\/\/wp.me\/pc2PfJ-5kl","_links":{"self":[{"href":"https:\/\/www.bghaber.org\/bghaber\/wp-json\/wp\/v2\/posts\/20481","targetHints":{"allow":["GET"]}}],"collection":[{"href":"https:\/\/www.bghaber.org\/bghaber\/wp-json\/wp\/v2\/posts"}],"about":[{"href":"https:\/\/www.bghaber.org\/bghaber\/wp-json\/wp\/v2\/types\/post"}],"author":[{"embeddable":true,"href":"https:\/\/www.bghaber.org\/bghaber\/wp-json\/wp\/v2\/users\/13"}],"replies":[{"embeddable":true,"href":"https:\/\/www.bghaber.org\/bghaber\/wp-json\/wp\/v2\/comments?post=20481"}],"version-history":[{"count":0,"href":"https:\/\/www.bghaber.org\/bghaber\/wp-json\/wp\/v2\/posts\/20481\/revisions"}],"wp:attachment":[{"href":"https:\/\/www.bghaber.org\/bghaber\/wp-json\/wp\/v2\/media?parent=20481"}],"wp:term":[{"taxonomy":"category","embeddable":true,"href":"https:\/\/www.bghaber.org\/bghaber\/wp-json\/wp\/v2\/categories?post=20481"},{"taxonomy":"post_tag","embeddable":true,"href":"https:\/\/www.bghaber.org\/bghaber\/wp-json\/wp\/v2\/tags?post=20481"}],"curies":[{"name":"wp","href":"https:\/\/api.w.org\/{rel}","templated":true}]}}