{"id":20473,"date":"2016-09-08T14:42:06","date_gmt":"2016-09-08T11:42:06","guid":{"rendered":"http:\/\/www.bghaber.org\/bghaber\/?p=20473"},"modified":"2016-09-08T14:42:06","modified_gmt":"2016-09-08T11:42:06","slug":"isabet-etti","status":"publish","type":"post","link":"https:\/\/www.bghaber.org\/bghaber\/isabet-etti\/","title":{"rendered":"\u0130sabet Etti!"},"content":{"rendered":"<p>BGSAM<\/p>\n<p>Konu: <strong>T\u00fcrkiye\u2019de askeri darbe denemesini haz\u0131rlayan C\u0130A ajanlar\u0131n\u0131n listesi.<\/strong><\/p>\n<p>Jeopolitik.<\/p>\n<p>T\u00fcrkiye\u2019de darbe denemesi.<\/p>\n<p><strong><img data-recalc-dims=\"1\" loading=\"lazy\" decoding=\"async\" class=\"\" src=\"https:\/\/i0.wp.com\/www.bghaber.org\/bghaber\/wp-content\/uploads\/2016\/09\/mafya.jpg?resize=640%2C655\" alt=\"mafya\" width=\"640\" height=\"655\" \/><\/strong><\/p>\n<p>&nbsp;<\/p><div id=\"bghab-3439664897\" class=\"bghab-icerik-icine bghab-entity-placement\"><script async src=\"\/\/pagead2.googlesyndication.com\/pagead\/js\/adsbygoogle.js?client=ca-pub-6203283170189293\" crossorigin=\"anonymous\"><\/script><ins class=\"adsbygoogle\" style=\"display:block; text-align:center;\" data-ad-client=\"ca-pub-6203283170189293\" \ndata-ad-slot=\"7303146466\" \ndata-ad-layout=\"in-article\"\ndata-ad-format=\"fluid\" data-full-width-responsive=\"true\"><\/ins>\n<script> \n(adsbygoogle = window.adsbygoogle || []).push({}); \n<\/script>\n<\/div>\n<p>Bilinen bir Rus aleyhtar\u0131 ve Birle\u015fik Amerika d\u0131\u015f siyasetinin ba\u015fta gelen ideologu olan Zbignev Bjezinski, <strong>T\u00fcrkiye\u2019deki ba\u015far\u0131s\u0131z askeri darbe denemesinin ard\u0131nda ABD\u2019nin durdu\u011funu itiraf etti<\/strong>.\u00a0 Onun bilgisayar ortam\u0131nda payla\u015ft\u0131\u011f\u0131na g\u00f6re, bu askeri darbe denemesi Birle\u015fik Amerika\u2019n\u0131n en b\u00fcy\u00fck yanl\u0131\u015flar\u0131ndan biridir ve T\u00fcrkiye\u2019yi d\u0131\u015f siyasetini ba\u015ftanba\u015fa yeniden de\u011ferlendirmeye itmi\u015ftir. Bjezinski\u2019nin \u00f6zetledi\u011fine g\u00f6re, yak\u0131nda kurulmas\u0131 beklenen <strong>Rusya, T\u00fcrkiye ve \u0130ran koalisyonu Suriye problemini k\u00f6kten \u00e7\u00f6zebilecektir<\/strong>.<\/p>\n<p><strong>Darbe plan\u0131ndan ayr\u0131nt\u0131lar<\/strong>.<\/p>\n<p>Senaryo:<\/p>\n<p>Zbignev Bjezinski\u2019nin a\u00e7\u0131klamalar\u0131 do\u011frulayan yay\u0131nda bulunan \u201cAk\u015fam\u201d ve \u201cYeni \u015eafak\u201d gazeteleri ba\u011f\u0131ms\u0131z ara\u015ft\u0131rma yaparak, 15 Temmuz askeri darbe denemesine direk kat\u0131lan, ayn\u0131 C\u0130A ajanlar\u0131n\u0131n isimlerine ula\u015fabilmi\u015ftir. Ula\u015f\u0131lan verilere g\u00f6re C\u0130A ajanlar\u0131 15 \u2013 15 Temmuz g\u00fcnleri aras\u0131nda T\u00fcrkiye\u2019ye diplomatik pasaportla girip \u00e7\u0131km\u0131\u015flar ve darbeyi uyulmad\u0131klar\u0131 gibi, kendilerine ba\u011fl\u0131 olan bas\u0131n yay\u0131n ara\u00e7lar\u0131yla da g\u00f6r\u00fc\u015fmeler yapm\u0131\u015flard\u0131r.<\/p>\n<p>C\u0130A ajanlar\u0131n\u0131 g\u00f6r\u00fc\u015fmelerini B\u00fcy\u00fck Ada\u2019da ger\u00e7ekle\u015ftirmi\u015ftir.<\/p><div id=\"bghab-2015967514\" class=\"bghab-icerik-icine-10-paragraf bghab-entity-placement\"><script async src=\"\/\/pagead2.googlesyndication.com\/pagead\/js\/adsbygoogle.js?client=ca-pub-6203283170189293\" crossorigin=\"anonymous\"><\/script><ins class=\"adsbygoogle\" style=\"display:block; text-align:center;\" data-ad-client=\"ca-pub-6203283170189293\" \ndata-ad-slot=\"7303146466\" \ndata-ad-layout=\"in-article\"\ndata-ad-format=\"fluid\" data-full-width-responsive=\"true\"><\/ins>\n<script> \n(adsbygoogle = window.adsbygoogle || []).push({}); \n<\/script>\n<\/div>\n<p>Darbe denemesinin halk taraf\u0131ndan bast\u0131r\u0131lmas\u0131ndan sonra C\u0130A ajanlar\u0131 kendilerine ba\u011fl\u0131 \u00e7al\u0131\u015fan T\u00fcrk bas\u0131n yay\u0131n organlar\u0131, bu darbeyi T\u00fcrkiye Cumhurba\u015fkan\u0131 kendisi d\u00fczenledi yalan\u0131n\u0131 yay\u0131nlama emri vermi\u015f ve bu yalan Bat\u0131 medyas\u0131 taraf\u0131ndan da devaml\u0131 tekrarlanm\u0131\u015ft\u0131r.<\/p>\n<p><img data-recalc-dims=\"1\" decoding=\"async\" src=\"https:\/\/i0.wp.com\/www.bghaber.org\/bghaber\/wp-content\/uploads\/2016\/09\/res-2.jpg?w=640\" alt=\"res-2\" \/><\/p>\n<p>&nbsp;<\/p>\n<p>Darbeci NATO Generali John F. Cempbell<\/p>\n<p>T\u00fcrkiye\u2019deki darbe denemesinin ard\u0131nda 2 \u00f6nemli NATO Generalinin ismi parl\u0131yor.<\/p>\n<p><img data-recalc-dims=\"1\" loading=\"lazy\" decoding=\"async\" class=\"\" src=\"https:\/\/i0.wp.com\/www.bghaber.org\/bghaber\/wp-content\/uploads\/2016\/09\/resmmm.jpg?resize=502%2C877\" alt=\"resmmm\" width=\"502\" height=\"877\" \/><\/p>\n<p><strong>General John F. Cempbell<\/strong> \u2013 NATO komutas\u0131nda Afganistan\u2019da \u0130SAF \u2013Uluslar aras\u0131 G\u00fcvenlik G\u00fc\u00e7leri Ba\u015f Komutan\u0131.<\/p><div id=\"bghab-259842876\" class=\"bghab-icerik-icine-15-paragraf bghab-entity-placement\"><script async src=\"\/\/pagead2.googlesyndication.com\/pagead\/js\/adsbygoogle.js?client=ca-pub-6203283170189293\" crossorigin=\"anonymous\"><\/script><ins class=\"adsbygoogle\" style=\"display:block; text-align:center;\" data-ad-client=\"ca-pub-6203283170189293\" \ndata-ad-slot=\"7303146466\" \ndata-ad-layout=\"in-article\"\ndata-ad-format=\"fluid\" data-full-width-responsive=\"true\"><\/ins>\n<script> \n(adsbygoogle = window.adsbygoogle || []).push({}); \n<\/script>\n<\/div>\n<p><strong>GrahamF\u00fcller<\/strong> -20 y\u0131ldan beri ABD\u2019nin Orta Do\u011fu \u00f6zel operasyonlar\u0131n\u0131 \u00f6rg\u00fctleyen istasyon \u015fefi.<\/p>\n<p><strong>Plan.<\/strong><\/p>\n<p>Washington taraf\u0131ndan haz\u0131rlanan darbe plan\u0131 \u015feffaf ve basittir. \u00d6ncelikli olarak Suriye i\u015flerinde olmak \u00fczere, T\u00fcrkiye\u2019yi, Birle\u015fik Amerika\u2019n\u0131n d\u0131\u015f politikas\u0131 hedeflerine uygun bir bi\u00e7imde kullanmak amac\u0131yla, dik ba\u015f T\u00fcrkiye Ba\u015fkan\u0131 Recep Tayyib Erdo\u011fan\u2019\u0131 uyumlu bir kukla ile de\u011fi\u015ftirmekti. Bu tezg\u00e2h\u0131n \u00f6z\u00fcnde T\u00fcrkiye\u2019yi bir i\u00e7 karga\u015fal\u0131\u011fa itmek ve \u00fclkede \u201c<strong>Suriye &#8211; 2<\/strong>\u201d plan\u0131 uygulamak vard\u0131.<\/p>\n<p><strong>\u00d6n s\u00f6zle\u015fmeler.<\/strong><\/p>\n<p>Ayn\u0131 zamanda Birle\u015fik Amerika yaln\u0131z kendi hedefleri i\u00e7in kullanmak \u00fczere Suriye-T\u00fcrkiye s\u0131n\u0131r\u0131nda yeni b\u00fcy\u00fck bir askeri \u00fcs a\u00e7acak ve dolay\u0131s\u0131yla Rusya\u2019ya siyasi ve ekonomik bask\u0131lar\u0131n\u0131 da artt\u0131racakt\u0131.<\/p><div id=\"bghab-356184050\" class=\"bghab-icerik-icine-20-paragraf bghab-entity-placement\"><script async src=\"\/\/pagead2.googlesyndication.com\/pagead\/js\/adsbygoogle.js?client=ca-pub-6203283170189293\" crossorigin=\"anonymous\"><\/script><ins class=\"adsbygoogle\" style=\"display:block; text-align:center;\" data-ad-client=\"ca-pub-6203283170189293\" \ndata-ad-slot=\"7303146466\" \ndata-ad-layout=\"in-article\"\ndata-ad-format=\"fluid\" data-full-width-responsive=\"true\"><\/ins>\n<script> \n(adsbygoogle = window.adsbygoogle || []).push({}); \n<\/script>\n<\/div>\n<p><strong>Paralar<\/strong><\/p>\n<p>Askeri darbe haz\u0131rl\u0131klar\u0131na ABD ve yerli darbeciler kat\u0131lm\u0131\u015f, haz\u0131rl\u0131klar 8 ay s\u00fcrm\u00fc\u015f ve hain plan\u0131n ger\u00e7ekle\u015ftirilmesine gerekli olan paralar 2 milyar US Dolar olarak John F. Cempbell kontrol\u00fcndeki Afrika bankalar\u0131ndan havale edilmi\u015ftir.<\/p>\n<p>Paralar\u0131n da\u011f\u0131l\u0131m\u0131 \u015fahsen John F. Cempbell taraf\u0131ndan y\u00f6netilmi\u015ftir.<\/p>\n<p>Yerli darbeciler Amerikan\u2019\u0131n darbe yard\u0131mlar\u0131 i\u00e7in Suriye T\u00fcrkiye s\u0131n\u0131r\u0131na yeni bir askeri \u00fcs kurulmas\u0131nda \u00f6n ayak olmay\u0131 kabul etmi\u015ftir.<\/p>\n<p>T\u00fcrkiye\u2019de darbeden sonra kurulacak kukla h\u00fck\u00fcmet C\u0130A taraf\u0131ndan y\u00f6nlendirilecekti.<\/p><div id=\"bghab-2248954426\" class=\"bghab-icerik-icine-25-paragraf bghab-entity-placement\"><script async src=\"\/\/pagead2.googlesyndication.com\/pagead\/js\/adsbygoogle.js?client=ca-pub-6203283170189293\" crossorigin=\"anonymous\"><\/script><ins class=\"adsbygoogle\" style=\"display:block; text-align:center;\" data-ad-client=\"ca-pub-6203283170189293\" \ndata-ad-slot=\"7303146466\" \ndata-ad-layout=\"in-article\"\ndata-ad-format=\"fluid\" data-full-width-responsive=\"true\"><\/ins>\n<script> \n(adsbygoogle = window.adsbygoogle || []).push({}); \n<\/script>\n<\/div>\n<p>Darbe ard\u0131ndan T\u00fcrkiye\u2019de i\u00e7 sava\u015f \u00e7\u0131kar\u0131lacak ve T\u00fcrkiye Suriye\u2019ye benzetilecekti.<\/p>\n<p>T\u00fcrkiye darbesi, \u201crenkli devrimler\u201d genel \u015femas\u0131na uygun ve Afganistan, Libya, Irak ve Suriye \u00f6rne\u011fince y\u00fcr\u00fcrl\u00fc\u011fe konmak istenmi\u015ftir.<\/p>\n<p>15 Temmuz 2016\u2019da hezimete u\u011frat\u0131lan darbe plan\u0131n\u0131 y\u00f6neten ki\u015fi Amerikan Generali John F. Cempbell; \u00f6rg\u00fctleyen ve koordinasyonu sa\u011flayanlar C\u0130A Orta Do\u011fu istasyon \u015fefi <strong>GrahamF\u00fcller <\/strong>ve emrindeki 80 ajan<strong>; <\/strong>ter\u00f6r \u00f6rg\u00fct\u00fc<strong> FET\u00d6 <\/strong>ve<strong> TSK\u2019<\/strong>dir<strong>.<\/strong><\/p>\n<p><strong>Ba\u015far\u0131s\u0131z darbe denemesi haz\u0131rl\u0131klar\u0131na bizzat kat\u0131lan sekin C\u0130A ajanlar \u015funlard\u0131r:<\/strong><\/p>\n<p><strong>Y\u00f6netmen: General John F. Cempbell\u2019in darbedeki g\u00f6revi:<\/strong><\/p><div id=\"bghab-2485045834\" class=\"bghab-icerik-icine-30-paragraf bghab-entity-placement\"><script async src=\"\/\/pagead2.googlesyndication.com\/pagead\/js\/adsbygoogle.js?client=ca-pub-6203283170189293\" crossorigin=\"anonymous\"><\/script><ins class=\"adsbygoogle\" style=\"display:block; text-align:center;\" data-ad-client=\"ca-pub-6203283170189293\" \ndata-ad-slot=\"7303146466\" \ndata-ad-layout=\"in-article\"\ndata-ad-format=\"fluid\" data-full-width-responsive=\"true\"><\/ins>\n<script> \n(adsbygoogle = window.adsbygoogle || []).push({}); \n<\/script>\n<\/div>\n<p>Son sekiz bu\u00e7uk ayda General Cempbell askeri darbeye kat\u0131lacak olan askerlerin haz\u0131rl\u0131klar\u0131yla me\u015fgul olmu\u015ftur. Bu <strong>8-5 ay <\/strong>i\u00e7inde o b\u00f6lgedeki <strong>80 C\u0130A <\/strong>ajan\u0131n\u0131 FET\u00d6 ya da \u201cHizmet\u201d ter\u00f6r \u00f6rg\u00fct\u00fc yetkililerinin yard\u0131mlar\u0131yla T\u00fcrkiye SK b\u00fcnyesinde belirlenen g\u00f6revlere ter\u00f6ristleri yerle\u015ftirme i\u015flerini y\u00f6netmi\u015ftir. Amerikal\u0131 General g\u00f6r\u00fc\u015fmelerini, amerikan askeri, amerikan u\u00e7aklar\u0131 ve n\u00fckleer silahlar\u0131 olan,\u00a0 <strong>Erzurum ve \u0130ncirlik<\/strong> askeri \u00fcslerinde ger\u00e7ekle\u015ftirmi\u015ftir.<\/p>\n<p>Askeri darbe denemesinden hemen sonra, Amerikan Generali Cempbell ile Avganistan\u2019da tan\u0131\u015fan TSK Generallerinden <strong>Cahit Bak\u0131r ile \u015eener Top\u00e7u Dubay u\u00e7ak alan\u0131nda<\/strong> tutuklanm\u0131\u015ft\u0131r.<\/p>\n<p><strong>Darbeye kat\u0131lan Amerikan Merkezi \u0130stihbarat Merkezi (C\u0130A) g\u00f6revlileri.<\/strong><\/p>\n<ul>\n<li><strong>Greham Fuller<\/strong>, FeytullahG\u00fclen ile \u00e7ok yak\u0131n i\u015fbirli\u011fi i\u00e7inde olan C\u0130A uzman\u0131.<\/li>\n<\/ul>\n<p>Fuller, \u0130slamc\u0131 \u00f6rg\u00fctleri Amerikan d\u0131\u015f siyasetinde bir ara\u00e7 olarak kullanan ilk yetkilidir.<\/p>\n<p>Son 20 y\u0131lda F.G\u00fclen\u2019in Yak\u0131n Do\u011fu i\u015flerini koordine etmi\u015f ve y\u00f6netmi\u015ftir. T\u00fcrkiye\u2019de \u201cparalel devlet\u201d kuran G\u00fclen kadrolar\u0131 onun y\u00f6netimi alt\u0131nda \u00e7al\u0131\u015fm\u0131\u015ft\u0131r.<\/p><div id=\"bghab-3037429833\" class=\"bghab-icerik-icine-35-paragraf bghab-entity-placement\"><script async src=\"\/\/pagead2.googlesyndication.com\/pagead\/js\/adsbygoogle.js?client=ca-pub-6203283170189293\" crossorigin=\"anonymous\"><\/script><ins class=\"adsbygoogle\" style=\"display:block; text-align:center;\" data-ad-client=\"ca-pub-6203283170189293\" \ndata-ad-slot=\"7303146466\" \ndata-ad-layout=\"in-article\"\ndata-ad-format=\"fluid\" data-full-width-responsive=\"true\"><\/ins>\n<script> \n(adsbygoogle = window.adsbygoogle || []).push({}); \n<\/script>\n<\/div>\n<p>1982\u2019de C\u0130A\u2019ye al\u0131nan F\u00fcller, Yak\u0131n Do\u011fu ve G\u00fcney Asya masas\u0131 \u015fefli\u011fi yapm\u0131\u015ft\u0131r. 1986\u2019da o C\u0130A Ulusal G\u00fcvenlik Konseyi Ba\u015fkan Yard\u0131mc\u0131l\u0131\u011f\u0131na atanm\u0131\u015ft\u0131r. Daha sonraki \u00e7al\u0131\u015fmalar\u0131nda Eski Sovyetler Birli\u011fi \u00fclkelerinde ve Orta Asya devletlerinde huzursuzluk yaratmak i\u00e7in G\u00fclen \u00f6rg\u00fct\u00fcnden faydalanma stratejileri geli\u015ftirmi\u015ftir. Ayn\u0131 y\u0131llarda \u201cM\u00fcsl\u00fcman Karde\u015fler\u201d ve m\u00fccahidin \u00f6rg\u00fctlerinden ABD stratejik \u00e7\u0131karlar\u0131 i\u00e7in yararlanma stratejilerini geli\u015ftiren ki\u015fidir.<\/p>\n<p><img data-recalc-dims=\"1\" decoding=\"async\" src=\"https:\/\/i0.wp.com\/www.bghaber.org\/bghaber\/wp-content\/uploads\/2016\/09\/resm5.jpg?w=640\" alt=\"resm5\" \/><\/p>\n<ul>\n<li><strong>Henri Barki, <\/strong>Birle\u015fik Amerika\u2019da C\u0130A\u2019n\u0131n T\u00fcrkiye \u015eube \u015feflerinden biridir<strong>.<\/strong><\/li>\n<\/ul>\n<p>T\u00fcrkiye devlet d\u00fczenine kar\u015f\u0131 yaz\u0131lar\u0131yla me\u015fhurdur. Barki, Washington\u2019un en yetkili T\u00fcrkiye analizcisi ve ABD\u2019de C\u0130A\u2019nin T\u00fcrkiye masas\u0131n\u0131 y\u00f6neten ki\u015fidir. Yak\u0131n zamana kadar Amerika D\u0131\u015f \u0130\u015fleri Bakanl\u0131\u011f\u0131\u2019n\u0131n Yak\u0131n Do\u011fu ve Orta Do\u011fu stratejik planlama dairesine ba\u015fkanl\u0131k etmi\u015ftir. O, T\u00fcrkiye devlet d\u00fczenine kar\u015f\u0131 yazd\u0131\u011f\u0131 yaz\u0131lar\u0131yla \u00fcnl\u00fcd\u00fcr. Darbeden \u00f6nce de \u201c<strong>Foreign Po\u0131licy<\/strong>\u201d dergisinde \u201c<strong>Erdo\u011fan\u2019\u0131n d\u0131\u015f siyaseti y\u0131k\u0131md\u0131r<\/strong>\u201d ba\u015fl\u0131kl\u0131 bir ba\u015f makale kaleme alm\u0131\u015ft\u0131r.<\/p>\n<ul>\n<li><strong>Ahmet Morsi<\/strong>, Carnegy Vakf\u0131 yetkilisi olup, M\u0131s\u0131r ve \u0130ran masas\u0131 dan\u0131\u015fman\u0131d\u0131r.<\/li>\n<\/ul>\n<p>Arap \u00fclkelerindeki siyasi reformlar, Yak\u0131n Do\u011fu\u2019da b\u00f6lgesel g\u00fcvenlik, bununla birlikte M\u0131s\u0131r, \u0130ran ve ABD b\u00f6lge politikas\u0131 uzmanl\u0131k alan\u0131na girer. \u201c<strong>Arap Bahar\u0131<\/strong>\u201d ve M\u0131s\u0131r devriminden ve T\u00fcrki\u2019ye konusuna atlamadan \u00f6nce Morsi M\u0131s\u0131r gen\u00e7lik \u00f6rg\u00fctleriyle \u00e7al\u0131\u015fm\u0131\u015ft\u0131r. O, amerikan siyasi \u00e7evrelerini Yak\u0131n Do\u011fu ve Kuzey Afrika konular\u0131nda s\u00fcrekli bilgilendiren ki\u015fidir.<\/p>\n<ul>\n<li><strong>Maerva Dudi, <\/strong>Georgia \u00dcniversitesinde Suriye, T\u00fcrkiye ve Irak sorunlar\u0131 ara\u015ft\u0131rmalar<\/li>\n<\/ul>\n<p>merkezi ba\u015fkan\u0131 ve Arap \u00dclkeleri Ara\u015ft\u0131rma Merkezi Ba\u015fkan\u0131d\u0131r. Yazd\u0131\u011f\u0131 yaz\u0131larda Rusya Ba\u015fkan\u0131 V. Putin\u2019in \u201cDAE\u015e\u201d in sahneye \u00e7\u0131kmas\u0131ndan b\u00fcy\u00fck paralar kazand\u0131\u011f\u0131n\u0131 yazm\u0131\u015ft\u0131r.<\/p>\n<ul>\n<li><strong>Elli Geranmeier, <\/strong>Avrupa Konseyi Di\u015f Siyaset Dan\u0131\u015fman\u0131 olup, \u0130ran ve Suudi<\/li>\n<\/ul>\n<p>Arabistan ili\u015fkilerini y\u00fcr\u00fct\u00fcr.<\/p><div id=\"bghab-3074430346\" class=\"bghab-icerik-icine-40-paragraf bghab-entity-placement\"><script async src=\"\/\/pagead2.googlesyndication.com\/pagead\/js\/adsbygoogle.js?client=ca-pub-6203283170189293\" crossorigin=\"anonymous\"><\/script><ins class=\"adsbygoogle\" style=\"display:block; text-align:center;\" data-ad-client=\"ca-pub-6203283170189293\" \ndata-ad-slot=\"7303146466\" \ndata-ad-layout=\"in-article\"\ndata-ad-format=\"fluid\" data-full-width-responsive=\"true\"><\/ins>\n<script> \n(adsbygoogle = window.adsbygoogle || []).push({}); \n<\/script>\n<\/div>\n<ul>\n<li><strong>Samir Sumerdayiye, <\/strong>Saddam H\u00fcseyin\u2019e kar\u015f\u0131 Irak muhalefeti ad\u0131na tutum alan,<\/li>\n<\/ul>\n<p>ABD Irak B\u00fcy\u00fck El\u00e7isi g\u00f6revinde bulunmu\u015ftur.<\/p>\n<ul>\n<li><strong>Elen Leipson, <\/strong>ABD Ulusal G\u00fcvenlik Ba\u015fkan\u0131 Yard\u0131mc\u0131 ve C\u0130A Ulusal Casusluk<\/li>\n<\/ul>\n<p>Konseyi eski Ba\u015fkan Yard\u0131mc\u0131s\u0131d\u0131r.<\/p>\n<ul>\n<li><strong>Silvia Teriaky<\/strong>, Siyasi analiz uzman\u0131 olup \u0130srail, Filistin ve Ermenistan masas\u0131nda<\/li>\n<\/ul>\n<p>g\u00f6revlidir.<\/p>\n<ul>\n<li><strong>Mesud Korkheil<\/strong>, Yak\u0131n Do\u011fu analiz uzman\u0131.<\/li>\n<\/ul>\n<ul>\n<li><strong>Ali Baez, <\/strong>ABD Widro Wilson Merkezi y\u00f6neticilerinden biridir.<\/li>\n<\/ul>\n<p><img data-recalc-dims=\"1\" decoding=\"async\" src=\"https:\/\/i0.wp.com\/www.bghaber.org\/bghaber\/wp-content\/uploads\/2016\/09\/resm6.jpg?w=640\" alt=\"resm6\" \/><\/p>\n<p><strong>Sonu\u00e7lar<\/strong>:<\/p>\n<p>T\u00fcrkiye G\u00fcmr\u00fck ve Ticaret Bakan\u0131 B\u00fclent T\u00fcfek\u00e7i hezimete u\u011frat\u0131lan darbe denemesinin T\u00fcrkiye\u2019ye 100 milyar US Dolara mal oldu\u011funu a\u00e7\u0131klad\u0131. Darbe gecesi 246 ki\u015fi \u00f6ld\u00fc, 2100 yaral\u0131 var. Yakla\u015f\u0131k 60 bir asker, 3\u00a0000 yarg\u0131\u00e7, 10\u00a0000 polis, memur, \u00fcniversite \u00f6\u011fretim \u00fcyesi vb g\u00f6revden al\u0131nd\u0131. 30 vali g\u00f6revden al\u0131nd\u0131, \u00f6zel g\u00fc\u00e7lerde temizlik yap\u0131l\u0131yor. Askeri savc\u0131lar\u0131n hepsi g\u00f6revden al\u0131n\u0131rken, 103 amiral ve general da tutukland\u0131.<\/p><div id=\"bghab-4245973987\" class=\"bghab-icerik-icine-45-paragraf bghab-entity-placement\"><script async src=\"\/\/pagead2.googlesyndication.com\/pagead\/js\/adsbygoogle.js?client=ca-pub-6203283170189293\" crossorigin=\"anonymous\"><\/script><ins class=\"adsbygoogle\" style=\"display:block; text-align:center;\" data-ad-client=\"ca-pub-6203283170189293\" \ndata-ad-slot=\"7303146466\" \ndata-ad-layout=\"in-article\"\ndata-ad-format=\"fluid\" data-full-width-responsive=\"true\"><\/ins>\n<script> \n(adsbygoogle = window.adsbygoogle || []).push({}); \n<\/script>\n<\/div>\n<p>Cumhurba\u015fkan\u0131 Erdo\u011fan ilk \u00f6nce ABD Ba\u015fkan\u0131\u2019ndan Feytullah G\u00fclen\u2019i iade etmesini isterken, ABD ile dostluktan vazge\u00e7ti\u011fini bildirdi. Daha sonra T.C. Anayasa Mahkemesi idam cezas\u0131 uygulanmas\u0131n\u0131 ele ald\u0131 ki, bunun anlam\u0131 T\u00fcrkiye\u2019nin AB \u00fcyeli\u011finden vazge\u00e7mesidir.<\/p>\n<p>21 Temmuz\u2019da T\u00fcrkiye Avrupa \u0130nsan Haklar\u0131 Anla\u015fmas\u0131n\u0131n uygulanmas\u0131n\u0131 ge\u00e7ici olarak durdurdu. 23 Temmuz\u2019da Cumhurba\u015fkan\u0131 Muaf\u0131z Alay\u0131 da\u011f\u0131t\u0131ld\u0131.<\/p>\n<p>524 e\u011fitim \u00f6\u011fretim merkezi kapat\u0131ld\u0131, y\u00fczlercesinin kap\u0131s\u0131na kilit vuruldu. 15 bin \u00f6\u011fretmen ve 1\u00a0500 dekan a\u00e7\u0131\u011fa al\u0131nd\u0131. Bu arada 1\u00a0200 vak\u0131f ve dernek, 19 sendika, 15 \u00fcniversite ve 35 sa\u011fl\u0131k merkezi kapat\u0131ld\u0131. Bir\u00e7ok yay\u0131n ve da\u011f\u0131t\u0131m evi, kitle haber arac\u0131, radyo ve tv izinleri kald\u0131r\u0131ld\u0131.<\/p>\n<p><img data-recalc-dims=\"1\" decoding=\"async\" src=\"https:\/\/i0.wp.com\/www.bghaber.org\/bghaber\/wp-content\/uploads\/2016\/09\/resm7.jpg?w=640\" alt=\"resm7\" \/><\/p>\n<p><strong>(Taksim meydan\u0131ndaki an\u0131t<\/strong>)<\/p>\n<p>&nbsp;<\/p><div id=\"bghab-191613501\" class=\"bghab-icerik-icine-50-paragraf bghab-entity-placement\"><script async src=\"\/\/pagead2.googlesyndication.com\/pagead\/js\/adsbygoogle.js?client=ca-pub-6203283170189293\" crossorigin=\"anonymous\"><\/script><ins class=\"adsbygoogle\" style=\"display:block; text-align:center;\" data-ad-client=\"ca-pub-6203283170189293\" \ndata-ad-slot=\"7303146466\" \ndata-ad-layout=\"in-article\"\ndata-ad-format=\"fluid\" data-full-width-responsive=\"true\"><\/ins>\n<script> \n(adsbygoogle = window.adsbygoogle || []).push({}); \n<\/script>\n<\/div>\n<p>&nbsp;<\/p>\n<p>&nbsp;<\/p>\n<div id=\"bghab-2581704890\" class=\"bghab-yazi-altinda bghab-entity-placement\"><div class=\"bghab-adlabel\">Reklamlar<\/div><script async src=\"https:\/\/pagead2.googlesyndication.com\/pagead\/js\/adsbygoogle.js\"><\/script>\r\n<!-- bghaber-yaz\u0131-sonu -->\r\n<ins class=\"adsbygoogle\"\r\n     style=\"display:block\"\r\n     data-ad-client=\"ca-pub-6203283170189293\"\r\n     data-ad-slot=\"4222328180\"\r\n     data-ad-format=\"auto\"\r\n     data-full-width-responsive=\"true\"><\/ins>\r\n<script>\r\n     (adsbygoogle = window.adsbygoogle || []).push({});\r\n<\/script><\/div><br style=\"clear: both; display: block; float: none;\"\/>","protected":false},"excerpt":{"rendered":"<p>BGSAM Konu: T\u00fcrkiye\u2019de askeri darbe denemesini haz\u0131rlayan C\u0130A ajanlar\u0131n\u0131n listesi. Jeopolitik. T\u00fcrkiye\u2019de darbe denemesi. &nbsp; Bilinen bir Rus aleyhtar\u0131 ve Birle\u015fik Amerika d\u0131\u015f siyasetinin ba\u015fta<\/p>\n","protected":false},"author":13,"featured_media":20479,"comment_status":"closed","ping_status":"closed","sticky":false,"template":"","format":"standard","meta":{"advanced_seo_description":"","jetpack_seo_html_title":"","jetpack_seo_noindex":false,"_jetpack_memberships_contains_paid_content":false,"footnotes":""},"categories":[6],"tags":[],"class_list":["post-20473","post","type-post","status-publish","format-standard","has-post-thumbnail","hentry","category-yorum"],"jetpack_featured_media_url":"https:\/\/i0.wp.com\/www.bghaber.org\/bghaber\/wp-content\/uploads\/2016\/09\/resm6.jpg?fit=776%2C542&ssl=1","jetpack_sharing_enabled":true,"jetpack_likes_enabled":true,"jetpack-related-posts":[],"jetpack_shortlink":"https:\/\/wp.me\/pc2PfJ-5kd","_links":{"self":[{"href":"https:\/\/www.bghaber.org\/bghaber\/wp-json\/wp\/v2\/posts\/20473","targetHints":{"allow":["GET"]}}],"collection":[{"href":"https:\/\/www.bghaber.org\/bghaber\/wp-json\/wp\/v2\/posts"}],"about":[{"href":"https:\/\/www.bghaber.org\/bghaber\/wp-json\/wp\/v2\/types\/post"}],"author":[{"embeddable":true,"href":"https:\/\/www.bghaber.org\/bghaber\/wp-json\/wp\/v2\/users\/13"}],"replies":[{"embeddable":true,"href":"https:\/\/www.bghaber.org\/bghaber\/wp-json\/wp\/v2\/comments?post=20473"}],"version-history":[{"count":0,"href":"https:\/\/www.bghaber.org\/bghaber\/wp-json\/wp\/v2\/posts\/20473\/revisions"}],"wp:featuredmedia":[{"embeddable":true,"href":"https:\/\/www.bghaber.org\/bghaber\/wp-json\/wp\/v2\/media\/20479"}],"wp:attachment":[{"href":"https:\/\/www.bghaber.org\/bghaber\/wp-json\/wp\/v2\/media?parent=20473"}],"wp:term":[{"taxonomy":"category","embeddable":true,"href":"https:\/\/www.bghaber.org\/bghaber\/wp-json\/wp\/v2\/categories?post=20473"},{"taxonomy":"post_tag","embeddable":true,"href":"https:\/\/www.bghaber.org\/bghaber\/wp-json\/wp\/v2\/tags?post=20473"}],"curies":[{"name":"wp","href":"https:\/\/api.w.org\/{rel}","templated":true}]}}