{"id":20461,"date":"2016-09-08T00:16:03","date_gmt":"2016-09-07T21:16:03","guid":{"rendered":"http:\/\/www.bghaber.org\/bghaber\/?p=20461"},"modified":"2016-09-08T00:29:23","modified_gmt":"2016-09-07T21:29:23","slug":"istanbulda-bir-turk-dunyasi-muzesi-olusturmak","status":"publish","type":"post","link":"https:\/\/www.bghaber.org\/bghaber\/istanbulda-bir-turk-dunyasi-muzesi-olusturmak\/","title":{"rendered":"\u0130stanbul\u2019da bir T\u00fcrk D\u00fcnyas\u0131 M\u00fczesi olu\u015fturmak"},"content":{"rendered":"<h2><img decoding=\"async\" src=\"https:\/\/scontent-cdg2-1.xx.fbcdn.net\/v\/t1.0-9\/14202491_1162422697148313_5866855539681570827_n.jpg?oh=8b8d6fd1e6492744a533f7cc1f60c8d5&amp;oe=58446919\" \/>\u00a0\u00a0<strong>Kuleli \u00a0Askeri \u00a0Lisesi \u00a0 \u2013 \u00a0T\u00fcrk \u00a0D\u00fcnyas\u0131 \u00a0M\u00fczesi \u00a0Olsun<\/strong><\/h2>\n<p>Konu:\u00a0 <strong>T\u00fcrk birli\u011finin yol i\u015faretleri birer birer tak\u0131l\u0131yor.<\/strong><\/p>\n<p>Yeni ufuk belirdi. 15 Temmuz\u2019dan sonra d\u00fcnya hep ayn\u0131 y\u00f6nde d\u00f6nse de \u00fczerinden oyunlar ve oyun kurucular de\u011fi\u015fti. B\u00f6lgesel B\u00fcy\u00fck G\u00fc\u00e7 olan T\u00fcrkiye Cumhuriyeti, D\u00fcnya \u00fczerinde B\u00fcy\u00fck Turan dokusunun atk\u0131s\u0131n\u0131 dizmeye ba\u015flad\u0131. \u0130stanbul\u2019un K\u00fc\u00e7\u00fck\u00e7ekmece Belediyesinin sa\u011flad\u0131\u011f\u0131 geni\u015f imk\u00e2n ortam\u0131nda ilk kez olmak \u00fczere D\u00fcnya Etnospor K\u00fclt\u00fcr Festivali Bilal ERDO\u011eAN \u00f6nderli\u011finde d\u00fczenlendi.<\/p>\n<p>D\u00fcnya Etnospor Konfederasyonu taraf\u0131ndan organize edilen ve K\u00fc\u00e7\u00fck\u00e7ekmece Belediye Ba\u015fkanl\u0131\u011f\u0131n\u0131n yeni belediye binas\u0131nda ger\u00e7ekle\u015fen yemekte, Genel Ba\u015fkan Bilal Erdo\u011fan, K\u00fc\u00e7\u00fck\u00e7ekmece Kaymakam\u0131 Harun KAYA ve K\u00fc\u00e7\u00fck\u00e7ekmece Belediye Ba\u015fkan\u0131 Temel Karadeniz\u2019in yan\u0131 s\u0131ra \u0130stanbul Emniyet M\u00fcd\u00fcr Yard\u0131mc\u0131s\u0131 Haydar \u00d6zdemir de haz\u0131r bulundular.<\/p>\n<p>Konu\u015fmas\u0131nda; <strong>\u201cT\u00fcrk Milletine b\u00fcy\u00fck milletmi\u015f dedirtece\u011fiz in\u015fallah!\u201d<\/strong> s\u00f6zleriyle ba\u015flayan Genel Ba\u015fkan Bilal Erdo\u011fan \u015f\u00f6yle devam etti: <em>\u201cEtnospor K\u00fclt\u00fcr Festivali\u2019yle iyi bir i\u015f becerdik. Asya steplerinden, Anadolu\u2019ya ve Balkanlara geleneklerimizle kucakla\u015ft\u0131k. Zaferleri hat\u0131rlamak ve hat\u0131rlatmak \u00f6nemli ve biz bunlar\u0131n fark\u0131na yeni yeni varmaya ba\u015flad\u0131k. \u00c7\u00fcnk\u00fc bize 150-200 y\u0131l art\u0131k kaybetmeye al\u0131\u015fmam\u0131z gerekti\u011fi hep vaaz edildi. \u00d6zg\u00fcvenimiz hep ayaklar alt\u0131na al\u0131nmaya \u00e7al\u0131\u015f\u0131ld\u0131. 18 Mart \u00c7anakkale Zaferi\u2019ni bile son 15 y\u0131lda g\u00fcndeme getirmeye ba\u015flad\u0131k. Kut\u2019\u00fcl Amare gibi \u00e7ok \u00f6nemli bir zaferi daha ge\u00e7en sene anmaya ba\u015flad\u0131k.\u201d dedi.<\/em><\/p>\n<p><strong>Ziyaret\u00e7ilerimizin birle\u015fti\u011fi ortak g\u00f6r\u00fc\u015f ise \u015fu oldu:<\/strong><\/p><div id=\"bghab-42139752\" class=\"bghab-icerik-icine bghab-entity-placement\"><script async src=\"\/\/pagead2.googlesyndication.com\/pagead\/js\/adsbygoogle.js?client=ca-pub-6203283170189293\" crossorigin=\"anonymous\"><\/script><ins class=\"adsbygoogle\" style=\"display:block; text-align:center;\" data-ad-client=\"ca-pub-6203283170189293\" \ndata-ad-slot=\"7303146466\" \ndata-ad-layout=\"in-article\"\ndata-ad-format=\"fluid\" data-full-width-responsive=\"true\"><\/ins>\n<script> \n(adsbygoogle = window.adsbygoogle || []).push({}); \n<\/script>\n<\/div>\n<p>Bu her y\u0131l yap\u0131larak gelenek haline getirmeliyiz. Ayr\u0131ca bu konuda burada bulunan STK\u2019lar bu g\u00fcnden ba\u015flayarak gelecek y\u0131l i\u00e7in kendi b\u00f6lgesinde bulunan kendi k\u00fclt\u00fcr\u00fcn\u00fc, m\u00fcziklerini ve toplumuna ait ne varsa toplamaya ba\u015flamal\u0131d\u0131rlar.<\/p>\n<p><strong>Gelecek y\u0131l bu \u00e7ad\u0131rlarda sergilemi\u015f oldu\u011fumuz k\u00fclt\u00fcr ve medeniyetimizin yok olmamas\u0131 i\u00e7in bunlar D\u00fcnya Etnospor Konfederasyonu Ba\u015fkan\u0131 Bilal Erdo\u011fan\u2019dan iste\u011fimiz \u0130stanbul\u2019da bir T\u00fcrk D\u00fcnyas\u0131 M\u00fczesi olu\u015fturmak.<\/strong><\/p>\n<p>Bunun i\u00e7in ise en uygun yer Kuleli Askeri lisesidir. Bu medeniyetimize bir yer verilmesi ve bu medeniyetimizi buraya toplamal\u0131y\u0131z. Bu m\u00fcze 12 ay\u00a0t\u00fcm halk\u0131m\u0131za a\u00e7\u0131k olmas\u0131 ve ayr\u0131ca bu Etnospor etkinliklerinde de bunlar\u0131 burada m\u00fcziklerini de \u00e7alarak halk m\u00fcziklerini canl\u0131 olarak s\u00f6ylenmesini arzu ediyoruz. Bunu Ba\u015fkan\u0131m\u0131zdan daha yar\u0131n ba\u015flamas\u0131n\u0131 istiyoruz ve bu topluluklara bu STK Ba\u015fkanlar\u0131na g\u00f6rev vermesini bekliyoruz.<\/p>\n<p>Ayr\u0131ca gelecek y\u0131l giri\u015fte bayraklar\u0131m\u0131zdan tarihte devlet kurmu\u015f t\u00fcm bayraklar\u0131m\u0131z\u0131 oraya giri\u015fte sa\u011fa ve sola asmal\u0131y\u0131z. Tarihte kurulmu\u015f 16 \u0130mparatorluk bayraklar\u0131m\u0131z, \u00d6zerk T\u00fcrk Cumhuriyetlerimizin bayraklar\u0131 ve 7 T\u00fcrk Cumhuriyeti bayraklar\u0131m\u0131z\u0131 da dahil edilmesi. B\u00f6ylece gelen yabanc\u0131lar bizim ne oldu\u011fumuzu sadece bu bayraklar\u0131 g\u00f6rmeleri onlara \u00e7ok \u015fey anlatacakt\u0131r. Ayr\u0131ca halk\u0131m\u0131za da gurur verecek ve k\u00f6klerimize su akmaya damlalar \u00e7o\u011falmaya devam edecektir. Bu k\u00fclt\u00fcr\u00fcm\u00fcz\u00fc,gelene\u011fimizi ve medeniyetimizi sergileme f\u0131rsat\u0131 veren D\u00fcnya Etnospor K\u00fclt\u00fcr Konfederasyon Ba\u015fkan\u0131 Necmettin Bilal ERDO\u011eAN\u2019a, \u0130stanbul B\u00fcy\u00fck\u015fehir Belediyesinden Elif han\u0131m ve Avrasya Federasyon Ba\u015fkan\u0131 \u0130smail Cengiz\u2019e \u015f\u00fckranlar\u0131m\u0131z\u0131 sunar\u0131z.<\/p>\n<p>BULT\u00dcRK \u00e7ad\u0131r\u0131na gelen ziyaret edenler ba\u015fta olmak \u00fczere \u00fc\u00e7 g\u00fcn buraya gelen t\u00fcm ziyaret\u00e7ilere te\u015fekk\u00fcr eder, bu etkinli\u011fi yapmakta eme\u011fi ge\u00e7en ve gelip buralar\u0131 ziyaret edenlerden Allah raz\u0131 olsun. En derin sevgi ve sayg\u0131lar\u0131m\u0131zla.<\/p><div id=\"bghab-4036922886\" class=\"bghab-icerik-icine-10-paragraf bghab-entity-placement\"><script async src=\"\/\/pagead2.googlesyndication.com\/pagead\/js\/adsbygoogle.js?client=ca-pub-6203283170189293\" crossorigin=\"anonymous\"><\/script><ins class=\"adsbygoogle\" style=\"display:block; text-align:center;\" data-ad-client=\"ca-pub-6203283170189293\" \ndata-ad-slot=\"7303146466\" \ndata-ad-layout=\"in-article\"\ndata-ad-format=\"fluid\" data-full-width-responsive=\"true\"><\/ins>\n<script> \n(adsbygoogle = window.adsbygoogle || []).push({}); \n<\/script>\n<\/div>\n<h5><img data-recalc-dims=\"1\" decoding=\"async\" src=\"https:\/\/i0.wp.com\/www.bghaber.org\/bghaber\/wp-content\/uploads\/2016\/08\/Etno16.jpg?w=640\" alt=\"etno16\" \/><strong>OK\u00c7ULARIMIZLA BERABER<\/strong><\/h5>\n<h5><img data-recalc-dims=\"1\" decoding=\"async\" src=\"https:\/\/i0.wp.com\/www.bghaber.org\/bghaber\/wp-content\/uploads\/2016\/09\/img0135.jpg?w=640\" alt=\"img0135\" \/>Dr.Nedim B\u0130R\u0130NC\u0130, Rafet ULUT\u00dcRK, Bilal ERDO\u011eAN, Temel KARADEN\u0130Z<\/h5>\n<p>Necmettin Bilal ERDO\u011eAN \u00c7ad\u0131r\u0131m\u0131z\u0131 ziyaret etti<\/p>\n<p>Etnospor K\u00fclt\u00fcr Festivali\u2019ne ev sahipli\u011fi yapan K\u00fc\u00e7\u00fck\u00e7ekmece Belediye Ba\u015fkan\u0131 Sn. Temel Karadeniz ve festivale katk\u0131 sa\u011flayan t\u00fcm STK\u2019lar\u0131n Ba\u015fkanlar\u0131 ile te\u015fekk\u00fcr yeme\u011finde bir araya geldi. Balkan ve Bulgaristan M\u00fcsl\u00fcman ve T\u00fcrk etnsporcular\u0131n\u0131, \u0130stanbul\u2019daki Bulgaristanl\u0131 g\u00f6\u00e7men diasporas\u0131n\u0131 ve Bulgaristan T\u00fcrklerini, Bulgaristan T\u00fcrkleri K\u00fclt\u00fcr ve Hizmet Derne\u011fi Ba\u015fkan\u0131 Rafet Ulut\u00fcrk \u00f6nderli\u011finde BULT\u00dcK y\u00f6netim kurulu \u00fcyeleri temsil etti.<\/p>\n<h5><img data-recalc-dims=\"1\" decoding=\"async\" src=\"https:\/\/i0.wp.com\/www.bghaber.org\/bghaber\/wp-content\/uploads\/2016\/09\/img0115.jpg?w=640\" alt=\"img0115\" \/>Sn.Bilal ERDO\u011eAN\u2019a Bulgaristan T\u00fcrklerinin raporunu, faaliyetlerini kitap\u00e7\u0131k halinde kendilerine taktim ettik. Ayr\u0131ca derne\u011fimizin \u00e7\u0131kart\u0131\u011f\u0131 t\u00fcm kitaplar\u0131 da kendilerine verdik.<\/h5>\n<h5><img data-recalc-dims=\"1\" decoding=\"async\" src=\"https:\/\/i0.wp.com\/www.bghaber.org\/bghaber\/wp-content\/uploads\/2016\/09\/84d42889-b5be-4059-bf5b-3ee69b9ca85d.jpg?w=640\" alt=\"84d42889-b5be-4059-bf5b-3ee69b9ca85d\" \/>D\u0130R\u0130L\u0130\u015e dizisinin koordinat\u00f6r\u00fc Sn.Bilgehan \u00d6ZEN BULT\u00dcRK \u00e7ad\u0131r\u0131m\u0131z\u0131 ziyareti<\/h5>\n<p><strong><img data-recalc-dims=\"1\" decoding=\"async\" src=\"https:\/\/i0.wp.com\/www.bghaber.org\/bghaber\/wp-content\/uploads\/2016\/09\/14034947_1282356905115617_7069454043427789768_n.jpg?w=640\" alt=\"14034947_1282356905115617_7069454043427789768_n\" \/>D\u00fcnya Gazeteciler Federasyonu Genel Ba\u015fkan\u0131 Menderes DEM\u0130R ile birlikte\u00a0<\/strong><strong>\u00d6zbekistan \u00e7ad\u0131r\u0131n\u0131 ziyaret ettik.<\/strong><\/p>\n<p><img data-recalc-dims=\"1\" decoding=\"async\" src=\"https:\/\/i0.wp.com\/www.bghaber.org\/bghaber\/wp-content\/uploads\/2016\/09\/14102317_1491124524232856_3355631208480474355_n-1.jpg?w=640\" alt=\"14102317_1491124524232856_3355631208480474355_n (1)\" \/>BULT\u00dcRK \u00c7ad\u0131r\u0131nda MA\u015eAO\u011eLU ailesinin ziyareti<\/p>\n<p>&nbsp;<\/p><div id=\"bghab-1320651960\" class=\"bghab-icerik-icine-15-paragraf bghab-entity-placement\"><script async src=\"\/\/pagead2.googlesyndication.com\/pagead\/js\/adsbygoogle.js?client=ca-pub-6203283170189293\" crossorigin=\"anonymous\"><\/script><ins class=\"adsbygoogle\" style=\"display:block; text-align:center;\" data-ad-client=\"ca-pub-6203283170189293\" \ndata-ad-slot=\"7303146466\" \ndata-ad-layout=\"in-article\"\ndata-ad-format=\"fluid\" data-full-width-responsive=\"true\"><\/ins>\n<script> \n(adsbygoogle = window.adsbygoogle || []).push({}); \n<\/script>\n<\/div>\n<p>Bulgaristan T\u00fcrkleri \u00e7ad\u0131r\u0131 \u00e7ok b\u00fcy\u00fck ilgi g\u00f6rd\u00fc. Konuklar ve ziyaret\u00e7iler Genel Ba\u015fkan Rafet Ulut\u00fcrk, Genel Ba\u015fkan Yard\u0131mc\u0131s\u0131 Doktor Nedim Birinci, Sevim Kocaosmanl\u0131, Genel Sekreter Do\u00e7.Dr. M\u00fcjg\u00e2n Deniz ve Ayd\u0131n F\u0130DAN ile\u00a0bol bol resim \u00e7ektirdiler.<\/p>\n<h5><strong><img data-recalc-dims=\"1\" decoding=\"async\" src=\"https:\/\/i0.wp.com\/www.bghaber.org\/bghaber\/wp-content\/uploads\/2016\/09\/14117916_10209166210646600_164998744621614689_n.jpg?w=640\" alt=\"14117916_10209166210646600_164998744621614689_n\" \/><\/strong><strong>BULT\u00dcRK \u00c7ADIRINA GELEN Z\u0130YARET\u00c7\u0130LER\u0130M\u0130Z BA\u015eTA AVRASYA FEDERASYON BA\u015eKANI \u0130SMA\u0130L CENG\u0130Z, SAVA\u015e AVCI, AYBALA POLAT ve dostlar\u0131m\u0131z.<\/strong><\/h5>\n<p><img data-recalc-dims=\"1\" decoding=\"async\" src=\"https:\/\/i0.wp.com\/www.bghaber.org\/bghaber\/wp-content\/uploads\/2016\/09\/13879438_10209815981012848_7808791452404172313_n.jpg?w=640\" alt=\"13879438_10209815981012848_7808791452404172313_n\" \/><\/p>\n<h5><strong><img data-recalc-dims=\"1\" decoding=\"async\" src=\"https:\/\/i0.wp.com\/www.bghaber.org\/bghaber\/wp-content\/uploads\/2016\/09\/14067581_587583884746687_3434592766517585662_n.jpg?w=640\" alt=\"14067581_587583884746687_3434592766517585662_n\" \/><\/strong><strong>T\u00fcrk D\u00fcnyas\u0131 M\u00fchendisler birli\u011fini ziyareti<\/strong><\/h5>\n<h5><strong><img data-recalc-dims=\"1\" decoding=\"async\" src=\"https:\/\/i0.wp.com\/www.bghaber.org\/bghaber\/wp-content\/uploads\/2016\/09\/14183841_1098315693569687_7972503274128616050_n.jpg?w=640\" alt=\"14183841_1098315693569687_7972503274128616050_n\" \/><\/strong><strong>D\u0130R\u0130L\u0130\u015e D\u0130Z\u0130S\u0130N\u0130N OYUNCULARI ETNOSPORDA<\/strong><\/h5>\n<p><img data-recalc-dims=\"1\" decoding=\"async\" src=\"https:\/\/i0.wp.com\/www.bghaber.org\/bghaber\/wp-content\/uploads\/2016\/09\/ca39cd28-376f-436c-85f9-23a457f0b845.jpg?w=640\" alt=\"ca39cd28-376f-436c-85f9-23a457f0b845\" \/><\/p>\n<h5><strong><img data-recalc-dims=\"1\" decoding=\"async\" src=\"https:\/\/i0.wp.com\/www.bghaber.org\/bghaber\/wp-content\/uploads\/2016\/09\/Etno5.jpg?w=640\" alt=\"etno5\" \/><\/strong><strong>BULT\u00dcRK \u00c7ADIRINDA \u015eARKI SOYLERKEN<\/strong><\/h5>\n<p><img data-recalc-dims=\"1\" decoding=\"async\" src=\"https:\/\/i0.wp.com\/www.bghaber.org\/bghaber\/wp-content\/uploads\/2016\/09\/Etno14.jpg?w=640\" alt=\"etno14\" \/><\/p>\n<p><img data-recalc-dims=\"1\" decoding=\"async\" src=\"https:\/\/i0.wp.com\/www.bghaber.org\/bghaber\/wp-content\/uploads\/2016\/09\/Etno13.jpg?w=640\" alt=\"etno13\" \/><\/p>\n<p><img data-recalc-dims=\"1\" decoding=\"async\" src=\"https:\/\/i0.wp.com\/www.bghaber.org\/bghaber\/wp-content\/uploads\/2016\/08\/Etno1.jpg?w=640\" alt=\"etno1\" \/><\/p>\n<div id=\"bghab-2759660337\" class=\"bghab-yazi-altinda bghab-entity-placement\"><div class=\"bghab-adlabel\">Reklamlar<\/div><script async src=\"https:\/\/pagead2.googlesyndication.com\/pagead\/js\/adsbygoogle.js\"><\/script>\r\n<!-- bghaber-yaz\u0131-sonu -->\r\n<ins class=\"adsbygoogle\"\r\n     style=\"display:block\"\r\n     data-ad-client=\"ca-pub-6203283170189293\"\r\n     data-ad-slot=\"4222328180\"\r\n     data-ad-format=\"auto\"\r\n     data-full-width-responsive=\"true\"><\/ins>\r\n<script>\r\n     (adsbygoogle = window.adsbygoogle || []).push({});\r\n<\/script><\/div><br style=\"clear: both; display: block; float: none;\"\/>","protected":false},"excerpt":{"rendered":"<p>\u00a0\u00a0Kuleli \u00a0Askeri \u00a0Lisesi \u00a0 \u2013 \u00a0T\u00fcrk \u00a0D\u00fcnyas\u0131 \u00a0M\u00fczesi \u00a0Olsun Konu:\u00a0 T\u00fcrk birli\u011finin yol i\u015faretleri birer birer tak\u0131l\u0131yor. Yeni ufuk belirdi. 15 Temmuz\u2019dan sonra d\u00fcnya hep<\/p>\n","protected":false},"author":13,"featured_media":20468,"comment_status":"closed","ping_status":"closed","sticky":false,"template":"","format":"standard","meta":{"advanced_seo_description":"","jetpack_seo_html_title":"","jetpack_seo_noindex":false,"_jetpack_memberships_contains_paid_content":false,"footnotes":""},"categories":[5],"tags":[],"class_list":["post-20461","post","type-post","status-publish","format-standard","has-post-thumbnail","hentry","category-yasam"],"jetpack_featured_media_url":"https:\/\/i0.wp.com\/www.bghaber.org\/bghaber\/wp-content\/uploads\/2016\/09\/Etno160.jpg?fit=1410%2C1410&ssl=1","jetpack_sharing_enabled":true,"jetpack_likes_enabled":true,"jetpack-related-posts":[],"jetpack_shortlink":"https:\/\/wp.me\/pc2PfJ-5k1","_links":{"self":[{"href":"https:\/\/www.bghaber.org\/bghaber\/wp-json\/wp\/v2\/posts\/20461","targetHints":{"allow":["GET"]}}],"collection":[{"href":"https:\/\/www.bghaber.org\/bghaber\/wp-json\/wp\/v2\/posts"}],"about":[{"href":"https:\/\/www.bghaber.org\/bghaber\/wp-json\/wp\/v2\/types\/post"}],"author":[{"embeddable":true,"href":"https:\/\/www.bghaber.org\/bghaber\/wp-json\/wp\/v2\/users\/13"}],"replies":[{"embeddable":true,"href":"https:\/\/www.bghaber.org\/bghaber\/wp-json\/wp\/v2\/comments?post=20461"}],"version-history":[{"count":0,"href":"https:\/\/www.bghaber.org\/bghaber\/wp-json\/wp\/v2\/posts\/20461\/revisions"}],"wp:featuredmedia":[{"embeddable":true,"href":"https:\/\/www.bghaber.org\/bghaber\/wp-json\/wp\/v2\/media\/20468"}],"wp:attachment":[{"href":"https:\/\/www.bghaber.org\/bghaber\/wp-json\/wp\/v2\/media?parent=20461"}],"wp:term":[{"taxonomy":"category","embeddable":true,"href":"https:\/\/www.bghaber.org\/bghaber\/wp-json\/wp\/v2\/categories?post=20461"},{"taxonomy":"post_tag","embeddable":true,"href":"https:\/\/www.bghaber.org\/bghaber\/wp-json\/wp\/v2\/tags?post=20461"}],"curies":[{"name":"wp","href":"https:\/\/api.w.org\/{rel}","templated":true}]}}