{"id":20450,"date":"2016-09-07T22:31:55","date_gmt":"2016-09-07T19:31:55","guid":{"rendered":"http:\/\/www.bghaber.org\/bghaber\/?p=20450"},"modified":"2016-09-07T22:31:55","modified_gmt":"2016-09-07T19:31:55","slug":"bulgaristan-basbakani-borisov-da-turkiye-dedi","status":"publish","type":"post","link":"https:\/\/www.bghaber.org\/bghaber\/bulgaristan-basbakani-borisov-da-turkiye-dedi\/","title":{"rendered":"Bulgaristan Ba\u015fbakan\u0131 Borisov da &#8220;T\u00fcrkiye&#8221; dedi"},"content":{"rendered":"<h2 class=\"lead\"><strong>Bulgaristan Ba\u015fbakan\u0131 Borisov da \u00e7\u00f6z\u00fcm\u00fc T\u00fcrkiye&#8217;ye gelmekte buldu. Borisov&#8217;un T\u00fcrkiye&#8217;ye gelece\u011fi Bulgaristan H\u00fck\u00fcmet Bas\u0131n Merkezinden yap\u0131lan a\u00e7\u0131klama ile duyuruldu.<\/strong><\/h2>\n<p><img data-recalc-dims=\"1\" decoding=\"async\" src=\"https:\/\/i0.wp.com\/www.dinihaberler.com\/images\/haberler\/2016\/08\/bulgaristan_basbakani_borisov_da_turkiye_dedi_h97969_54c2e.jpg?w=640\" alt=\"Bulgaristan Ba\u015fbakan\u0131 Borisov da &quot;T\u00fcrkiye&quot; dedi\" \/><\/p>\n<p><a class=\"klink\" title=\"Bulgaristan\" href=\"http:\/\/www.dinihaberler.com\/haberleri\/bulgaristan\" target=\"_blank\">Bulgaristan<\/a> H\u00fck\u00fcmet Bas\u0131n Merkezi&#8217;nden yap\u0131lan yaz\u0131l\u0131 a\u00e7\u0131klamada, <a class=\"klink\" title=\"Borisov\" href=\"http:\/\/www.dinihaberler.com\/haberleri\/borisov\" target=\"_blank\">Borisov<\/a>&#8216;un T\u00fcrkiye&#8217;ye ger\u00e7ekle\u015ftirece\u011fi resmi ziyaret s\u0131ras\u0131nda Ba\u015fbakan\u0131 Binali Y\u0131ld\u0131r\u0131m ile bir araya gelece\u011fi belirtildi.<\/p>\n<p><strong>Osmanl\u0131&#8217;n\u0131n par\u00e7alanmas\u0131ndan sonra huzur y\u00fcz\u00fc g\u00f6rmeyen eyaletlerin yan\u0131nda \u0130ngiliz k\u0131\u015fk\u0131rtmas\u0131yla ba\u011f\u0131ms\u0131zl\u0131\u011f\u0131n\u0131 ilan eden Bulgaristan&#8217;da bir t\u00fcrl\u00fc s\u0131rt\u0131n\u0131 do\u011frultamad\u0131.\u00a0<\/strong><\/p>\n<p><strong>3 milyon m\u00fclteciye hi\u00e7 bir d\u0131\u015f yard\u0131m dahi almadan bakan T\u00fcrkiye&#8217;nin kar\u015f\u0131s\u0131nda 6 bin 500 m\u00fclteciye bile bakmaktan yoksun Bulgaristan&#8217;\u0131n T\u00fcrkiye ile birle\u015fmesi en ak\u0131ll\u0131ca yol&#8230;<\/strong><\/p>\n<p>Bulgar H\u00fck\u00fcmeti&#8217;nin Bakanlar Kurulu toplant\u0131s\u0131n\u0131n ard\u0131ndan bir a\u00e7\u0131klama yapan Borisov, Avrupa Birli\u011fi (AB) \u00fclkelerine do\u011fru s\u00fcren g\u00f6\u00e7 krizi konusunda Avrupa&#8217;da bir \u00e7\u00f6z\u00fcm perspektifi g\u00f6rmedi\u011fini kaydetti.<\/p>\n<p>Borisov,<strong> &#8220;Her bir \u00fclke AB ile anla\u015fmas\u0131nda kendine uygun bir madde bulup b\u00f6yle bir hak elde ediyor. B\u00fcy\u00fck devletler ise nefes nefese kal\u0131rken, o \u00fclkelerin toplumlar\u0131 da itiraz etmeye ba\u015fl\u0131yor.&#8221;<\/strong> diye konu\u015ftu.<\/p><div id=\"bghab-1807405519\" class=\"bghab-icerik-icine bghab-entity-placement\"><script async src=\"\/\/pagead2.googlesyndication.com\/pagead\/js\/adsbygoogle.js?client=ca-pub-6203283170189293\" crossorigin=\"anonymous\"><\/script><ins class=\"adsbygoogle\" style=\"display:block; text-align:center;\" data-ad-client=\"ca-pub-6203283170189293\" \ndata-ad-slot=\"7303146466\" \ndata-ad-layout=\"in-article\"\ndata-ad-format=\"fluid\" data-full-width-responsive=\"true\"><\/ins>\n<script> \n(adsbygoogle = window.adsbygoogle || []).push({}); \n<\/script>\n<\/div>\n<p><strong>&#8220;TEK \u00c7\u00d6Z\u00dcM T\u00dcRK\u0130YE \u0130LE \u0130\u015e B\u0130RL\u0130\u011e\u0130 ARAMAK OLACAK&#8221;<\/strong><\/p>\n<p>Bulgaristan&#8217;\u0131n binlerce s\u0131n\u0131rland\u0131rma ko\u015fulu ile ba\u015f etmeye \u00e7al\u0131\u015ft\u0131\u011f\u0131na i\u015faret eden Borisov, <strong>&#8220;Kay\u0131tl\u0131 her bir m\u00fclteci i\u00e7in besleme, koruma, stat\u00fc m\u00fclakat\u0131 i\u00e7in devasa paralar harc\u0131yoruz.&#8221; <\/strong>de\u011ferlendirmesinde bulundu.<\/p>\n<p>Borisov, \u00fclkedeki m\u00fclteci kamplar\u0131n\u0131n art\u0131k kapasitesini doldurdu\u011funu ve yeni kamplar\u0131n yap\u0131m\u0131 i\u00e7in finansal kaynak yarat\u0131lmas\u0131n\u0131n g\u00fcndemde oldu\u011funu bildirdi.<\/p>\n<p>Bulgaristan&#8217;\u0131n kom\u015fular\u0131 ile azami derecede iyi ili\u015fkilerini korumaya \u00e7al\u0131\u015ft\u0131\u011f\u0131n\u0131 vurgulayan Ba\u015fbakan Borisov, <strong>&#8220;G\u00f6r\u00fcld\u00fc\u011f\u00fc \u00fczere S\u0131rplar orduyu \u00e7\u0131kar\u0131p, s\u0131n\u0131r\u0131 ku\u015fatt\u0131 ve art\u0131k Bulgaristan&#8217;dan \u00e7\u0131k\u0131\u015f yolu kalmad\u0131. Maalesef, Yunanistan&#8217;daki durum hi\u00e7 de iyi de\u011fil. Elimizde kalan tek \u00e7\u00f6z\u00fcm T\u00fcrkiye ile i\u015f birli\u011fi aramak olacak.&#8221;<\/strong> ifadesini kulland\u0131.<\/p>\n<div id=\"bghab-571058069\" class=\"bghab-yazi-altinda bghab-entity-placement\"><div class=\"bghab-adlabel\">Reklamlar<\/div><script async src=\"https:\/\/pagead2.googlesyndication.com\/pagead\/js\/adsbygoogle.js\"><\/script>\r\n<!-- bghaber-yaz\u0131-sonu -->\r\n<ins class=\"adsbygoogle\"\r\n     style=\"display:block\"\r\n     data-ad-client=\"ca-pub-6203283170189293\"\r\n     data-ad-slot=\"4222328180\"\r\n     data-ad-format=\"auto\"\r\n     data-full-width-responsive=\"true\"><\/ins>\r\n<script>\r\n     (adsbygoogle = window.adsbygoogle || []).push({});\r\n<\/script><\/div><br style=\"clear: both; display: block; float: none;\"\/>","protected":false},"excerpt":{"rendered":"<p>Bulgaristan Ba\u015fbakan\u0131 Borisov da \u00e7\u00f6z\u00fcm\u00fc T\u00fcrkiye&#8217;ye gelmekte buldu. Borisov&#8217;un T\u00fcrkiye&#8217;ye gelece\u011fi Bulgaristan H\u00fck\u00fcmet Bas\u0131n Merkezinden yap\u0131lan a\u00e7\u0131klama ile duyuruldu. Bulgaristan H\u00fck\u00fcmet Bas\u0131n Merkezi&#8217;nden yap\u0131lan yaz\u0131l\u0131<\/p>\n","protected":false},"author":13,"featured_media":20451,"comment_status":"closed","ping_status":"closed","sticky":false,"template":"","format":"standard","meta":{"advanced_seo_description":"","jetpack_seo_html_title":"","jetpack_seo_noindex":false,"_jetpack_memberships_contains_paid_content":false,"footnotes":""},"categories":[4],"tags":[],"class_list":["post-20450","post","type-post","status-publish","format-standard","has-post-thumbnail","hentry","category-siyaset"],"jetpack_featured_media_url":"https:\/\/i0.wp.com\/www.bghaber.org\/bghaber\/wp-content\/uploads\/2016\/09\/bulgaristan_basbakani_borisov_da_turkiye_dedi_h97969_54c2e.jpg?fit=625%2C325&ssl=1","jetpack_sharing_enabled":true,"jetpack_likes_enabled":true,"jetpack-related-posts":[],"jetpack_shortlink":"https:\/\/wp.me\/pc2PfJ-5jQ","_links":{"self":[{"href":"https:\/\/www.bghaber.org\/bghaber\/wp-json\/wp\/v2\/posts\/20450","targetHints":{"allow":["GET"]}}],"collection":[{"href":"https:\/\/www.bghaber.org\/bghaber\/wp-json\/wp\/v2\/posts"}],"about":[{"href":"https:\/\/www.bghaber.org\/bghaber\/wp-json\/wp\/v2\/types\/post"}],"author":[{"embeddable":true,"href":"https:\/\/www.bghaber.org\/bghaber\/wp-json\/wp\/v2\/users\/13"}],"replies":[{"embeddable":true,"href":"https:\/\/www.bghaber.org\/bghaber\/wp-json\/wp\/v2\/comments?post=20450"}],"version-history":[{"count":0,"href":"https:\/\/www.bghaber.org\/bghaber\/wp-json\/wp\/v2\/posts\/20450\/revisions"}],"wp:featuredmedia":[{"embeddable":true,"href":"https:\/\/www.bghaber.org\/bghaber\/wp-json\/wp\/v2\/media\/20451"}],"wp:attachment":[{"href":"https:\/\/www.bghaber.org\/bghaber\/wp-json\/wp\/v2\/media?parent=20450"}],"wp:term":[{"taxonomy":"category","embeddable":true,"href":"https:\/\/www.bghaber.org\/bghaber\/wp-json\/wp\/v2\/categories?post=20450"},{"taxonomy":"post_tag","embeddable":true,"href":"https:\/\/www.bghaber.org\/bghaber\/wp-json\/wp\/v2\/tags?post=20450"}],"curies":[{"name":"wp","href":"https:\/\/api.w.org\/{rel}","templated":true}]}}