{"id":20443,"date":"2016-09-06T22:00:32","date_gmt":"2016-09-06T19:00:32","guid":{"rendered":"http:\/\/www.bghaber.org\/bghaber\/?p=20443"},"modified":"2016-09-06T22:11:41","modified_gmt":"2016-09-06T19:11:41","slug":"dugum-noktalari","status":"publish","type":"post","link":"https:\/\/www.bghaber.org\/bghaber\/dugum-noktalari\/","title":{"rendered":"D\u00fc\u011f\u00fcm Noktalar\u0131"},"content":{"rendered":"<p>&nbsp;<\/p>\n<p><img data-recalc-dims=\"1\" loading=\"lazy\" decoding=\"async\" class=\"\" src=\"https:\/\/i0.wp.com\/www.bulturk.net\/images\/yazarlar\/nedim-birinci.jpg?resize=111%2C142\" alt=\"nedim birinci ile ilgili g\u00f6rsel sonucu\" width=\"111\" height=\"142\" \/>\u00a0D<strong>r.Nedim B\u0130R\u0130NC\u0130<\/strong><\/p>\n<p>Konu:\u00a0<strong>Bulgaristan&#8217;daki\u00a0son durumu do\u011fru olarak alg\u0131lamak ve a\u00e7\u0131klamak zorunday\u0131z.<\/strong><\/p>\n<p>Ger\u00e7e\u011fi s\u00f6ylemek gerekirse Bulgaristan&#8217;\u0131 bug\u00fcn yere yat\u0131rm\u0131\u015f ve bo\u011faz\u0131n\u0131 s\u0131kan d\u00fc\u011f\u00fcm noktas\u0131 Rusya ile ili\u015fkilerdir. Hem de eski ili\u015fkilerin uzant\u0131lar\u0131 oldu\u011fu kadar,\u00a0 1990\u2019dan sonra biriken ve \u015fu an \u00e7\u00f6z\u00fclmesi m\u00fcmk\u00fcn olmayan ili\u015fkiler bunlar. Bu yaz\u0131mda, a\u00e7mak istedi\u011fim bir gizem de\u011fil, bacaklar\u0131m\u0131za pranga olmu\u015f, \u00e7\u00f6z\u00fcl\u00fcp rahatlamam\u0131za engel olan birka\u00e7 \u00e7ok \u00f6nemli geli\u015fmedir. Bu i\u015fin en k\u00f6t\u00fc taraf\u0131 ise, hi\u00e7 su\u00e7umuz olmamas\u0131na kar\u015f\u0131n, dolayl\u0131 veya dolays\u0131z olarak H\u00d6H y\u00f6netiminin icatlar\u0131, g\u00f6sterdi\u011fi raz\u0131l\u0131k ve sa\u011flad\u0131\u011f\u0131 destekle de bizim de bizzat i\u00e7inde d\u00fc\u015ft\u00fc\u011f\u00fcm\u00fcz ve halen bir t\u00fcrl\u00fc \u00e7\u0131kamad\u0131\u011f\u0131m\u0131z i\u015flerin bir <strong>k\u00f6rd\u00fc\u011f\u00fcm<\/strong> halini almas\u0131d\u0131r.<\/p>\n<p><strong>Olaya birka\u00e7 a\u00e7\u0131dan bakmak zorunday\u0131z. <\/strong><\/p><div id=\"bghab-3814226186\" class=\"bghab-icerik-icine bghab-entity-placement\"><script async src=\"\/\/pagead2.googlesyndication.com\/pagead\/js\/adsbygoogle.js?client=ca-pub-6203283170189293\" crossorigin=\"anonymous\"><\/script><ins class=\"adsbygoogle\" style=\"display:block; text-align:center;\" data-ad-client=\"ca-pub-6203283170189293\" \ndata-ad-slot=\"7303146466\" \ndata-ad-layout=\"in-article\"\ndata-ad-format=\"fluid\" data-full-width-responsive=\"true\"><\/ins>\n<script> \n(adsbygoogle = window.adsbygoogle || []).push({}); \n<\/script>\n<\/div>\n<p><strong>Siyasi a\u00e7\u0131:<\/strong><\/p>\n<p>Bir defa bug\u00fcn Bulgaristan\u2019da kendini \u00e7ok g\u00fc\u00e7l\u00fc g\u00f6sterme arzusuna sevdal\u0131 ama savundu\u011fu iddialar\u0131 destekleyen hi\u00e7bir icras\u0131 olmayan bir iktidar var.\u00a0 Ad\u0131na, ister Ba\u015fbakan Boyko Borisov iktidar\u0131, isterse ad\u0131n\u0131n k\u0131salt\u0131\u015fm\u0131\u015f \u015fekli GERB olan bir partinin ve a\u015f\u0131r\u0131 sa\u011f\u0131n a\u015f\u0131r\u0131 milliyet\u00e7ilerinin imzas\u0131z ortakl\u0131\u011f\u0131 deyin. Durumun kusurlar\u0131ndan ve siyasi ortamdaki bir\u00e7ok su\u00e7tan onlar sorumludur. \u00c7\u00f6z\u00fclecekse \u00f6nce bu d\u00fc\u011f\u00fcm \u00e7\u00f6z\u00fclmelidir.\u00a0 <strong>Kusurlar<\/strong> ele\u015ftiriyle aklanabilir. Bu ele\u015ftiri devlet i\u00e7i ve parti i\u00e7i olabilir. <strong>Su\u00e7larsa <\/strong>mutlaka mahkemelerde duru\u015fma salonlar\u0131na ta\u015f\u0131nmal\u0131d\u0131r. Halk\u0131n af etmedi\u011fi su\u00e7lar\u0131n yarg\u0131 s\u00fcresi dolmaz, dolmamal\u0131d\u0131r. Y\u00fczlerce ki\u015finin \u00f6ld\u00fcr\u00fcld\u00fc\u011f\u00fc, binlerin yarg\u0131s\u0131z i\u00e7eri at\u0131ld\u0131\u011f\u0131, milyonlar\u0131n vatanlar\u0131ndan kovuldu\u011fu bir \u00fclkede su\u00e7lular iktidar olamaz. Su\u00e7lu ve su\u00e7suz konusunda iki farkl\u0131 k\u0131stas olamaz. Uluslar aras\u0131 yasalar ge\u00e7erli olmal\u0131d\u0131r. 26 y\u0131l gecikmeden sonra da olsa, bu kadar su\u00e7lu devlet g\u00f6revlerinde yer al\u0131rken Avrupa Birli\u011fi (AB)\u00a0 i\u00e7inde demokratikle\u015fmekten s\u00f6z etmenin kabul edilir bir taraf\u0131 olmad\u0131\u011f\u0131, biz kendi kendimizi ne zamana kadar aldataca\u011f\u0131z bilincine varan Polonya, \u00c7ek ve Slovenya ile Macaristan vb totaliter d\u00fczen su\u00e7lular\u0131ndan hesap sorma karar\u0131 ald\u0131. Bu karar Bulgaristan i\u00e7in de zorunlu olmal\u0131d\u0131r. Hi\u00e7bir kimse su\u00e7lu olup olmad\u0131\u011f\u0131na kendisi karar veremez\u2026<\/p>\n<p><strong>GERB partisi halka a\u00e7\u0131k, demokratik, \u00f6zg\u00fcrl\u00fck\u00e7\u00fc bir parti de\u011fildir<\/strong>.<\/p>\n<p>1989\u2019da s\u00f6zde g\u00f6m\u00fclen kom\u00fcnist totaliter devlet yap\u0131s\u0131n\u0131n, siyasi zihniyetin ve yar\u0131ns\u0131zl\u0131\u011f\u0131n devam\u0131d\u0131r GERB partisi. Ba\u015fbakan, kom\u00fcnist diktat\u00f6r, zalim ve katil Todor Jivkov\u2019un korumas\u0131 g\u00f6revinden y\u00fckselmi\u015f, \u00e7evresi polis kadrosundan se\u00e7melerdir. M\u00fcsl\u00fcman T\u00fcrklerin isimlerinin ve kimliklerini de\u011fi\u015ftirildi\u011fi, e\u015fi g\u00f6r\u00fclmemi\u015f insan d\u00fc\u015fmanl\u0131\u011f\u0131 ve zul\u00fcm uyguland\u0131\u011f\u0131 20 y.y ortam\u0131nda zihinsel olarak bi\u00e7imlenen bu tip siyasiler, 21. y.y.\u00a0 demokrat, insan haklar\u0131, adalet ve \u00f6zg\u00fcrl\u00fckler savunucusu olamaz. Olmalar\u0131na m\u00fcsaade edilmemelidir. Ve her se\u00e7imde bu her birimizin elinde keskin silaht\u0131r. \u0130ktidarlar\u0131 kuran ve y\u0131kan se\u00e7men oylar\u0131d\u0131r. Bu bak\u0131ma Cumhurba\u015fkan\u0131 se\u00e7imleri ve bu defa ayn\u0131 se\u00e7im ortam\u0131nda yap\u0131lacak halk oylamas\u0131 (referandum) \u00e7ok \u00f6nemlidir. \u0130kinci b\u00fcltenle biz se\u00e7menler, bundan b\u00f6yle kom\u00fcnizm kal\u0131t\u0131 partilerin milletvekili listesi haz\u0131rlay\u0131p kendi adamlar\u0131n\u0131 meclise sokmalar\u0131 yolunu kesebiliriz. Bunun i\u00e7in elimizdeki kalemle, \u201c<strong>Majoriter se\u00e7imden yana m\u0131s\u0131n\u0131z<\/strong>\u201d sorusunu (<strong>Evet<\/strong>) i\u015faretlemeniz yeterlidir. O zaman meclisi ba\u015ftanba\u015fa temizleyip kendi istedi\u011fimiz adaylar\u0131 milletvekili se\u00e7me hakk\u0131na sahip olaca\u011f\u0131z. De\u011fi\u015fiklikler ba\u015flayacak, korkular buharla\u015facak ve hayat\u0131m\u0131z normalle\u015fecektir. Say\u0131n okurum, inanman\u0131 isterim, senin gibi, ben de s\u0131k\u0131l\u0131yorum, bir adam\u0131n \u015fimdiden kalk\u0131p ben 5 sene sonra Cumhurba\u015fkan\u0131 olaca\u011f\u0131m b\u00f6b\u00fcrlenmesinden. \u0130nsan\u0131n i\u00e7i de\u011fil bir d\u00fc\u011f\u00fcm, d\u00fc\u011f\u00fcm-d\u00fc\u011f\u00fcm oluyor hiddetten.<\/p>\n<p><strong>GERB\u00a0h\u00fckumeti, Bulgaristan\u2019da \u00fc\u00e7\u00fcnc\u00fc nesil kom\u00fcnist idareci\u00a0<\/strong><b>k\u00f6r d\u00fc\u011f\u00fcm\u00fcd\u00fcr<\/b>.<\/p><div id=\"bghab-2769852715\" class=\"bghab-icerik-icine-10-paragraf bghab-entity-placement\"><script async src=\"\/\/pagead2.googlesyndication.com\/pagead\/js\/adsbygoogle.js?client=ca-pub-6203283170189293\" crossorigin=\"anonymous\"><\/script><ins class=\"adsbygoogle\" style=\"display:block; text-align:center;\" data-ad-client=\"ca-pub-6203283170189293\" \ndata-ad-slot=\"7303146466\" \ndata-ad-layout=\"in-article\"\ndata-ad-format=\"fluid\" data-full-width-responsive=\"true\"><\/ins>\n<script> \n(adsbygoogle = window.adsbygoogle || []).push({}); \n<\/script>\n<\/div>\n<p>\u0130ki d\u00f6nem iktidar olan bir partide bakanl\u0131klarda \u00e7al\u0131\u015fan bir tek Pomak, T\u00fcrk ve Romen milletvekili yoksa kendiniz d\u00fc\u015f\u00fcn\u00fcn art\u0131k. K\u00fclt\u00fcr Bakan\u0131 Vejdi Ra\u015fidov\u2019u bizden biri saym\u0131yorum. \u00a0Bunlar \u201c<strong>soya d\u00f6n\u00fc\u015f<\/strong>\u201d zulm\u00fc uygularken bizden h\u0131rslar\u0131n\u0131 alamad\u0131lar sanki. Merkez idareden iyice kaz\u0131nd\u0131k. GERB\u2019in iktidara \u00e7ekti\u011fi bakanlar, bakan yard\u0131mc\u0131lar\u0131 ve genel m\u00fcd\u00fcrlerin hepsi eski BKP MK Politik B\u00fcro \u00fcyelerinin, gizli servis \u201cDS\u201d vb. generalleri evlatlar\u0131d\u0131r. Bu durumu 6 Kas\u0131m 2016\u2019da yap\u0131lacak Cumhurba\u015fkanl\u0131\u011f\u0131 se\u00e7imlerinde GERP aday\u0131n\u0131n eski kom\u00fcnist generallerden birinin k\u0131z\u0131 olan Sofya Belediye Ba\u015fkan\u0131 Yordanka F\u0131nd\u0131kova\u2019y\u0131 aday g\u00f6sterme haz\u0131rl\u0131klar\u0131nda da izliyoruz.<\/p>\n<p><strong>Bu se\u00e7imlerde biz kendi aday\u0131m\u0131z\u0131 g\u00f6stermek ve ona oy vermek zorunday\u0131z.<\/strong><\/p>\n<p>Biz halen Bulgaristan\u2019da Cumhurba\u015fkan\u0131 \u00e7\u0131karabilecek kadar g\u00fc\u00e7l\u00fc olmad\u0131\u011f\u0131m\u0131z\u0131 bilsek de, art\u0131k toparland\u0131\u011f\u0131m\u0131z\u0131, derneklerimizde birle\u015fti\u011fimizi, aya\u011f\u0131m\u0131z\u0131n yere bast\u0131\u011f\u0131n\u0131 ve haklar\u0131m\u0131z u\u011fruna hareket halinde oldu\u011fumuzu mutlaka g\u00f6stermeliyiz. Biz, se\u00e7men kitlesi olarak,\u00a0 haktan yana, ger\u00e7ek\u00e7i, ahlakl\u0131, \u00e7al\u0131\u015fkan, yard\u0131msever, hatta kendi devletimizin demokratikle\u015fmesi, halk\u0131n menfaatlerine hizmet etmesi i\u00e7in, \u00e7ocuklar\u0131m\u0131z\u0131n huzuru i\u00e7in elinden geleni yapmaya her zaman oldu\u011fu gibi \u015fimdi de haz\u0131r\u0131z. 6 Kas\u0131m sabah\u0131 da sand\u0131k ba\u015f\u0131nda olaca\u011f\u0131z. Bu \u00e7\u00f6z\u00fclmeyen d\u00fc\u011f\u00fcmleri \u00e7\u00f6zme yolumuzdur.<\/p>\n<p><strong>Biz bir prenslik, krall\u0131k veya sultanl\u0131k de\u011filiz.<\/strong><\/p>\n<p><strong>Cumhurba\u015fkanl\u0131\u011f\u0131 kimseye miras kalmad\u0131.<\/strong><\/p><div id=\"bghab-4069583977\" class=\"bghab-icerik-icine-15-paragraf bghab-entity-placement\"><script async src=\"\/\/pagead2.googlesyndication.com\/pagead\/js\/adsbygoogle.js?client=ca-pub-6203283170189293\" crossorigin=\"anonymous\"><\/script><ins class=\"adsbygoogle\" style=\"display:block; text-align:center;\" data-ad-client=\"ca-pub-6203283170189293\" \ndata-ad-slot=\"7303146466\" \ndata-ad-layout=\"in-article\"\ndata-ad-format=\"fluid\" data-full-width-responsive=\"true\"><\/ins>\n<script> \n(adsbygoogle = window.adsbygoogle || []).push({}); \n<\/script>\n<\/div>\n<p>Ge\u00e7en hafta Ba\u015fbakan Borisov \u015f\u00f6yle bir a\u00e7\u0131klama yapt\u0131:<\/p>\n<p>\u201c<strong>Bu se\u00e7imlerde de\u011fil, gelecek se\u00e7imlerde Cumhurba\u015fkan\u0131 ben olaca\u011f\u0131m<\/strong>.\u201d Sanki Cumhurba\u015fkanl\u0131\u011f\u0131 dede miras\u0131 veya baba \u00e7iftli\u011fidir. \u0130\u015fte bu s\u00f6zler bile Bulgar totaliter kom\u00fcnist kal\u0131t\u0131n\u0131n kendisini siyasi iktidar\u0131n veliahd\u0131 hissetti\u011fine kesin kan\u0131tt\u0131r.<\/p>\n<p><strong>1944\u2019ten beri yerle\u015fen zihniyet asla de\u011fi\u015fmemi\u015ftir.<\/strong> 1990\u2019da T\u00fcrkler, Pomaklar ve Romenler Demokratik G\u00fc\u00e7ler Birli\u011fi\u2019ne kar\u0131\u015fsayd\u0131 ve Bulgar halk\u0131yla demokratik birli\u011fini peki\u015ftirebilseydik, bug\u00fcn bu y\u00fcz karas\u0131 durumu ya\u015famayacakt\u0131k. Ve bu yaz\u0131mda anlatmaya \u00e7al\u0131\u015ft\u0131\u011f\u0131m bu \u00e7\u00f6z\u00fcm\u00fc her g\u00fcn zorla\u015fan durumun son 26 y\u0131lda daha da k\u00f6r d\u00fc\u011f\u00fcmle\u015fmesinde Ahmet Do\u011fan ekibinin b\u00fcy\u00fck katk\u0131s\u0131 oldu\u011funu ve 6 Kas\u0131m 2016 se\u00e7imlerinde oynamaya haz\u0131rland\u0131klar\u0131 oyunla da \u00e7\u0131kmaz\u0131n darbo\u011faz\u0131na hizmet edeceklerine eminim.<\/p>\n<p><strong>Durum \u015fudur<\/strong>: Ahmet Do\u011fan kendini Bulgaristan az\u0131nl\u0131klar\u0131n\u0131n \u00f6m\u00fcrl\u00fck \u00e7oban\u0131 zannederken, \u00a0Boyko Borisov da kendini \u00f6m\u00fcrl\u00fck Ba\u015fbakan\u0131 ya da \u00f6m\u00fcrl\u00fck Cumhurba\u015fkan\u0131 zannetmeye ba\u015flad\u0131 ve bamba\u015fka havalara girdi.<\/p>\n<p>Bu durumda Bulgaristan\u2019da insan haklar\u0131n\u0131, hele az\u0131nl\u0131k topluluklar\u0131n\u0131n hak ve \u00f6zg\u00fcrl\u00fcklerini hi\u00e7e sayan totaliter kom\u00fcnizmin \u00f6mr\u00fc 1989\u2019da bitmedi. 2016\u2019da da devam ediyor. Bu ger\u00e7ek asla inkar edilemez, g\u00fcn gibi parl\u0131yor.<\/p><div id=\"bghab-3496661217\" class=\"bghab-icerik-icine-20-paragraf bghab-entity-placement\"><script async src=\"\/\/pagead2.googlesyndication.com\/pagead\/js\/adsbygoogle.js?client=ca-pub-6203283170189293\" crossorigin=\"anonymous\"><\/script><ins class=\"adsbygoogle\" style=\"display:block; text-align:center;\" data-ad-client=\"ca-pub-6203283170189293\" \ndata-ad-slot=\"7303146466\" \ndata-ad-layout=\"in-article\"\ndata-ad-format=\"fluid\" data-full-width-responsive=\"true\"><\/ins>\n<script> \n(adsbygoogle = window.adsbygoogle || []).push({}); \n<\/script>\n<\/div>\n<p>Son y\u0131llarda bize M\u00fcsl\u00fcmanlar\u0131n ad\u0131na yeni-liberalizm denen \u201c<strong>ma\u011fdurun yan\u0131nday\u0131z<\/strong>\u201d kapan\u0131 kuruldu. Biz ev k\u00f6pe\u011fi gibi hep onlar i\u00e7in ko\u015farken, kendi hak ve \u00f6zg\u00fcrl\u00fcklerimize, memleketimizin adaletle\u015fmesine ve demokratikle\u015fmesine asla eri\u015femedik, s\u00fcrekli ge\u00e7 kald\u0131k, hep son an solu\u011fumuz yetmedi. Gelin \u015fimdi \u015f\u00f6yle bir dural\u0131m ve bak\u0131nal\u0131m. Arkada\u015flar bu defa kendi adaylar\u0131m\u0131za oy verelim ve bu d\u00fc\u011f\u00fcm\u00fc yava\u015f yava\u015f \u00e7\u00f6zmeye ba\u015flayal\u0131m. T\u00fcrkiye\u2019de ya\u015famam\u0131z bizi avutmas\u0131n!<\/p>\n<p>***<\/p>\n<p><strong>Bir iki ba\u015fka k\u00f6rd\u00fc\u011f\u00fcme de de\u011finmek istiyorum.<\/strong><\/p>\n<p><strong>2016\u00a0Bulgaristan&#8217;\u0131\u00a0duvara dayam\u0131\u015f problemlerdir bunlar.<\/strong><\/p>\n<p><strong>Bir\/ \u201cBelene\u201d <\/strong>Atom Elektik Atom Santrali in\u015fas\u0131. Kuzey Bulgaristan\u2019da 8 y\u0131l \u00f6nce H\u00d6H partisinin de sosyalistlerle birlikte iktidarda oldu\u011fu bir zaman kesiminde ba\u015flayan bu dev kuruculuk i\u00e7in \u015fimdiye kadar 3.5 milyar US Dolar harcanm\u0131\u015f. Oysa ne s\u00f6zle\u015fme imzalanm\u0131\u015f ne al\u0131c\u0131s\u0131 ne sat\u0131c\u0131s\u0131 belli. Rusya\u2019ya 2 adet reakt\u00f6r sipari\u015f edilmi\u015f. Paras\u0131n\u0131 \u00f6deyemeyince ve\u00a0 \u015fantiye kap\u0131s\u0131na anahtar vurunca Uluslar aras\u0131 Arbitraj Mahkemesine d\u00fc\u015fm\u00fc\u015f\u00fcz, \u00f6dememiz gereken para 562 milyon Euro, \u00f6demedi\u011fimiz her g\u00fcn i\u00e7in faizi de 162 bin Euro. Gel keyfim gel. \u00d6demek istesek para yok. \u00d6demesek durumun vaziyeti bel k\u0131r\u0131yor.<\/p><div id=\"bghab-2530623603\" class=\"bghab-icerik-icine-25-paragraf bghab-entity-placement\"><script async src=\"\/\/pagead2.googlesyndication.com\/pagead\/js\/adsbygoogle.js?client=ca-pub-6203283170189293\" crossorigin=\"anonymous\"><\/script><ins class=\"adsbygoogle\" style=\"display:block; text-align:center;\" data-ad-client=\"ca-pub-6203283170189293\" \ndata-ad-slot=\"7303146466\" \ndata-ad-layout=\"in-article\"\ndata-ad-format=\"fluid\" data-full-width-responsive=\"true\"><\/ins>\n<script> \n(adsbygoogle = window.adsbygoogle || []).push({}); \n<\/script>\n<\/div>\n<p>Ve i\u015fte bu noktada biz su\u00e7lular nerede?, sorusunu soruyoruz.<\/p>\n<p>Bu in\u015faat\u0131 kime sorup da ba\u015flatt\u0131n\u0131z? Bu paray\u0131 kim \u00f6deyecek? Her g\u00fcn yanl\u0131\u015f \u00fcst\u00fcne yanl\u0131\u015f yaparken Rusya pen\u00e7esinden nas\u0131l kurtulacaks\u0131n\u0131z? Ve daha binlerce soru.<\/p>\n<p>Su\u00e7lular nerede. Bakan Ov\u00e7arov \u2013ba\u015f usta- nerede. Savc\u0131l\u0131k nerede? Yoksa devlet b\u00fct\u00e7esinden sa\u00e7\u0131lan paralar\u0131n ki\u015fisel sorumlusu yok mu?\u00a0 <strong>Ba\u015fbakan Borisov\u2019un \u00e7\u00f6zemedi\u011fi k\u00f6rd\u00fc\u011f\u00fcmlerden biri budur<\/strong>. \u00d6k\u00e7esi vurmuyor onun baca\u011f\u0131na pranga tak\u0131lm\u0131\u015ft\u0131r. Yoksa modern d\u00fcnyada KGB ajanl\u0131\u011f\u0131 yakmak devleti bor\u00e7land\u0131rma tuzaklar\u0131 kurmak m\u0131d\u0131r?<\/p>\n<p><strong>\u015eimdi anl\u0131yorum A.Do\u011fan\u2019\u0131 neden kapal\u0131 tutuklar\u0131n\u0131\u2026<\/strong><\/p>\n<p><strong>\u0130ki<\/strong>\/ Anlataca\u011f\u0131m vakan\u0131n psikopatl\u0131kla alakas\u0131 yok. An\u0131na \u201c<strong>G\u00fcney Ak\u0131m<\/strong>\u201d denen ve ucunda k\u0131salt\u0131lm\u0131\u015f ad\u0131 HAP olan ve a\u00e7\u0131l\u0131m\u0131n\u0131 bilmedi\u011fim bir boru hatt\u0131 var. Bu tasar\u0131ma g\u00f6re, \u201c<strong>G\u00fcney Ak\u0131m<\/strong>\u201d do\u011fal gaz boru hatt\u0131na Varna\u2019dan girecek olan akaryak\u0131t Kuzey Bulgaristan\u2019da ikiye ayr\u0131lacak ve bir kolu S\u0131rbistan\u2019a ve devam\u0131nda G\u00fcney Avrupa \u00fclkelerine yay\u0131l\u0131rken, ikinci kolu da Makedonya, Yunanistan ve Arnavutlu\u011fa do\u011fru ilerleyecekti. Tutar\u0131 2 milyar Euro olan borular Varna liman\u0131na indi, bunlar\u0131n ba\u011flant\u0131lar\u0131, somunlar\u0131, kaynak makineleri, pompalar\u0131 var, onlarda konteynerler geldi. Ama anla\u015f\u0131lan Ruslarla anla\u015fmam\u0131z yok. Avrupa Birli\u011fi de bu i\u015fe hukuksal garanti vermiyor.<\/p><div id=\"bghab-1065528517\" class=\"bghab-icerik-icine-30-paragraf bghab-entity-placement\"><script async src=\"\/\/pagead2.googlesyndication.com\/pagead\/js\/adsbygoogle.js?client=ca-pub-6203283170189293\" crossorigin=\"anonymous\"><\/script><ins class=\"adsbygoogle\" style=\"display:block; text-align:center;\" data-ad-client=\"ca-pub-6203283170189293\" \ndata-ad-slot=\"7303146466\" \ndata-ad-layout=\"in-article\"\ndata-ad-format=\"fluid\" data-full-width-responsive=\"true\"><\/ins>\n<script> \n(adsbygoogle = window.adsbygoogle || []).push({}); \n<\/script>\n<\/div>\n<p>Bu da \u00e7ok katl\u0131 bir k\u00f6rd\u00fc\u011f\u00fcm! Belki de g\u00fcnlerde Ba\u015fbakan Borisov\u2019a ba\u015f a\u011f\u0131r\u0131 yapan en b\u00fcy\u00fck olay. Kimi defa niyetle ger\u00e7ek birbirini tutmuyor. Rusya\u2019y\u0131 \u00e7ok mu g\u00fccendirdik acaba ki, sanki bize \u201c<strong>benim dal\u0131m\u0131 k\u0131ran\u0131n, ben a\u011fac\u0131n\u0131 s\u00f6kerim<\/strong>\u201d diyor. Bu yaz\u0131m\u0131 yazarken benim moralim bozuk de\u011fil, ama iyi de de\u011fil. \u0130dareci yetene\u011fi olmayan insanlara devlet idaresi verilince, olan ortada\u2026 Oyumuzu \u015fimdi de onlara versek ne de\u011fi\u015fecek ki?<\/p>\n<p>***<\/p>\n<p>Bizde bu \u00f6rnekler \u00e7oktur. Hepsini s\u0131ralasak da de\u011fi\u015fecek bir \u015fey yok. T\u00fcrkler g\u00f6\u00e7 edince ekonomi \u00e7\u00f6kt\u00fc, devlet gerginlikten kurtulamad\u0131. Durumu \u015f\u00f6yle tarif etsem diyorum: Y\u00f6neticilerin hepsi kravatl\u0131, arabalar l\u00fcks, yemelerinde i\u00e7melerinde kusur yok. <strong>Sanki dertleri yok ama varm\u0131\u015f gibi. K\u00f6t\u00fc de\u011filler ama iyi de de\u011filler<\/strong>. Ba\u015fbakan, Cumhurba\u015fkan\u0131 se\u00e7imini kazanamazsak, istifa edece\u011fim dedi. <strong>Yani k\u00f6rd\u00fc\u011f\u00fcm\u00fc \u00e7\u00f6zemiyor<\/strong>\u2026<\/p>\n<p>Arkada\u015f\u0131ma kat\u0131l\u0131yorum:<\/p>\n<p><strong>Asl\u0131nda ben de iyimserim!<\/strong><\/p><div id=\"bghab-740457961\" class=\"bghab-icerik-icine-35-paragraf bghab-entity-placement\"><script async src=\"\/\/pagead2.googlesyndication.com\/pagead\/js\/adsbygoogle.js?client=ca-pub-6203283170189293\" crossorigin=\"anonymous\"><\/script><ins class=\"adsbygoogle\" style=\"display:block; text-align:center;\" data-ad-client=\"ca-pub-6203283170189293\" \ndata-ad-slot=\"7303146466\" \ndata-ad-layout=\"in-article\"\ndata-ad-format=\"fluid\" data-full-width-responsive=\"true\"><\/ins>\n<script> \n(adsbygoogle = window.adsbygoogle || []).push({}); \n<\/script>\n<\/div>\n<p><strong>Sizler de yar\u0131n sabah, g\u00f6\u00e7ebe leylekler yola koyulmadan,<\/strong><\/p>\n<p><strong>Do\u011facak yeni g\u00fcne\u015fe reng\u00e2renk umutlar ba\u011flay\u0131n.<\/strong><\/p>\n<div id=\"bghab-104677421\" class=\"bghab-yazi-altinda bghab-entity-placement\"><div class=\"bghab-adlabel\">Reklamlar<\/div><script async src=\"https:\/\/pagead2.googlesyndication.com\/pagead\/js\/adsbygoogle.js\"><\/script>\r\n<!-- bghaber-yaz\u0131-sonu -->\r\n<ins class=\"adsbygoogle\"\r\n     style=\"display:block\"\r\n     data-ad-client=\"ca-pub-6203283170189293\"\r\n     data-ad-slot=\"4222328180\"\r\n     data-ad-format=\"auto\"\r\n     data-full-width-responsive=\"true\"><\/ins>\r\n<script>\r\n     (adsbygoogle = window.adsbygoogle || []).push({});\r\n<\/script><\/div><br style=\"clear: both; display: block; float: none;\"\/>","protected":false},"excerpt":{"rendered":"<p>&nbsp; \u00a0Dr.Nedim B\u0130R\u0130NC\u0130 Konu:\u00a0Bulgaristan&#8217;daki\u00a0son durumu do\u011fru olarak alg\u0131lamak ve a\u00e7\u0131klamak zorunday\u0131z. Ger\u00e7e\u011fi s\u00f6ylemek gerekirse Bulgaristan&#8217;\u0131 bug\u00fcn yere yat\u0131rm\u0131\u015f ve bo\u011faz\u0131n\u0131 s\u0131kan d\u00fc\u011f\u00fcm noktas\u0131 Rusya ile<\/p>\n","protected":false},"author":13,"featured_media":0,"comment_status":"closed","ping_status":"closed","sticky":false,"template":"","format":"standard","meta":{"advanced_seo_description":"","jetpack_seo_html_title":"","jetpack_seo_noindex":false,"_jetpack_memberships_contains_paid_content":false,"footnotes":""},"categories":[6],"tags":[],"class_list":["post-20443","post","type-post","status-publish","format-standard","hentry","category-yorum"],"jetpack_featured_media_url":"","jetpack_sharing_enabled":true,"jetpack_likes_enabled":true,"jetpack-related-posts":[],"jetpack_shortlink":"https:\/\/wp.me\/pc2PfJ-5jJ","_links":{"self":[{"href":"https:\/\/www.bghaber.org\/bghaber\/wp-json\/wp\/v2\/posts\/20443","targetHints":{"allow":["GET"]}}],"collection":[{"href":"https:\/\/www.bghaber.org\/bghaber\/wp-json\/wp\/v2\/posts"}],"about":[{"href":"https:\/\/www.bghaber.org\/bghaber\/wp-json\/wp\/v2\/types\/post"}],"author":[{"embeddable":true,"href":"https:\/\/www.bghaber.org\/bghaber\/wp-json\/wp\/v2\/users\/13"}],"replies":[{"embeddable":true,"href":"https:\/\/www.bghaber.org\/bghaber\/wp-json\/wp\/v2\/comments?post=20443"}],"version-history":[{"count":0,"href":"https:\/\/www.bghaber.org\/bghaber\/wp-json\/wp\/v2\/posts\/20443\/revisions"}],"wp:attachment":[{"href":"https:\/\/www.bghaber.org\/bghaber\/wp-json\/wp\/v2\/media?parent=20443"}],"wp:term":[{"taxonomy":"category","embeddable":true,"href":"https:\/\/www.bghaber.org\/bghaber\/wp-json\/wp\/v2\/categories?post=20443"},{"taxonomy":"post_tag","embeddable":true,"href":"https:\/\/www.bghaber.org\/bghaber\/wp-json\/wp\/v2\/tags?post=20443"}],"curies":[{"name":"wp","href":"https:\/\/api.w.org\/{rel}","templated":true}]}}