{"id":20441,"date":"2016-09-06T21:58:13","date_gmt":"2016-09-06T18:58:13","guid":{"rendered":"http:\/\/www.bghaber.org\/bghaber\/?p=20441"},"modified":"2016-09-06T21:58:13","modified_gmt":"2016-09-06T18:58:13","slug":"yakin-gecmisimizden","status":"publish","type":"post","link":"https:\/\/www.bghaber.org\/bghaber\/yakin-gecmisimizden\/","title":{"rendered":"Yak\u0131n Ge\u00e7mi\u015fimizden"},"content":{"rendered":"<p>&nbsp;<\/p>\n<p><strong>\u015eakir ARSLANTA\u015e<\/strong><\/p>\n<p>Konu: <strong>En fazla koktuklar\u0131 bizim milli kimli\u011fimizin uyanmas\u0131 ve geli\u015fmesidir.<\/strong><strong>\u00a0\u00a0<\/strong><strong>\u00a0\u00a0<\/strong><\/p>\n<p>Biz Bulgaristan T\u00fcrklerinin ba\u015f\u0131na en k\u00f6t\u00fc olaylar 1984 ile 1989 y\u0131llar\u0131 aras\u0131nda geldi. Bu geli\u015fmelerin temelinde Bulgaristan istihbarat\u0131n\u0131n Birinci Genel M\u00fcd\u00fcrl\u00fc\u011f\u00fc (Birinci \u015eube) \/PGU\/\u00a0 ile o zamanki Sovyetler Birli\u011fi Devlet G\u00fcvenlik Komitesi (KGB) aras\u0131ndaki temel, g\u00f6r\u00fc\u015fme ve kararlar bulunur. Bunlar y\u0131ll\u0131k g\u00f6r\u00fc\u015fmeler esnas\u0131nda al\u0131n\u0131r ve uygulan\u0131rd\u0131. Bu kararlar Bulgaristan\u2019da art\u0131k a\u00e7\u0131kland\u0131. Bu yaz\u0131mda sizlere <strong>25 \u2013 28 Ekim 1988 g\u00fcnlerinde Moskova\u2019da Birinci \u015eube ile KGB<\/strong> y\u00f6netimi aras\u0131nda yap\u0131lan gizli toplant\u0131dan <strong>T\u00fcrkiye ve K\u00fcrtler<\/strong> b\u00f6l\u00fcm\u00fcn\u00fc aynen terc\u00fcme edip dikkatinize sunuyorum:<\/p>\n<p><strong>T\u00fcrkiye ile ilgili \u00e7al\u0131\u015fmalarda i\u015fbirli\u011fi y\u00f6nleri<\/strong>:<\/p><div id=\"bghab-1987694005\" class=\"bghab-icerik-icine bghab-entity-placement\"><script async src=\"\/\/pagead2.googlesyndication.com\/pagead\/js\/adsbygoogle.js?client=ca-pub-6203283170189293\" crossorigin=\"anonymous\"><\/script><ins class=\"adsbygoogle\" style=\"display:block; text-align:center;\" data-ad-client=\"ca-pub-6203283170189293\" \ndata-ad-slot=\"7303146466\" \ndata-ad-layout=\"in-article\"\ndata-ad-format=\"fluid\" data-full-width-responsive=\"true\"><\/ins>\n<script> \n(adsbygoogle = window.adsbygoogle || []).push({}); \n<\/script>\n<\/div>\n<p>Sovyet yolda\u015flar T\u00fcrkiye konulu bizim yay\u0131nlar\u0131m\u0131z\u0131 kendi kanallar\u0131yla da yaymaya haz\u0131r olduklar\u0131n\u0131 bildirdiler. Bizden T\u00fcrkiye konulu yay\u0131nlar\u0131m\u0131z\u0131 kendilerine g\u00f6ndermemiz istendi.<\/p>\n<p>Bug\u00fcn (1988) T\u00fcrkiye\u2019de askeri dikta rejimi oldu\u011funa dikkat \u00e7ekildi. \u00dclkedeki demokratik ilerici g\u00fc\u00e7leri lehimizde \u00e7al\u0131\u015fmalara k\u0131\u015fk\u0131rtmal\u0131y\u0131z, dendi.<\/p>\n<p>Sovyet yolda\u015flar, d\u0131\u015f \u00fclkelerde bulunan istasyon \u015feflerinden \u00fc\u00e7\u00fcnc\u00fc \u00fclkelerde ve uluslar aras\u0131 \u00f6rg\u00fctlerde <strong>T\u00fcrkiye\u2019de insan haklar\u0131n\u0131n \u00e7i\u011fnendi\u011fi<\/strong> konusunda aktif \u00e7al\u0131\u015fma y\u00fcr\u00fctmelerini isteyece\u011fini a\u00e7\u0131klad\u0131.<\/p>\n<p><strong>Sovyet yolda\u015flara g\u00f6re T\u00fcrkiye ile ilgili \u00e7al\u0131\u015fmalarda temel \u00f6devler \u015funlard\u0131r:<\/strong><\/p>\n<ul>\n<li><strong>Birle\u015fik Amerikan\u2019\u0131n T\u00fcrkiye\u2019ye olan g\u00fcvenini sarsmak;<\/strong><\/li>\n<li><strong>Birle\u015fik Amerika ile T\u00fcrkiye aras\u0131nda askersel yak\u0131nla\u015fmaya engel olmak;<\/strong><\/li>\n<li><strong>T\u00fcrkiye\u2019nin bundan b\u00f6yle amerikan planlar\u0131na kat\u0131lmas\u0131na mani olmak;<\/strong><\/li>\n<li><strong>T\u00fcrkiye ile Amerika aras\u0131ndaki ili\u015fkileri k\u00f6t\u00fcle\u015fmeye itmek;<\/strong><\/li>\n<\/ul>\n<p><strong>Sovyet yolda\u015flar art\u0131k TBMM\u2019de belirli mevziler ele ge\u00e7irebilmi\u015ftir.<\/strong><\/p><div id=\"bghab-2482398560\" class=\"bghab-icerik-icine-10-paragraf bghab-entity-placement\"><script async src=\"\/\/pagead2.googlesyndication.com\/pagead\/js\/adsbygoogle.js?client=ca-pub-6203283170189293\" crossorigin=\"anonymous\"><\/script><ins class=\"adsbygoogle\" style=\"display:block; text-align:center;\" data-ad-client=\"ca-pub-6203283170189293\" \ndata-ad-slot=\"7303146466\" \ndata-ad-layout=\"in-article\"\ndata-ad-format=\"fluid\" data-full-width-responsive=\"true\"><\/ins>\n<script> \n(adsbygoogle = window.adsbygoogle || []).push({}); \n<\/script>\n<\/div>\n<p><strong>Meclis k\u00fcrs\u00fcs\u00fcnden s\u00fcrekli soru sorulmas\u0131n\u0131 sa\u011flayabilmi\u015ftir.<\/strong><\/p>\n<p><strong>Bu etkinliklere Bulgaristan\u2019\u0131n da kat\u0131lmas\u0131nda \u0131srar ettiler.<\/strong><\/p>\n<p>T\u00fcrkiye siyaseti konusunda olumlu geli\u015fmelerin desteklenmesi ve \u00f6zendirilmesi gere\u011fine dikkat \u00e7ektiler. Art\u0131k T\u00fcrkiye ile Sovyetler Birli\u011fi aras\u0131ndaki ili\u015fkilerde iyile\u015fme kaydedildi\u011fi a\u00e7\u0131klad\u0131klar. Sovyet yolda\u015flar, ekonomi ve di\u011fer alanlarda T\u00fcrkiye ile olan ili\u015fkilerimizin geli\u015fmesine yard\u0131mda bulunabilmek amac\u0131yla bizden <strong>Bulgaristan ve T\u00fcrkiye ili\u015fkilerindeki son durum \u00fcst\u00fcne bilgi<\/strong> istediler.<\/p>\n<p>Sovyet yolda\u015flar, aktif eylem y\u00fcr\u00fct\u00fclerek, T\u00fcrkiye\u2019nin kabul edebilece\u011fi bilgilerin aktar\u0131lmas\u0131 gere\u011fine i\u015faret ettiler. \u00d6rneklerken, Birle\u015fik Amerika\u2019n\u0131n sosyalist \u00fclkelerle ili\u015fkilerini geli\u015ftirmeye haz\u0131rland\u0131\u011f\u0131 fikri ortaya at\u0131labilir, dendi. \u015eu \u00f6rnek de olabilir: T\u00fcrkiye Bulgaristan\u2019la olan ili\u015fkilerini geli\u015ftirmeyi kabul ederse Sovyetler Birli\u011fi \u2013 T\u00fcrkiye ili\u015fkileri daha y\u00fcksek bir a\u015famaya ta\u015f\u0131nabilir.<\/p>\n<p>Ba\u015fka bir misal: Bizim fikirlerimize yak\u0131n olan ve dolayl\u0131 olarak yar\u0131m\u0131zda bulunan baz\u0131 konularda T\u00fcrkiye Avrupa Parlamentosuna \u00f6neriler sunabilir. T\u00fcrklere, sosyalist devletlerde T\u00fcrkiye ile ili\u015fkileri geli\u015ftirme konular\u0131n\u0131n g\u00fcndeme al\u0131nd\u0131\u011f\u0131 d\u00fc\u015f\u00fcncesi s\u0131zd\u0131r\u0131labilir. Ve e\u011fer T\u00fcrkiye sosyalist devletlerle ili\u015fkilerini geli\u015ftirmeyi vb. vb kabul etmezse, bu devlertler ba\u015fka y\u00f6nde karar alabilir.<\/p><div id=\"bghab-1938883221\" class=\"bghab-icerik-icine-15-paragraf bghab-entity-placement\"><script async src=\"\/\/pagead2.googlesyndication.com\/pagead\/js\/adsbygoogle.js?client=ca-pub-6203283170189293\" crossorigin=\"anonymous\"><\/script><ins class=\"adsbygoogle\" style=\"display:block; text-align:center;\" data-ad-client=\"ca-pub-6203283170189293\" \ndata-ad-slot=\"7303146466\" \ndata-ad-layout=\"in-article\"\ndata-ad-format=\"fluid\" data-full-width-responsive=\"true\"><\/ins>\n<script> \n(adsbygoogle = window.adsbygoogle || []).push({}); \n<\/script>\n<\/div>\n<p><strong>Sovyet Yolda\u015flar, bize onlar\u0131n t\u00fcm etkinliklerinde Bulgaristan\u2019\u0131 destekleme unsurunun yer ald\u0131\u011f\u0131n\u0131 vurgulad\u0131lar.<\/strong><\/p>\n<p><strong>Sovyetler Birli\u011fi taraf\u0131ndan di\u015f \u00fclkelerde yap\u0131lan t\u00fcm forum ve konferanslarda Bulgaristan\u2019a bask\u0131 uygulanmas\u0131n\u0131n \u00f6nlenmesi \u00f6devi verilmi\u015ftir.<\/strong><\/p>\n<p><strong>\u00d6te yandan, bu konuda Cezayir, Libya ve Suriye devlet y\u00f6netimlerine bu konuda bask\u0131 yap\u0131lmas\u0131n\u0131n olumlu olaca\u011f\u0131na i\u015faret edilmi\u015ftir.<\/strong><\/p>\n<p>Bu devlet y\u00f6neticileri aralar\u0131nda d\u00fczenledikleri son uluslar aras\u0131 konferansta<strong> Bulgaristan\u2019a bask\u0131 yap\u0131lmas\u0131 konusunda sustular veya tarafs\u0131z kald\u0131lar.<\/strong><\/p>\n<p>Sovyet yolda\u015flar, bizim kendilerine Temas Grubuna giren \u015fah\u0131slar\u0131n listesini g\u00f6nderece\u011fimizi vaat etti\u011fimizi hat\u0131rlatt\u0131lar ve bu listeye giren \u015fah\u0131slar hakk\u0131nda biz ayr\u0131nt\u0131l\u0131 bilgi sunacaklar\u0131n\u0131 s\u00f6ylediler.<\/p><div id=\"bghab-1187718812\" class=\"bghab-icerik-icine-20-paragraf bghab-entity-placement\"><script async src=\"\/\/pagead2.googlesyndication.com\/pagead\/js\/adsbygoogle.js?client=ca-pub-6203283170189293\" crossorigin=\"anonymous\"><\/script><ins class=\"adsbygoogle\" style=\"display:block; text-align:center;\" data-ad-client=\"ca-pub-6203283170189293\" \ndata-ad-slot=\"7303146466\" \ndata-ad-layout=\"in-article\"\ndata-ad-format=\"fluid\" data-full-width-responsive=\"true\"><\/ins>\n<script> \n(adsbygoogle = window.adsbygoogle || []).push({}); \n<\/script>\n<\/div>\n<p>Amerikan Kongresine etkide bulunabilmek i\u00e7in d\u0131\u015f \u00fclkelerde Ermeni diasporas\u0131 yay\u0131nlar\u0131 \u00fczerinde n\u00fcfus sahibi olduklar\u0131n\u0131 ve bize yard\u0131m edeceklerini belirttiler. Etkin Ermeni merkezlerinin Birle\u015fik Amerika, Paris, Beyrut ve Tahranda oldu\u011funa i\u015faret ettiler.<\/p>\n<p>Nisan ay\u0131nda Birle\u015fik Amerika\u2019da \u201cErmeni soyk\u0131r\u0131m\u0131n\u0131\u201d protesto g\u00f6steriler yap\u0131lmas\u0131 yasaklanm\u0131\u015ft\u0131. \u015eimdi Sovyet yolda\u015flar aktif etkinlik program\u0131 haz\u0131rlayarak ABD\u2019de Yukar\u0131 Karaba\u011f konusuna \u00e7ok \u00f6nem verildi\u011fine, \u201cErmeni soyk\u0131r\u0131m\u0131n\u0131nsa\u201d g\u00f6rmezlikten gelindi\u011fine ili\u015fkin bir\u00e7ok belgesel haz\u0131rlad\u0131klar\u0131n\u0131 payla\u015ft\u0131lar.<\/p>\n<p><strong>\u0130ran-T\u00fcrkiye ili\u015fkilerinin bozuldu\u011fu ortadad\u0131r. T\u00fcrkiye \u0130ran Devrimi\u2019nin muhtemelen T\u00fcrkiye\u2019ye de kayd\u0131r\u0131labilece\u011finden endi\u015felidir<\/strong>.<\/p>\n<p>Sovyet yolda\u015flardan K\u00fcrt Sorunu ile esasl\u0131 ilgilenen hen\u00fcz yoktur. Bu sorunun \u00e7\u00f6z\u00fcm\u00fcn\u00fcn daha karma\u015f\u0131k duruma gelmesi, bir de Arap D\u00fcnyas\u0131\u2019nda bu konuda ortak g\u00f6r\u00fc\u015f olmamas\u0131ndan kaynaklan\u0131yor. <strong>1968 y\u0131l\u0131na kadar K\u00fcrt Sorunu Konsepti vard\u0131. Daha sonra Barzan\u0131\u2019ye Amerikan Merkezi \u0130stihbarat \u00d6rg\u00fct\u00fc \/C\u0130A\/ ajan\u0131 dendi<\/strong>. \u015eu an K\u00fcrt Hareketi onun o\u011flu taraf\u0131ndan y\u00f6netiliyor. Sovyet yolda\u015flar \u015fu d\u00f6nem K\u00fcrk hareketine genel anlamda destek sa\u011flam\u0131yor. Daha \u00f6nceleri Irak K\u00fcrdistan\u2019\u0131 Demokratik Partiyi desteklemi\u015flerdi. Fakat Irak\u2019\u0131n tepkisi sert oldu.<\/p>\n<p><strong>T\u00fcrkiye\u2019nin 1 no\u2019lu sorunu K\u00fcrt Sorunu\u2019dur<\/strong>. Bu soruna ancak insan haklar\u0131n\u0131n \u00e7i\u011fnenmesi a\u00e7\u0131s\u0131ndan bak\u0131lmal\u0131d\u0131r.<\/p><div id=\"bghab-2349075034\" class=\"bghab-icerik-icine-25-paragraf bghab-entity-placement\"><script async src=\"\/\/pagead2.googlesyndication.com\/pagead\/js\/adsbygoogle.js?client=ca-pub-6203283170189293\" crossorigin=\"anonymous\"><\/script><ins class=\"adsbygoogle\" style=\"display:block; text-align:center;\" data-ad-client=\"ca-pub-6203283170189293\" \ndata-ad-slot=\"7303146466\" \ndata-ad-layout=\"in-article\"\ndata-ad-format=\"fluid\" data-full-width-responsive=\"true\"><\/ins>\n<script> \n(adsbygoogle = window.adsbygoogle || []).push({}); \n<\/script>\n<\/div>\n<p><strong>Bulgar ve Sovyet istihbarat\u0131n\u0131n ortak etkinlikleri, T\u00fcrkiye ve di\u011fer devletlerin K\u00fcrtler konusuna yakla\u015f\u0131m\u0131 \u00fcst\u00fcne ayr\u0131nt\u0131l\u0131 bilgi toplamak ve bunlar\u0131 aktif eylemlerde kullanma y\u00f6n\u00fcnde olmal\u0131d\u0131r.<\/strong><\/p>\n<p>Bas\u0131\u2019da T\u00fcrkiye bas\u0131n\u0131nda K\u00fcrtler konusunda yaz\u0131lanlar mercek alt\u0131na al\u0131nm\u0131\u015ft\u0131r. Fakat aktif etkinlikler ger\u00e7ekle\u015ftirmek i\u00e7in yaln\u0131z bas\u0131n kaynaklar\u0131 yeterli de\u011fildir.<\/p>\n<p>Bizim taraf\u0131m\u0131zdan, K\u00fcrt konusuna Amerikan taraf\u0131n\u0131n ilgisine ili\u015fkin g\u00f6sterdi\u011fimiz ilgi payla\u015f\u0131l\u0131rken, ABD\u2019nin son d\u00f6nemde K\u00fcrk sorununa daha fazla ilgi g\u00f6sterdi\u011finin saptand\u0131\u011f\u0131n\u0131n alt\u0131 \u00e7izildi. <strong>B\u00f6lge amerikan yetkililerce ziyaret edilmi\u015ftir. Sovyet yolda\u015flar, T\u00fcrkiye\u2019nin Amerikan siyasetinden endi\u015felerinden yararlanmam\u0131z gerekti\u011fine i\u015faret ettiler.<\/strong> T\u00fcrkiye\u2019deki istasyon \u015fefleri arac\u0131l\u0131yla somut \u00f6devler ger\u00e7ekle\u015ftirilmeye ba\u015fland\u0131\u011f\u0131na i\u015faret edildi. \u201c<strong>\u00dc\u00e7\u00fcnc\u00fc D\u00fcnya Sava\u015f\u0131 ve Yak\u0131n Do\u011fu<\/strong>\u201d konulu bizim haz\u0131rlad\u0131\u011f\u0131m\u0131z ve kendilerine g\u00f6nderdi\u011fimiz el kitab\u0131 i\u00e7in te\u015fekk\u00fcr ettiler. K\u00fcrt sorunu konusunda ve olas\u0131 Amerika\u2019n\u0131n Irak K\u00fcrtlerini desteklemesiyle ilgili ABD\u2019nin hedefleri ve \u00f6devleri \u00fcst\u00fcne b\u00f6lgede bulunan istasyon \u015feflerinden toplanan bilgileri, bizimle payla\u015facaklar\u0131n\u0131 s\u00f6ylediler.<\/p>\n<p>Baz\u0131 Amerikan siyaset\u00e7ileri, K\u00fcrtlerin insan haklar\u0131n\u0131n T\u00fcrkiye\u2019de ayakalt\u0131na al\u0131nd\u0131\u011f\u0131na ili\u015fkin iddialar\u0131 var, dendi.<\/p>\n<p>Sovyet yolda\u015flar, bizim K\u00fcrt liderleri ile direk ba\u011flant\u0131m\u0131z olup olmad\u0131\u011f\u0131n\u0131 sordular. Verdi\u011fimiz yan\u0131t olumsuzdu. Fakat 01 \u015eubemizin Avrupa\u2019daki K\u00fcrt liderlerle ili\u015fkisi oldu\u011funu\u00a0 payla\u015ft\u0131.<\/p><div id=\"bghab-2132604533\" class=\"bghab-icerik-icine-30-paragraf bghab-entity-placement\"><script async src=\"\/\/pagead2.googlesyndication.com\/pagead\/js\/adsbygoogle.js?client=ca-pub-6203283170189293\" crossorigin=\"anonymous\"><\/script><ins class=\"adsbygoogle\" style=\"display:block; text-align:center;\" data-ad-client=\"ca-pub-6203283170189293\" \ndata-ad-slot=\"7303146466\" \ndata-ad-layout=\"in-article\"\ndata-ad-format=\"fluid\" data-full-width-responsive=\"true\"><\/ins>\n<script> \n(adsbygoogle = window.adsbygoogle || []).push({}); \n<\/script>\n<\/div>\n<p>Ayn\u0131 zamanda \u015fu an T\u00fcrkiye ile ili\u015fkilerimizin durumu \u00fcst\u00fcne bilgi payla\u015f\u0131ld\u0131. \u015eimdilik olumlu olan bir \u015fey yoktur. Bulgar taraf\u0131 \u00f6d\u00fcn veriyor. Fakat T\u00fcrk taraf\u0131 her yerde ve her forumda, f\u0131rsat buldu\u011funda her zaman Bulgaristan\u2019a sald\u0131r\u0131yor.<\/p>\n<p><strong>Biz halterci \u015ealamanov\u2019un (Naim S\u00fcleymano\u011flu) ana-babas\u0131na T\u00fcrkiye\u2019ye gitme izni verdik. Ana-babas\u0131ndan kopar\u0131lan \u00e7ocuklar\u0131 da sald\u0131k. T. Jivkov Kenan Evren\u2019e mektup g\u00f6nderdi vs. Biz Sovyet yolda\u015flar\u0131n bu\u00a0 konuda bize yard\u0131m g\u00f6sterecekleri umudumuzu ifade ettik<\/strong>.<\/p>\n<p><strong>\u00d6devler<\/strong>: T\u00fcrkiye\u2019yi insan haklar\u0131 \u00e7i\u011fnenen bir \u00fclke olarak \u015fu konulara\u00a0a\u011f\u0131rl\u0131k kazand\u0131rarak tan\u0131tmakt\u0131r.<\/p>\n<ul>\n<li>Ermeni Soyk\u0131r\u0131m\u0131 sorunu<\/li>\n<li>K\u00fcrt sorunu<\/li>\n<li>T\u00fcrkiye-Yunanistan ili\u015fkileri<\/li>\n<li>T\u00fcrkiye ile Arap \u0130slam D\u00fcnyas\u0131 ili\u015fkileri<\/li>\n<li>T\u00fcrkiye ve Bat\u0131 d\u00fcnyas\u0131 \u2013 \u00f6zellikle Avrupa Parlamentosu<\/li>\n<li>\u0130slam Devletleri Konferans\u0131 gibi ba\u015fka forumlardan da yararlanmak<\/li>\n<\/ul>\n<p>\u00d6devimiz Arap d\u00fcnyas\u0131ndan Bulgaristan\u2019a kar\u015f\u0131 herhangi bir hareketlenmenin \u00f6n\u00fcne ge\u00e7mektir.<\/p>\n<p><strong>T\u00fcrkiye konusunda \u00c7al\u0131\u015fma Program\u0131m\u0131z\u0131 Sovyet yolda\u015flara g\u00f6nderece\u011fimize s\u00f6z verdik<\/strong>.<\/p><div id=\"bghab-4108969815\" class=\"bghab-icerik-icine-35-paragraf bghab-entity-placement\"><script async src=\"\/\/pagead2.googlesyndication.com\/pagead\/js\/adsbygoogle.js?client=ca-pub-6203283170189293\" crossorigin=\"anonymous\"><\/script><ins class=\"adsbygoogle\" style=\"display:block; text-align:center;\" data-ad-client=\"ca-pub-6203283170189293\" \ndata-ad-slot=\"7303146466\" \ndata-ad-layout=\"in-article\"\ndata-ad-format=\"fluid\" data-full-width-responsive=\"true\"><\/ins>\n<script> \n(adsbygoogle = window.adsbygoogle || []).push({}); \n<\/script>\n<\/div>\n<p>Sovyet yolda\u015flara <strong>K\u00dcRT PROMLEM\u0130<\/strong> ile ilgili \u00e7al\u0131\u015fmalar\u0131m\u0131z hakk\u0131nda \u015fu bilgiler sunuldu:<\/p>\n<ul>\n<li>K\u00fcrtlerin haklar\u0131n\u0131n savunulmas\u0131;<\/li>\n<li>De\u011fi\u015fik K\u00fcrt ve di\u011fer \u00f6rg\u00fctlerden yararlan\u0131lmas\u0131;<\/li>\n<li>K\u00fcrt yay\u0131nlar\u0131, kitaplar ve bro\u015f\u00fcrlerden faydalan\u0131lmas\u0131;<\/li>\n<li>K\u00fcrtlerin T\u00fcrkiye\u2019de \u00f6rg\u00fctlenmesi isteklerinin y\u00fckseltilmesi; (T.C.\u2019de 12 -14 milyon K\u00fcrt ya\u015f\u0131yor)<\/li>\n<li>K\u00fcrtler konusunda ABD tutumunun ara\u015ft\u0131r\u0131lmas\u0131; (Filistin konusunda konsepti olan ABD, K\u00fcrtler konusunda da konsept geli\u015ftirmi\u015ftir. Onlar birka\u00e7 defa bizden erken davrand\u0131. Irak\u2019ta kimyasal silah kullan\u0131ld\u0131\u011f\u0131n\u0131 iddia ettiler. \u015e\u00f6yle bir soru da var. ABD \u0130ran ile yak\u0131nla\u015fmay\u0131 neden \u00f6ne \u00e7ekiyor.);<\/li>\n<li>ABD\u2019nin T\u00fcrkiye \u00fczerine K\u00fcrtler konusunda bask\u0131 uygulamak niyetinde oldu\u011funa ili\u015fkin aktif etkinlikler \u00f6rg\u00fctlenmelidir.<\/li>\n<\/ul>\n<p><strong>\u015eu hususlar dikkate al\u0131nmal\u0131d\u0131r:<\/strong><\/p>\n<ul>\n<li><strong>K\u00fcrt liderleri, sosyalist devletler bizi desteklemiyor, diyorlar. Onlar pragmatik ki\u015filerdir. Kendilerine kim silah verirse onunla oluyorlar;<\/strong><\/li>\n<li><strong>Bat\u0131da K\u00fcrt Fak\u00fcltesi var.<\/strong><\/li>\n<\/ul>\n<p><strong>K\u00fcrt \u00e7ocuklar\u0131na okul kitaplar\u0131 neden bas\u0131lmas\u0131n<\/strong>?<\/p>\n<p>Bu konu Sovyet yolda\u015flarla payla\u015f\u0131l\u0131rken, onlar\u0131n imk\u00e2nlar\u0131n\u0131 sorduk. Bizim bu gibi olanaklar\u0131m\u0131z yoktur. \u0130lgilendik. Bizim kan\u0131m\u0131zca <strong>K\u00fcrtlerin Milli Kimlik Bilinci ate\u015flenmelidir<\/strong>.<\/p>\n<p>Sovyet yolda\u015flar, bizden K\u00fcrtler konusuyla ilgilenen ki\u015filer bulmam\u0131z\u0131, K\u00fcrt konusundan daha fazla yararlanmam\u0131z\u0131 vb \u00f6nerdiler.<\/p><div id=\"bghab-3343666987\" class=\"bghab-icerik-icine-40-paragraf bghab-entity-placement\"><script async src=\"\/\/pagead2.googlesyndication.com\/pagead\/js\/adsbygoogle.js?client=ca-pub-6203283170189293\" crossorigin=\"anonymous\"><\/script><ins class=\"adsbygoogle\" style=\"display:block; text-align:center;\" data-ad-client=\"ca-pub-6203283170189293\" \ndata-ad-slot=\"7303146466\" \ndata-ad-layout=\"in-article\"\ndata-ad-format=\"fluid\" data-full-width-responsive=\"true\"><\/ins>\n<script> \n(adsbygoogle = window.adsbygoogle || []).push({}); \n<\/script>\n<\/div>\n<p>Sovyet yolda\u015flar bize T\u00fcrkiye ve \u00f6zellikle de K\u00fcrtler konusunda etkinlikleri ile ilgili bilgi vereceklerini ve etkinliklerin koordineli y\u00fcr\u00fctebilme konular\u0131nda \u00e7al\u0131\u015facaklar\u0131n\u0131 payla\u015ft\u0131.<\/p>\n<p>***<\/p>\n<p>Bu belge 1988\u2019de haz\u0131rlanm\u0131\u015ft\u0131r. Ad\u0131 ge\u00e7mese de Bulgaristan\u2019\u0131n T\u00fcrklerin isimlerini de\u011fi\u015ftirmesinden sonra meydana gelen bataktan \u00e7\u0131kma plan\u0131 gibi bir \u015feydir.<\/p>\n<p>Dikkatinizi \u00e7ekmek istedi\u011fim canl\u0131 konu K\u00fcrtler konusunda d\u00fc\u015f\u00fcncelerdir.<\/p>\n<p>K\u00fcrtleri uyand\u0131rmak ve Milli Kimlik Bilincine ta\u015f\u0131mak i\u00e7in haz\u0131rlanan plan\u0131n \u00f6z\u00fcnde \u201cAlfabe haz\u0131rlamak, okul kitaplar\u0131 basmak, bas\u0131l\u0131 ve s\u00f6zl\u00fc yay\u0131nlardan faydalanmak var.<\/p><div id=\"bghab-3576213792\" class=\"bghab-icerik-icine-45-paragraf bghab-entity-placement\"><script async src=\"\/\/pagead2.googlesyndication.com\/pagead\/js\/adsbygoogle.js?client=ca-pub-6203283170189293\" crossorigin=\"anonymous\"><\/script><ins class=\"adsbygoogle\" style=\"display:block; text-align:center;\" data-ad-client=\"ca-pub-6203283170189293\" \ndata-ad-slot=\"7303146466\" \ndata-ad-layout=\"in-article\"\ndata-ad-format=\"fluid\" data-full-width-responsive=\"true\"><\/ins>\n<script> \n(adsbygoogle = window.adsbygoogle || []).push({}); \n<\/script>\n<\/div>\n<p><strong>Dikkat! Bulgaristan T\u00fcrk M\u00fcsl\u00fcmanlar\u0131n\u0131n Milli T\u00fcrk Kimli\u011fi Bilinci yolunu keserken yap\u0131lan nedir, anadilimizi yasaklamak, okul kitab\u0131 bast\u0131rmamak, k\u00fclt\u00fcr\u00fcm\u00fcz\u00fc yok etmek ve bunlar\u0131n hepsini \u201cBulgar Etnik Modelinde\u201d Ahmet Do\u011fan\u2019a bo\u011fdurmak.<\/strong><\/p>\n<p><strong>D\u00fc\u015f\u00fcn\u00fcn arkada\u015flar. Bu d\u00fcnyada her \u015fey bir eskinin tekrar\u0131d\u0131r. Yak\u0131n tarihimizi iyi \u00f6\u011frenelim ve asla unutmayal\u0131m. Biz \u00e7ok ezildik. Ba\u015fka t\u00fcrl\u00fc bizim \u00e7ekilerimiz bitmez!<\/strong><\/p>\n<div id=\"bghab-820763225\" class=\"bghab-yazi-altinda bghab-entity-placement\"><div class=\"bghab-adlabel\">Reklamlar<\/div><script async src=\"https:\/\/pagead2.googlesyndication.com\/pagead\/js\/adsbygoogle.js\"><\/script>\r\n<!-- bghaber-yaz\u0131-sonu -->\r\n<ins class=\"adsbygoogle\"\r\n     style=\"display:block\"\r\n     data-ad-client=\"ca-pub-6203283170189293\"\r\n     data-ad-slot=\"4222328180\"\r\n     data-ad-format=\"auto\"\r\n     data-full-width-responsive=\"true\"><\/ins>\r\n<script>\r\n     (adsbygoogle = window.adsbygoogle || []).push({});\r\n<\/script><\/div><br style=\"clear: both; display: block; float: none;\"\/>","protected":false},"excerpt":{"rendered":"<p>&nbsp; \u015eakir ARSLANTA\u015e Konu: En fazla koktuklar\u0131 bizim milli kimli\u011fimizin uyanmas\u0131 ve geli\u015fmesidir.\u00a0\u00a0\u00a0\u00a0 Biz Bulgaristan T\u00fcrklerinin ba\u015f\u0131na en k\u00f6t\u00fc olaylar 1984 ile 1989 y\u0131llar\u0131 aras\u0131nda<\/p>\n","protected":false},"author":13,"featured_media":12415,"comment_status":"closed","ping_status":"closed","sticky":false,"template":"","format":"standard","meta":{"advanced_seo_description":"","jetpack_seo_html_title":"","jetpack_seo_noindex":false,"_jetpack_memberships_contains_paid_content":false,"footnotes":""},"categories":[6],"tags":[],"class_list":["post-20441","post","type-post","status-publish","format-standard","has-post-thumbnail","hentry","category-yorum"],"jetpack_featured_media_url":"https:\/\/i0.wp.com\/www.bghaber.org\/bghaber\/wp-content\/uploads\/2014\/12\/sakir-arslantas.jpg?fit=130%2C168&ssl=1","jetpack_sharing_enabled":true,"jetpack_likes_enabled":true,"jetpack-related-posts":[],"jetpack_shortlink":"https:\/\/wp.me\/pc2PfJ-5jH","_links":{"self":[{"href":"https:\/\/www.bghaber.org\/bghaber\/wp-json\/wp\/v2\/posts\/20441","targetHints":{"allow":["GET"]}}],"collection":[{"href":"https:\/\/www.bghaber.org\/bghaber\/wp-json\/wp\/v2\/posts"}],"about":[{"href":"https:\/\/www.bghaber.org\/bghaber\/wp-json\/wp\/v2\/types\/post"}],"author":[{"embeddable":true,"href":"https:\/\/www.bghaber.org\/bghaber\/wp-json\/wp\/v2\/users\/13"}],"replies":[{"embeddable":true,"href":"https:\/\/www.bghaber.org\/bghaber\/wp-json\/wp\/v2\/comments?post=20441"}],"version-history":[{"count":0,"href":"https:\/\/www.bghaber.org\/bghaber\/wp-json\/wp\/v2\/posts\/20441\/revisions"}],"wp:featuredmedia":[{"embeddable":true,"href":"https:\/\/www.bghaber.org\/bghaber\/wp-json\/wp\/v2\/media\/12415"}],"wp:attachment":[{"href":"https:\/\/www.bghaber.org\/bghaber\/wp-json\/wp\/v2\/media?parent=20441"}],"wp:term":[{"taxonomy":"category","embeddable":true,"href":"https:\/\/www.bghaber.org\/bghaber\/wp-json\/wp\/v2\/categories?post=20441"},{"taxonomy":"post_tag","embeddable":true,"href":"https:\/\/www.bghaber.org\/bghaber\/wp-json\/wp\/v2\/tags?post=20441"}],"curies":[{"name":"wp","href":"https:\/\/api.w.org\/{rel}","templated":true}]}}