{"id":20439,"date":"2016-09-05T22:34:48","date_gmt":"2016-09-05T19:34:48","guid":{"rendered":"http:\/\/www.bghaber.org\/bghaber\/?p=20439"},"modified":"2016-09-05T22:34:48","modified_gmt":"2016-09-05T19:34:48","slug":"yorgunum-beni-bekleme-kaptan","status":"publish","type":"post","link":"https:\/\/www.bghaber.org\/bghaber\/yorgunum-beni-bekleme-kaptan\/","title":{"rendered":"Yorgunum, Beni Bekleme Kaptan!\u00a0\u00a0\u00a0"},"content":{"rendered":"<p>&nbsp;<\/p>\n<p><img data-recalc-dims=\"1\" loading=\"lazy\" decoding=\"async\" class=\"\" src=\"https:\/\/i0.wp.com\/www.bghaber.org\/bghaber\/wp-content\/uploads\/2016\/07\/OSMAN-BULBUL.jpg?resize=137%2C153\" alt=\"OSMAN BULBUL\" width=\"137\" height=\"153\" \/>\u00a0Osman B\u00dcLB\u00dcL<\/p>\n<p>Konu: <strong>Demokratik s\u00fcre\u00e7leri yeniden ba\u015flatanlar\u0131 d\u00fc\u015f\u00fcn\u00fcyorum da!<\/strong><\/p>\n<p>Bu \u00e7a\u011fr\u0131\u015f\u0131mda \u00fcst\u00fc kapal\u0131 s\u00f6ylemek istedi\u011fim, DOST partisinin benim gibi yorgun hak-adalet sava\u015f\u00e7\u0131lar\u0131n\u0131 Bulgaristan\u2019da demokrasi liman\u0131na \u00e7\u0131karabilece\u011finden yaln\u0131zca bir ku\u015fkulan\u0131\u015ft\u0131r. \u00a0Ben ve benim gibiler ordusu yani bizler mi tez elden ya\u015fland\u0131k, dost\u00e7ular m\u0131 ge\u00e7 geldiler m\u00fccadele meydanlar\u0131na, pek bilemiyorum. Fakat bir k\u0131p\u0131rdan\u0131\u015f oldu\u011fu ortada! \u015e\u00fcphesiz, her \u015feyden \u00f6nce, bu i\u015fte de <strong>tohum ve toprak diyalekti\u011fi<\/strong> olmal\u0131! Tohum bekleyen topra\u011fa d\u00fc\u015fmezse ya da toprak, tohumu uyand\u0131rmaya haz\u0131r de\u011filse &#8211; buzluysa, fazla nemliyse vs. vs olmaz. Biz bu yolun hangi dura\u011f\u0131nday\u0131z? Yoksa t\u00fcm trenler ge\u00e7mi\u015f, r\u00fczg\u00e2r m\u0131 koval\u0131yoruz?<\/p>\n<p>Bir defa, 90\u2019l\u0131 y\u0131llar\u0131n ortalar\u0131nda \u201c<strong>Pamporovo<\/strong>\u201d kayak merkezinde beyin f\u0131rt\u0131nas\u0131 yapmaya toplanm\u0131\u015ft\u0131k. Gecenin bir vaktiydi. Ellerinde \u201c<strong>kele\u015fler<\/strong>,\u201d horozu a\u00e7\u0131k tabancalar, y\u00fczleri maskeli siyah me\u015fin elbiseli gen\u00e7ler basm\u0131\u015ft\u0131 Ahmet Do\u011fan sofras\u0131n\u0131. \u00c7\u0131lg\u0131nl\u0131k sergileyenler bildikleri okuyor, s\u00f6v\u00fcp say\u0131yordu. \u201c<strong>Siz T\u00fcrkler mi y\u00f6neteceksiniz bu memleketi<\/strong>\u201d diye hayk\u0131r\u0131rken masaya tekme at\u0131yorlard\u0131. Garsonlar kaybolmu\u015f, bek\u00e7iler de etrafta yoktu. Do\u011fan masa alt\u0131nda b\u00fcz\u00fclm\u00fc\u015f, dilini yutmu\u015ftu. \u00c7ok ge\u00e7meden k\u00f6pe\u011fin sahibini \u0131s\u0131rmad\u0131\u011f\u0131, bunun bir dolap oldu\u011fu anla\u015f\u0131ld\u0131. Do\u011fan\u2019a ilk kez silah \u00e7\u0131kar\u0131ld\u0131\u011f\u0131n\u0131 o zaman g\u00f6rm\u00fc\u015ft\u00fcm. O g\u00fcn bu g\u00fcn H\u00d6H partisi dere gibi akt\u0131 da, ne bir baraj, ne bir g\u00f6l, ne de deniz olabildi. Bu yaray\u0131 ben 20 y\u0131ldan beri kafamda ta\u015f\u0131yorum ve iyice yoruldum\u2026<\/p><div id=\"bghab-833059603\" class=\"bghab-icerik-icine bghab-entity-placement\"><script async src=\"\/\/pagead2.googlesyndication.com\/pagead\/js\/adsbygoogle.js?client=ca-pub-6203283170189293\" crossorigin=\"anonymous\"><\/script><ins class=\"adsbygoogle\" style=\"display:block; text-align:center;\" data-ad-client=\"ca-pub-6203283170189293\" \ndata-ad-slot=\"7303146466\" \ndata-ad-layout=\"in-article\"\ndata-ad-format=\"fluid\" data-full-width-responsive=\"true\"><\/ins>\n<script> \n(adsbygoogle = window.adsbygoogle || []).push({}); \n<\/script>\n<\/div>\n<p>2016\u2019n\u0131n ba\u015f\u0131nda dost\u00e7ular\u0131n k\u00f6y gezip b\u00fcy\u00fck sokak aras\u0131nda, muhtarl\u0131k salonlar\u0131nda \u00fc\u00e7 be\u015f ki\u015fiyle, yada mevlitlerde b\u00fcy\u00fck kalabal\u0131klarla bulu\u015fmas\u0131 ba\u015flad\u0131. \u201c<strong>Pamporovo<\/strong>\u201d tuza\u011f\u0131ndan sonra ben H\u00d6H\u2019ten \u00e7ekildim. Komplolar\u0131 sevmem. Bak\u0131yorum bizde yaprak d\u00f6k\u00fcm\u00fc ba\u015fl\u0131yor gibi. Sarar\u0131p olgunla\u015famayan bir g\u00fcz ya\u015f\u0131yoruz. G\u00fcne\u015fin uzakla\u015fmas\u0131n\u0131 ve r\u00fczg\u00e2r\u0131n gelmesini beklemeden, \u00a0dalda sallanan yaprac\u0131klar ne olur ne olmaz, bu defa ben elimi erken tutup d\u00fc\u015feyim, belki bir i\u015fe yarar\u0131m hesaplar\u0131 yap\u0131yor sanki. Dostlar\u0131n ulusal \u00f6rg\u00fctlenmeye uzand\u0131klar\u0131 dikkati \u00e7ekiyor. \u0130\u015f Allah su akar ve yolunu bulur. En iyi g\u00fcnler sizin olur. Bizden ge\u00e7ti art\u0131k\u2026<\/p>\n<p>Buradan,\u00a0 Avrupa\u2019y\u0131 memleketime ta\u015f\u0131yan, Tuna nehrinin Balkanlara do\u011fru h\u0131z ald\u0131\u011f\u0131 yerden, kendime yak\u0131n hissetti\u011fim geli\u015fmeleri se\u00e7ip ekranda izlerken, akl\u0131ma tak\u0131lanlar ve m\u00fcnasebet almam\u0131 gerektiren konular oluyor. Biz bir i\u011fne yaprakl\u0131lar ve 12 \u00e7e\u015fit me\u015fesi olan bir memleket de\u011fil miydik? Erken yaprak d\u00f6k\u00fcm\u00fc ne i\u015f! \u00c7\u00fcnk\u00fc hakikatten bizim \u00e7amlar hep ye\u015fil, tuhaf ama me\u015felerimiz de pelit d\u00f6ker, \u00a0g\u00fcz \u00e7imenine yaprak d\u00f6kmezdi. Onlarda yorulmu\u015f beklemekten anla\u015f\u0131lan ve f\u0131rsat f\u0131rsatt\u0131r demek istiyorlar. Benim bildi\u011fim her \u015fey de\u011fi\u015fir, fakat do\u011fan\u0131n kurallar\u0131 de\u011fi\u015fmez, zaman her \u015feyden pay ister.<\/p>\n<p>Tar\u0131m m\u00fchendisli\u011fi ruhuma i\u015flemi\u015f. Toplumda mayalan\u0131n benzerini do\u011fada ar\u0131yorum. Kar\u015f\u0131l\u0131\u011f\u0131 olmayan durumlarda kendimi ezgin buluyorum. \u00d6yle olunca \u201c<strong>\u00c7ok yorgunum, beni bekleme kaptan<\/strong>!\u201d bir saat olup kafamda saniye saymaya ba\u015fl\u0131yor. Naz\u0131m o sat\u0131rlar\u0131 vatan\u0131m topra\u011f\u0131na basarak ve denizimize bakarak yaratt\u0131\u011f\u0131 i\u00e7in y\u00fcre\u011fim kabar\u0131veriyor. Vatan topra\u011f\u0131ma aidiyet duygusu do\u011fuyor. Bir \u015fey bir yerde bir defa bitmi\u015fse yine olur mant\u0131\u011f\u0131 ruhumu fethediyor. B\u00fcy\u00fck ozan\u0131n Bursa hapishanesinde Tolstoy\u2019un \u201c<strong>Sava\u015f ve Bar\u0131\u015f<\/strong>\u201d\u0131n\u0131 T\u00fcrk\u00e7emize kazand\u0131r\u0131rken Moskova \u00e7evresinde bir yol kenar\u0131nda as\u0131rl\u0131k bir \u00e7\u0131nara a\u00e7an bahar\u0131 solutmas\u0131 ve 50 sayfa sonra yaprak d\u00f6ken ayn\u0131 a\u011fac\u0131 k\u0131\u015fa haz\u0131rlamas\u0131 canlan\u0131yor hayalimde. Her \u015feyin yenilenebildi\u011fi, \u00f6zden ba\u015fka her \u015feyin s\u00fcrekli de\u011fi\u015fti\u011fi umut olup o an bir daha doluyor ferahlanan kalbime.<\/p>\n<p>Gen\u00e7 dostum Nikolay, memlekete gitti geldi. Bir kutu i\u00e7inde birka\u00e7 erik, bir iki salk\u0131m \u00fcz\u00fcm ve bir salatal\u0131k ile bir \u201c<strong>manda y\u00fcre\u011fi<\/strong>\u201d domates getirmi\u015f hediye olarak bana. Tad\u0131 ve kokusu de\u011fi\u015fmi\u015f mi, bir bak, dedi kutuyu elime uzat\u0131rken. Ger\u00e7ekten de ince ruhlu bir o\u011flan.<\/p>\n<p>Geldi\u011finde \u00e7ok heyecanl\u0131yd\u0131. \u201c<strong>Bay Osman bizde siyaset derin bir kuyuda ve kuyunun kapa\u011f\u0131 kapal\u0131. \u015e\u00f6yle d\u00fc\u015f\u00fcn \u00f6k\u00e7emizde bin diken ve y\u00fcr\u00fcyemiyoruz. Yerinde sayanlar hastanesine d\u00fc\u015fm\u00fc\u015f\u00fcz. \u00a0Hadi \u00e7\u0131karal\u0131m \u015fu dikenleri ve taburca olal\u0131m dendi\u011finde, kom\u015fu yatakta bir baca\u011f\u0131 kesilmi\u015f ve \u00f6teki de ask\u0131da olan birini g\u00f6steriliyorlar. \u00d6nemli olan kom\u015funun k\u00f6t\u00fc olmas\u0131! Heyecan s\u00f6nm\u00fc\u015f<\/strong>.\u201d Dedi.<\/p><div id=\"bghab-3112348690\" class=\"bghab-icerik-icine-10-paragraf bghab-entity-placement\"><script async src=\"\/\/pagead2.googlesyndication.com\/pagead\/js\/adsbygoogle.js?client=ca-pub-6203283170189293\" crossorigin=\"anonymous\"><\/script><ins class=\"adsbygoogle\" style=\"display:block; text-align:center;\" data-ad-client=\"ca-pub-6203283170189293\" \ndata-ad-slot=\"7303146466\" \ndata-ad-layout=\"in-article\"\ndata-ad-format=\"fluid\" data-full-width-responsive=\"true\"><\/ins>\n<script> \n(adsbygoogle = window.adsbygoogle || []).push({}); \n<\/script>\n<\/div>\n<p>Ne diyece\u011fimi bilemedim. Genel konu\u015ftu. De\u011ferlendirmeleri b\u00fct\u00fcn memleket i\u00e7indi. Benimse, beynimin sol yan\u0131nda H\u00d6H k\u00fcpesi, sa\u011f yar\u0131s\u0131nda DOST k\u00fcpesi, bir az \u00f6zelde kalm\u0131\u015f\u0131m. Genel de\u011fi\u015fmeden \u00f6zel de\u011fi\u015fmez, hakl\u0131yd\u0131. Ne ki de\u011fi\u015fiklik somutta, \u00f6zelde ba\u015flay\u0131p b\u00fct\u00fcn toplumu sarabilir. O zaman eski olanla yeni olan aras\u0131ndaki kavga ba\u015flar. Art\u0131k kim \u00fcst\u00fcn gelirse\u2026 Ben bu kavgan\u0131n ba\u015flamas\u0131n\u0131 beklerken yoruldum. Ar\u0131namad\u0131k bir t\u00fcrl\u00fc. Bunu ona \u015f\u00f6yle a\u00e7abildim:<\/p>\n<p><strong>Toplum toprak gibi o\u011flum, i\u015flenmesi gerek, ne ki bizimki s\u00fcr\u00fcl\u00fck kaz\u0131lmak istemiyor. \u00a0Memleket nadasta al\u0131\u015ft\u0131 gibi bir hava var<\/strong>. <strong>Kom\u00fcnist totaliter buz s\u00f6k\u00fclmedi. \u0130dare el de\u011fi\u015ftiremedi, hala itlerin, pi\u00e7lerin, hainlerin elinde<\/strong>\u2026<\/p>\n<p>Onu biraz sakinle\u015ftirip avutmak isterken, sembolizm d\u00f6nemimizin hayat\u0131n durmadan de\u011fi\u015fti\u011fini anlatan parlak \u00f6rneklerimizden olan\u00a0 \u201c<strong>Damla ve Okyanus<\/strong>\u201du anlatt\u0131m.<\/p>\n<p>\u201c<strong>Okyanusun i\u00e7inde su buharla\u015farak gaz haline d\u00f6n\u00fc\u015ft\u00fckten sonra bir do\u011fal d\u00f6ng\u00fc ge\u00e7irir ve d\u00f6ng\u00fcn\u00fcn sonucunda yine yery\u00fcz\u00fcne ya\u011fmur olarak geri d\u00f6ner ve akarsularla nehirler \u00fczerinden tekrar okyanusa ta\u015f\u0131n\u0131r. Bu; bireysel insan ruhunun, t\u00fcredi\u011fi Kayna\u011fa geri yapt\u0131\u011f\u0131 yolculu\u011fa dair \u00e7ok g\u00fczel bir benze\u015fmedir<\/strong>.\u201d<\/p>\n<p>\u0130nan bana, o totaliter kom\u00fcnist kemik de g\u00fcn gelecek demokrasi ve adalet g\u00fcne\u015fine dayanamayacak ve \u00e7\u00f6z\u00fclecek, diye ekledim.<\/p><div id=\"bghab-195905192\" class=\"bghab-icerik-icine-15-paragraf bghab-entity-placement\"><script async src=\"\/\/pagead2.googlesyndication.com\/pagead\/js\/adsbygoogle.js?client=ca-pub-6203283170189293\" crossorigin=\"anonymous\"><\/script><ins class=\"adsbygoogle\" style=\"display:block; text-align:center;\" data-ad-client=\"ca-pub-6203283170189293\" \ndata-ad-slot=\"7303146466\" \ndata-ad-layout=\"in-article\"\ndata-ad-format=\"fluid\" data-full-width-responsive=\"true\"><\/ins>\n<script> \n(adsbygoogle = window.adsbygoogle || []).push({}); \n<\/script>\n<\/div>\n<p>Siyasi genellemeleri ba\u015fka birinin yapmas\u0131na hak tan\u0131mak istemeyen Nikolay, hemen dald\u0131.<\/p>\n<p>Bay Osman, \u015fu Avrupa Birli\u011fi\u2019nde <strong>toplumsal demokratikle\u015fme a\u00e7\u0131s\u0131ndan<\/strong> i\u015f yok. Rica ederim, sen \u015fimdi bir arabada 28 karpuzu getir g\u00f6z\u00fcn\u00fcn \u00f6n\u00fcne. Hepsi yuvarlak, ye\u015fil, hatta alaca, kimisi s\u00f6be. Fark etmez de. Sap\u0131na bak\u0131p ya da eline al\u0131p olmu\u015f olup olmad\u0131\u011f\u0131n\u0131 anlamak ancak senin gibi ustalara mahsus. Burada \u201c<strong>olmu\u015f<\/strong>\u201d de\u011fimini demokratikle\u015fmi\u015f, adaletle\u015fmi\u015f, \u00f6zg\u00fcrle\u015fmi\u015f anlam\u0131nda kulland\u0131m. D\u00fc\u015f\u00fcn ki bunlar 28 AB \u00fcyesi \u00fclkedir. Hepsinin bayraklar\u0131 \u00fct\u00fcl\u00fc, ayn\u0131 boyda ve g\u00f6nderde, r\u00fczg\u00e2r estik\u00e7e yan yana dalgalan\u0131yorlar. Armalar\u0131, anayasalar\u0131 alt\u0131n kaplamal\u0131. Yasalar\u0131 \u0130ngilizce terc\u00fcmeli! Maddelerinde en fayla kullan\u0131lan s\u00f6z \u201c<strong>demokrasi!<\/strong>\u201d Anlam\u0131: \u201c<strong>Biz bu birliktelik i\u00e7in olgunla\u015fm\u0131\u015f\u0131z<\/strong>.\u201d Her \u00fclkenin milli mar\u015f\u0131, devlet s\u0131n\u0131r\u0131, meclisi, h\u00fck\u00fcmet, yarg\u0131 sistemi ve Cumhur Ba\u015fkan\u0131 var. Hepsinin ba\u015fbakanlar\u0131 kravatl\u0131! Sonuncular \u015fu bizim arabadaki kapuzun \u00e7ekirdekleri. Kar\u015f\u0131dan bakan bu karpuzlar ayn\u0131 tarladan, ayn\u0131 zamanda ekilmi\u015f, ayn\u0131 \u00e7apayla kaz\u0131lm\u0131\u015f, ayn\u0131 pompadan sulanm\u0131\u015f, hepsi olgun, i\u00e7i kan k\u0131rm\u0131z\u0131 falan zanneder. Fakat \u00f6yle mi, sen de g\u00f6r\u00fcyorsun asla \u00f6yle de\u011fil. \u00d6yle olsa senin burada ne i\u015fin olur? Bu ya\u015fta neden yoruluyorsun her g\u00fcn sen? Huzur aramaya, g\u00f6\u011fs\u00fcn\u00fc gere gere nefes almaya gelmedin mi buralara?!<\/p>\n<p>Evet, \u00f6yle de, diyerek ba\u015flad\u0131m, t\u00fcm olan orada, ben burada yaln\u0131z bir damlay\u0131m, hangi denize kat\u0131laca\u011f\u0131m\u0131 bilmek istemem hakk\u0131m de\u011fil mi?\u00a0 Benim de g\u00f6nl\u00fcmde y\u0131kay\u0131p ar\u0131tamad\u0131\u011f\u0131m dertlerim var. Ben buraya de\u011ferli ta\u015f aramaya gelmedim. Derken bana \u0131srarla bir \u015feyler s\u00f6ylemek istedi\u011fini fark ettim.<\/p>\n<p>\u015euna dikkat edelim, Osman Bey dedi, sen de bu karpuzlar\u0131n hepsinin ayn\u0131 derecede olgun olmad\u0131\u011f\u0131n\u0131 biliyorsun ama Bulgaristan karpuzunun ham oldu\u011funu, adaletli ve demokratik bir toplum a\u00e7\u0131s\u0131ndan di\u011fer \u00fclkelerden \u00e7ok geri oldu\u011fumuzu i\u015fitmek bile istemiyorsun, \u00e7\u00fcnk\u00fc kimse kimseye yaralar\u0131n\u0131 g\u00f6stermez. \u00dclkeleri bir karpuz gibi tarif etmemin nedeni, bilirsin \u00fcz\u00fcm \u00fcz\u00fcme baka baka karar\u0131r ama karpuz i\u00e7in b\u00f6yle bir s\u00f6z yok. Burada her devletin i\u00e7 i\u015flerinden kendisinin sorumlu oldu\u011funu, yasalar\u0131ndan, uygulamas\u0131ndan ve geleneklerinden, sosyal, siyasi ve etnikler aras\u0131 i\u00e7lerinden kendisi sorumlu, demek istiyorum. Ortak bir anayasa ve uygulama usul\u00fc bile yok. Ne bir \u00fcst ak\u0131l olan Br\u00fcksel, ne de ayr\u0131 ayr\u0131 karpuzlar (\u00fclkeler) bu bak\u0131ma birbirini etkileyemez. Haklar\u0131 yok. Bunlar\u0131n ortakl\u0131\u011f\u0131 ancak ayn\u0131 arabada olmalar\u0131ndad\u0131r. Ortak de\u011ferlerin olu\u015fmas\u0131n\u0131 beklerken yorun d\u00fc\u015fmedin mi?<\/p>\n<p>Nikolay istersen sana bizimkilerden eski bir \u00f6yk\u00fc anlatay\u0131m ve olabilir ya, bu konular\u0131 i\u015flerken tezine de alabilirsin.<\/p><div id=\"bghab-939006443\" class=\"bghab-icerik-icine-20-paragraf bghab-entity-placement\"><script async src=\"\/\/pagead2.googlesyndication.com\/pagead\/js\/adsbygoogle.js?client=ca-pub-6203283170189293\" crossorigin=\"anonymous\"><\/script><ins class=\"adsbygoogle\" style=\"display:block; text-align:center;\" data-ad-client=\"ca-pub-6203283170189293\" \ndata-ad-slot=\"7303146466\" \ndata-ad-layout=\"in-article\"\ndata-ad-format=\"fluid\" data-full-width-responsive=\"true\"><\/ins>\n<script> \n(adsbygoogle = window.adsbygoogle || []).push({}); \n<\/script>\n<\/div>\n<p>Anlat da dinleyeyim. Benim karpuz \u00f6rneklemesi sanki pek inand\u0131r\u0131c\u0131 olmad\u0131, dedi ve sustu.<\/p>\n<p>Oldu can\u0131m, olmaz olur mu? \u0130stersen \u00f6rnekleyeyim ne anlad\u0131\u011f\u0131m\u0131. Bug\u00fcn okudum <strong>Lituanya, Polonya, \u00c7ekler, Slovaklar ve Macarlar kom\u00fcnizm d\u00f6neminde i\u015flenen su\u00e7lar ve su\u00e7lular ay\u0131klanmadan toplum demokratikle\u015femez karar\u0131 alm\u0131\u015flar<\/strong>. Demek istedi\u011fim karpuzlardan be\u015fi bir konuda ayn\u0131 derecede olgunla\u015fm\u0131\u015f ama <strong>Bulgaristan topumun totaliter kal\u0131tlardan temizlenme zorunlulu\u011funu kabul etmiyor<\/strong>. Beni \u00fczen ve s\u0131k\u0131\u015ft\u0131ran da bu! Ne zamana kadar?<\/p>\n<p>\u00c7ok g\u00fczel \u00f6rnekledin, l\u00fctfen o dilinin alt\u0131ndaki \u00f6yk\u00fcy\u00fc anlat. \u00c7ok vaktim yok. Yerini bulunca tezime i\u015flerim.<\/p>\n<p><strong>Kral ve K\u00f6le<\/strong><\/p>\n<p>Bir zamanlar g\u00f6zde bir k\u00f6lesi olan bir Kral ya\u015farm\u0131\u015f. K\u00f6le, \u00e7ok g\u00fczel bir dilbermi\u015f. Kral k\u00f6lesinden ayr\u0131lam\u0131yormu\u015f. Hediyelere bo\u011fdu\u011fu k\u00f6leyi \u00e7ok sever gibi g\u00f6r\u00fcn\u00fcyormu\u015f.\u00a0 Fakat tehlikeli bir al\u0131\u015fkanl\u0131\u011f\u0131 da varm\u0131\u015f: <strong>K\u00f6lenin ba\u015f\u0131n\u0131n \u00fcst\u00fcne koydu\u011fu elmaya ok ile at\u0131\u015f yap\u0131yormu\u015f<\/strong>. Yani k\u00f6leyi hedef tahtas\u0131 olarak kullan\u0131yormu\u015f. Durumdan habersiz biri bir g\u00fcn k\u00f6leye, kral\u0131n g\u00f6zdesi oldu\u011fu halde <strong>neden ok at\u0131\u015flar\u0131ndan korktu\u011funu<\/strong> sormu\u015f.<\/p><div id=\"bghab-1821173662\" class=\"bghab-icerik-icine-25-paragraf bghab-entity-placement\"><script async src=\"\/\/pagead2.googlesyndication.com\/pagead\/js\/adsbygoogle.js?client=ca-pub-6203283170189293\" crossorigin=\"anonymous\"><\/script><ins class=\"adsbygoogle\" style=\"display:block; text-align:center;\" data-ad-client=\"ca-pub-6203283170189293\" \ndata-ad-slot=\"7303146466\" \ndata-ad-layout=\"in-article\"\ndata-ad-format=\"fluid\" data-full-width-responsive=\"true\"><\/ins>\n<script> \n(adsbygoogle = window.adsbygoogle || []).push({}); \n<\/script>\n<\/div>\n<p>K\u00f6le \u015f\u00f6yle yan\u0131t vermi\u015f: \u201c<strong>E\u011fer kral elman\u0131n yerine beni vursa, beni su\u00e7lay\u0131p kovar. Bu, yarars\u0131z olmaktan bile k\u00f6t\u00fcd\u00fcr. \u00d6l\u00fc ya da diri olmaktan beni \u00e7ok endi\u015felendirmez. Ama ok elmaya isabet edince insanlar, kral\u0131n yetene\u011fini \u00f6v\u00fcyorlar. Yani benim durumumun ger\u00e7ekli\u011fi \u015fu: Ya kral yeteneklidir ya da k\u00f6le \u00f6l\u00fc<\/strong>!\u201d<\/p>\n<p>Nikolay, anlatabildim mi? \u00d6yk\u00fcdeki Kral Br\u00fcksel &#8211; AB y\u00f6netimi, Almanya-Fransa gibi b\u00fcy\u00fck devletler. Onlar kibirli ve onlara ancak Kral olmak yak\u0131\u015f\u0131r. Asl\u0131na bak\u0131l\u0131rsa i\u015fler \u00f6yle kar\u0131\u015f\u0131k ki! Bu pirincin ta\u015f\u0131n\u0131 ay\u0131klamaya de\u011fil bir, be\u015f \u00f6m\u00fcr bile yetmez. Ben yorgunum kaptan\u2026<\/p>\n<p>K\u00f6le ise bizim memleketimiz gibi AB \u00fcyesi s\u0131radan k\u00fc\u00e7\u00fcc\u00fck ama g\u00f6nl\u00fc y\u00fckte olan birisi. O senin arabaya dizdi\u011fin ve olgun olup olmad\u0131\u011f\u0131 hi\u00e7 de \u00f6nemli olmayan karpuzlar gibi\u2026 \u00d6nemli olan arabada olmak, b\u00fcy\u00fckler aras\u0131nda olmak ve bir sinek gibi her karpuza konabilmek. \u00d6nemli olan karpuz olmak sanki! \u0130\u00e7indeki t\u00fcm \u00e7ekirdekler ham olmu\u015f karpuza ne! \u00a0K\u00f6le kral\u0131n g\u00f6zdesi olsa ka\u00e7 eder? Durum hep ayn\u0131! Br\u00fcksel ba\u015far\u0131l\u0131 olamad\u0131k\u00e7a k\u00f6leler \u00f6l\u00fcm\u00fc se\u00e7mek zorundad\u0131r.<\/p>\n<p>Ben ise, bunlar\u0131 anlay\u0131p anlat\u0131nca \u00e7ok yoruldum, <strong>beni bekleme kaptan<\/strong>!<\/p>\n<p>&nbsp;<\/p><div id=\"bghab-871571121\" class=\"bghab-icerik-icine-30-paragraf bghab-entity-placement\"><script async src=\"\/\/pagead2.googlesyndication.com\/pagead\/js\/adsbygoogle.js?client=ca-pub-6203283170189293\" crossorigin=\"anonymous\"><\/script><ins class=\"adsbygoogle\" style=\"display:block; text-align:center;\" data-ad-client=\"ca-pub-6203283170189293\" \ndata-ad-slot=\"7303146466\" \ndata-ad-layout=\"in-article\"\ndata-ad-format=\"fluid\" data-full-width-responsive=\"true\"><\/ins>\n<script> \n(adsbygoogle = window.adsbygoogle || []).push({}); \n<\/script>\n<\/div>\n<p>&nbsp;<\/p>\n<div id=\"bghab-987912548\" class=\"bghab-yazi-altinda bghab-entity-placement\"><div class=\"bghab-adlabel\">Reklamlar<\/div><script async src=\"https:\/\/pagead2.googlesyndication.com\/pagead\/js\/adsbygoogle.js\"><\/script>\r\n<!-- bghaber-yaz\u0131-sonu -->\r\n<ins class=\"adsbygoogle\"\r\n     style=\"display:block\"\r\n     data-ad-client=\"ca-pub-6203283170189293\"\r\n     data-ad-slot=\"4222328180\"\r\n     data-ad-format=\"auto\"\r\n     data-full-width-responsive=\"true\"><\/ins>\r\n<script>\r\n     (adsbygoogle = window.adsbygoogle || []).push({});\r\n<\/script><\/div><br style=\"clear: both; display: block; float: none;\"\/>","protected":false},"excerpt":{"rendered":"<p>&nbsp; \u00a0Osman B\u00dcLB\u00dcL Konu: Demokratik s\u00fcre\u00e7leri yeniden ba\u015flatanlar\u0131 d\u00fc\u015f\u00fcn\u00fcyorum da! Bu \u00e7a\u011fr\u0131\u015f\u0131mda \u00fcst\u00fc kapal\u0131 s\u00f6ylemek istedi\u011fim, DOST partisinin benim gibi yorgun hak-adalet sava\u015f\u00e7\u0131lar\u0131n\u0131 Bulgaristan\u2019da demokrasi<\/p>\n","protected":false},"author":13,"featured_media":19647,"comment_status":"closed","ping_status":"closed","sticky":false,"template":"","format":"standard","meta":{"advanced_seo_description":"","jetpack_seo_html_title":"","jetpack_seo_noindex":false,"_jetpack_memberships_contains_paid_content":false,"footnotes":""},"categories":[6],"tags":[],"class_list":["post-20439","post","type-post","status-publish","format-standard","has-post-thumbnail","hentry","category-yorum"],"jetpack_featured_media_url":"https:\/\/i0.wp.com\/www.bghaber.org\/bghaber\/wp-content\/uploads\/2016\/07\/OSMAN-BULBUL.jpg?fit=97%2C108&ssl=1","jetpack_sharing_enabled":true,"jetpack_likes_enabled":true,"jetpack-related-posts":[],"jetpack_shortlink":"https:\/\/wp.me\/pc2PfJ-5jF","_links":{"self":[{"href":"https:\/\/www.bghaber.org\/bghaber\/wp-json\/wp\/v2\/posts\/20439","targetHints":{"allow":["GET"]}}],"collection":[{"href":"https:\/\/www.bghaber.org\/bghaber\/wp-json\/wp\/v2\/posts"}],"about":[{"href":"https:\/\/www.bghaber.org\/bghaber\/wp-json\/wp\/v2\/types\/post"}],"author":[{"embeddable":true,"href":"https:\/\/www.bghaber.org\/bghaber\/wp-json\/wp\/v2\/users\/13"}],"replies":[{"embeddable":true,"href":"https:\/\/www.bghaber.org\/bghaber\/wp-json\/wp\/v2\/comments?post=20439"}],"version-history":[{"count":0,"href":"https:\/\/www.bghaber.org\/bghaber\/wp-json\/wp\/v2\/posts\/20439\/revisions"}],"wp:featuredmedia":[{"embeddable":true,"href":"https:\/\/www.bghaber.org\/bghaber\/wp-json\/wp\/v2\/media\/19647"}],"wp:attachment":[{"href":"https:\/\/www.bghaber.org\/bghaber\/wp-json\/wp\/v2\/media?parent=20439"}],"wp:term":[{"taxonomy":"category","embeddable":true,"href":"https:\/\/www.bghaber.org\/bghaber\/wp-json\/wp\/v2\/categories?post=20439"},{"taxonomy":"post_tag","embeddable":true,"href":"https:\/\/www.bghaber.org\/bghaber\/wp-json\/wp\/v2\/tags?post=20439"}],"curies":[{"name":"wp","href":"https:\/\/api.w.org\/{rel}","templated":true}]}}