{"id":20432,"date":"2016-09-05T01:27:34","date_gmt":"2016-09-04T22:27:34","guid":{"rendered":"http:\/\/www.bghaber.org\/bghaber\/?p=20432"},"modified":"2016-09-05T01:27:34","modified_gmt":"2016-09-04T22:27:34","slug":"korku-daglari-bekletir","status":"publish","type":"post","link":"https:\/\/www.bghaber.org\/bghaber\/korku-daglari-bekletir\/","title":{"rendered":"Korku Da\u011flar\u0131 Bekletir"},"content":{"rendered":"<p>&nbsp;<\/p>\n<p><img data-recalc-dims=\"1\" loading=\"lazy\" decoding=\"async\" class=\"\" src=\"https:\/\/i0.wp.com\/www.bghaber.org\/bghaber\/wp-content\/uploads\/2014\/11\/Musa.jpg?resize=150%2C192\" alt=\"Musa\" width=\"150\" height=\"192\" \/>\u00a0Musa VATANSEVER<\/p>\n<p>Konu:<strong> Ba\u015fbakan Borisov:<\/strong> \u201c<strong>T\u00fcrk yat\u0131r\u0131mlar\u0131 bizim i\u00e7in uzun vadede risktir.\u201d <\/strong><\/p>\n<p>Bulgaristan Ba\u015fbakan\u0131 Boyko Borisov son g\u00fcnlerde do\u011fup b\u00fcy\u00fcd\u00fc\u011f\u00fcm \u015fehrim olan Varna\u2019dan konu\u015ftu. Karadeniz incisi olan g\u00fczelim sahil anakentimizde Avrupal\u0131 Geli\u015fim \u0130\u00e7in Vatanda\u015flar\u0131n GERB partisi Gen\u00e7lik Kollar\u0131 semineri d\u00fczenlenmi\u015fti.\u00a0 Ba\u015fbakan gen\u00e7ler \u00f6n\u00fcnde ve bas\u0131na a\u00e7\u0131k bir ortamda Bulgaristan <strong>i\u00e7 ve d\u0131\u015f siyasetini ve d\u00fcnya geli\u015fmelerinin Bulgaristan \u00fczerindeki etkilerini<\/strong> yorumlad\u0131.<\/p>\n<p>Memleketimiz d\u0131\u015f\u0131nda olup bitenin Bulgaristan\u2019a olan etkisi a\u00e7\u0131s\u0131ndan analiz yapan Borisov, \u00f6nce \u201c<strong>T\u00fcrkiye ekonomisi \u00e7\u00f6kerse, b\u00f6lgeye \u00e7ok k\u00f6t\u00fc etki yapacak<\/strong>\u201d diyerek girdi\u011fi konuya \u015f\u00f6yle geni\u015fletti:<\/p><div id=\"bghab-3134424012\" class=\"bghab-icerik-icine bghab-entity-placement\"><script async src=\"\/\/pagead2.googlesyndication.com\/pagead\/js\/adsbygoogle.js?client=ca-pub-6203283170189293\" crossorigin=\"anonymous\"><\/script><ins class=\"adsbygoogle\" style=\"display:block; text-align:center;\" data-ad-client=\"ca-pub-6203283170189293\" \ndata-ad-slot=\"7303146466\" \ndata-ad-layout=\"in-article\"\ndata-ad-format=\"fluid\" data-full-width-responsive=\"true\"><\/ins>\n<script> \n(adsbygoogle = window.adsbygoogle || []).push({}); \n<\/script>\n<\/div>\n<p>\u201c<strong>B\u00fcy\u00fck say\u0131da T\u00fcrk \u015firketi Bulgaristan\u2019a yat\u0131r\u0131m yapmak istiyor, fakat bu uzun s\u00fcreli de\u011ferlendirildi\u011finde, \u00f6zellikle T\u00fcrklerin ya\u015fad\u0131\u011f\u0131 karma b\u00f6lgelerde olmak \u00fczere, risk i\u00e7eriyor<\/strong>.\u201d<\/p>\n<p>O, bu riskleri \u015f\u00f6yle a\u00e7\u0131klad\u0131: \u201c<strong>Paray\u0131 \u00f6deyen siyaseti belirler<\/strong>.\u201d\u00a0 Hani N. Hoca\u2019n\u0131n \u201cParay\u0131 veren d\u00fcd\u00fc\u011f\u00fc \u00e7alar\u201d dedi\u011fine getirdi.\u00a0 Bir feylesof ve siyaset\u00e7i olarak \u00f6ng\u00f6r\u00fcde bulunan GERB lideri, sanki \u201c<strong>T\u00fcrk \u015firketleri belirli bir siyaset dayatabilir<\/strong>.\u201d Demeye \u00e7al\u0131\u015ft\u0131.<\/p>\n<p>\u00d6ze d\u00f6nd\u00fc\u011f\u00fcm\u00fczde, \u201c<strong>Korku da\u011flar\u0131 bekletir<\/strong>!\u201d atas\u00f6z\u00fcm\u00fcze d\u00f6nmek zorunday\u0131z ve k\u00f6t\u00fc, sert bir durumla kar\u015f\u0131la\u015f\u0131laca\u011f\u0131ndan korkan ki\u015fi, yapmak istemedi\u011fi \u015feyden istemeye istemeye vazge\u00e7er. Bunu b\u00f6yle i\u015faretlemek zorunday\u0131m. \u00c7\u00fcnk\u00fc e\u011fer Sofya h\u00fck\u00fcmeti T\u00fcrk \u015firketlerinin, T.C.\u2019nin do\u011fal etki alan\u0131 olan yak\u0131n b\u00f6lgelere y\u00f6nelik d\u0131\u015f yat\u0131r\u0131m siyasetinden ve Balkanlara ak\u0131\u015f\u0131ndan korkuyorsa, Avrupa Birli\u011fi ve kom\u015fu \u00fclkeler aras\u0131nda yak\u0131n i\u015fbirli\u011fi ve ortakl\u0131k, her iki taraf i\u00e7in de yarar getirecek projeler ger\u00e7ekle\u015ftirme siyasetinden uzakla\u015f\u0131yor anlam\u0131 \u00e7\u0131kar.<\/p>\n<p><strong>Bu d\u00fcnyada her \u015fey olabilir, ama kimse zaman\u0131n gereklerine kar\u015f\u0131 \u00e7\u0131kamaz.<\/strong><\/p>\n<p>Avrupa, Amerika ve Rusya b\u00f6lgemizde bir B\u00fcy\u00fck T\u00fcrkiye olu\u015ftu\u011funu kabul ettiler. \u0130\u015fte \u015fimdi \u00c7in\u2019de yap\u0131lan G-20 zirve g\u00f6r\u00fc\u015fmelerinde kendisiyle en uzun ve en ameli g\u00f6r\u00fc\u015fmelerde bulunulan lider T\u00fcrkiye Ba\u015fkan\u0131 say\u0131n R. Tayip Erdo\u011fan oldu. D\u00fcnya b\u00fcy\u00fckleri, \u015fu Yak\u0131n Do\u011fu, Suriye ve Irak probleminin, DEA\u015e, PYD, PKK gibi ter\u00f6r odaklar\u0131yla silahl\u0131 m\u00fccadelenin TSK\u2019nin direk m\u00fcdahalesi d\u0131\u015f\u0131nda \u00e7\u00f6z\u00fclemeyece\u011fini anlad\u0131lar ve Ba\u015fkan Erdo\u011fan\u2019\u0131n hareketlerini izlerken \u00f6nerilerini de\u011ferlendiriyorlar.<\/p><div id=\"bghab-852588787\" class=\"bghab-icerik-icine-10-paragraf bghab-entity-placement\"><script async src=\"\/\/pagead2.googlesyndication.com\/pagead\/js\/adsbygoogle.js?client=ca-pub-6203283170189293\" crossorigin=\"anonymous\"><\/script><ins class=\"adsbygoogle\" style=\"display:block; text-align:center;\" data-ad-client=\"ca-pub-6203283170189293\" \ndata-ad-slot=\"7303146466\" \ndata-ad-layout=\"in-article\"\ndata-ad-format=\"fluid\" data-full-width-responsive=\"true\"><\/ins>\n<script> \n(adsbygoogle = window.adsbygoogle || []).push({}); \n<\/script>\n<\/div>\n<p>D\u00fcnya g\u00fc\u00e7ler dengesini son derece etkileyen Rusya &#8211; T\u00fcrkiye yak\u0131nla\u015fmas\u0131, \u201c<strong>Yavuz Sultan Selim<\/strong>\u201d k\u00f6pr\u00fcs\u00fcn\u00fcn a\u00e7\u0131l\u0131\u015f\u0131nda g\u00fcndeme gelen, <strong>B\u00fcy\u00fck T\u00fcrkiye<\/strong> \u00fczerinden, \u201c<strong>\u0130pek Demir Yolu<\/strong>\u201d boyunca G\u00fcney Avrupa\u2019ya yay\u0131lma siyaseti t\u00fcm devletler taraf\u0131ndan kabul edilirken, halklar taraf\u0131ndan destekleniyor. Bu geli\u015fmeler kendili\u011finden olmak \u00fczere, Bulgaristan\u2019\u0131n kap\u0131lar\u0131n\u0131 T\u00fcrk yat\u0131r\u0131mlar\u0131na a\u00e7mas\u0131n\u0131 zorunlu k\u0131lmal\u0131d\u0131r. \u00c7in\u2019den gelen ve t\u00fcm Orta Asya ve \u0130ran\u2019\u0131 ge\u00e7erek T\u00fcrkiye\u2019nin Edirne AB s\u0131n\u0131r kap\u0131s\u0131na dayanan bu milenyum at\u0131l\u0131m\u0131, halklara yeni medeniyetler \u00e7a\u011f\u0131 a\u00e7acak dev yat\u0131r\u0131m, \u201c<strong>Kap\u0131 Kule<\/strong>\u201dde \u201c<strong>Ay\u015fe Kad\u0131n<\/strong>\u201d tren istasyonuna g\u00f6m\u00fclemez. Bir Avrupa kap\u0131s\u0131 olmay\u0131 hayal eden Bulgaristan, d\u00fcnya gidi\u015fat\u0131na uymak, kap\u0131lar\u0131n\u0131 a\u00e7mak, US Dolarlar kokmad\u0131\u011f\u0131na inananlar\u0131n T\u00fcrk yat\u0131r\u0131mlar\u0131n\u0131n da kokmad\u0131\u011f\u0131na inanmalar\u0131 gerekecektir. D\u00fcnya \u00e7ark\u0131n\u0131 Bulgaristan gibi minik bir devlet geri \u00e7eviremez, gidi\u015flere y\u00f6n veremez, k\u00fc\u00e7\u00fck ve bencil hesaplarla d\u00fcnya siyasetini etkileyemez.<\/p>\n<p>\u00d6te yandan \u201c<strong>Korkunun ecele faydas\u0131 yoktur<\/strong>.\u201d Olacak her zaman olur. Burada olacak olan s\u0131n\u0131rlar\u0131 a\u00e7mak ve yat\u0131r\u0131mlar\u0131n ger\u00e7ekle\u015fmesine olanak sa\u011flamakt\u0131r. Bulgaristan M\u00fcsl\u00fcman T\u00fcrklerinin ya\u015fad\u0131klar\u0131 k\u00f6y ve kasabalara T\u00fcrkiye\u2019den yo\u011fun yat\u0131r\u0131mlar gelece\u011fini hepimiz biliyorduk. Avrupa Birli\u011fi\u2019nin yat\u0131r\u0131m fonlar\u0131 bitti. Rusya ile \u201cambargo\u201d siyaseti sonucu ekonomik ve ticari ili\u015fkilerimiz donduruldu. K\u00fc\u00e7\u00fck bir devlet olarak Amerikan\u0131n da a\u011faz\u0131na g\u00f6re bir ka\u015f\u0131k de\u011filiz. Di\u011fer kom\u015fular\u0131m\u0131zdan Yunanistan, Makedonya ve S\u0131rbistan ise olaya pek s\u0131cak bakm\u0131yorlar.<\/p>\n<p>Bir de bu i\u015fin mant\u0131ksal perspektifini \u201c<strong>Koy avucuma, koyay\u0131m avucuna<\/strong>\u201d atas\u00f6z\u00fcm\u00fcz \u00f6zetlemi\u015ftir. Bizim yat\u0131r\u0131mlar\u0131m\u0131za kap\u0131 a\u00e7an ve kolayl\u0131klar sa\u011flayan devlette biz de mutlaka faydalar sa\u011flar\u0131z. \u201c<strong>Do\u011fu\u015f \u0130n\u015faat\u2019\u0131n<\/strong>\u201d Sofya metrosu ikinci hatt\u0131n\u0131 in\u015fa etmesi ve hizmete a\u00e7mas\u0131 iyi olmad\u0131 m\u0131? \u201c<strong>Mapa-Cengiz<\/strong>\u201d \u015firketler birli\u011finin Sofya \u201c<strong>L\u00fclin<\/strong>\u201d semti 8. m\u0131nt\u0131kas\u0131ndan bir sanayi \u015fehri olan Pernik\u2019e uzatt\u0131\u011f\u0131 modern otoyol faydal\u0131 olmad\u0131 m\u0131? K\u0131rcali\u2019den \u201c<strong>Makaz<\/strong>\u201d \u2013 Yunan s\u0131n\u0131r kap\u0131s\u0131na uzanan \u201c<strong>A<\/strong>\u201d s\u0131n\u0131f asfalt yoldan herkes faydalanm\u0131yor mu. Bulgaristan\u2019da toplam 100 bin T\u00fcrk adam\u0131 faaliyet halindedir. \u201c<strong>\u015ei\u015fe Cam<\/strong>\u201d tesislerinin T\u0131rgovi\u015fte\u2019ye dikilmesine kadar \u00e7ok \u00e7al\u0131\u015fmak gerekti ve gerekiyor. Son hesapta bunlar kar\u015f\u0131l\u0131kl\u0131 yarar sa\u011flayan yat\u0131r\u0131mlard\u0131r ve Bulgar halk\u0131n\u0131n y\u00fcz\u00fcn\u00fc g\u00fcld\u00fcrm\u00fc\u015ft\u00fcr.<\/p>\n<p>Herkes bilir ki, Bulgaristan\u2019\u0131n T\u00fcrkiye yat\u0131r\u0131mlar\u0131na kar\u015f\u0131 tutumu 2015 sonunda, Ba\u015fbakan Davuto\u011fulu\u2019nun Sofya ziyareti esnas\u0131nda de\u011fi\u015fmeye ba\u015flad\u0131. 3 Eyl\u00fcl 2016 g\u00fcn\u00fc Varna\u2019da T\u00fcrk \u00f6zel sekt\u00f6r yat\u0131r\u0131mlar\u0131na kar\u015f\u0131 \u201c<strong>uzun vadede riskli<\/strong>\u201d gibi bir siyasi tutum ifade eden Borisov, asl\u0131nda kendisine Bulgaristan T\u00fcrk, Pomak ve Romenlerinin yo\u011fun ya\u015fad\u0131\u011f\u0131 b\u00f6lgelere yat\u0131r\u0131m paras\u0131 olarak teklif edilen <strong>1 milyar 280 milyon Euro\u2019yu<\/strong> elinin tersiyle geri itme politikas\u0131na devam etti. Bu, ayn\u0131 zamanda, Hak ve \u00d6zg\u00fcrl\u00fckler Partisi\u2019nin de son 26 y\u0131ldan beri izledi\u011fi siyasi \u00e7izgidir. T\u00fcrkler zengin olursa kontrol\u00fcm\u00fczden \u00e7\u0131kar. T\u00fcrklerin \u00e7ocuklar\u0131 m\u00fchendislik, hukuk, sosyoloji, felsefe okursa onlar\u0131 elimizden ka\u00e7\u0131r\u0131r\u0131z. Okumu\u015f adamla ba\u015fa \u00e7\u0131kmak zordur gibi sap\u0131k anlay\u0131\u015f\u0131n\u0131n 2016 uzant\u0131s\u0131n\u0131 ya\u015f\u0131yoruz. \u00a0Onlar i\u00e7in varsa yoksa imaml\u0131k okutmak. Sanki hepimiz \u00f6lmeye haz\u0131rlan\u0131yoruz.<\/p>\n<p>Burada anla\u015f\u0131lmas\u0131 gereken \u00f6zellik \u015fudur. Avrupa Birli\u011fi\u2019nden gelen paralar H\u00d6H lideri Ahmet Do\u011fan masas\u0131ndan ge\u00e7iyor ve o da istedi\u011fine verme hakk\u0131n\u0131 elde etmi\u015fti. Bu i\u015fler, Ba\u015fbakan <strong>II.\u00a0 Simeyon<\/strong> (2001\u20132005),\u00a0 <strong>Sergey Stani\u015fev<\/strong> (2005 \u2013 2009)\u00a0 h\u00fck\u00fcmetlerinde b\u00f6yleydi. Dalavere testi <strong>Plamen Ore\u015farski<\/strong> (2013\u20132014) \u00a0h\u00fck\u00fcmetinde k\u0131r\u0131ld\u0131. D\u0131\u015f kaynaklar\u0131n karma b\u00f6lgelere y\u00f6nlendirilmesi konusunda Ahmet Do\u011fan ile Boyko Borisov aras\u0131ndaki farkl\u0131 olan durum \u015fudur. Ahmet Do\u011fan k\u00f6y ve \u015fehir halk\u0131 yarar\u0131na hi\u00e7bir \u015fey yapmadan paralar\u0131 se\u00e7ti\u011fi \u015firketlere aktar\u0131rken, M\u00fcsl\u00fcman T\u00fcrk oylar\u0131na talep olan Ba\u015fbakan Borisov \u00f6rne\u011fin Deliorman ve Dobruca\u2019da k\u00f6yler ve \u015fehirleraras\u0131 asfalt yol \u015febekesini yeniden asfaltlarken k\u00f6pr\u00fcleri ve duraklar\u0131 onarma i\u015flerine a\u011f\u0131rl\u0131k veriyor, fakat T\u00fcrk yat\u0131r\u0131mlar\u0131n\u0131n b\u00f6lgeye girmesini \u201c<strong>riskli\u201d<\/strong> buluyor. \u0130kisi de i\u015fyeri a\u00e7maya, k\u00f6y ekonomisinin modernle\u015ftirilmesine yat\u0131r\u0131m yapmaya yana\u015fm\u0131yorlar. Bu g\u00f6lgelerde ve Rodoplarda T\u00fcrkiye pazar\u0131na y\u00f6nelik iri ve k\u00fc\u00e7\u00fckba\u015f hayvanc\u0131l\u0131\u011f\u0131n geli\u015fmesinden korku duyuyorlar. En fazla korktuklar\u0131 ise T\u00fcrklerin zenginle\u015fmesi, kendi k\u00fclt\u00fcrlerine dayanarak dirilmeleri ve kaderlerini ellerine almalar\u0131d\u0131r. Bu y\u00fczden Do\u011fan\u2019\u0131n T.C.\u2019deki FET\u00d6 okullar\u0131na g\u00f6nderdi\u011fi \u00f6\u011frencilerde bir tek doktor, bir tek hukuk\u00e7u, bir tek idareci \u00e7\u0131kmad\u0131. Halk\u0131m\u0131z bug\u00fcn de elindeki \u00e7atlak bastona dayanmaya devam ediyor ve umudu B\u00fcy\u00fck T\u00fcrkiye\u2019ye ba\u011fl\u0131d\u0131r.<\/p><div id=\"bghab-2886509691\" class=\"bghab-icerik-icine-15-paragraf bghab-entity-placement\"><script async src=\"\/\/pagead2.googlesyndication.com\/pagead\/js\/adsbygoogle.js?client=ca-pub-6203283170189293\" crossorigin=\"anonymous\"><\/script><ins class=\"adsbygoogle\" style=\"display:block; text-align:center;\" data-ad-client=\"ca-pub-6203283170189293\" \ndata-ad-slot=\"7303146466\" \ndata-ad-layout=\"in-article\"\ndata-ad-format=\"fluid\" data-full-width-responsive=\"true\"><\/ins>\n<script> \n(adsbygoogle = window.adsbygoogle || []).push({}); \n<\/script>\n<\/div>\n<p>G\u00fcndemdeki korkulardan biri de \u201c<strong>s\u0131\u011f\u0131nmac\u0131 selinin<\/strong>\u201d Bulgaristan\u2019a y\u00f6nelmesidir. D\u00fcnyada en misafirperver ve en b\u00fcy\u00fck s\u0131\u011f\u0131nmac\u0131 ve sava\u015f ka\u00e7a\u011f\u0131 \u00fclkesi olan T\u00fcrkiye\u2019deki 3 milyon Suriyeli ve \u0130ranl\u0131 problemlerini kendi \u00e7\u00f6zmeye \u00e7al\u0131\u015f\u0131yor. Korku ise, onlar\u0131n 2015\u2019te oldu\u011fu gibi bir daha hareketlenmesinde kaynaklan\u0131yor. Olaya daha derin bak\u0131ld\u0131\u011f\u0131nda, NATO gemilerinin Ege ve Akdeniz\u2019de s\u0131\u011f\u0131nmac\u0131 av\u0131nda olduklar\u0131ndan, kitle selinin kara yoluyla Bulgar T\u00fcrkiye s\u0131n\u0131r\u0131n\u0131 g\u00f6\u011f\u00fcsleyece\u011fi endi\u015fesidir. Bulgar makamlar\u0131, \u201c<strong>Sakar Balkan<\/strong>\u201d Bulgar T\u00fcrk s\u0131n\u0131r\u0131na ba\u015ftanba\u015fa tel \u00f6rg\u00fc gerdi. Termal kamara dizdi. Z\u0131rhl\u0131 devriye ara\u00e7lar\u0131 i\u00e7in yollar a\u00e7t\u0131. \u015eu g\u00fcnlerde Karadeniz\u2019e uzanan tel \u00f6rg\u00fcde son 8 kilometre donat\u0131l\u0131yor. S\u0131n\u0131rda polislerle birlikte askeri g\u00fc\u00e7 de konu\u015flanm\u0131\u015ft\u0131r.<\/p>\n<p>Durum b\u00f6yleyken, Sofya, Plovdiv, Dragoman gibi \u015fehirlerde her g\u00fcn 150 -200 evraks\u0131z Arap s\u0131\u011f\u0131nmac\u0131 tutuklan\u0131yor. Bu ki\u015filerin evraks\u0131z olmalar\u0131n\u0131n sebebi ise AB i\u00e7inde y\u00fcr\u00fcrl\u00fckte olan s\u0131\u011f\u0131nmac\u0131 antla\u015fmas\u0131na ba\u011fl\u0131d\u0131r. Ka\u00e7ak yabanc\u0131lar girdikleri ilk AB \u00fclkesi olan Bulgaristan\u2019da kay\u0131t yapt\u0131rmak istemiyorlar, \u00e7\u00fcnk\u00fc geri \u00e7evrilirken ilk girdikleri ve kay\u0131tlar\u0131 bulunan \u00fclkeye g\u00f6nderiliyorlar. Almanya ya da Hollanda\u2019ya vard\u0131klar\u0131nda evraklar\u0131n\u0131 DHL ile kabul edip ilk kayd\u0131n\u0131 o \u00fclkede yapt\u0131rarak i\u015fi g\u00fcvenceye ba\u011fl\u0131yorlar.<\/p>\n<p>Bulgaristan\u2019daki s\u0131\u011f\u0131nmac\u0131 yerle\u015fkelerinde de huzur yok. Harmanli kamp\u0131nda art\u0131k birka\u00e7 isyan ya\u015fand\u0131. H\u00fck\u00fcmet karar\u0131yla bunlar\u0131n a\u00e7\u0131k tip s\u0131\u011f\u0131nmac\u0131 yerle\u015fkesinden <strong>kapal\u0131 tip s\u0131\u011f\u0131nmac\u0131 yerle\u015fkesine d\u00f6n\u00fc\u015ft\u00fcr\u00fclmesi<\/strong> planland\u0131. \u0130syan edenler biz \u201c<strong>mahkum de\u011filiz<\/strong>\u201d diyor. S\u0131\u011f\u0131nmac\u0131lar Bulgaristan yerle\u015fkelerinde kendilerini dut g\u00f6lgesinde gibi rahats\u0131z hissediyorlar, zevksiz bir hayata zorland\u0131klar\u0131n\u0131 anlat\u0131yorlar.<\/p>\n<p>1 Ekim 2016\u2019dan ba\u015flayarak T\u00fcrkiye Cumhuriyeti vatanda\u015flar\u0131na AB vizelerinin kald\u0131r\u0131lmas\u0131 konusu da hararetli tart\u0131\u015f\u0131l\u0131yor. O bilinen 72 k\u0131stas\u0131n yerine getirilememesi i\u00e7in dua edenler var, desem yanl\u0131\u015f olmaz. \u00c7ok defa, 15 Temmuz darbe denemesinin de bu i\u015fleri engellemek amac\u0131yla ya\u011f\u0131ld\u0131\u011f\u0131n\u0131 geveleyenlere kulak misafiri oldum. Kimileri ise, PKK ve FET\u00d6 cani hareketlenmesi, T\u00fcrkiye makamlar\u0131 ba\u015flar\u0131n\u0131 dertten kald\u0131r\u0131p \u015fu kriterler paketini tamamlayamas\u0131n diye k\u0131\u015fk\u0131rt\u0131ld\u0131, diyor. Biz art\u0131k her konuda yan\u0131nday\u0131z diyenlere inanmaz olduk. Bulgaristan\u2019da \u201c<strong>T\u00fcrkler buraya dolar<\/strong>\u201d korkusu b\u00fcy\u00fcd\u00fck\u00e7e b\u00fcy\u00fcyor. T\u00fcrkiye Cumhuriyeti Yat\u0131r\u0131mc\u0131lar\u0131n\u0131n hi\u00e7bir engel a\u015fmadan Bulgaristan\u2019a ak\u0131n edece\u011fi korkusu 1 Ekim yakla\u015ft\u0131k\u00e7a t\u0131rman\u0131yor.<\/p>\n<p>T\u00fcrkiye h\u00fck\u00fcmetinin bir\u00e7ok s\u0131\u011f\u0131nmac\u0131ya vatanda\u015fl\u0131k ve ard\u0131ndan pasaport verme karar\u0131 da korkulara benzin d\u00f6kt\u00fc. \u201c<strong>Art\u0131k bunlar s\u0131\u011f\u0131nmac\u0131 olarak de\u011fil, T.C. vatanda\u015f\u0131 olarak gelecekler, dokunmaya ve kovmaya hakk\u0131m\u0131z olmayacak<\/strong>!\u201d feryad\u0131 koptu.<\/p><div id=\"bghab-1743707490\" class=\"bghab-icerik-icine-20-paragraf bghab-entity-placement\"><script async src=\"\/\/pagead2.googlesyndication.com\/pagead\/js\/adsbygoogle.js?client=ca-pub-6203283170189293\" crossorigin=\"anonymous\"><\/script><ins class=\"adsbygoogle\" style=\"display:block; text-align:center;\" data-ad-client=\"ca-pub-6203283170189293\" \ndata-ad-slot=\"7303146466\" \ndata-ad-layout=\"in-article\"\ndata-ad-format=\"fluid\" data-full-width-responsive=\"true\"><\/ins>\n<script> \n(adsbygoogle = window.adsbygoogle || []).push({}); \n<\/script>\n<\/div>\n<p>S\u00f6z\u00fcn \u00f6z\u00fc. Bulgaristan gibi bir nedenden \u00f6t\u00fcr\u00fc b\u00fcy\u00fcyemeyen baz\u0131 k\u00fc\u00e7\u00fck \u00fclkelerin, daha da k\u00fc\u00e7\u00fclmeleri i\u00e7in \u00f6zel gayret g\u00f6stermelerine gerek yok. Anla\u015f\u0131ld\u0131\u011f\u0131 \u00fczere, \u201c<strong>T\u00fcrk yat\u0131r\u0131m\u0131 istemiyorum<\/strong>\u201d demek, asl\u0131nda \u201c<strong>B\u00fcy\u00fcmek istemiyorum, yerimde sayaca\u011f\u0131m ve hatta k\u00fc\u00e7\u00fclmek istiyorum,<\/strong>\u201d anlam\u0131ndad\u0131r. Burada \u00f6nemli olan Bulgar\u2019\u0131n ve Bulgaristan\u2019\u0131n b\u00fcy\u00fcmem de\u011fil, \u015fu bizim karma b\u00f6lgelerde ya\u015fayan <strong>T\u00fcrk, Pomak ve \u00c7ingenelerin k\u00f6t\u00fc ya\u015famas\u0131, s\u0131k\u0131\u015ft\u0131k\u00e7a s\u0131k\u0131\u015fmas\u0131 ve en sonunda memleketi terk etmeyi g\u00f6n\u00fcll\u00fc olarak kabul etmeleridir! Hakim olan zihniyetin bu olmas\u0131 \u00e7ok k\u00f6t\u00fc tabii. <\/strong>\u00d6nce Atakac\u0131lar\u0131n, ard\u0131ndan Makedon komitac\u0131lar\u0131n\u0131n ve sahte yurtseverlerin beyin dolgusu olan bu zihniyet art\u0131k anla\u015f\u0131ld\u0131\u011f\u0131 \u00fczere GERB bacas\u0131n\u0131 da tamamen sarm\u0131\u015ft\u0131r. Ne yaz\u0131k ki, biz bu milliyet\u00e7ilik sapk\u0131nl\u0131\u011f\u0131n\u0131n<strong> suyundan gidemeyiz.<\/strong><\/p>\n<p>Ayn\u0131 gen\u00e7lik seminerinde konu\u015fan Bulgaristan d\u0131\u015f i\u015fleri bakan\u0131 Mitov\u2019un endi\u015fesi ise \u015fu \u015fekilde ifade buldu. \u201cS\u0131n\u0131r\u0131m\u0131z\u0131 yasal olmayan yoldan ge\u00e7mi\u015f \u00fc\u00e7\u00fcnc\u00fc \u00fclke vatanda\u015flar\u0131n\u0131 T\u00fcrkiye\u2019ye iade etmemiz i\u00e7in, bizim T.C. ile \u00f6zel \u00e7al\u0131\u015fmam\u0131z gerekiyor. Avrupa Birli\u011fi ile T\u00fcrkiye aras\u0131ndaki vizelerin kald\u0131r\u0131lmas\u0131 \u015fart\u0131yla s\u0131\u011f\u0131nmac\u0131 ka\u00e7aklar\u0131n iade edilmesi s\u00f6zle\u015fmesi y\u00fcr\u00fcrl\u00fc\u011fe girmedi\u011fi halde, biz s\u0131\u011f\u0131nmac\u0131lar\u0131 bu ikili s\u00f6zle\u015fmeye dayanarak iade edebilmeliyiz.<\/p>\n<p>Korkular bir de\u011fil, iki de\u011fil! Yat\u0131r\u0131m g\u00f6ndersen uzun vadede riskli, s\u0131\u011f\u0131nmac\u0131 gitse olmaz, T\u00fcrk b\u00f6lgeleri bo\u015f kal\u0131yor kimsenin umurunda de\u011fil, \u00f6nemli olan \u201c<strong>T\u00fcrkiye \u00e7\u00f6kerse biz ne yapar\u0131z<\/strong>\u201d konusunda \u015feffaf bir fikir sahibi olmakt\u0131r. Diyorum ya, <strong>Bulgaristan\u2019\u0131n b\u00fcy\u00fcmesine gerek yok, B\u00fcy\u00fck T\u00fcrkiye\u2019nin y\u00fccelmesi hepsini yerinde sayd\u0131rmaya yeter de artar<\/strong>. K\u00fc\u00e7\u00fclen insanlar\u0131n ufku da k\u00fc\u00e7\u00fcl\u00fcyor, yapacak bir \u015fey yok\u2026<\/p>\n<p>&nbsp;<\/p>\n<div id=\"bghab-3213559292\" class=\"bghab-yazi-altinda bghab-entity-placement\"><div class=\"bghab-adlabel\">Reklamlar<\/div><script async src=\"https:\/\/pagead2.googlesyndication.com\/pagead\/js\/adsbygoogle.js\"><\/script>\r\n<!-- bghaber-yaz\u0131-sonu -->\r\n<ins class=\"adsbygoogle\"\r\n     style=\"display:block\"\r\n     data-ad-client=\"ca-pub-6203283170189293\"\r\n     data-ad-slot=\"4222328180\"\r\n     data-ad-format=\"auto\"\r\n     data-full-width-responsive=\"true\"><\/ins>\r\n<script>\r\n     (adsbygoogle = window.adsbygoogle || []).push({});\r\n<\/script><\/div><br style=\"clear: both; display: block; float: none;\"\/>","protected":false},"excerpt":{"rendered":"<p>&nbsp; \u00a0Musa VATANSEVER Konu: Ba\u015fbakan Borisov: \u201cT\u00fcrk yat\u0131r\u0131mlar\u0131 bizim i\u00e7in uzun vadede risktir.\u201d Bulgaristan Ba\u015fbakan\u0131 Boyko Borisov son g\u00fcnlerde do\u011fup b\u00fcy\u00fcd\u00fc\u011f\u00fcm \u015fehrim olan Varna\u2019dan konu\u015ftu.<\/p>\n","protected":false},"author":13,"featured_media":0,"comment_status":"closed","ping_status":"closed","sticky":false,"template":"","format":"standard","meta":{"advanced_seo_description":"","jetpack_seo_html_title":"","jetpack_seo_noindex":false,"_jetpack_memberships_contains_paid_content":false,"footnotes":""},"categories":[6],"tags":[],"class_list":["post-20432","post","type-post","status-publish","format-standard","hentry","category-yorum"],"jetpack_featured_media_url":"","jetpack_sharing_enabled":true,"jetpack_likes_enabled":true,"jetpack-related-posts":[],"jetpack_shortlink":"https:\/\/wp.me\/pc2PfJ-5jy","_links":{"self":[{"href":"https:\/\/www.bghaber.org\/bghaber\/wp-json\/wp\/v2\/posts\/20432","targetHints":{"allow":["GET"]}}],"collection":[{"href":"https:\/\/www.bghaber.org\/bghaber\/wp-json\/wp\/v2\/posts"}],"about":[{"href":"https:\/\/www.bghaber.org\/bghaber\/wp-json\/wp\/v2\/types\/post"}],"author":[{"embeddable":true,"href":"https:\/\/www.bghaber.org\/bghaber\/wp-json\/wp\/v2\/users\/13"}],"replies":[{"embeddable":true,"href":"https:\/\/www.bghaber.org\/bghaber\/wp-json\/wp\/v2\/comments?post=20432"}],"version-history":[{"count":0,"href":"https:\/\/www.bghaber.org\/bghaber\/wp-json\/wp\/v2\/posts\/20432\/revisions"}],"wp:attachment":[{"href":"https:\/\/www.bghaber.org\/bghaber\/wp-json\/wp\/v2\/media?parent=20432"}],"wp:term":[{"taxonomy":"category","embeddable":true,"href":"https:\/\/www.bghaber.org\/bghaber\/wp-json\/wp\/v2\/categories?post=20432"},{"taxonomy":"post_tag","embeddable":true,"href":"https:\/\/www.bghaber.org\/bghaber\/wp-json\/wp\/v2\/tags?post=20432"}],"curies":[{"name":"wp","href":"https:\/\/api.w.org\/{rel}","templated":true}]}}