{"id":20411,"date":"2016-09-03T14:32:14","date_gmt":"2016-09-03T11:32:14","guid":{"rendered":"http:\/\/www.bghaber.org\/bghaber\/?p=20411"},"modified":"2016-09-03T15:45:24","modified_gmt":"2016-09-03T12:45:24","slug":"12-cumhurbaskani-erdoganin-gorevdeki-ikinci-yili","status":"publish","type":"post","link":"https:\/\/www.bghaber.org\/bghaber\/12-cumhurbaskani-erdoganin-gorevdeki-ikinci-yili\/","title":{"rendered":"12. Cumhurba\u015fkan\u0131 Erdo\u011fan&#8217;\u0131n g\u00f6revdeki ikinci y\u0131l\u0131"},"content":{"rendered":"<h2>T\u00fcrkiye&#8217;nin halkoyuyla se\u00e7ilen ilk Cumhurba\u015fkan\u0131 Erdo\u011fan, g\u00f6revinin ikinci y\u0131l\u0131nda, \u00fclkeyi karanl\u0131\u011fa mahkum etmek isteyen darbe giri\u015fimini milletin deste\u011fiyle \u00f6nleyerek, tarihe ge\u00e7ti.<\/h2>\n<p><img data-recalc-dims=\"1\" loading=\"lazy\" decoding=\"async\" class=\"\" src=\"https:\/\/i0.wp.com\/icube.milliyet.com.tr\/YeniAnaResim\/2016\/08\/27\/12-cumhurbaskani-erdogan-in-gorevdeki-ikinci-yili-7563976.Jpeg?resize=640%2C426\" alt=\"12. Cumhurba\u015fkan\u0131 Erdo\u011fan'\u0131n g\u00f6revdeki ikinci y\u0131l\u0131\" width=\"640\" height=\"426\" \/><\/p>\n<p>T\u00fcrkiye&#8217;nin halkoyuyla se\u00e7ilen ilk Cumhurba\u015fkan\u0131 Recep Tayyip Erdo\u011fan, g\u00f6revinin ikinci y\u0131l\u0131nda, \u00fclkeyi karanl\u0131\u011fa mahkum etmek isteyen darbe giri\u015fimini milletin deste\u011fiyle \u00f6nleyerek tarihe ge\u00e7ti.<\/p>\n<div id=\"inread\"><\/div>\n<p>Erdo\u011fan, cumhurba\u015fkan\u0131n\u0131n halk taraf\u0131ndan se\u00e7ilmesini \u00f6ng\u00f6ren 2007&#8217;deki Anayasade\u011fi\u015fikli\u011finin ard\u0131ndan, 10 A\u011fustos 2014&#8217;teki se\u00e7imi y\u00fczde 52&#8217;lik oranla kazand\u0131 ve 28 A\u011fustos 2014&#8217;te, T\u00fcrkiye&#8217;nin do\u011frudan halk iradesiyle se\u00e7ilen ilk cumhurba\u015fkan\u0131, T\u00fcrkiye Cumhuriyeti&#8217;nin de 12. Cumhurba\u015fkan\u0131 olarak g\u00f6reve ba\u015flad\u0131.<\/p>\n<p>Fetullah\u00e7\u0131 Ter\u00f6r \u00d6rg\u00fct\u00fc&#8217;n\u00fcn (FET\u00d6) 17\/25 Aral\u0131k 2013&#8217;teki &#8220;Hukuk ve polis&#8221; darbe giri\u015fimiyleCumhurba\u015fkanl\u0131\u011f\u0131n\u0131n \u00f6n\u00fc kesilmek istenen Erdo\u011fan, ayn\u0131 ter\u00f6r \u00f6rg\u00fct\u00fcn\u00fcn T\u00fcrk Silahl\u0131 Kuvvetleri&#8217;ndeki \u00fcniformal\u0131 militanlar\u0131nca giri\u015filen &#8220;Kanl\u0131&#8221; darbeyle etkisiz hale getirilmek istendi.<\/p>\n<p><img data-recalc-dims=\"1\" loading=\"lazy\" decoding=\"async\" class=\"\" src=\"https:\/\/i0.wp.com\/im.haberturk.com\/2016\/08\/27\/ver1472298410\/1288397_bc62753d0511e0586f9c88afa1f16813.jpg?resize=640%2C425\" alt=\"12. Cumhurba\u015fkan\u0131 Erdo\u011fan'\u0131n g\u00f6revdeki ikinci y\u0131l\u0131 ile ilgili g\u00f6rsel sonucu\" width=\"640\" height=\"425\" \/><\/p>\n<p><strong>T\u00fcrkiye&#8217;yi karanl\u0131k g\u00fc\u00e7lere teslim etmeyen lider<\/strong><\/p>\n<p>FET\u00d6, 15 Temmuz ak\u015fam\u0131 T\u00fcrkiye&#8217;yi karanl\u0131\u011fa mahkum edecek en b\u00fcy\u00fck hamlesini hayata ge\u00e7irmek i\u00e7in d\u00fc\u011fmeye bast\u0131.<\/p><div id=\"bghab-34346309\" class=\"bghab-icerik-icine bghab-entity-placement\"><script async src=\"\/\/pagead2.googlesyndication.com\/pagead\/js\/adsbygoogle.js?client=ca-pub-6203283170189293\" crossorigin=\"anonymous\"><\/script><ins class=\"adsbygoogle\" style=\"display:block; text-align:center;\" data-ad-client=\"ca-pub-6203283170189293\" \ndata-ad-slot=\"7303146466\" \ndata-ad-layout=\"in-article\"\ndata-ad-format=\"fluid\" data-full-width-responsive=\"true\"><\/ins>\n<script> \n(adsbygoogle = window.adsbygoogle || []).push({}); \n<\/script>\n<\/div>\n<p>Ankara ve \u0130stanbul merkezli darbe giri\u015fimi \u00fclke genelinde FET\u00d6&#8217;n\u00fcn asker \u00fcniformal\u0131 militanlar\u0131nca tatbik edilirken, darbeci ter\u00f6ristler, en \u00f6nemli hedeflerinden olan ve Marmaris&#8217;te bulunan Cumhurba\u015fkan\u0131 Erdo\u011fan\u2019\u0131n bulundu\u011fu otele de operasyon d\u00fczenledi. Erdo\u011fan, daha sonra kat\u0131ld\u0131\u011f\u0131 bir canl\u0131 yay\u0131nda 15 dakikal\u0131k bir s\u00fcrede darbeci askerlerin sald\u0131r\u0131s\u0131ndan kurtuldu\u011funu ifade etti.<\/p>\n<p>Darbe giri\u015fiminin ard\u0131ndan, kald\u0131\u011f\u0131 otelde gazetecilere a\u00e7\u0131klama yapan Cumhurba\u015fkan\u0131 Erdo\u011fan, Silahl\u0131 Kuvvetlerin i\u00e7inde &#8220;Malum yap\u0131ya&#8221; ait bir grubun \u00fclkenin birli\u011fine, beraberli\u011fine, b\u00fct\u00fcnl\u00fc\u011f\u00fcne y\u00f6nelik bir kalk\u0131\u015fma hareketinin i\u00e7ine girdi\u011fini kaydetti.<\/p>\n<p>Milli iradeye kastedenlerin gerekli cevab\u0131 alaca\u011f\u0131n\u0131 ifade eden Erdo\u011fan, &#8220;Bu \u00fclkede milli iradenin \u00fczerinde be\u015fer plan\u0131nda bir g\u00fc\u00e7 s\u00f6z konusu de\u011fildir. Ben \u015fu anda \u00fclkemin Cumhurba\u015fkan\u0131 olarak \u015funu \u00e7ok a\u00e7\u0131k, net s\u00f6yl\u00fcyorum, kurucusu oldu\u011fum partinin t\u00fcm mensuplar\u0131, bunun yan\u0131nda milli iradeyi olu\u015fturan cumhurun kendisini \u00f6zellikle \u015fehirlerimizin meydanlar\u0131na davet ediyorum ve \u015fehirlerimiz meydanlar\u0131nda biz halk\u0131m\u0131zla el ele olaca\u011f\u0131z ve bu kalk\u0131\u015fmay\u0131 yapanlara gereken dersi orada verece\u011fiz.&#8221; diye konu\u015ftu.<\/p>\n<p>CNN T\u00fcrk Televizyonu&#8217;ndaki canl\u0131 yay\u0131na g\u00f6r\u00fcnt\u00fcl\u00fc telefonla ba\u011flanan Cumhurba\u015fkan\u0131 Erdo\u011fan, askeri kalk\u0131\u015fmaya tepki g\u00f6stererek, vatanda\u015flar\u0131 meydanlara davet etti. Bu davetinin ard\u0131ndan, Marmaris\u2019ten Dalaman\u2019a, Dalaman\u2019dan da \u0130stanbul\u2019a ge\u00e7en Cumhurba\u015fkan\u0131 Erdo\u011fan,Atat\u00fcrk Havaliman\u0131\u2019nda kendisini bekleyen vatanda\u015flara hitap etti.<\/p>\n<p>Darbe giri\u015fimine kar\u015f\u0131 halk\u0131 meydanlara ve sokaklara davet eden Erdo\u011fan, T\u00fcrkiye&#8217;yi karanl\u0131ktan ayd\u0131nl\u0131\u011fa \u00e7\u0131karacak, \u00e7a\u011fr\u0131y\u0131 yapt\u0131.<\/p><div id=\"bghab-2106569436\" class=\"bghab-icerik-icine-10-paragraf bghab-entity-placement\"><script async src=\"\/\/pagead2.googlesyndication.com\/pagead\/js\/adsbygoogle.js?client=ca-pub-6203283170189293\" crossorigin=\"anonymous\"><\/script><ins class=\"adsbygoogle\" style=\"display:block; text-align:center;\" data-ad-client=\"ca-pub-6203283170189293\" \ndata-ad-slot=\"7303146466\" \ndata-ad-layout=\"in-article\"\ndata-ad-format=\"fluid\" data-full-width-responsive=\"true\"><\/ins>\n<script> \n(adsbygoogle = window.adsbygoogle || []).push({}); \n<\/script>\n<\/div>\n<p>Cumhurba\u015fkan\u0131 Erdo\u011fan&#8217;\u0131n \u00e7a\u011fr\u0131s\u0131yla sokaklara \u00e7\u0131kan vatanda\u015flar darbecilerin i\u015fgal etti\u011fi kurumlar\u0131 tek tek ele ge\u00e7irirken, darbecileri de yakalayarak, g\u00fcvenlik g\u00fc\u00e7lerine teslim etti.<\/p>\n<p><img data-recalc-dims=\"1\" height=\"480\" width=\"640\" decoding=\"async\" src=\"https:\/\/i0.wp.com\/www.bghaber.org\/bghaber\/wp-content\/uploads\/2016\/08\/darbe-3-768x576.jpg?resize=640%2C480\" alt=\"darbe-3\" \/><\/p>\n<p><strong>Demokrasi n\u00f6betleri<\/strong><\/p>\n<p>Fetullah\u00e7\u0131 ter\u00f6ristlerin darbe giri\u015fiminin akamete u\u011framas\u0131nda en \u00f6nemli rol\u00fc \u00fcstlenen vatanda\u015flar, Cumhurba\u015fkan\u0131 Erdo\u011fan&#8217;\u0131n darbe giri\u015fimi gecesi yapt\u0131\u011f\u0131 \u00e7a\u011fr\u0131 \u00fczerine t\u00fcm \u015fehirlerin meydanlar\u0131n\u0131 doldurdu. S\u0131k s\u0131k canl\u0131 yay\u0131nla, video konferanslarla \u015fehirlerin meydanlar\u0131nda n\u00f6bet tutan vatanda\u015flara seslenen Cumhurba\u015fkan\u0131 Recep Tayyip Erdo\u011fan, bazen de n\u00f6betlere i\u015ftirak ederek, konu\u015fma yapt\u0131.<\/p>\n<p>Vatanda\u015flar\u0131n tuttu\u011fu demokrasi n\u00f6betleri Erdo\u011fan&#8217;\u0131n Cumhurba\u015fkanl\u0131\u011f\u0131 K\u00fclliyesi&#8217;ndeki makam\u0131n\u0131n yer ald\u0131\u011f\u0131 ana binan\u0131n \u015feref kap\u0131s\u0131 \u00f6n\u00fcnde kurulan platform \u00fczerinden, demokrasi n\u00f6beti tutan vatanda\u015flara hitap etti\u011fi 10 A\u011fustos gecesine kadar s\u00fcrd\u00fc.<\/p>\n<p>Cumhurba\u015fkan\u0131 Erdo\u011fan burada yapt\u0131\u011f\u0131 konu\u015fmada, demokrasi n\u00f6beti tutan vatanda\u015flara te\u015fekk\u00fcr ederek, &#8220;Allah, \u00fclkemizi ve milletimizi ilelebet korusun diyorum ve \u015fimdi art\u0131k virg\u00fcl\u00fc at\u0131yoruz ve bu demokrasi n\u00f6betlerine art\u0131k ara veriyoruz. Ama ruh d\u00fcnyam\u0131zdan, g\u00f6n\u00fcl d\u00fcnyam\u0131zdan bu n\u00f6betleri \u00e7\u0131karmayaca\u011f\u0131z.&#8221; ifadelerini kulland\u0131.<\/p><div id=\"bghab-1838430242\" class=\"bghab-icerik-icine-15-paragraf bghab-entity-placement\"><script async src=\"\/\/pagead2.googlesyndication.com\/pagead\/js\/adsbygoogle.js?client=ca-pub-6203283170189293\" crossorigin=\"anonymous\"><\/script><ins class=\"adsbygoogle\" style=\"display:block; text-align:center;\" data-ad-client=\"ca-pub-6203283170189293\" \ndata-ad-slot=\"7303146466\" \ndata-ad-layout=\"in-article\"\ndata-ad-format=\"fluid\" data-full-width-responsive=\"true\"><\/ins>\n<script> \n(adsbygoogle = window.adsbygoogle || []).push({}); \n<\/script>\n<\/div>\n<p><img data-recalc-dims=\"1\" height=\"360\" width=\"640\" decoding=\"async\" src=\"https:\/\/i0.wp.com\/www.bghaber.org\/bghaber\/wp-content\/uploads\/2016\/07\/7c6c0f78-4d85-4a2e-8d3a-2ac6d37deaf8-768x432.jpg?resize=640%2C360\" alt=\"7c6c0f78-4d85-4a2e-8d3a-2ac6d37deaf8\" \/><\/p>\n<p><strong>K\u00fclliye\u2019de tarihi bulu\u015fma<\/strong><\/p>\n<p>Cumhurba\u015fkan\u0131 Erdo\u011fan, 15 Temmuz darbe giri\u015fiminin ard\u0131ndan siyasi partilere y\u00f6nelik birlik ve beraberlik \u00e7a\u011fr\u0131s\u0131 yapt\u0131.<\/p>\n<p>Bu \u00e7a\u011fr\u0131ya olumlu yan\u0131t verilmesinin \u00fczerine Erdo\u011fan ba\u015fkanl\u0131\u011f\u0131nda, Ak Parti Genel Ba\u015fkan\u0131 ve Ba\u015fbakan Binali Y\u0131ld\u0131r\u0131m, CHP Genel Ba\u015fkan\u0131 Kemal K\u0131l\u0131\u00e7daro\u011flu ve MHP Genel Ba\u015fkan\u0131 Devlet Bah\u00e7eli\u2019nin kat\u0131l\u0131m\u0131yla, Cumhurba\u015fkanl\u0131\u011f\u0131 K\u00fclliyesi\u2019nde bir toplant\u0131 ger\u00e7ekle\u015ftirildi.<\/p>\n<p><strong>Yenikap\u0131 daveti: Demokrasi ve \u015eehitler Mitingi<\/strong><\/p>\n<p><img data-recalc-dims=\"1\" decoding=\"async\" src=\"https:\/\/i0.wp.com\/www.bghaber.org\/bghaber\/wp-content\/uploads\/2016\/08\/manset.jpg?w=640\" alt=\"manset\" \/><\/p>\n<p>Cumhurba\u015fkan\u0131 Erdo\u011fan, K\u00fclliye&#8217;de siyasi parti liderleriyle ger\u00e7ekle\u015ftirdi\u011fi tarihi bulu\u015fman\u0131n ard\u0131ndan, darbeye kar\u015f\u0131 demokrasi n\u00f6beti tutan vatanda\u015flar\u0131 da &#8220;Demokrasi n\u00f6betlerini ta\u00e7land\u0131rmak \u00fczere&#8221; Yenikap\u0131\u2019da b\u00fcy\u00fck mitinge davet etti.<\/p><div id=\"bghab-2936490598\" class=\"bghab-icerik-icine-20-paragraf bghab-entity-placement\"><script async src=\"\/\/pagead2.googlesyndication.com\/pagead\/js\/adsbygoogle.js?client=ca-pub-6203283170189293\" crossorigin=\"anonymous\"><\/script><ins class=\"adsbygoogle\" style=\"display:block; text-align:center;\" data-ad-client=\"ca-pub-6203283170189293\" \ndata-ad-slot=\"7303146466\" \ndata-ad-layout=\"in-article\"\ndata-ad-format=\"fluid\" data-full-width-responsive=\"true\"><\/ins>\n<script> \n(adsbygoogle = window.adsbygoogle || []).push({}); \n<\/script>\n<\/div>\n<p>Erdo\u011fan, bu mitinge konu\u015fma yapmak \u00fczere AK Parti, CHP ve MHP Genel Ba\u015fkanlar\u0131na 7 A\u011fustos\u2019ta ger\u00e7ekle\u015ftirilen, &#8220;Demokrasi ve \u015eehitler Mitingi&#8221; i\u00e7in birer davet mektubu g\u00f6nderdi. Liderlerin i\u015ftirak etti\u011fi mitinge, yakla\u015f\u0131k 5 milyon ki\u015fi kat\u0131ld\u0131.<\/p>\n<p>Cumhurba\u015fkan\u0131 Recep Tayyip Erdo\u011fan, mitinge kat\u0131larak, birer konu\u015fma yapan liderlere, g\u00f6sterdikleri g\u00fc\u00e7l\u00fc duru\u015f i\u00e7in te\u015fekk\u00fcr ederek, &#8220;\u015eimdi bug\u00fcn burada Genelkurmay Ba\u015fkan\u0131 ile Yenikap\u0131 Meydan\u0131&#8217;nda Cumhurba\u015fkan\u0131 ile Ba\u015fbakan\u0131 ile Cumhuriyet Halk Partisi ve Milliyet\u00e7i Hareket Partisi Genel Ba\u015fkanlar\u0131 ile 81 vilayetimizdeki her g\u00f6r\u00fc\u015ften, her me\u015frepten insan\u0131m\u0131zla verdi\u011fimiz \u015fu g\u00f6r\u00fcnt\u00fc var ya i\u015fte bu g\u00f6r\u00fcnt\u00fc inan\u0131n bana \u00fclkemizin d\u00fc\u015fmanlar\u0131n\u0131 en az 16 Temmuz sabah\u0131 kadar \u00fczm\u00fc\u015ft\u00fcr, kahretmi\u015ftir.&#8221; ifadelerini kulland\u0131.<\/p>\n<p><strong>Bat\u0131&#8217;n\u0131n ikiy\u00fcz\u00fc<\/strong><\/p>\n<p>Darbe giri\u015fiminin ard\u0131ndan, \u00f6zellikle Avrupa \u00fclkelerinin T\u00fcrkiye\u2019ye ve Cumhurba\u015fkan\u0131 Erdo\u011fan\u2019a y\u00f6nelik ikircikli tutumlar\u0131 dikkati \u00e7ekti.<\/p>\n<p>Avrupal\u0131 liderlerin ve devlet adamlar\u0131n\u0131n darbecilere y\u00f6nelik operasyonlar\u0131 ele\u015ftiren a\u00e7\u0131klamalar\u0131n\u0131n yan\u0131 s\u0131ra Cumhurba\u015fkan\u0131 Erdo\u011fan\u2019\u0131n K\u00f6ln\u2019de d\u00fczenlenecek &#8220;Darbeye Kar\u015f\u0131 Demokrasi Mitingi&#8221;ne kat\u0131lan vatanda\u015flara telekonferans yoluyla hitap etmesi de Alman makamlar\u0131n\u0131n iste\u011fi ve Almanya Anayasa Mahkemesinin karar\u0131yla engellendi.<\/p><div id=\"bghab-1957619184\" class=\"bghab-icerik-icine-25-paragraf bghab-entity-placement\"><script async src=\"\/\/pagead2.googlesyndication.com\/pagead\/js\/adsbygoogle.js?client=ca-pub-6203283170189293\" crossorigin=\"anonymous\"><\/script><ins class=\"adsbygoogle\" style=\"display:block; text-align:center;\" data-ad-client=\"ca-pub-6203283170189293\" \ndata-ad-slot=\"7303146466\" \ndata-ad-layout=\"in-article\"\ndata-ad-format=\"fluid\" data-full-width-responsive=\"true\"><\/ins>\n<script> \n(adsbygoogle = window.adsbygoogle || []).push({}); \n<\/script>\n<\/div>\n<p>Cumhurba\u015fkan\u0131 Erdo\u011fan, ter\u00f6r \u00f6rg\u00fctlerine her t\u00fcrl\u00fc propaganda imkan\u0131 tan\u0131yan ve kucak a\u00e7an Avrupa\u2019n\u0131n ger\u00e7ekle\u015ftirdi\u011fi bu engellemeye, uluslararas\u0131 bas\u0131n kurulu\u015flar\u0131na verdi\u011fi m\u00fclakatlarda ele\u015ftirdi.<\/p>\n<p>\u0130talyan Rainews24 kanal\u0131na m\u00fclakat veren Erdo\u011fan, konuya ili\u015fkin &#8220;\u015eimdi soruyorum, Almanlar\u0131n yetkili makamlar\u0131 veya Alman yarg\u0131s\u0131 e\u011fer demokratik bir hukuk devleti oldu\u011funu iddia ediyorsa, demokratik bir hukuk devletinin Cumhurba\u015fkan\u0131 olan Tayyip Erdo\u011fan\u2019\u0131n video konferansla orada konu\u015fmas\u0131n\u0131 engellemeyi neyle izah edecek?&#8221; de\u011ferlendirmesinde bulundu.<\/p>\n<p><strong>ABD&#8217;den \u00f6z\u00fcr<\/strong><\/p>\n<p>T\u00fcrkiye&#8217;yi ziyaret eden ABD Ba\u015fkan Yard\u0131mc\u0131s\u0131 Joe Biden, Cumhurba\u015fkan\u0131 Erdo\u011fan taraf\u0131ndan kabul edildi. Kabul\u00fcn ard\u0131ndan Biden, FET\u00d6&#8217;n\u00fcn T\u00fcrk demokrasini ve istiklalini hedef alan darbe giri\u015fimi sonras\u0131 T\u00fcrkiye&#8217;yi daha \u00f6nce ziyaret etmedi\u011fi i\u00e7in Cumhurba\u015fkan\u0131 Erdo\u011fan&#8217;dan \u00f6z\u00fcr diledi.<\/p>\n<p><strong>Durmak bilmeyen, ko\u015fan Cumhurba\u015fkan\u0131<\/strong><\/p><div id=\"bghab-1672113983\" class=\"bghab-icerik-icine-30-paragraf bghab-entity-placement\"><script async src=\"\/\/pagead2.googlesyndication.com\/pagead\/js\/adsbygoogle.js?client=ca-pub-6203283170189293\" crossorigin=\"anonymous\"><\/script><ins class=\"adsbygoogle\" style=\"display:block; text-align:center;\" data-ad-client=\"ca-pub-6203283170189293\" \ndata-ad-slot=\"7303146466\" \ndata-ad-layout=\"in-article\"\ndata-ad-format=\"fluid\" data-full-width-responsive=\"true\"><\/ins>\n<script> \n(adsbygoogle = window.adsbygoogle || []).push({}); \n<\/script>\n<\/div>\n<p>Cumhurba\u015fkan\u0131 Erdo\u011fan, g\u00f6revinin ilk y\u0131l\u0131nda oldu\u011fu gibi ikinci y\u0131l\u0131nda da ko\u015fan ve ter d\u00f6ken, gece g\u00fcnd\u00fcz demeden \u00e7al\u0131\u015fan, her zaman halk\u0131n yan\u0131nda, halk\u0131n i\u00e7inde yer alan cumhurba\u015fkan\u0131 \u00f6zelli\u011fini s\u00fcrd\u00fcrd\u00fc.<\/p>\n<p>Cumhurba\u015fkan\u0131 Recep Tayyip Erdo\u011fan, 2016 y\u0131l\u0131nda ikisi ABD\u2019ye olmak \u00fczere, toplam 16 \u00fclkeye ziyaret ger\u00e7ekle\u015ftirdi.<\/p>\n<p>\u00dc\u00e7 \u00fclkeyi kapsayan Latin Amerika ziyaretinin ilk dura\u011f\u0131 \u015eili&#8217;yi 21 y\u0131l sonra ayak basan ilk T\u00fcrkiye Cumhuriyeti Cumhurba\u015fkan\u0131 olan Erdo\u011fan&#8217;\u0131n ikinci ve \u00fc\u00e7\u00fcnc\u00fc dura\u011f\u0131 Peru ve Ekvador ise tarihinde ilk kez T\u00fcrkiye Cumhurba\u015fkan\u0131n\u0131 misafir etti. Latin Amerika turunu tamamlayan Erdo\u011fan, yurda d\u00f6n\u00fc\u015f\u00fcnden \u00f6nce Senegal&#8217;e de ziyaret ger\u00e7ekle\u015ftirdi.<\/p>\n<p><strong>Fildi\u015fi Sahili, Gine ve Uganda&#8217;ya giden ilk Cumhurba\u015fkan\u0131<\/strong><\/p>\n<p>Cumhurba\u015fkan\u0131 Erdo\u011fan&#8217;\u0131n, Fildi\u015fi Sahili, Gana, Nijerya ve Gine&#8217;yi kapsayan Bat\u0131 Afrika turunda da bu \u00fclkelerle ikili ili\u015fkilerin yan\u0131 s\u0131ra b\u00f6lgesel ve uluslararas\u0131 konular\u0131n da g\u00f6r\u00fc\u015f\u00fcld\u00fc\u011f\u00fc \u00f6nemli g\u00f6r\u00fc\u015fmeler yap\u0131ld\u0131. Erdo\u011fan&#8217;\u0131n, Fildi\u015fi Sahili ve Gine ziyareti bu \u00fclkelere T\u00fcrkiye&#8217;den Cumhurba\u015fkan\u0131 d\u00fczeyinde ger\u00e7ekle\u015fen ilk ziyaret olarak da tarihte yerini ald\u0131.<\/p><div id=\"bghab-2863456059\" class=\"bghab-icerik-icine-35-paragraf bghab-entity-placement\"><script async src=\"\/\/pagead2.googlesyndication.com\/pagead\/js\/adsbygoogle.js?client=ca-pub-6203283170189293\" crossorigin=\"anonymous\"><\/script><ins class=\"adsbygoogle\" style=\"display:block; text-align:center;\" data-ad-client=\"ca-pub-6203283170189293\" \ndata-ad-slot=\"7303146466\" \ndata-ad-layout=\"in-article\"\ndata-ad-format=\"fluid\" data-full-width-responsive=\"true\"><\/ins>\n<script> \n(adsbygoogle = window.adsbygoogle || []).push({}); \n<\/script>\n<\/div>\n<p>Bat\u0131 Afrika ziyaretinin ard\u0131ndan Erdo\u011fan, N\u00fckleer G\u00fcvenlik Zirvesi\u2019ne kat\u0131lmak \u00fczere ABD\u2019ye gitti.<\/p>\n<p>Birle\u015fmi\u015f Milletler Medeniyetler \u0130ttifak\u0131 7. K\u00fcresel Forumu\u2019na kat\u0131lmak \u00fczere, Azerbaycan\u2019a giden Erdo\u011fan, bu ziyaretinin ard\u0131ndan H\u0131rvatistan\u2019a resmi ziyaret ger\u00e7ekle\u015ftirdi.<\/p>\n<p>Do\u011fu Afrika turunda da Erdo\u011fan, Uganda&#8217;y\u0131 cumhurba\u015fkan\u0131 d\u00fczeyinde T\u00fcrkiye&#8217;den ziyaret eden ilk isim olarak tarihe ge\u00e7ti. Cumhurba\u015fkan\u0131 Erdo\u011fan, Do\u011fu Afrika turunun ikinci dura\u011f\u0131Kenya ve ard\u0131ndan da T\u00fcrkiye&#8217;nin yeni b\u00fcy\u00fckel\u00e7ilik binas\u0131n\u0131n a\u00e7\u0131l\u0131\u015f\u0131n\u0131 da ger\u00e7ekle\u015ftirdi\u011fiSomali&#8217;yi ziyaret etti.<\/p>\n<p>Erdo\u011fan, vefat eden d\u00fcnyaca \u00fcnl\u00fc M\u00fcsl\u00fcman boks\u00f6r Muhammed Ali\u2019nin cenaze t\u00f6renine kat\u0131lmak \u00fczere, ikinci kez ABD\u2019ye gitti. NATO Devlet ve H\u00fck\u00fcmet Ba\u015fkanlar\u0131 Zirvesi\u2019ne kat\u0131lmak \u00fczere, Polonya\u2019ya da giden Cumhurba\u015fkan\u0131 Erdo\u011fan, son ziyaretini ise Devlet Ba\u015fkan\u0131 Vladimir Putin\u2019in daveti \u00fczerine Rusya\u2019ya ger\u00e7ekle\u015ftirdi.<\/p>\n<p>Erdo\u011fan\u2019\u0131n 2106 y\u0131l\u0131 i\u00e7erisinde 2 defa daha Azerbaycan\u2019a gidece\u011fine y\u00f6nelik bilgilendirme yap\u0131lmas\u0131na ra\u011fmen, Ankara\u2019da meydana gelen bombal\u0131 sald\u0131r\u0131lar dolay\u0131s\u0131yla bu ziyaretleri iptal edildi.<\/p><div id=\"bghab-3483855494\" class=\"bghab-icerik-icine-40-paragraf bghab-entity-placement\"><script async src=\"\/\/pagead2.googlesyndication.com\/pagead\/js\/adsbygoogle.js?client=ca-pub-6203283170189293\" crossorigin=\"anonymous\"><\/script><ins class=\"adsbygoogle\" style=\"display:block; text-align:center;\" data-ad-client=\"ca-pub-6203283170189293\" \ndata-ad-slot=\"7303146466\" \ndata-ad-layout=\"in-article\"\ndata-ad-format=\"fluid\" data-full-width-responsive=\"true\"><\/ins>\n<script> \n(adsbygoogle = window.adsbygoogle || []).push({}); \n<\/script>\n<\/div>\n<p><strong>Yurt i\u00e7i ziyaretler<\/strong><\/p>\n<p>Cumhurba\u015fkan\u0131 Erdo\u011fan, yurt i\u00e7inde de yo\u011fun mesai yapt\u0131. Erdo\u011fan, il ziyaretleri kapsam\u0131nda, cumhurba\u015fkan\u0131 olarak, Kilis, \u0130zmir, Diyarbak\u0131r, K\u0131r\u015fehir, Artvin, Rize Trabzon, Kocaeli, Malatya,Mardin, A\u011fr\u0131, Ardahan, Adana, Antalya, Yozgat, \u00c7anakkale ve Burdur olmak \u00fczere bir\u00e7ok ile gitti.<\/p>\n<p>Ter\u00f6rden ma\u011fdur olan Do\u011fu ve G\u00fcneydo\u011fu illeri ziyaretlerine \u00f6zel \u00f6nem veren Cumhurba\u015fkan\u0131 Erdo\u011fan, bu illerde vatanda\u015flar\u0131n sorunlar\u0131n\u0131n giderilmesi i\u00e7in de yap\u0131lan \u00e7al\u0131\u015fmalar\u0131 yak\u0131ndan takip etti.<\/p>\n<p>Erdo\u011fan, ziyaret etti\u011fi illerde yap\u0131m\u0131 tamamlanan bir\u00e7ok eserin a\u00e7\u0131l\u0131\u015f\u0131n\u0131 ger\u00e7ekle\u015ftirerek, \u00e7e\u015fitli etkinliklere i\u015ftirak etti.<\/p>\n<p><strong>G20 Devlet ve H\u00fck\u00fcmet Ba\u015fkanlar\u0131 Zirvesine ev sahipli\u011fi yapt\u0131<\/strong><\/p><div id=\"bghab-1432387592\" class=\"bghab-icerik-icine-45-paragraf bghab-entity-placement\"><script async src=\"\/\/pagead2.googlesyndication.com\/pagead\/js\/adsbygoogle.js?client=ca-pub-6203283170189293\" crossorigin=\"anonymous\"><\/script><ins class=\"adsbygoogle\" style=\"display:block; text-align:center;\" data-ad-client=\"ca-pub-6203283170189293\" \ndata-ad-slot=\"7303146466\" \ndata-ad-layout=\"in-article\"\ndata-ad-format=\"fluid\" data-full-width-responsive=\"true\"><\/ins>\n<script> \n(adsbygoogle = window.adsbygoogle || []).push({}); \n<\/script>\n<\/div>\n<p>Cumhurba\u015fkan\u0131 Erdo\u011fan, g\u00f6rev s\u00fcresinin ikinci y\u0131l\u0131nda \u00f6nemli uluslararas\u0131 toplant\u0131lara da ev sahipli\u011fi yapt\u0131. Bu kapsamda Antalya\u2019da, T\u00fcrkiye\u2019nin d\u00f6nem ba\u015fkanl\u0131\u011f\u0131n\u0131 \u00fcstlendi\u011fi G20 zirvesiger\u00e7ekle\u015ftirildi. Aralar\u0131nda ABD Ba\u015fkan\u0131 Barack Obama, Rusya Devlet Ba\u015fkan\u0131 Vladimir Putin,Japonya Ba\u015fbakan\u0131 \u015einzo Abe\u2019nin de bulundu\u011fu devlet ve h\u00fck\u00fcmet ba\u015fkanlar\u0131n\u0131 a\u011f\u0131rlayan Cumhurba\u015fkan\u0131 Erdo\u011fan, zirve kapsam\u0131nda \u00e7e\u015fitli ikili g\u00f6r\u00fc\u015fmeler ger\u00e7ekle\u015ftirdi.<\/p>\n<p>Cumhurba\u015fkan\u0131 Erdo\u011fan taraf\u0131ndan zirvenin son g\u00fcn\u00fc a\u00e7\u0131klanan bildirgede, ter\u00f6rle m\u00fccadelede k\u00fcresel i\u015f birli\u011fi vurgusu yap\u0131ld\u0131.<\/p>\n<p><strong>BM D\u00fcnya \u0130nsani Zirvesi<\/strong><\/p>\n<p>Cumhurba\u015fkan\u0131 Erdo\u011fan, Birle\u015fmi\u015f Milletler (BM) taraf\u0131ndan ilk kez \u0130stanbul\u2019da d\u00fczenlenen D\u00fcnya \u0130nsani Zirvesi\u2019ne de ev sahipli\u011fi yapt\u0131. Zirveye, 180&#8217;in \u00fczerinde \u00fclke, uluslararas\u0131 kurum ve kurulu\u015fun temsilcileri ve 60&#8217;a yak\u0131n \u00fclkenin devlet ve h\u00fck\u00fcmet ba\u015fkan\u0131 kat\u0131ld\u0131.<\/p>\n<p>Erdo\u011fan zirvede, ilk D\u00fcnya \u0130nsani Zirvesi\u2019ne ev sahipli\u011fi yapmaktan duydu\u011fu memnuniyeti ifade ederek, k\u00fcresel yard\u0131m sisteminin yeniden ele al\u0131nmas\u0131 gerekti\u011fini vurgulad\u0131.<\/p><div id=\"bghab-3789082590\" class=\"bghab-icerik-icine-50-paragraf bghab-entity-placement\"><script async src=\"\/\/pagead2.googlesyndication.com\/pagead\/js\/adsbygoogle.js?client=ca-pub-6203283170189293\" crossorigin=\"anonymous\"><\/script><ins class=\"adsbygoogle\" style=\"display:block; text-align:center;\" data-ad-client=\"ca-pub-6203283170189293\" \ndata-ad-slot=\"7303146466\" \ndata-ad-layout=\"in-article\"\ndata-ad-format=\"fluid\" data-full-width-responsive=\"true\"><\/ins>\n<script> \n(adsbygoogle = window.adsbygoogle || []).push({}); \n<\/script>\n<\/div>\n<p><strong>EXPO 2016 Antalya<\/strong><\/p>\n<p>Cumhurba\u015fkan\u0131 Recep Tayyip Erdo\u011fan\u2019\u0131n en \u00f6nem verdi\u011fi organizasyonlardan biri de Antalya\u2019da ger\u00e7ekle\u015ftirilen Expo 2016 oldu. EXPO haz\u0131rl\u0131klar\u0131n\u0131 bizzat yerinde denetleyen Cumhurba\u015fkan\u0131 Erdo\u011fan, organizasyonla ilgili \u00e7al\u0131\u015fmalar hakk\u0131nda bilgi ald\u0131.<\/p>\n<p>Cumhurba\u015fkan\u0131 Erdo\u011fan\u2019\u0131n milli proje olarak g\u00f6rd\u00fc\u011f\u00fc ve a\u00e7\u0131l\u0131\u015f\u0131n\u0131 ger\u00e7ekle\u015ftirdi\u011fi 2016 EXPO Antalya, 1990 y\u0131l\u0131nda Osaka\u2019da d\u00fczenlenen organizasyonun ard\u0131ndan en y\u00fcksek kat\u0131l\u0131ml\u0131 sergi olarak tarihe ge\u00e7ti.<\/p>\n<p><strong>Yat\u0131r\u0131mlara \u00f6nc\u00fcl\u00fck etti<\/strong><\/p>\n<p>D\u00fcnyan\u0131n en b\u00fcy\u00fck orta a\u00e7\u0131kl\u0131kl\u0131 asma k\u00f6pr\u00fcleri aras\u0131nda 4. s\u0131rada yer alan ve otomobille mevcut yol kullan\u0131larak 2 saate yak\u0131n s\u00fcren g\u00fczergah\u0131, k\u00f6pr\u00fc sayesinde 4 dakikaya d\u00fc\u015f\u00fcrecekOsmangazi K\u00f6pr\u00fcs\u00fc, 30 Haziran&#8217;da Cumhurba\u015fkan\u0131 Erdo\u011fan&#8217;\u0131n da kat\u0131ld\u0131\u011f\u0131 t\u00f6renle a\u00e7\u0131ld\u0131.<\/p><div id=\"bghab-2547137662\" class=\"bghab-icerik-icine-55-paragraf bghab-entity-placement\"><script async src=\"\/\/pagead2.googlesyndication.com\/pagead\/js\/adsbygoogle.js?client=ca-pub-6203283170189293\" crossorigin=\"anonymous\"><\/script><ins class=\"adsbygoogle\" style=\"display:block; text-align:center;\" data-ad-client=\"ca-pub-6203283170189293\" \ndata-ad-slot=\"7303146466\" \ndata-ad-layout=\"in-article\"\ndata-ad-format=\"fluid\" data-full-width-responsive=\"true\"><\/ins>\n<script> \n(adsbygoogle = window.adsbygoogle || []).push({}); \n<\/script>\n<\/div>\n<p><strong>Yavuz Sultan Selim K\u00f6pr\u00fcs\u00fcn\u00fc hizmete a\u00e7t\u0131<\/strong><\/p>\n<p>Bir\u00e7ok \u00f6zelli\u011fi bak\u0131m\u0131ndan T\u00fcrkiye ve d\u00fcnya m\u00fchendislik tarihi i\u00e7in b\u00fcy\u00fck bir kilometre ta\u015f\u0131 olma niteli\u011findeki, &#8220;D\u00fcnyan\u0131n en geni\u015f asma k\u00f6pr\u00fcs\u00fc&#8221; \u00f6zelli\u011fi ta\u015f\u0131yan Yavuz Sultan Selim K\u00f6pr\u00fcs\u00fc ve Kuzey \u00c7evre Otoyolu, 26 A\u011fustos&#8217;ta Cumhurba\u015fkan\u0131 Recep Tayyip Erdo\u011fan&#8217;\u0131n kat\u0131ld\u0131\u011f\u0131 t\u00f6renle hizmete girdi.<\/p>\n<p>TBMM Ba\u015fbakan\u0131 \u0130smail Kahraman ve Ba\u015fbakan Binali Y\u0131ld\u0131r\u0131m&#8217;\u0131n da i\u015ftirak etti\u011fi a\u00e7\u0131l\u0131\u015f t\u00f6reninde, Bahreyn Kral\u0131 Hamed bin \u0130sa Al Halife, Bosna Hersek Ba\u015fkanl\u0131k Konseyi Ba\u015fkan\u0131 Bakir \u0130zetbegovi\u00e7, Makedonya Cumhurba\u015fkan\u0131 Gjorge Ivanov, KKTC Cumhurba\u015fkan\u0131 Mustafa Ak\u0131nc\u0131, Bulgaristan Ba\u015fbakan\u0131 Boyko Borisov, Pakistan Pencap Eyaleti Ba\u015fbakan\u0131 \u015eahbaz \u015eerif,S\u0131rbistan Ba\u015fbakan Yard\u0131mc\u0131s\u0131 Rasim Ljajic, G\u00fcrcistan Ba\u015fbakan Birinci Yard\u0131mc\u0131s\u0131 Dimitri Kumsisihvili&#8217;nin yan\u0131 s\u0131ra \u00e7ok say\u0131da \u00fclkenin ula\u015ft\u0131rma ve ekonomi bakanlar\u0131 da haz\u0131r bulundu.<\/p>\n<div id=\"bghab-2732384541\" class=\"bghab-yazi-altinda bghab-entity-placement\"><div class=\"bghab-adlabel\">Reklamlar<\/div><script async src=\"https:\/\/pagead2.googlesyndication.com\/pagead\/js\/adsbygoogle.js\"><\/script>\r\n<!-- bghaber-yaz\u0131-sonu -->\r\n<ins class=\"adsbygoogle\"\r\n     style=\"display:block\"\r\n     data-ad-client=\"ca-pub-6203283170189293\"\r\n     data-ad-slot=\"4222328180\"\r\n     data-ad-format=\"auto\"\r\n     data-full-width-responsive=\"true\"><\/ins>\r\n<script>\r\n     (adsbygoogle = window.adsbygoogle || []).push({});\r\n<\/script><\/div><br style=\"clear: both; display: block; float: none;\"\/>","protected":false},"excerpt":{"rendered":"<p>T\u00fcrkiye&#8217;nin halkoyuyla se\u00e7ilen ilk Cumhurba\u015fkan\u0131 Erdo\u011fan, g\u00f6revinin ikinci y\u0131l\u0131nda, \u00fclkeyi karanl\u0131\u011fa mahkum etmek isteyen darbe giri\u015fimini milletin deste\u011fiyle \u00f6nleyerek, tarihe ge\u00e7ti. T\u00fcrkiye&#8217;nin halkoyuyla se\u00e7ilen ilk<\/p>\n","protected":false},"author":13,"featured_media":8634,"comment_status":"closed","ping_status":"closed","sticky":false,"template":"","format":"standard","meta":{"advanced_seo_description":"","jetpack_seo_html_title":"","jetpack_seo_noindex":false,"_jetpack_memberships_contains_paid_content":false,"footnotes":""},"categories":[4],"tags":[],"class_list":["post-20411","post","type-post","status-publish","format-standard","has-post-thumbnail","hentry","category-siyaset"],"jetpack_featured_media_url":"https:\/\/i0.wp.com\/www.bghaber.org\/bghaber\/wp-content\/uploads\/2013\/12\/recep-tayyip-erdogan.jpg?fit=400%2C290&ssl=1","jetpack_sharing_enabled":true,"jetpack_likes_enabled":true,"jetpack-related-posts":[],"jetpack_shortlink":"https:\/\/wp.me\/pc2PfJ-5jd","_links":{"self":[{"href":"https:\/\/www.bghaber.org\/bghaber\/wp-json\/wp\/v2\/posts\/20411","targetHints":{"allow":["GET"]}}],"collection":[{"href":"https:\/\/www.bghaber.org\/bghaber\/wp-json\/wp\/v2\/posts"}],"about":[{"href":"https:\/\/www.bghaber.org\/bghaber\/wp-json\/wp\/v2\/types\/post"}],"author":[{"embeddable":true,"href":"https:\/\/www.bghaber.org\/bghaber\/wp-json\/wp\/v2\/users\/13"}],"replies":[{"embeddable":true,"href":"https:\/\/www.bghaber.org\/bghaber\/wp-json\/wp\/v2\/comments?post=20411"}],"version-history":[{"count":0,"href":"https:\/\/www.bghaber.org\/bghaber\/wp-json\/wp\/v2\/posts\/20411\/revisions"}],"wp:featuredmedia":[{"embeddable":true,"href":"https:\/\/www.bghaber.org\/bghaber\/wp-json\/wp\/v2\/media\/8634"}],"wp:attachment":[{"href":"https:\/\/www.bghaber.org\/bghaber\/wp-json\/wp\/v2\/media?parent=20411"}],"wp:term":[{"taxonomy":"category","embeddable":true,"href":"https:\/\/www.bghaber.org\/bghaber\/wp-json\/wp\/v2\/categories?post=20411"},{"taxonomy":"post_tag","embeddable":true,"href":"https:\/\/www.bghaber.org\/bghaber\/wp-json\/wp\/v2\/tags?post=20411"}],"curies":[{"name":"wp","href":"https:\/\/api.w.org\/{rel}","templated":true}]}}