{"id":20405,"date":"2016-09-03T14:17:49","date_gmt":"2016-09-03T11:17:49","guid":{"rendered":"http:\/\/www.bghaber.org\/bghaber\/?p=20405"},"modified":"2016-09-03T14:17:49","modified_gmt":"2016-09-03T11:17:49","slug":"bulgar-boncheva-imzayi-atti","status":"publish","type":"post","link":"https:\/\/www.bghaber.org\/bghaber\/bulgar-boncheva-imzayi-atti\/","title":{"rendered":"Bulgar Boncheva \u0130mzay\u0131 Att\u0131"},"content":{"rendered":"<h2 class=\"mt10\">T\u00fcrkiye Bayanlar Voleybol 2. Ligi ekiplerinden Salihli Belediyespor\u2019un prensipte anla\u015fma sa\u011flad\u0131\u011f\u0131 Bulgaristan Milli Tak\u0131m oyuncusu pas\u00f6r Vesela Boncheva, d\u00fczenlenen t\u00f6renle kendisini ye\u015fil-beyaz renklere ba\u011flayan resmi s\u00f6zle\u015fmeye imza att\u0131.<\/h2>\n<div class=\"RenderVideoOrImage\">\n<div class=\"haberResim\"><img data-recalc-dims=\"1\" decoding=\"async\" id=\"haberResim\" src=\"https:\/\/i0.wp.com\/img.sondakika.com\/haber\/246\/bulgar-boncheva-imzayi-atti-8747246_o.jpg?w=640\" alt=\"Bulgar Boncheva \u0130mzay\u0131 Att\u0131, System.String[]\" \/><\/div>\n<\/div>\n<div class=\"wrapper\">T\u00fcrkiye Bayanlar Voleybol 2. Ligi ekiplerinden\u00a0Salihli Belediyespor&#8217;un prensipte anla\u015fma sa\u011flad\u0131\u011f\u0131\u00a0Bulgaristan Milli Tak\u0131m oyuncusu pas\u00f6r Vesela Boncheva, d\u00fczenlenen t\u00f6renle kendisini ye\u015fil-beyaz renklere ba\u011flayan resmi s\u00f6zle\u015fmeye imza att\u0131.<\/p>\n<p>Polonya 1. Ligi ekibi KS Developres Rzeszow tak\u0131m\u0131ndan transfer edilen 1990 do\u011fumlu ve 1.87 cm boyundaki Bulgar oyuncu Boncheva, s\u0131ras\u0131yla Levski Siconco, AZS Bialystok, VK Bak\u0131, Laon Volley-Ball, Ope Rethymno ve VK Maritsa Plovdiv tak\u0131mlar\u0131nda m\u00fccadele etti. Belediye Ba\u015fkan Yard\u0131mc\u0131s\u0131\u00a0Yal\u0131m\u00a0\u015eenkaya&#8217;n\u0131n makam odas\u0131nda kendisini ye\u015fil-beyazl\u0131 renklere ba\u011flayan imzay\u0131 atan\u00a0Bulgaristan Milli Tak\u0131m oyuncusu Boncheva, Belediye Ba\u015fkan Yard\u0131mc\u0131s\u0131\u00a0Yal\u0131m\u00a0\u015eenkaya, Spor \u0130\u015fleri M\u00fcd\u00fcr\u00fc U\u011fur Kocag\u00f6z ve Ba\u015f Antren\u00f6r Bora \u015eensoy ile birlikte Belediye Ba\u015fkan\u0131\u00a0Zeki Kayda&#8217;y\u0131 makam\u0131nda ziyaret etti. Kariyerine yeni ba\u015far\u0131lar eklemek i\u00e7in\u00a0Salihli Belediyespor&#8217;u tercih etti\u011fini s\u00f6yleyen Boncheva, ye\u015fil-beyazl\u0131 tak\u0131m\u0131n daha iyi yerlere gelmesi i\u00e7in elinden geleni yapaca\u011f\u0131n\u0131 ifade ederek Ba\u015fkan Kayda&#8217;ya ba\u015far\u0131 s\u00f6z\u00fc verdi.<\/p>\n<p>Salihli Belediye Ba\u015fkan\u0131\u00a0Zeki Kayda, yeni transferle\u00a0Salihli Belediyespor Bayan Voleybol Tak\u0131m\u0131, kadrosunun g\u00fc\u00e7lendi\u011fini kaydetti.\u00a0Bulgaristan Milli Tak\u0131m oyuncusu Vesela Boncheva&#8217;y\u0131 makam\u0131nda a\u011f\u0131rlayan Ba\u015fkan\u00a0Zeki Kayda, ziyaretten dolay\u0131 Ba\u015fantren\u00f6r Bora \u015eensoy ile oyuncu Boncheva&#8217;ya te\u015fekk\u00fcr ederek yeni sezonda ba\u015far\u0131lar diledi<\/p><\/div>\n<div id=\"bghab-1120682989\" class=\"bghab-yazi-altinda bghab-entity-placement\"><div class=\"bghab-adlabel\">Reklamlar<\/div><script async src=\"https:\/\/pagead2.googlesyndication.com\/pagead\/js\/adsbygoogle.js\"><\/script>\r\n<!-- bghaber-yaz\u0131-sonu -->\r\n<ins class=\"adsbygoogle\"\r\n     style=\"display:block\"\r\n     data-ad-client=\"ca-pub-6203283170189293\"\r\n     data-ad-slot=\"4222328180\"\r\n     data-ad-format=\"auto\"\r\n     data-full-width-responsive=\"true\"><\/ins>\r\n<script>\r\n     (adsbygoogle = window.adsbygoogle || []).push({});\r\n<\/script><\/div><br style=\"clear: both; display: block; float: none;\"\/>","protected":false},"excerpt":{"rendered":"<p>T\u00fcrkiye Bayanlar Voleybol 2. Ligi ekiplerinden Salihli Belediyespor\u2019un prensipte anla\u015fma sa\u011flad\u0131\u011f\u0131 Bulgaristan Milli Tak\u0131m oyuncusu pas\u00f6r Vesela Boncheva, d\u00fczenlenen t\u00f6renle kendisini ye\u015fil-beyaz renklere ba\u011flayan resmi<\/p>\n","protected":false},"author":13,"featured_media":20406,"comment_status":"closed","ping_status":"closed","sticky":false,"template":"","format":"standard","meta":{"advanced_seo_description":"","jetpack_seo_html_title":"","jetpack_seo_noindex":false,"_jetpack_memberships_contains_paid_content":false,"footnotes":""},"categories":[7],"tags":[],"class_list":["post-20405","post","type-post","status-publish","format-standard","has-post-thumbnail","hentry","category-saglik-spor"],"jetpack_featured_media_url":"https:\/\/i0.wp.com\/www.bghaber.org\/bghaber\/wp-content\/uploads\/2016\/09\/bulgar-boncheva-imzayi-atti-8747246_o.png?fit=640%2C360&ssl=1","jetpack_sharing_enabled":true,"jetpack_likes_enabled":true,"jetpack-related-posts":[],"jetpack_shortlink":"https:\/\/wp.me\/pc2PfJ-5j7","_links":{"self":[{"href":"https:\/\/www.bghaber.org\/bghaber\/wp-json\/wp\/v2\/posts\/20405","targetHints":{"allow":["GET"]}}],"collection":[{"href":"https:\/\/www.bghaber.org\/bghaber\/wp-json\/wp\/v2\/posts"}],"about":[{"href":"https:\/\/www.bghaber.org\/bghaber\/wp-json\/wp\/v2\/types\/post"}],"author":[{"embeddable":true,"href":"https:\/\/www.bghaber.org\/bghaber\/wp-json\/wp\/v2\/users\/13"}],"replies":[{"embeddable":true,"href":"https:\/\/www.bghaber.org\/bghaber\/wp-json\/wp\/v2\/comments?post=20405"}],"version-history":[{"count":0,"href":"https:\/\/www.bghaber.org\/bghaber\/wp-json\/wp\/v2\/posts\/20405\/revisions"}],"wp:featuredmedia":[{"embeddable":true,"href":"https:\/\/www.bghaber.org\/bghaber\/wp-json\/wp\/v2\/media\/20406"}],"wp:attachment":[{"href":"https:\/\/www.bghaber.org\/bghaber\/wp-json\/wp\/v2\/media?parent=20405"}],"wp:term":[{"taxonomy":"category","embeddable":true,"href":"https:\/\/www.bghaber.org\/bghaber\/wp-json\/wp\/v2\/categories?post=20405"},{"taxonomy":"post_tag","embeddable":true,"href":"https:\/\/www.bghaber.org\/bghaber\/wp-json\/wp\/v2\/tags?post=20405"}],"curies":[{"name":"wp","href":"https:\/\/api.w.org\/{rel}","templated":true}]}}