{"id":20403,"date":"2016-09-03T14:13:53","date_gmt":"2016-09-03T11:13:53","guid":{"rendered":"http:\/\/www.bghaber.org\/bghaber\/?p=20403"},"modified":"2016-09-03T14:13:53","modified_gmt":"2016-09-03T11:13:53","slug":"trakya-universitesinden-bulgaristanda-cumhurbaskani-adayi","status":"publish","type":"post","link":"https:\/\/www.bghaber.org\/bghaber\/trakya-universitesinden-bulgaristanda-cumhurbaskani-adayi\/","title":{"rendered":"Trakya \u00dcniversitesi&#8217;nden, Bulgaristan&#8217;da Cumhurba\u015fkan\u0131 Aday\u0131"},"content":{"rendered":"<h2 class=\"mt10\">Trakya \u00dcniversitesi G\u00fczel Sanatlar Fak\u00fcltesi \u00d6\u011fretim \u00dcyesi Prof. Dr. Velislav Minekov, memleketi Bulgaristan\u2019da Cumhurba\u015fkan\u0131 aday\u0131 olarak g\u00f6sterildi.<\/h2>\n<div class=\"RenderVideoOrImage\">\n<div class=\"haberResim\"><img data-recalc-dims=\"1\" decoding=\"async\" id=\"haberResim\" src=\"https:\/\/i0.wp.com\/img.sondakika.com\/haber\/716\/trakya-universitesi-nde-ogretim-uyesi-bulgari-8750716_o.jpg?w=640\" alt=\"Trakya \u00dcniversitesi'nde \u00d6\u011fretim \u00dcyesi, Bulgaristan'da Cumhurba\u015fkan\u0131 Aday\u0131 Oldu, System.String[]\" \/><\/div>\n<\/div>\n<div class=\"wrapper\">Trakya \u00dcniversitesi G\u00fczel Sanatlar Fak\u00fcltesi \u00d6\u011fretim \u00dcyesi Prof. Dr. Velislav Minekov, memleketi\u00a0Bulgaristan&#8217;da\u00a0Cumhurba\u015fkan\u0131 aday\u0131 olarak g\u00f6sterildi.<\/p>\n<p>Bulgaristan&#8217;\u0131n en b\u00fcy\u00fck sanat\u00e7\u0131lar\u0131ndan biri olan Mineko, hayat\u0131, sanat\u00e7\u0131 kimli\u011fi ve\u00a0Bulgaristan&#8217;da\u00a0Cumhurba\u015fkan\u0131 aday\u0131 olmas\u0131 ile ilgili yapt\u0131\u011f\u0131 a\u00e7\u0131klamada, &#8220;T\u00fcm d\u00fcnyay\u0131 gezdim ve e\u011fitimler verdim. Trakya \u00dcniversitesine ilk geldi\u011fimde buradaki g\u00fczel \u015fartlar beni \u00e7ok etkiledi. Buradaki \u00e7al\u0131\u015fma \u015fartlar\u0131 Balkanlardaki bir\u00e7ok \u00fcniversiteden daha iyi. Burada \u00f6\u011frenciler ve akademisyenler de \u00e7ok iyi ve yetenekli. Burada yeni b\u00f6l\u00fcmler a\u00e7may\u0131 planl\u0131yoruz.\u00a0Edirne tarihi bir \u015fehir&#8221; dedi.<\/p>\n<p>T\u00fcrkiye&#8217;deki \u00e7al\u0131\u015fmalar\u0131 ile ilgili de bilgi veren Prof. Dr. Velislav Minekov, &#8220;\u00d6ncelikle\u00a0T\u00fcrkiye&#8217;yi \u00e7ok seviyorum. Burada olmaktan dolay\u0131 \u00e7ok mutluyum.\u00a0T\u00fcrkiye&#8217;nin bir\u00e7ok yerinde eserlerim sergileniyor. Burada \u00e7al\u0131\u015fmalar\u0131m sanatseverler taraf\u0131ndan b\u00fcy\u00fck ilgi g\u00f6r\u00fcyor. Bir\u00e7ok sergi a\u00e7t\u0131m ve sergilere eserlerim ile kat\u0131ld\u0131m&#8221; ifadelerini kulland\u0131.<\/p>\n<p>Prof. Dr. Velislav Minekov, \u00fclkesinde siyasi ve aktivist ki\u015fili\u011fi ile tan\u0131n\u0131rken, kendisinin\u00a0Bulgaristan&#8217;da\u00a0Cumhurba\u015fkan\u0131 aday\u0131 g\u00f6sterilmesi ile ilgili \u015funlar\u0131 kaydetti:<\/p>\n<p>&#8220;\u00dclkemde sadece sanat\u00e7\u0131 kimli\u011fim ile tan\u0131nm\u0131yorum. Ben toplumsal olaylara kar\u015f\u0131 sorumluluk hisseden bir vatanda\u015f\u0131m. \u00dclkemde bir\u00e7ok konu hakk\u0131nda fikirlerimi dile getirmekten \u00e7ekinmedim. Bu \u00f6zelli\u011fim sayesinde\u00a0Bulgaristan&#8217;da\u00a0Cumhurba\u015fkan\u0131 aday\u0131 olmam i\u00e7in bir teklif getirildi. Bu \u00e7ok b\u00fcy\u00fck bir makam ve b\u00fcy\u00fck bir sorumluluk.&#8221;<\/p><\/div>\n<div id=\"bghab-4210731880\" class=\"bghab-yazi-altinda bghab-entity-placement\"><div class=\"bghab-adlabel\">Reklamlar<\/div><script async src=\"https:\/\/pagead2.googlesyndication.com\/pagead\/js\/adsbygoogle.js\"><\/script>\r\n<!-- bghaber-yaz\u0131-sonu -->\r\n<ins class=\"adsbygoogle\"\r\n     style=\"display:block\"\r\n     data-ad-client=\"ca-pub-6203283170189293\"\r\n     data-ad-slot=\"4222328180\"\r\n     data-ad-format=\"auto\"\r\n     data-full-width-responsive=\"true\"><\/ins>\r\n<script>\r\n     (adsbygoogle = window.adsbygoogle || []).push({});\r\n<\/script><\/div><br style=\"clear: both; display: block; float: none;\"\/>","protected":false},"excerpt":{"rendered":"<p>Trakya \u00dcniversitesi G\u00fczel Sanatlar Fak\u00fcltesi \u00d6\u011fretim \u00dcyesi Prof. Dr. Velislav Minekov, memleketi Bulgaristan\u2019da Cumhurba\u015fkan\u0131 aday\u0131 olarak g\u00f6sterildi. Trakya \u00dcniversitesi G\u00fczel Sanatlar Fak\u00fcltesi \u00d6\u011fretim \u00dcyesi Prof.<\/p>\n","protected":false},"author":13,"featured_media":18349,"comment_status":"closed","ping_status":"closed","sticky":false,"template":"","format":"standard","meta":{"advanced_seo_description":"","jetpack_seo_html_title":"","jetpack_seo_noindex":false,"_jetpack_memberships_contains_paid_content":false,"footnotes":""},"categories":[4],"tags":[],"class_list":["post-20403","post","type-post","status-publish","format-standard","has-post-thumbnail","hentry","category-siyaset"],"jetpack_featured_media_url":"https:\/\/i0.wp.com\/www.bghaber.org\/bghaber\/wp-content\/uploads\/2016\/03\/bg-cumhur.jpg?fit=610%2C343&ssl=1","jetpack_sharing_enabled":true,"jetpack_likes_enabled":true,"jetpack-related-posts":[],"jetpack_shortlink":"https:\/\/wp.me\/pc2PfJ-5j5","_links":{"self":[{"href":"https:\/\/www.bghaber.org\/bghaber\/wp-json\/wp\/v2\/posts\/20403","targetHints":{"allow":["GET"]}}],"collection":[{"href":"https:\/\/www.bghaber.org\/bghaber\/wp-json\/wp\/v2\/posts"}],"about":[{"href":"https:\/\/www.bghaber.org\/bghaber\/wp-json\/wp\/v2\/types\/post"}],"author":[{"embeddable":true,"href":"https:\/\/www.bghaber.org\/bghaber\/wp-json\/wp\/v2\/users\/13"}],"replies":[{"embeddable":true,"href":"https:\/\/www.bghaber.org\/bghaber\/wp-json\/wp\/v2\/comments?post=20403"}],"version-history":[{"count":0,"href":"https:\/\/www.bghaber.org\/bghaber\/wp-json\/wp\/v2\/posts\/20403\/revisions"}],"wp:featuredmedia":[{"embeddable":true,"href":"https:\/\/www.bghaber.org\/bghaber\/wp-json\/wp\/v2\/media\/18349"}],"wp:attachment":[{"href":"https:\/\/www.bghaber.org\/bghaber\/wp-json\/wp\/v2\/media?parent=20403"}],"wp:term":[{"taxonomy":"category","embeddable":true,"href":"https:\/\/www.bghaber.org\/bghaber\/wp-json\/wp\/v2\/categories?post=20403"},{"taxonomy":"post_tag","embeddable":true,"href":"https:\/\/www.bghaber.org\/bghaber\/wp-json\/wp\/v2\/tags?post=20403"}],"curies":[{"name":"wp","href":"https:\/\/api.w.org\/{rel}","templated":true}]}}