{"id":20399,"date":"2016-09-03T13:37:59","date_gmt":"2016-09-03T10:37:59","guid":{"rendered":"http:\/\/www.bghaber.org\/bghaber\/?p=20399"},"modified":"2016-09-03T13:41:08","modified_gmt":"2016-09-03T10:41:08","slug":"turklerden-kotuluk-gormedik","status":"publish","type":"post","link":"https:\/\/www.bghaber.org\/bghaber\/turklerden-kotuluk-gormedik\/","title":{"rendered":"T\u00fcrklerden K\u00f6t\u00fcl\u00fck G\u00f6rmedik"},"content":{"rendered":"<p>\u00dcnl\u00fc sanat\u00e7\u0131 Lili \u0130vanova ailesini anlatt\u0131.<\/p>\n<p><img data-recalc-dims=\"1\" decoding=\"async\" src=\"https:\/\/i0.wp.com\/pravda.bg\/wp-content\/uploads\/2014\/03\/lili-ivanova-06.jpg?w=640\" alt=\"\u00dcnl\u00fc sanat\u00e7\u0131 Lili \u0130vanova ile ilgili g\u00f6rsel sonucu\" \/><\/p>\n<p><strong>Lili \u0130vanova<\/strong><\/p>\n<p><strong>Bulgar m\u00fczi\u011finin devas\u0131 Lili \u0130vanova Romen \u00e7\u0131kt\u0131. Kendisi anlatt\u0131.<\/strong><\/p>\n<p><strong>Bizimkiler Marii\u2019den gelmi\u015fler: B\u00fcy\u00fck annem, annem Mariya idi, \u00f6teki nenem ise Marina, kuzenim de Mariya idi. Soyumda erkeklerin isimleri \u0130van ve Pet\u0131r\u2019d\u0131. Anneanneme sen ka\u00e7 ya\u015f\u0131ndas\u0131n diye sordu\u011fumda, \u201cOsmanl\u0131 zman\u0131nda16 ya\u015f\u0131ndayd\u0131m\u201d cevab\u0131n\u0131 verirdi. <\/strong><\/p>\n<p><strong>Osmanl\u0131y\u0131 hat\u0131rl\u0131yordu, \u00e7ok olaylar anlatsa da, hi\u00e7bir zaman ve asla T\u00fcrkler hakk\u0131nda bir tek k\u00f6t\u00fc s\u00f6z s\u00f6ylememi\u015ftir, diyen \u00fcnl\u00fc sanat\u00e7\u0131, \u015f\u00f6yle devam ediyor:<\/strong><br \/>\nAnneannem \u00e7ok g\u00fczelmi\u015f, T\u00fcrklerin g\u00fczel k\u0131zlar\u0131 toplay\u0131p g\u00f6t\u00fcrd\u00fckleri zamanlarda, bizimkiler onu balkana g\u00f6t\u00fcr\u00fcp bir ine sakl\u0131yorlarm\u0131\u015f, o da f\u0131rt\u0131na ge\u00e7ene kadar orada kal\u0131yormu\u015f. Soyumuz Romanya\u2019dan gelmi\u015f ve Rus\u00e7uk\u2019 ba\u011fl\u0131 Nisovo k\u00f6y\u00fcne yerle\u015fmi\u015fler. Serkan at yeti\u015ftiriyor ve T\u00fcrklere sat\u0131yorlarm\u0131\u015f.\u201d<\/p><div id=\"bghab-4155003358\" class=\"bghab-icerik-icine bghab-entity-placement\"><script async src=\"\/\/pagead2.googlesyndication.com\/pagead\/js\/adsbygoogle.js?client=ca-pub-6203283170189293\" crossorigin=\"anonymous\"><\/script><ins class=\"adsbygoogle\" style=\"display:block; text-align:center;\" data-ad-client=\"ca-pub-6203283170189293\" \ndata-ad-slot=\"7303146466\" \ndata-ad-layout=\"in-article\"\ndata-ad-format=\"fluid\" data-full-width-responsive=\"true\"><\/ins>\n<script> \n(adsbygoogle = window.adsbygoogle || []).push({}); \n<\/script>\n<\/div>\n<p>T\u00fcrkiye\u2019de konserler veren ve T\u00fcrk bas\u0131n\u0131nda \u201cBulgaristan\u2019\u0131n \u00e7irkin b\u00fclb\u00fcl\u00fc\u201d olarak tan\u0131t\u0131lan Lili \u0130vanov, Romanya\u2019dan g\u00f6\u00e7men bir soyun k\u0131z\u0131 oldu\u011funu \u015fimdiye kadar a\u00e7\u0131klamam\u0131\u015ft\u0131.<\/p>\n<p>Romen oldu\u011funu a\u00e7\u0131klamas\u0131na tepiler gelince yan\u0131t veren sevilen sanat\u00e7\u0131 \u015f\u00f6yle dedi: \u201cBen kimseden hi\u00e7bir \u015fey gizlemedim, bug\u00fcnde gizlemiyorum. Ben sahneye an-babamla veya dedemle ve nenemle birlikte \u00e7\u0131km\u0131yorum, yaln\u0131z endim \u00e7\u0131k\u0131yorum ve ben buyum. Benim sanat kariyerim hakk\u0131nda soyuma bak\u0131larak de\u011fer verilmesini kabul edemem. Eve beyinlerim benim sanat\u0131ma kar\u0131\u015fmad\u0131lar. Ailemizde yaz\u0131lmam\u0131\u015f kuralar vard\u0131. Hepsi karar\u0131m\u0131 verdimse o i\u015fi yapaca\u011f\u0131m\u0131 biliyordu. Ben sanat\u0131 se\u00e7tim.<\/p>\n<p><img data-recalc-dims=\"1\" decoding=\"async\" src=\"https:\/\/i0.wp.com\/a2-images.myspacecdn.com\/images02\/88\/a680f13be5d5448cb45b2f3064ea5b39\/300x300.jpg?w=640&#038;ssl=1\" alt=\"\u00dcnl\u00fc sanat\u00e7\u0131 Lili \u0130vanova ile ilgili g\u00f6rsel sonucu\" \/>\u00a0 \u00a0 \u00a0 \u00a0\u00a0<img data-recalc-dims=\"1\" height=\"300\" width=\"300\" decoding=\"async\" src=\"https:\/\/i0.wp.com\/www.bghaber.org\/bghaber\/wp-content\/uploads\/2016\/09\/lili-300x300.jpg?resize=300%2C300\" alt=\"lili\" \/><\/p>\n<div id=\"bghab-1598891929\" class=\"bghab-yazi-altinda bghab-entity-placement\"><div class=\"bghab-adlabel\">Reklamlar<\/div><script async src=\"https:\/\/pagead2.googlesyndication.com\/pagead\/js\/adsbygoogle.js\"><\/script>\r\n<!-- bghaber-yaz\u0131-sonu -->\r\n<ins class=\"adsbygoogle\"\r\n     style=\"display:block\"\r\n     data-ad-client=\"ca-pub-6203283170189293\"\r\n     data-ad-slot=\"4222328180\"\r\n     data-ad-format=\"auto\"\r\n     data-full-width-responsive=\"true\"><\/ins>\r\n<script>\r\n     (adsbygoogle = window.adsbygoogle || []).push({});\r\n<\/script><\/div><br style=\"clear: both; display: block; float: none;\"\/>","protected":false},"excerpt":{"rendered":"<p>\u00dcnl\u00fc sanat\u00e7\u0131 Lili \u0130vanova ailesini anlatt\u0131. Lili \u0130vanova Bulgar m\u00fczi\u011finin devas\u0131 Lili \u0130vanova Romen \u00e7\u0131kt\u0131. Kendisi anlatt\u0131. Bizimkiler Marii\u2019den gelmi\u015fler: B\u00fcy\u00fck annem, annem Mariya idi,<\/p>\n","protected":false},"author":13,"featured_media":20400,"comment_status":"closed","ping_status":"closed","sticky":false,"template":"","format":"standard","meta":{"advanced_seo_description":"","jetpack_seo_html_title":"","jetpack_seo_noindex":false,"_jetpack_memberships_contains_paid_content":false,"footnotes":""},"categories":[8],"tags":[],"class_list":["post-20399","post","type-post","status-publish","format-standard","has-post-thumbnail","hentry","category-egitim"],"jetpack_featured_media_url":"https:\/\/i0.wp.com\/www.bghaber.org\/bghaber\/wp-content\/uploads\/2016\/09\/lili.jpg?fit=300%2C300&ssl=1","jetpack_sharing_enabled":true,"jetpack_likes_enabled":true,"jetpack-related-posts":[],"jetpack_shortlink":"https:\/\/wp.me\/pc2PfJ-5j1","_links":{"self":[{"href":"https:\/\/www.bghaber.org\/bghaber\/wp-json\/wp\/v2\/posts\/20399","targetHints":{"allow":["GET"]}}],"collection":[{"href":"https:\/\/www.bghaber.org\/bghaber\/wp-json\/wp\/v2\/posts"}],"about":[{"href":"https:\/\/www.bghaber.org\/bghaber\/wp-json\/wp\/v2\/types\/post"}],"author":[{"embeddable":true,"href":"https:\/\/www.bghaber.org\/bghaber\/wp-json\/wp\/v2\/users\/13"}],"replies":[{"embeddable":true,"href":"https:\/\/www.bghaber.org\/bghaber\/wp-json\/wp\/v2\/comments?post=20399"}],"version-history":[{"count":0,"href":"https:\/\/www.bghaber.org\/bghaber\/wp-json\/wp\/v2\/posts\/20399\/revisions"}],"wp:featuredmedia":[{"embeddable":true,"href":"https:\/\/www.bghaber.org\/bghaber\/wp-json\/wp\/v2\/media\/20400"}],"wp:attachment":[{"href":"https:\/\/www.bghaber.org\/bghaber\/wp-json\/wp\/v2\/media?parent=20399"}],"wp:term":[{"taxonomy":"category","embeddable":true,"href":"https:\/\/www.bghaber.org\/bghaber\/wp-json\/wp\/v2\/categories?post=20399"},{"taxonomy":"post_tag","embeddable":true,"href":"https:\/\/www.bghaber.org\/bghaber\/wp-json\/wp\/v2\/tags?post=20399"}],"curies":[{"name":"wp","href":"https:\/\/api.w.org\/{rel}","templated":true}]}}