{"id":20395,"date":"2016-09-03T12:58:10","date_gmt":"2016-09-03T09:58:10","guid":{"rendered":"http:\/\/www.bghaber.org\/bghaber\/?p=20395"},"modified":"2018-02-19T21:03:21","modified_gmt":"2018-02-19T18:03:21","slug":"185-gun-sarti-resmen-kalkti","status":"publish","type":"post","link":"https:\/\/www.bghaber.org\/bghaber\/185-gun-sarti-resmen-kalkti\/","title":{"rendered":"185 G\u00dcN \u015eARTI \u2018RESMEN\u2019 KALKTI"},"content":{"rendered":"<p>Yabanc\u0131 plakal\u0131 ara\u00e7lar\u0131n\u0131 T\u00fcrkiye\u2019de kullanmak isteyenlere uygulanan 185 g\u00fcn \u015fart\u0131, resmen kald\u0131r\u0131ld\u0131.<\/p>\n<p>AVRUPA\u2019da ya\u015fayan ve \u00f6zel otomobiliyle T\u00fcrkiye\u2019ye gidenlerden, hem arac\u0131n hem ki\u015finin 185 g\u00fcn yurtd\u0131\u015f\u0131nda kalm\u0131\u015f olmas\u0131 \u015fart\u0131 aran\u0131yordu. Yasan\u0131n uygulanmas\u0131 \u00f6zellikle g\u00fcmr\u00fcklerde \u00e7ok say\u0131da emeklinin ma\u011fdur olmas\u0131na neden oldu. \u015eikayetler \u00fczerine yasada de\u011fi\u015fiklik yap\u0131ld\u0131 ve kararname d\u00fcn Resmi Gazete\u2019de yay\u0131nlanarak, y\u00fcr\u00fcrl\u00fc\u011fe girdi. Yeni d\u00fczenlemeye g\u00f6re yurtd\u0131\u015f\u0131nda ya\u015fayan emeklilerden art\u0131k yurtd\u0131\u015f\u0131nda 185 g\u00fcn kalm\u0131\u015f olma \u015fart\u0131 aranmayacak.<\/p>\n<p>AK Parti milletvekili ve TBMM \u0130nsan Haklar\u0131n\u0131 \u0130nceleme Komisyonu Ba\u015fkan\u0131 Mustafa Yenero\u011flu, \u201cYurt d\u0131\u015f\u0131ndan ara\u00e7 getiren emekliler i\u00e7in yeni d\u00fczenleme uygulamaya girmi\u015ftir. Buna g\u00f6re yurt d\u0131\u015f\u0131nda emekli olduktan sonra T\u00fcrkiye\u2019ye ilk defa ara\u00e7 getirecek ki\u015filerde yurt d\u0131\u015f\u0131nda yerle\u015fik olma \u015fart\u0131n\u0131n tezah\u00fcr\u00fc olan 185 g\u00fcn ilgili \u00fclkede ya\u015fama \u015fart\u0131 aranmayacak. Ayn\u0131 \u015fekilde arac\u0131 i\u00e7in ald\u0131\u011f\u0131 24 ayl\u0131k izin s\u00fcresinin tamam\u0131n\u0131 kullanmadan arac\u0131yla yurt d\u0131\u015f\u0131na \u00e7\u0131kan emekli bir vatanda\u015f\u0131m\u0131z\u0131n geri kalan s\u00fcrelerini kullanmak \u00fczere ta\u015f\u0131t\u0131yla yeniden T\u00fcrkiye\u2019ye giri\u015f yapmas\u0131 durumunda da 185 g\u00fcn \u015fart\u0131 dikkate al\u0131nmayacak. Bu ki\u015finin arac\u0131na, arac\u0131n sahip oldu\u011fu geri kalan izin s\u00fcresi verilecektir.\u201d<\/p>\n<p>B\u0130R AYLIK S\u00dcRE VER\u0130LECEK<\/p>\n<p>\u201cYeni d\u00fczenleme ayr\u0131ca, arac\u0131 i\u00e7in iki y\u0131ll\u0131k iznin tamam\u0131n\u0131 kullanm\u0131\u015f veya 185 g\u00fcn \u015fart\u0131n\u0131 yerine getirmeyen AB ve Avrupa Serbest Ticaret Birli\u011fi \u00fclkelerinde yerle\u015fik ki\u015filerin g\u00fcmr\u00fckte ya\u015fad\u0131klar\u0131 ma\u011fduriyeti engellemek i\u00e7in de \u00f6nemli bir kolayl\u0131k sa\u011flamaktad\u0131r. Bu ki\u015filerin ara\u00e7lar\u0131na y\u0131lda bir defaya mahsus bir ayl\u0131\u011f\u0131na s\u00fcre verilecektir.\u201d<\/p><div id=\"bghab-3899536121\" class=\"bghab-icerik-icine bghab-entity-placement\"><script async src=\"\/\/pagead2.googlesyndication.com\/pagead\/js\/adsbygoogle.js?client=ca-pub-6203283170189293\" crossorigin=\"anonymous\"><\/script><ins class=\"adsbygoogle\" style=\"display:block; text-align:center;\" data-ad-client=\"ca-pub-6203283170189293\" \ndata-ad-slot=\"7303146466\" \ndata-ad-layout=\"in-article\"\ndata-ad-format=\"fluid\" data-full-width-responsive=\"true\"><\/ins>\n<script> \n(adsbygoogle = window.adsbygoogle || []).push({}); \n<\/script>\n<\/div>\n<p>\u0130\u015eTE YEN\u0130 KARARNAME<\/p>\n<p>Resmi Gazete\u2019de d\u00fcn yay\u0131mlanarak y\u00fcr\u00fcrl\u00fc\u011fe giren yeni kararname \u015f\u00f6yle:<br \/>\n\u201cBelirli bir s\u00fcre ile \u00e7al\u0131\u015fmak veya \u00f6\u011frenim g\u00f6rmek amac\u0131yla gelen T\u00fcrkiye G\u00fcmr\u00fckB\u00f6lgesi d\u0131\u015f\u0131nda yerle\u015fik ki\u015filerin \u00fclkelerinde adlar\u0131na kay\u0131tl\u0131 olan ki\u015fisel kullan\u0131ma mahsus kara ta\u015f\u0131t\u0131na ge\u00e7ici bir s\u00fcreyle T\u00fcrkiye G\u00fcmr\u00fck B\u00f6lgesi\u2019nde trafi\u011fe tescil edilmek \u00fczere ge\u00e7ici ithalat izni verilir. Bu ta\u015f\u0131tlar \u00e7al\u0131\u015fma veya \u00f6\u011frenim s\u00fcresi i\u00e7erisinde T\u00fcrkiye G\u00fcmr\u00fck B\u00f6lgesi\u2019ne getirilebilir. Bu ki\u015filerden emeklilik tarihinden sonra T\u00fcrkiye G\u00fcmr\u00fck B\u00f6lgesine ilk defa getirecekleri ki\u015fisel kullan\u0131ma mahsus kara ta\u015f\u0131tlar\u0131 i\u00e7in T\u00fcrkiye\u2019ye son giri\u015f tarihinden geriye do\u011fru bir y\u0131lda en az 185 g\u00fcn T\u00fcrkiye G\u00fcmr\u00fck B\u00f6lgesi d\u0131\u015f\u0131nda bulunmas\u0131 ko\u015fulu aranmaz.\u201d<\/p>\n<div id=\"bghab-3726785006\" class=\"bghab-yazi-altinda bghab-entity-placement\"><div class=\"bghab-adlabel\">Reklamlar<\/div><script async src=\"https:\/\/pagead2.googlesyndication.com\/pagead\/js\/adsbygoogle.js\"><\/script>\r\n<!-- bghaber-yaz\u0131-sonu -->\r\n<ins class=\"adsbygoogle\"\r\n     style=\"display:block\"\r\n     data-ad-client=\"ca-pub-6203283170189293\"\r\n     data-ad-slot=\"4222328180\"\r\n     data-ad-format=\"auto\"\r\n     data-full-width-responsive=\"true\"><\/ins>\r\n<script>\r\n     (adsbygoogle = window.adsbygoogle || []).push({});\r\n<\/script><\/div><br style=\"clear: both; display: block; float: none;\"\/>","protected":false},"excerpt":{"rendered":"<p>Yabanc\u0131 plakal\u0131 ara\u00e7lar\u0131n\u0131 T\u00fcrkiye\u2019de kullanmak isteyenlere uygulanan 185 g\u00fcn \u015fart\u0131, resmen kald\u0131r\u0131ld\u0131. AVRUPA\u2019da ya\u015fayan ve \u00f6zel otomobiliyle T\u00fcrkiye\u2019ye gidenlerden, hem arac\u0131n hem ki\u015finin 185 g\u00fcn<\/p>\n","protected":false},"author":13,"featured_media":20396,"comment_status":"closed","ping_status":"closed","sticky":false,"template":"","format":"standard","meta":{"advanced_seo_description":"","jetpack_seo_html_title":"","jetpack_seo_noindex":false,"_jetpack_memberships_contains_paid_content":false,"footnotes":""},"categories":[5],"tags":[],"class_list":["post-20395","post","type-post","status-publish","format-standard","has-post-thumbnail","hentry","category-yasam"],"jetpack_featured_media_url":"https:\/\/i0.wp.com\/www.bghaber.org\/bghaber\/wp-content\/uploads\/2016\/09\/araba.jpg?fit=620%2C350&ssl=1","jetpack_sharing_enabled":true,"jetpack_likes_enabled":true,"jetpack-related-posts":[],"jetpack_shortlink":"https:\/\/wp.me\/pc2PfJ-5iX","_links":{"self":[{"href":"https:\/\/www.bghaber.org\/bghaber\/wp-json\/wp\/v2\/posts\/20395","targetHints":{"allow":["GET"]}}],"collection":[{"href":"https:\/\/www.bghaber.org\/bghaber\/wp-json\/wp\/v2\/posts"}],"about":[{"href":"https:\/\/www.bghaber.org\/bghaber\/wp-json\/wp\/v2\/types\/post"}],"author":[{"embeddable":true,"href":"https:\/\/www.bghaber.org\/bghaber\/wp-json\/wp\/v2\/users\/13"}],"replies":[{"embeddable":true,"href":"https:\/\/www.bghaber.org\/bghaber\/wp-json\/wp\/v2\/comments?post=20395"}],"version-history":[{"count":0,"href":"https:\/\/www.bghaber.org\/bghaber\/wp-json\/wp\/v2\/posts\/20395\/revisions"}],"wp:featuredmedia":[{"embeddable":true,"href":"https:\/\/www.bghaber.org\/bghaber\/wp-json\/wp\/v2\/media\/20396"}],"wp:attachment":[{"href":"https:\/\/www.bghaber.org\/bghaber\/wp-json\/wp\/v2\/media?parent=20395"}],"wp:term":[{"taxonomy":"category","embeddable":true,"href":"https:\/\/www.bghaber.org\/bghaber\/wp-json\/wp\/v2\/categories?post=20395"},{"taxonomy":"post_tag","embeddable":true,"href":"https:\/\/www.bghaber.org\/bghaber\/wp-json\/wp\/v2\/tags?post=20395"}],"curies":[{"name":"wp","href":"https:\/\/api.w.org\/{rel}","templated":true}]}}