{"id":20389,"date":"2016-09-03T00:06:36","date_gmt":"2016-09-02T21:06:36","guid":{"rendered":"http:\/\/www.bghaber.org\/bghaber\/?p=20389"},"modified":"2016-09-03T00:07:28","modified_gmt":"2016-09-02T21:07:28","slug":"cumhurbaskanligi-secimi-icin-basvuru-12-eylul","status":"publish","type":"post","link":"https:\/\/www.bghaber.org\/bghaber\/cumhurbaskanligi-secimi-icin-basvuru-12-eylul\/","title":{"rendered":"Cumhurba\u015fkanl\u0131\u011f\u0131 se\u00e7imi i\u00e7in ba\u015fvuru 12 Eyl\u00fcl"},"content":{"rendered":"<p>Bulgaristan Merkez Se\u00e7im Komisyonu\u2019ndan yap\u0131lan a\u00e7\u0131klamada komisyonun Bulgaristan Cumhurba\u015fkanl\u0131\u011f\u0131 ve Cumhurba\u015fkan Yard\u0131mc\u0131l\u0131\u011f\u0131 se\u00e7imlerine kat\u0131lmak isteyen parti ve koalisyonlar\u0131n kayd\u0131n\u0131 yapt\u0131rmak \u00fczere ba\u015fvuru belgelerini 12 Eyl\u00fcl saat 9.00\u2019dan itibaren kabul edilmeye\u00a0ba\u015flayacakt\u0131r.<\/p>\n<p><img data-recalc-dims=\"1\" loading=\"lazy\" decoding=\"async\" class=\"\" src=\"https:\/\/i0.wp.com\/www.bghaber.org\/bghaber\/wp-content\/uploads\/2016\/03\/bg-cumhur.jpg?resize=640%2C360\" alt=\"bg cumhur\" width=\"640\" height=\"360\" \/><\/p>\n<p>Parti ve koalisyonlar, \u201cKnyaz Aleksander 1\u201d<\/p>\n<p>Meydan\u0131 N:1 adresinde bulunan<\/p>\n<p>Halk Meclisi binas\u0131nda komisyona ba\u015fvuruda bulunabilir.<\/p>\n<p>Parti ve koalisyonlar\u0131n ba\u015fvuru s\u00fcresi, kanunca belirlenen s\u00fcreye g\u00f6re<\/p><div id=\"bghab-43724804\" class=\"bghab-icerik-icine bghab-entity-placement\"><script async src=\"\/\/pagead2.googlesyndication.com\/pagead\/js\/adsbygoogle.js?client=ca-pub-6203283170189293\" crossorigin=\"anonymous\"><\/script><ins class=\"adsbygoogle\" style=\"display:block; text-align:center;\" data-ad-client=\"ca-pub-6203283170189293\" \ndata-ad-slot=\"7303146466\" \ndata-ad-layout=\"in-article\"\ndata-ad-format=\"fluid\" data-full-width-responsive=\"true\"><\/ins>\n<script> \n(adsbygoogle = window.adsbygoogle || []).push({}); \n<\/script>\n<\/div>\n<p>4 Ekim saat 17.00\u2019de se\u00e7im g\u00fcn\u00fcnden 32 g\u00fcn \u00f6nce doluyor.<\/p>\n<p>Hat\u0131rlatmak gerekirse, Cumhurba\u015fkanl\u0131\u011f\u0131 se\u00e7imi<\/p>\n<p>6 Kas\u0131m 2016 tarihinde ulusal referandumla birlikte ger\u00e7ekle\u015fecek.<\/p>\n<div id=\"bghab-391475223\" class=\"bghab-yazi-altinda bghab-entity-placement\"><div class=\"bghab-adlabel\">Reklamlar<\/div><script async src=\"https:\/\/pagead2.googlesyndication.com\/pagead\/js\/adsbygoogle.js\"><\/script>\r\n<!-- bghaber-yaz\u0131-sonu -->\r\n<ins class=\"adsbygoogle\"\r\n     style=\"display:block\"\r\n     data-ad-client=\"ca-pub-6203283170189293\"\r\n     data-ad-slot=\"4222328180\"\r\n     data-ad-format=\"auto\"\r\n     data-full-width-responsive=\"true\"><\/ins>\r\n<script>\r\n     (adsbygoogle = window.adsbygoogle || []).push({});\r\n<\/script><\/div><br style=\"clear: both; display: block; float: none;\"\/>","protected":false},"excerpt":{"rendered":"<p>Bulgaristan Merkez Se\u00e7im Komisyonu\u2019ndan yap\u0131lan a\u00e7\u0131klamada komisyonun Bulgaristan Cumhurba\u015fkanl\u0131\u011f\u0131 ve Cumhurba\u015fkan Yard\u0131mc\u0131l\u0131\u011f\u0131 se\u00e7imlerine kat\u0131lmak isteyen parti ve koalisyonlar\u0131n kayd\u0131n\u0131 yapt\u0131rmak \u00fczere ba\u015fvuru belgelerini 12 Eyl\u00fcl<\/p>\n","protected":false},"author":13,"featured_media":18349,"comment_status":"closed","ping_status":"closed","sticky":false,"template":"","format":"standard","meta":{"advanced_seo_description":"","jetpack_seo_html_title":"","jetpack_seo_noindex":false,"_jetpack_memberships_contains_paid_content":false,"footnotes":""},"categories":[4],"tags":[],"class_list":["post-20389","post","type-post","status-publish","format-standard","has-post-thumbnail","hentry","category-siyaset"],"jetpack_featured_media_url":"https:\/\/i0.wp.com\/www.bghaber.org\/bghaber\/wp-content\/uploads\/2016\/03\/bg-cumhur.jpg?fit=610%2C343&ssl=1","jetpack_sharing_enabled":true,"jetpack_likes_enabled":true,"jetpack-related-posts":[],"jetpack_shortlink":"https:\/\/wp.me\/pc2PfJ-5iR","_links":{"self":[{"href":"https:\/\/www.bghaber.org\/bghaber\/wp-json\/wp\/v2\/posts\/20389","targetHints":{"allow":["GET"]}}],"collection":[{"href":"https:\/\/www.bghaber.org\/bghaber\/wp-json\/wp\/v2\/posts"}],"about":[{"href":"https:\/\/www.bghaber.org\/bghaber\/wp-json\/wp\/v2\/types\/post"}],"author":[{"embeddable":true,"href":"https:\/\/www.bghaber.org\/bghaber\/wp-json\/wp\/v2\/users\/13"}],"replies":[{"embeddable":true,"href":"https:\/\/www.bghaber.org\/bghaber\/wp-json\/wp\/v2\/comments?post=20389"}],"version-history":[{"count":0,"href":"https:\/\/www.bghaber.org\/bghaber\/wp-json\/wp\/v2\/posts\/20389\/revisions"}],"wp:featuredmedia":[{"embeddable":true,"href":"https:\/\/www.bghaber.org\/bghaber\/wp-json\/wp\/v2\/media\/18349"}],"wp:attachment":[{"href":"https:\/\/www.bghaber.org\/bghaber\/wp-json\/wp\/v2\/media?parent=20389"}],"wp:term":[{"taxonomy":"category","embeddable":true,"href":"https:\/\/www.bghaber.org\/bghaber\/wp-json\/wp\/v2\/categories?post=20389"},{"taxonomy":"post_tag","embeddable":true,"href":"https:\/\/www.bghaber.org\/bghaber\/wp-json\/wp\/v2\/tags?post=20389"}],"curies":[{"name":"wp","href":"https:\/\/api.w.org\/{rel}","templated":true}]}}