{"id":20379,"date":"2016-09-03T00:02:49","date_gmt":"2016-09-02T21:02:49","guid":{"rendered":"http:\/\/www.bghaber.org\/bghaber\/?p=20379"},"modified":"2016-09-03T13:29:04","modified_gmt":"2016-09-03T10:29:04","slug":"biz-buyuk-bir-milletiz","status":"publish","type":"post","link":"https:\/\/www.bghaber.org\/bghaber\/biz-buyuk-bir-milletiz\/","title":{"rendered":"Biz, B\u00fcy\u00fck Bir Milletiz"},"content":{"rendered":"<p><img data-recalc-dims=\"1\" loading=\"lazy\" decoding=\"async\" class=\"\" src=\"https:\/\/i0.wp.com\/www.bghaber.org\/bghaber\/wp-content\/uploads\/2016\/06\/unal-almanya.jpg?resize=126%2C129\" alt=\"unal almanya\" width=\"126\" height=\"129\" \/>\u00a0\u00dcnal GAZ\u0130<\/p>\n<p>Konu: <strong>T\u00fcrkler taklaya getirilmek istendik<\/strong><\/p>\n<p>&nbsp;<\/p>\n<p>Almanya\u2019day\u0131m. 15 Temmuz\u2019dan sonra burada tart\u0131\u015f\u0131lan konu: <strong>T\u00fcrkiye neden takla att\u0131r\u0131lmak istendi? Olsayd\u0131, bu \u00f6ne mi arkaya m\u0131 d\u00f6nme olurdu<\/strong>?!<\/p>\n<p>Elektronik ileti\u015fim olmasa ve buradaki 4\u20135 milyon T\u00fcrk olaylar\u0131 canl\u0131 izleme imkan\u0131 bulamam\u0131\u015f olsayd\u0131, bu halen ola\u011fan\u00fcst\u00fc canl\u0131 konu, amerikan sak\u0131z\u0131na d\u00f6nebilirdi. \u00a0Bilenler ve bilmeyenler aras\u0131nda k\u0131s\u0131r tart\u0131\u015fmalarda uzay\u0131p k\u0131salacak ya da balon gibi \u015fi\u015firilip patlat\u0131lacakt\u0131. Bug\u00fcn art\u0131k herkes, T\u00fcrkiye&#8217;nin 30\u201340 y\u0131l geriye takla atmaya zorland\u0131\u011f\u0131n\u0131, halk\u0131m\u0131z\u0131n \u015fanl\u0131 direni\u015fiyle bu \u00e7abalar\u0131n bo\u015fa \u00e7\u0131kar\u0131ld\u0131\u011f\u0131n\u0131, b\u00fcy\u00fck say\u0131da \u015fehit ve yaral\u0131 verildi\u011fini biliyoruz.<\/p><div id=\"bghab-4039355404\" class=\"bghab-icerik-icine bghab-entity-placement\"><script async src=\"\/\/pagead2.googlesyndication.com\/pagead\/js\/adsbygoogle.js?client=ca-pub-6203283170189293\" crossorigin=\"anonymous\"><\/script><ins class=\"adsbygoogle\" style=\"display:block; text-align:center;\" data-ad-client=\"ca-pub-6203283170189293\" \ndata-ad-slot=\"7303146466\" \ndata-ad-layout=\"in-article\"\ndata-ad-format=\"fluid\" data-full-width-responsive=\"true\"><\/ins>\n<script> \n(adsbygoogle = window.adsbygoogle || []).push({}); \n<\/script>\n<\/div>\n<p>\u00dcstelik T\u00fcrk halk\u0131n\u0131n emperyalizmin geli\u015fmekte olan d\u00fcnyada mazlum halklar\u0131 taklaya getirme \u00e7abalar\u0131n\u0131 suya d\u00fc\u015f\u00fcrme \u00f6rne\u011fi verdi\u011fini g\u00f6rebildik. Kutlad\u0131k. Sevindik. Bu \u00e7ok b\u00fcy\u00fck bir ba\u015far\u0131d\u0131r. 20. y\u00fczy\u0131la dev bir anti-emperyalist zaferle giren T\u00fcrkiye halk\u0131 yeni y\u00fczy\u0131lda zaferini yinelerken ve peki\u015ftirirken, d\u00fcnyada hakl\u0131 dava lideri oldu.<\/p>\n<p>Aylardan beri, T\u00fcrkiye \u00fcst\u00fcne kurulan ve T\u00fcrkiyeyi gerilere do\u011fru taklaya zorlayan,\u00a0 Amerikan, \u0130ngiliz, Alman ve Avrupa Birli\u011fi tuzaklar\u0131n\u0131 derinlik olarak anlamakta zorluk \u00e7ekti\u011fimizi itiraf ediyorum. C\u00fcmlelerde fikirsel a\u00e7\u0131kl\u0131k olmad\u0131\u011f\u0131ndan, anlat\u0131mlar farkl\u0131 yeni terimlerle i\u015flendi\u011finden, kulak t\u0131rmalay\u0131c\u0131 olmu\u015ftu. Sanki tan\u0131d\u0131\u011f\u0131m\u0131z Almanlar\u0131n bile gizemli bir bekleyi\u015fleri vard\u0131.<\/p>\n<p>15 Temmuz\u2019da birden sustular ve sanki su yolunda testi k\u0131rd\u0131lar. T\u00fcrkiye konusu a\u00e7\u0131ld\u0131\u011f\u0131nda, \u201c<strong>Ah Turken<\/strong>\u201d deyip el sallay\u0131p uzakla\u015f\u0131yorlar. Gizli umutlara \u0131\u015f\u0131k vurdu gibi\u2026<\/p>\n<p>T\u00fcrkiye\u2019ye ilgi \u00e7ok b\u00fcy\u00fck! Baz\u0131 arkada\u015flar, kanl\u0131 FET\u00d6 darbesi ba\u015far\u0131l\u0131 olsayd\u0131, yeni h\u00fckumeti kutlamak i\u00e7in Bat\u0131 liderleri takla atarak gelirlerdi, s\u0131raya durup kuyruk olurlard\u0131 derken, \u201c<strong>bu i\u015f onlar\u0131n i\u015fidir<\/strong>\u201d, vallahi y\u00fczleri buz kesti, bak\u0131\u015flar\u0131 soldu, hepsi s\u00fct d\u00f6km\u00fc\u015f kedi gibi, diye gevezelik ediyorlar.<\/p>\n<p>Burada, T\u00fcrkiye olaylar\u0131na, darbenin \u00e7\u00f6kertilmesine, 20 g\u00fcn s\u00fcren demokrasi i\u00e7in gece n\u00f6betlerine, \u201c<strong>Yeni Kap\u0131<\/strong>\u201dda milyonlar\u0131n \u015fehitlere sayg\u0131 ve demokrasiyi savunma bulu\u015fmas\u0131na Bulgaristanl\u0131 T\u00fcrk i\u015f\u00e7ilerin ilgisi anlat\u0131lamayacak kadar b\u00fcy\u00fck oldu. Hepsinin T\u00fcrkiye\u2019de ya\u015fayan yak\u0131nlar\u0131, anas\u0131 babas\u0131, okuyan \u00e7ocuklar\u0131 var. Telefonla\u015ft\u0131lar, skaypla\u015ft\u0131lar, SMS\u2019ler gidip geldi, birbirlerini avuttular. T\u00fcrkiye&#8217;nin ba\u015far\u0131lar\u0131n\u0131 kendi ba\u015far\u0131lar\u0131 hissediyorlar, Ba\u015fkomutan Erdo\u011fan\u2019\u0131, kendi ba\u015fkanlar\u0131 olarak sevip say\u0131yorlar. Onun her s\u00f6z\u00fcne p\u00fcr dikkat dinliyorlar. Yeni olan\u0131, Erdo\u011fan\u2019dan i\u015fitmeden ger\u00e7ek olarak kabul etmiyorlar. Hakikati alg\u0131lama art\u0131k farkl\u0131 boyutlar ald\u0131.<\/p><div id=\"bghab-232413863\" class=\"bghab-icerik-icine-10-paragraf bghab-entity-placement\"><script async src=\"\/\/pagead2.googlesyndication.com\/pagead\/js\/adsbygoogle.js?client=ca-pub-6203283170189293\" crossorigin=\"anonymous\"><\/script><ins class=\"adsbygoogle\" style=\"display:block; text-align:center;\" data-ad-client=\"ca-pub-6203283170189293\" \ndata-ad-slot=\"7303146466\" \ndata-ad-layout=\"in-article\"\ndata-ad-format=\"fluid\" data-full-width-responsive=\"true\"><\/ins>\n<script> \n(adsbygoogle = window.adsbygoogle || []).push({}); \n<\/script>\n<\/div>\n<p>15 Temmuz\u2019dan sonra bizimkiler Almanlar kar\u015f\u0131s\u0131nda daha da gururlu ve dik duru\u015flu oldular. Davran\u0131\u015flar\u0131nda<strong> \u201ctoslad\u0131n\u0131z karde\u015fim, sizden beklemezdik<\/strong>\u201d var.<\/p>\n<p>Bulgaristanl\u0131 i\u015f\u00e7iler aras\u0131na yerle\u015fen h\u00fck\u00fcmde, genelde sesiz olan bu halk\u0131n \u00f6fkene, geni\u015f tabakalar\u0131na inen bu g\u00f6zle g\u00f6r\u00fclmeyen elle tutulmayan kin ve nefretin kokusunda Cumhurba\u015fkan\u0131m\u0131z Say\u0131n Erdo\u011fan\u2019\u0131n <strong>onlar\u0131n dedi\u011fine boyun e\u011fmemesi var. <\/strong><\/p>\n<p><strong>T\u00fcrkiye Cumhuriyeti\u2019nin ba\u011f\u0131ms\u0131z ve egemen bir B\u00fcy\u00fck Devlet olarak, ulusal politikas\u0131n\u0131 ve Yak\u0131n Do\u011fu siyasetini ba\u015ftan sona kendi belirlemesi, ter\u00f6rizme kar\u015f\u0131 sava\u015fta da en deneyimli devlet ve bir oyun kurucu olmas\u0131<\/strong> yer al\u0131yor.<\/p>\n<p>Art\u0131k herkes FET\u00d6, PKK, DEA\u015e ve PYD\u2019nin bir oldu\u011funu, emperyalizmin ta\u015feronlu\u011funu yapt\u0131\u011f\u0131n\u0131, Yak\u0131n Do\u011fuyu kar\u0131\u015ft\u0131rmak ve halklar\u0131n\u0131 topraklar\u0131ndan kovmak i\u00e7in kuruldu\u011funu \u00f6\u011frendi. C\u0130A hesab\u0131na cana k\u0131yd\u0131klar\u0131n\u0131 bilmeyen kalmad\u0131. TSK\u2019nin ve \u00d6zg\u00fcr Suriye G\u00fc\u00e7lerinin \u201c<strong>F\u0131rat Kalkan\u0131<\/strong>\u201d operasyonu, silahtan, sava\u015ftan ve deh\u015fetten ar\u0131nd\u0131r\u0131lm\u0131\u015f g\u00fcvenli b\u00f6lge olu\u015fturulmas\u0131 \u00e7abalar\u0131 pek \u00e7oklar\u0131n\u0131n gecelerini k\u00e2bus etti.<\/p>\n<p>Konu\u015fma dili ile kitap dili farkl\u0131 olan, \u201c<strong>Y\u00fcksek Almanca<\/strong>\u201d ileti\u015fimde ciddi anlama g\u00fc\u00e7l\u00fckleri gizleyen buras\u0131n\u0131n ortam\u0131nda, T\u00fcrkiye \u00fcst\u00fcne siyas\u0131 kitaplar bulup alsak bile i\u00e7eri\u011fini do\u011fru alg\u0131lay\u0131p anlamam\u0131z ve isabetli sonu\u00e7 \u00e7\u0131karabilmemiz imk\u00e2ns\u0131z gibi.<\/p><div id=\"bghab-754186696\" class=\"bghab-icerik-icine-15-paragraf bghab-entity-placement\"><script async src=\"\/\/pagead2.googlesyndication.com\/pagead\/js\/adsbygoogle.js?client=ca-pub-6203283170189293\" crossorigin=\"anonymous\"><\/script><ins class=\"adsbygoogle\" style=\"display:block; text-align:center;\" data-ad-client=\"ca-pub-6203283170189293\" \ndata-ad-slot=\"7303146466\" \ndata-ad-layout=\"in-article\"\ndata-ad-format=\"fluid\" data-full-width-responsive=\"true\"><\/ins>\n<script> \n(adsbygoogle = window.adsbygoogle || []).push({}); \n<\/script>\n<\/div>\n<p>Fakat 15 Temmuz\u2019dan sonra, burada, o kitaptaki fikirlerle <strong>Yeni T\u00fcrkiye\u2019yi, B\u00fcy\u00fck T\u00fcrkiye<\/strong> hamlelerini ve <strong>Oyun Kurucu T\u00fcrkiye\u2019mizi,<\/strong> b\u00f6lgesel lider Tayip ERDO\u011eAN\u2019I anlatabilmem kolay olmad\u0131. \u00c7\u00fcnk\u00fc bu yap\u0131t\u0131n felsefi derinli\u011finde, T\u00fcrkiye Cumhuriyetinin bir b\u00f6lgesel ta\u015feron (alt\u00fcstenci) olmas\u0131 \u00f6ng\u00f6r\u00fclm\u00fc\u015ft\u00fcr.<\/p>\n<p>Bu ger\u00e7e\u011fi, ancak bu i\u015flerin belli ba\u015fl\u0131 Profes\u00f6rlerinden olan Kemal Karpat\u2019\u0131n b\u00fcy\u00fck say\u0131daki eserinin \u00f6z\u00fcnde yans\u0131yan \u015fu t\u00fcmcede bulabiliriz. O \u015f\u00f6yle der. \u201c<strong>Osmanl\u0131 dev bir \u00e7\u0131nard\u0131. Sava\u015flardan sonra Bulgaristan T\u00fcrkiye s\u0131n\u0131r\u0131m\u0131z \u00e7ekilirken, dev \u00e7\u0131nardan bir dal kesildi ve s\u0131n\u0131r\u0131n \u00f6tesine d\u00fc\u015ft\u00fc. Bu dal Bulgaristan M\u00fcsl\u00fcman T\u00fcrkl\u00fc\u011f\u00fcyd\u00fc<\/strong>.\u201d<\/p>\n<p>Davuto\u011flu\u2019nun \u201c<strong>Yeni Osmanl\u0131<\/strong>\u201d anlay\u0131\u015f\u0131na g\u00f6re, \u015fimdi biz kovan kapa\u011f\u0131n\u0131 a\u00e7t\u0131\u011f\u0131m\u0131zda ar\u0131lar u\u00e7u\u015fup s\u0131n\u0131r \u00f6tesindeki soyda\u015flar\u0131m\u0131z\u0131n ba\u011f\u0131ndan bah\u00e7esinden, \u00e7ay\u0131r ve tarlas\u0131ndan bal toplay\u0131p Edirne kovanl\u0131\u011f\u0131na ta\u015f\u0131yacakt\u0131. Bu fikrin pratik boyutunu, eski T\u00fcrkiye Cumhuriyeti Ba\u015fbakan\u0131n\u0131n Sofya\u2019ya yapt\u0131\u011f\u0131 son ziyaretinde g\u00f6rd\u00fck. O, Ba\u015fbakan Borisov ile o d\u00f6nem H\u00d6H Genel Ba\u015fkan\u0131 \u00a0\u00e7evirmenli\u011finde, (Olay 2015\u2019in Aral\u0131k ay\u0131n\u0131n ilk yar\u0131s\u0131nda meydana gelmi\u015ftir.) \u201c<strong>Boyana<\/strong>\u201d devlet saray\u0131nda yapt\u0131\u011f\u0131 g\u00f6r\u00fc\u015fmede, \u201c<strong>al\u0131n \u015fu 1 milyar 280 milyon Euro\u2019yu ve karma b\u00f6lgelere yat\u0131r\u0131n, hayr\u0131n\u0131 beraber g\u00f6relim<\/strong>\u201d \u00f6nerisinde buluyoruz.<\/p>\n<p>Olmad\u0131. Ta\u015fa \u00e7arpt\u0131. Bu i\u015fin arac\u0131s\u0131 ise, ortal\u0131\u011f\u0131 rezil etti. \u015eimdi de Ankara\u2019ya gitti ve Ba\u015fbakan Say\u0131n Binal\u0131 Y\u0131ld\u0131r\u0131m\u2019la g\u00f6r\u00fc\u015fmesinden sonra \u201c<strong>\u0130kili ili\u015fkiler \u00fcst\u00fcne bilgilenece\u011fiz<\/strong>\u201d dedi. Bir oyun kurmadan Ankara\u2019ya gidip g\u00f6r\u00fc\u015fme istemek anlams\u0131zd\u0131r. Yoksa 15 Temmuz\u2019dan sonra T\u00fcrkiyeyi yere serilmi\u015f ve can \u00e7eki\u015fen halde mi g\u00f6rmek istiyordu ki, nemalanmay\u0131 d\u00fc\u015f\u00fcnm\u00fc\u015f olabilir.<\/p>\n<p>Yoksa, Ba\u015fbakan <strong>Borisov\u2019la yapamad\u0131\u011f\u0131n\u0131z\u0131 gelin benimle mi yap\u0131n<\/strong>!, demek istedi. \u0130nsan\u0131n akl\u0131ndan her \u015fey ge\u00e7iyor da, hay\u0131rl\u0131 olan hangisi olur konusu hen\u00fcz ard\u0131na kadar a\u00e7\u0131k.<\/p><div id=\"bghab-3125684171\" class=\"bghab-icerik-icine-20-paragraf bghab-entity-placement\"><script async src=\"\/\/pagead2.googlesyndication.com\/pagead\/js\/adsbygoogle.js?client=ca-pub-6203283170189293\" crossorigin=\"anonymous\"><\/script><ins class=\"adsbygoogle\" style=\"display:block; text-align:center;\" data-ad-client=\"ca-pub-6203283170189293\" \ndata-ad-slot=\"7303146466\" \ndata-ad-layout=\"in-article\"\ndata-ad-format=\"fluid\" data-full-width-responsive=\"true\"><\/ins>\n<script> \n(adsbygoogle = window.adsbygoogle || []).push({}); \n<\/script>\n<\/div>\n<p>Borisov Dobruca ve Deliorman\u2019da T\u00fcrkleri Cumhurba\u015fkan\u0131 se\u00e7imine kazanma yolunu bulmu\u015f, 64 milyonluk yol yat\u0131r\u0131m\u0131na kar\u015f\u0131, oylar\u0131n\u0131 pazarlam\u0131\u015f gibi.<\/p>\n<p>Hele FET\u00d6 i\u015flerinin Bulgaristan\u2019da da c\u0131v\u0131tmas\u0131ndan sonra ve batakl\u0131k kokan i\u015flerin i\u00e7inde H\u00d6H partisi \u201cfahri ba\u015fkan\u0131\u201d Ahmet Do\u011fan ve y\u0131llarca Genel Ba\u015fkanl\u0131k yapanlar gibi ileri gelen s\u00f6zde siyaset\u00e7inin oldu\u011fu anla\u015f\u0131l\u0131nca yeni geli\u015fmeler oldu.<\/p>\n<p>Hainlerin t\u00fcm\u00fcn\u00fc (hem FET\u00d6 \u2013 c\u00fcleri (hem de H\u00d6H lider grubunu) savunmak i\u00e7in, 1984\u20131989 zulm\u00fcn\u00fcn uygulanmas\u0131nda ola\u011fan\u00fcst\u00fc b\u00fcy\u00fck rol\u00fc olan ve bask\u0131 ve ter\u00f6r\u00fcn zalimi olarak bilinen!\u00a0 isimleri i\u00e7in, haklar\u0131 u\u011fruna ve \u00f6zg\u00fcrl\u00fckleri ad\u0131na direnen karde\u015flerimize ate\u015f emri veren, halk aras\u0131nda ve kamuoyunda ad\u0131 \u201c<strong>gestapo<\/strong>\u201d olan sivil polisten eski Albay, \u015fimdiki Prof. Dimitir \u0130vanov, yeni durumda FET\u00d6\u2019 culardan yana \u00e7\u0131karak, \u201c<strong>T\u00fcrkler Bizim<\/strong>\u201d dedi.<\/p>\n<p>Bulgaristan T\u00fcrklerinin haklar\u0131n\u0131 ve \u00f6zg\u00fcrl\u00fcklerini, ulusal adaleti s\u00f6zde savunan yeni\u00a0parti ad\u0131na ve Ba\u015fkan\u0131 s\u0131fat\u0131yla \u201c<strong>Bulgaristan T\u00fcrkleri, analar\u0131m\u0131z, babalar\u0131m\u0131z, dedelerimiz, ninelerimiz, atalar\u0131m\u0131z\u0131n mezarlar\u0131, do\u011fmam\u0131\u015f bebelerimiz ve t\u00fcm do\u011facak evlatlar\u0131m\u0131z B\u0130Z\u0130MD\u0130R!<\/strong>\u201d diyemedi. H\u00d6H\u2019ten ise s\u00f6z bile etmiyorum. Yaz\u0131klar olsun! <strong>Bu halktan oy isteyenlerin ne felsefesini, ne psikolojisini ne de ulusal hesaplar\u0131n\u0131 anlayabildim, ama yaln\u0131z ki\u015fisel hesapla b\u00fcy\u00fck hedefler kovalanamaz<\/strong>\u2026.\u201d Tek s\u00f6zle biz burada olay\u0131 \u00e7ok ciddi olarak g\u00f6r\u00fcyoruz.<\/p>\n<p>Anlayam\u0131yorum gitti. <strong>Siz hangi hasrete hizmet ediyorsunuz<\/strong>?<\/p><div id=\"bghab-1884740401\" class=\"bghab-icerik-icine-25-paragraf bghab-entity-placement\"><script async src=\"\/\/pagead2.googlesyndication.com\/pagead\/js\/adsbygoogle.js?client=ca-pub-6203283170189293\" crossorigin=\"anonymous\"><\/script><ins class=\"adsbygoogle\" style=\"display:block; text-align:center;\" data-ad-client=\"ca-pub-6203283170189293\" \ndata-ad-slot=\"7303146466\" \ndata-ad-layout=\"in-article\"\ndata-ad-format=\"fluid\" data-full-width-responsive=\"true\"><\/ins>\n<script> \n(adsbygoogle = window.adsbygoogle || []).push({}); \n<\/script>\n<\/div>\n<p>Say\u0131n Prof Karpat mant\u0131\u011f\u0131na Bulgarlar\u0131n verdi\u011fi yan\u0131tta \u015f\u00f6yle ince bir \u00f6zellik dikkat \u00e7ekiyor. Diyelim ki, 100 y\u0131l \u00f6nce dev \u00e7\u0131nardan kesilen dal Bulgar taraf\u0131na d\u00fc\u015ft\u00fc. D\u00fc\u015ft\u00fc de, yaz ge\u00e7ti k\u0131\u015f ge\u00e7ti kurumad\u0131, bahar geldi a\u00e7t\u0131 sard\u0131.<\/p>\n<p>Bulgar demez mi: Ucunu batakl\u0131\u011fa soktum, g\u00fcz geldi kalem a\u015f\u0131lad\u0131m, ha\u015farat bast\u0131 ila\u00e7lad\u0131m. Anla\u015f\u0131lan, \u00e7\u0131nar dal\u0131 hep o dal ama a\u00e7t\u0131\u011f\u0131 renkler, beklenen meyveler tamamen farkl\u0131. Ve ona g\u00f6re, i\u015fte bu noktadan sanki \u201c<strong>Git, h\u0131rs\u0131z seni<\/strong>!\u201d deme hakk\u0131 do\u011fuyor gibi bizim Edirne kovan\u0131ndan u\u00e7u\u015fan ar\u0131lar\u0131m\u0131za\u2026.<\/p>\n<p>Danan\u0131n kuyru\u011funun koptu\u011fu yer de i\u015fte buras\u0131d\u0131r.<\/p>\n<p>Ne var ki biz Bulgaristanl\u0131 T\u00fcrkler, T\u00fcrkiye Cumhuriyeti\u2019nin 15 Temmuz 2016 b\u00fcy\u00fck zaferinden sonra, emperyalizmin b\u00f6lgesel ta\u015feronlu\u011funu silkelemesiyle, ana-vatan\u0131m\u0131z\u0131n bir alt-\u00fcstencisi olma durumundan kurtulup, Yak\u0131n Do\u011fu\u2019da oldu\u011fu gibi Bulgaristan ve Balkanlarla ilgili de OYUN KURAN ve Y\u00dcKLEY\u0130C\u0130 durumuna gelen bir b\u00fcy\u00fck de\u011fi\u015fiklik meydana gelece\u011fine inan\u0131yoruz. T\u00fcrkiye\u2019nin \u00fclke i\u00e7inde birlik ve beraberlikte toparlanarak d\u0131\u015f siyasette de bir boyut b\u00fcy\u00fcmesi hepimiz i\u00e7in \u00e7ok sevindirici oldu.<\/p>\n<p>Biz Avrupa Birli\u011fi Parlamento Ba\u015fkan\u0131 Manfred\u00a0 Schulz ile Birle\u015fik Amerika Ba\u015fkan Yard\u0131mc\u0131s\u0131 Jeo Biden\u00a0 ile Ankara\u2019da ve en geli\u015fmi\u015f 20 devlet ba\u015fkanlar\u0131n\u0131n \u00c7in\u2019in \u201c<strong>Ancou<\/strong>\u201d eyaletinde \u201c<strong>C-20<\/strong>\u201d g\u00f6r\u00fc\u015fmesinde yap\u0131lan g\u00f6r\u00fc\u015fmeler, temaslar, al\u0131nan kararlar buna i\u015faret ediyor.<\/p><div id=\"bghab-713918643\" class=\"bghab-icerik-icine-30-paragraf bghab-entity-placement\"><script async src=\"\/\/pagead2.googlesyndication.com\/pagead\/js\/adsbygoogle.js?client=ca-pub-6203283170189293\" crossorigin=\"anonymous\"><\/script><ins class=\"adsbygoogle\" style=\"display:block; text-align:center;\" data-ad-client=\"ca-pub-6203283170189293\" \ndata-ad-slot=\"7303146466\" \ndata-ad-layout=\"in-article\"\ndata-ad-format=\"fluid\" data-full-width-responsive=\"true\"><\/ins>\n<script> \n(adsbygoogle = window.adsbygoogle || []).push({}); \n<\/script>\n<\/div>\n<p>Bizi geri ittiler ve taklaya zorlad\u0131lar, ama biz \u00e7ok b\u00fcy\u00fck ve g\u00fc\u00e7l\u00fc bir milletiz ve ileri takla att\u0131k, tehlikeden s\u0131yr\u0131ld\u0131k, d\u00fc\u015fmanla y\u00fczle\u015ftik ve art\u0131k ar\u0131n\u0131yoruz. Burada Almanya\u2019da hissettiklerimiz bunlard\u0131r. Geli\u015fmeleri izlemeye devam ediyoruz.<\/p>\n<p><strong>Ne mutlu T\u00fcrk\u00fcm diyene!<\/strong><\/p>\n<div id=\"bghab-916508881\" class=\"bghab-yazi-altinda bghab-entity-placement\"><div class=\"bghab-adlabel\">Reklamlar<\/div><script async src=\"https:\/\/pagead2.googlesyndication.com\/pagead\/js\/adsbygoogle.js\"><\/script>\r\n<!-- bghaber-yaz\u0131-sonu -->\r\n<ins class=\"adsbygoogle\"\r\n     style=\"display:block\"\r\n     data-ad-client=\"ca-pub-6203283170189293\"\r\n     data-ad-slot=\"4222328180\"\r\n     data-ad-format=\"auto\"\r\n     data-full-width-responsive=\"true\"><\/ins>\r\n<script>\r\n     (adsbygoogle = window.adsbygoogle || []).push({});\r\n<\/script><\/div><br style=\"clear: both; display: block; float: none;\"\/>","protected":false},"excerpt":{"rendered":"<p>\u00a0\u00dcnal GAZ\u0130 Konu: T\u00fcrkler taklaya getirilmek istendik &nbsp; Almanya\u2019day\u0131m. 15 Temmuz\u2019dan sonra burada tart\u0131\u015f\u0131lan konu: T\u00fcrkiye neden takla att\u0131r\u0131lmak istendi? Olsayd\u0131, bu \u00f6ne mi arkaya<\/p>\n","protected":false},"author":13,"featured_media":19176,"comment_status":"closed","ping_status":"closed","sticky":false,"template":"","format":"standard","meta":{"advanced_seo_description":"","jetpack_seo_html_title":"","jetpack_seo_noindex":false,"_jetpack_memberships_contains_paid_content":false,"footnotes":""},"categories":[6],"tags":[],"class_list":["post-20379","post","type-post","status-publish","format-standard","has-post-thumbnail","hentry","category-yorum"],"jetpack_featured_media_url":"https:\/\/i0.wp.com\/www.bghaber.org\/bghaber\/wp-content\/uploads\/2016\/06\/unal-almanya.jpg?fit=697%2C709&ssl=1","jetpack_sharing_enabled":true,"jetpack_likes_enabled":true,"jetpack-related-posts":[],"jetpack_shortlink":"https:\/\/wp.me\/pc2PfJ-5iH","_links":{"self":[{"href":"https:\/\/www.bghaber.org\/bghaber\/wp-json\/wp\/v2\/posts\/20379","targetHints":{"allow":["GET"]}}],"collection":[{"href":"https:\/\/www.bghaber.org\/bghaber\/wp-json\/wp\/v2\/posts"}],"about":[{"href":"https:\/\/www.bghaber.org\/bghaber\/wp-json\/wp\/v2\/types\/post"}],"author":[{"embeddable":true,"href":"https:\/\/www.bghaber.org\/bghaber\/wp-json\/wp\/v2\/users\/13"}],"replies":[{"embeddable":true,"href":"https:\/\/www.bghaber.org\/bghaber\/wp-json\/wp\/v2\/comments?post=20379"}],"version-history":[{"count":0,"href":"https:\/\/www.bghaber.org\/bghaber\/wp-json\/wp\/v2\/posts\/20379\/revisions"}],"wp:featuredmedia":[{"embeddable":true,"href":"https:\/\/www.bghaber.org\/bghaber\/wp-json\/wp\/v2\/media\/19176"}],"wp:attachment":[{"href":"https:\/\/www.bghaber.org\/bghaber\/wp-json\/wp\/v2\/media?parent=20379"}],"wp:term":[{"taxonomy":"category","embeddable":true,"href":"https:\/\/www.bghaber.org\/bghaber\/wp-json\/wp\/v2\/categories?post=20379"},{"taxonomy":"post_tag","embeddable":true,"href":"https:\/\/www.bghaber.org\/bghaber\/wp-json\/wp\/v2\/tags?post=20379"}],"curies":[{"name":"wp","href":"https:\/\/api.w.org\/{rel}","templated":true}]}}