{"id":20369,"date":"2016-09-02T01:14:05","date_gmt":"2016-09-01T22:14:05","guid":{"rendered":"http:\/\/www.bghaber.org\/bghaber\/?p=20369"},"modified":"2016-09-02T01:14:05","modified_gmt":"2016-09-01T22:14:05","slug":"ilk-turk-cumhuriyeti","status":"publish","type":"post","link":"https:\/\/www.bghaber.org\/bghaber\/ilk-turk-cumhuriyeti\/","title":{"rendered":"\u0130lk T\u00fcrk Cumhuriyeti"},"content":{"rendered":"<p>BGSAM<\/p>\n<p><img data-recalc-dims=\"1\" decoding=\"async\" src=\"https:\/\/i0.wp.com\/www.bghaber.org\/bghaber\/wp-content\/uploads\/2013\/09\/bati-trakya-tc-bayrak.png?w=640\" alt=\"bati-trakya-tc-bayrak\" \/><\/p>\n<p>Bat\u0131 Trakya\u2019n\u0131n yi\u011fit evlatlar\u0131, Karada\u011f, Bulgaristan, S\u0131rbistan ve Yunanistan\u2019\u0131n hep birlikte Osmanl\u0131 Devleti\u2019ne kefen bi\u00e7tikleri, 1878-1920 y\u0131llar\u0131 aras\u0131nda d\u00f6rt T\u00fcrk H\u00fck\u00fbmeti kurdular.\u00a0 Bu h\u00fck\u00fbmetlerin ilki, Rodop T\u00fcrkleri H\u00fck\u00fbmeti idi. 1878\u2019de \u00c7irmen Kasabas\u0131\u2019nda kurulan bu h\u00fck\u00fbmet, 20 Nisan 1886\u2019ya kadar ya\u015fayabildi.\u00a0 \u0130kinci h\u00fck\u00fbmet, Bat\u0131 Trakya Ge\u00e7ici H\u00fck\u00fbmeti\u2019nin (Garb\u00ee Trakya H\u00fck\u00fbmet-i Muvakkatesi) idi.<\/p>\n<p>31 A\u011fustos 1913\u2019te kurulan bu h\u00fck\u00fbmetin \u00f6mr\u00fc, sadece 55 g\u00fcn oldu. Fakat \u00e7ok \u00f6nemli i\u015flere imza att\u0131. 15 Ekim 1919\u2019da Frans\u0131z himayesinde kurulan Bat\u0131 Trakya H\u00fck\u00fbmeti ise 23 May\u0131s 1920\u2019ye kadar devam etmi\u015fti. Yunanl\u0131lar\u0131n idareyi ele almas\u0131ndan sonra Hemetli K\u00f6y\u00fc\u2019nde kurulan d\u00f6rd\u00fcnc\u00fc h\u00fck\u00fbmet dek\u0131sa \u00f6m\u00fcrl\u00fc oldu.<\/p>\n<p>Fakat bu h\u00fck\u00fbmette Harbiye Vekili olarak g\u00f6rev alan Y\u00fczba\u015f\u0131 Fuat Balkan, Yunanl\u0131lar\u0131n ba\u015f\u0131na olmad\u0131k i\u015fler a\u00e7m\u0131\u015ft\u0131. Fuat Balkan\u2019\u0131n ba\u015far\u0131l\u0131 i\u015flerini bir ba\u015fka yaz\u0131ya b\u0131rak\u0131p, Bat\u0131 Trakya T\u00fcrk Cumhuriyeti\u2019ne geri d\u00f6nelim. \u00a0 Osmanl\u0131\u2019n\u0131n Balkanlar\u2019dan \u00e7ekilmesi, di\u011fer yerel M\u00fcsl\u00fcman unsurlar gibi, Bat\u0131 Trakya\u2019daki ahaliyi de sahipsiz ve savunmas\u0131z b\u0131rakt\u0131. Yunan ve Bulgar \u00e7eteleri, meydana gelen bo\u015flu\u011fu ya\u011fma ve katliamlar e\u015fli\u011finde, \u2018f\u0131rsata\u2019 d\u00f6n\u00fc\u015ft\u00fcrme gayretine girdiler. Bulgarlar, Birinci Balkan Harbi\u2019nde, her ne kadar \u00c7atalca \u00f6nlerine kadar gelseler de, sonras\u0131nda i\u015fin \u015fekli de\u011fi\u015fti. \u0130kinci Balkan Harbi\u2019nde, Balkan devletlerinin menfaat \u00e7at\u0131\u015fmalar\u0131, Osmanl\u0131 birliklerine nefes ald\u0131rd\u0131.<\/p>\n<p>Edirne, K\u0131rklareli ve Meri\u00e7 Nehri\u2019ne kadar olan topraklar, 23 Temmuz 1913\u2019de geri al\u0131nd\u0131. Fakat Meri\u00e7\u2019in bat\u0131 yakas\u0131nda kalan ve y\u00fczde 85-90\u2019\u0131 Bat\u0131 Trakya T\u00fcrk\u2019\u00fc olan n\u00fcfusun durumu d\u00fc\u015f\u00fcnd\u00fcr\u00fcc\u00fcyd\u00fc.\u00a0 Yap\u0131lacak tek \u015fey, b\u00f6lgenin y\u00f6netimini yeniden ele almakt\u0131.\u00a0 O d\u00f6nemde Yarbay olan Enver Pa\u015fa\u2019n\u0131n talimat\u0131 ve Ku\u015f\u00e7uba\u015f\u0131 E\u015fref\u2019in \u00f6nderli\u011findeki 116 ki\u015filik m\u00fcfreze, \u201ciman varsa imkan da vard\u0131r\u201d s\u00f6z\u00fcn\u00fc hakl\u0131 \u00e7\u0131karan geli\u015fmelere imza att\u0131lar.<\/p><div id=\"bghab-248018265\" class=\"bghab-icerik-icine bghab-entity-placement\"><script async src=\"\/\/pagead2.googlesyndication.com\/pagead\/js\/adsbygoogle.js?client=ca-pub-6203283170189293\" crossorigin=\"anonymous\"><\/script><ins class=\"adsbygoogle\" style=\"display:block; text-align:center;\" data-ad-client=\"ca-pub-6203283170189293\" \ndata-ad-slot=\"7303146466\" \ndata-ad-layout=\"in-article\"\ndata-ad-format=\"fluid\" data-full-width-responsive=\"true\"><\/ins>\n<script> \n(adsbygoogle = window.adsbygoogle || []).push({}); \n<\/script>\n<\/div>\n<p>Yeni h\u00fck\u00fbmetin temelleri, Ko\u015fukavak (16 A\u011fustos), Mestanl\u0131 (18 A\u011fustos) ve K\u0131rcaali\u2019nin (19 A\u011fustos) geri al\u0131n\u0131p, yerel h\u00fck\u00fbmetler kurulmas\u0131yla at\u0131ld\u0131. G\u00fcm\u00fclcine de (31 A\u011fustos) geri al\u0131n\u0131nca, Bat\u0131 Trakya Ge\u00e7ici H\u00fck\u00fbmeti (Garb\u00ee Trakya H\u00fck\u00fbmet-i Muvakkatesi) hayata ge\u00e7irildi.<\/p>\n<p>Ba\u015fkenti G\u00fcm\u00fclcine olan Bat\u0131 Trakya T\u00fcrk Cumhuriyeti Cumhurba\u015fkanl\u0131\u011f\u0131\u2019na Hoca Salih Efendi ve Genelkurmay Ba\u015fkanl\u0131\u011f\u0131\u2019na Piyade Kurmay Binba\u015f\u0131 S\u00fcleyman Askeri getirildi.<\/p>\n<p>Y\u00f6netimde, 9 ki\u015fi daha yer al\u0131yordu. Fakat as\u0131l yetkili, S\u00fcleyman Askeri\u2019de idi.\u00a0 25 Eyl\u00fcl 1913\u2019de tam ba\u011f\u0131ms\u0131zl\u0131\u011f\u0131n\u0131 ilan eden Bat\u0131 Trakya Ba\u011f\u0131ms\u0131z H\u00fck\u00fbmeti (Garb\u00ee Trakya H\u00fck\u00fbmet-i M\u00fcstakilesi), G\u00fcneybat\u0131 Kafkas (Kars) Cumhuriyeti\u2019nden 5 y\u0131l ve T\u00fcrkiye Cumhuriyeti\u2019nden 10 y\u0131l \u00f6nce olmak \u00fczere, tarihteki ilk \u2018T\u00fcrk Cumhuriyeti\u2019 unvan\u0131na da sahip oldu.<\/p>\n<p><img data-recalc-dims=\"1\" loading=\"lazy\" decoding=\"async\" class=\"\" src=\"https:\/\/i0.wp.com\/www.bghaber.org\/bghaber\/wp-content\/uploads\/2013\/08\/bati-trakya-tc.jpg?resize=640%2C388\" alt=\"bati-trakya-tc\" width=\"640\" height=\"388\" \/><\/p>\n<div id=\"bghab-3618218303\" class=\"bghab-yazi-altinda bghab-entity-placement\"><div class=\"bghab-adlabel\">Reklamlar<\/div><script async src=\"https:\/\/pagead2.googlesyndication.com\/pagead\/js\/adsbygoogle.js\"><\/script>\r\n<!-- bghaber-yaz\u0131-sonu -->\r\n<ins class=\"adsbygoogle\"\r\n     style=\"display:block\"\r\n     data-ad-client=\"ca-pub-6203283170189293\"\r\n     data-ad-slot=\"4222328180\"\r\n     data-ad-format=\"auto\"\r\n     data-full-width-responsive=\"true\"><\/ins>\r\n<script>\r\n     (adsbygoogle = window.adsbygoogle || []).push({});\r\n<\/script><\/div><br style=\"clear: both; display: block; float: none;\"\/>","protected":false},"excerpt":{"rendered":"<p>BGSAM Bat\u0131 Trakya\u2019n\u0131n yi\u011fit evlatlar\u0131, Karada\u011f, Bulgaristan, S\u0131rbistan ve Yunanistan\u2019\u0131n hep birlikte Osmanl\u0131 Devleti\u2019ne kefen bi\u00e7tikleri, 1878-1920 y\u0131llar\u0131 aras\u0131nda d\u00f6rt T\u00fcrk H\u00fck\u00fbmeti kurdular.\u00a0 Bu h\u00fck\u00fbmetlerin<\/p>\n","protected":false},"author":13,"featured_media":5804,"comment_status":"closed","ping_status":"closed","sticky":false,"template":"","format":"standard","meta":{"advanced_seo_description":"","jetpack_seo_html_title":"","jetpack_seo_noindex":false,"_jetpack_memberships_contains_paid_content":false,"footnotes":""},"categories":[8],"tags":[],"class_list":["post-20369","post","type-post","status-publish","format-standard","has-post-thumbnail","hentry","category-egitim"],"jetpack_featured_media_url":"https:\/\/i0.wp.com\/www.bghaber.org\/bghaber\/wp-content\/uploads\/2013\/09\/bati-trakya-tc-bayrak.png?fit=800%2C539&ssl=1","jetpack_sharing_enabled":true,"jetpack_likes_enabled":true,"jetpack-related-posts":[],"jetpack_shortlink":"https:\/\/wp.me\/pc2PfJ-5ix","_links":{"self":[{"href":"https:\/\/www.bghaber.org\/bghaber\/wp-json\/wp\/v2\/posts\/20369","targetHints":{"allow":["GET"]}}],"collection":[{"href":"https:\/\/www.bghaber.org\/bghaber\/wp-json\/wp\/v2\/posts"}],"about":[{"href":"https:\/\/www.bghaber.org\/bghaber\/wp-json\/wp\/v2\/types\/post"}],"author":[{"embeddable":true,"href":"https:\/\/www.bghaber.org\/bghaber\/wp-json\/wp\/v2\/users\/13"}],"replies":[{"embeddable":true,"href":"https:\/\/www.bghaber.org\/bghaber\/wp-json\/wp\/v2\/comments?post=20369"}],"version-history":[{"count":0,"href":"https:\/\/www.bghaber.org\/bghaber\/wp-json\/wp\/v2\/posts\/20369\/revisions"}],"wp:featuredmedia":[{"embeddable":true,"href":"https:\/\/www.bghaber.org\/bghaber\/wp-json\/wp\/v2\/media\/5804"}],"wp:attachment":[{"href":"https:\/\/www.bghaber.org\/bghaber\/wp-json\/wp\/v2\/media?parent=20369"}],"wp:term":[{"taxonomy":"category","embeddable":true,"href":"https:\/\/www.bghaber.org\/bghaber\/wp-json\/wp\/v2\/categories?post=20369"},{"taxonomy":"post_tag","embeddable":true,"href":"https:\/\/www.bghaber.org\/bghaber\/wp-json\/wp\/v2\/tags?post=20369"}],"curies":[{"name":"wp","href":"https:\/\/api.w.org\/{rel}","templated":true}]}}