{"id":2035,"date":"2013-05-26T02:00:46","date_gmt":"2013-05-25T23:00:46","guid":{"rendered":"http:\/\/bghaber.org\/bghaber\/?p=2035"},"modified":"2019-07-18T23:57:10","modified_gmt":"2019-07-18T21:57:10","slug":"mhpli-belen-cebel-anma-torenlerine-katildi","status":"publish","type":"post","link":"https:\/\/www.bghaber.org\/bghaber\/mhpli-belen-cebel-anma-torenlerine-katildi\/","title":{"rendered":"MHP&#8217;li Belen Cebel Anma T\u00f6renlerine Kat\u0131ld\u0131"},"content":{"rendered":"<p>Milliyet\u00e7i Hareket Partisi (MHP) Tekirda\u011f Milletvekili B\u00fclent Belen Bulgaristan&#8217;da ya\u015fayan T\u00fcrklerle bir araya geldi.<!--more--><\/p>\n<p><a href=\"https:\/\/i0.wp.com\/bghaber.org\/bghaber\/wp-content\/uploads\/2013\/05\/mhpli-belen-bulgaristanda-anma-torenlerine-katildi-Ijpg.jpg\"><img data-recalc-dims=\"1\" loading=\"lazy\" decoding=\"async\" class=\"aligncenter size-medium wp-image-2036\" alt=\"mhpli-belen-bulgaristanda-anma-torenlerine-katildi-Ijpg\" src=\"https:\/\/i0.wp.com\/bghaber.org\/bghaber\/wp-content\/uploads\/2013\/05\/mhpli-belen-bulgaristanda-anma-torenlerine-katildi-Ijpg-300x168.jpg?resize=300%2C168\" width=\"300\" height=\"168\" \/><\/a>Belen, 19 May\u0131s 1989 Y\u0131l\u0131nda Bulgaristan&#8217;da T\u00fcrklerin, T\u00fcrk isimlerini de\u011fi\u015ftirmek i\u00e7in yap\u0131lan bask\u0131lara kar\u015f\u0131 ilk isyan\u0131n ve ba\u015flat\u0131ld\u0131\u011f\u0131 Cebel \u015fehrinde ayaklanman\u0131n 24&#8217;\u00fcnc\u00fc y\u0131l d\u00f6n\u00fcm\u00fc t\u00f6renlerine kat\u0131ld\u0131.<\/p>\n<div id=\"bghab-2389499555\" class=\"bghab-yazi-altinda bghab-entity-placement\"><script async src=\"https:\/\/pagead2.googlesyndication.com\/pagead\/js\/adsbygoogle.js\"><\/script>\r\n<!-- bghaber-yaz\u0131-sonu -->\r\n<ins class=\"adsbygoogle\"\r\n     style=\"display:block\"\r\n     data-ad-client=\"ca-pub-6203283170189293\"\r\n     data-ad-slot=\"4222328180\"\r\n     data-ad-format=\"auto\"\r\n     data-full-width-responsive=\"true\"><\/ins>\r\n<script>\r\n     (adsbygoogle = window.adsbygoogle || []).push({});\r\n<\/script><\/div><br style=\"clear: both; display: block; float: none;\"\/>","protected":false},"excerpt":{"rendered":"<p>Milliyet\u00e7i Hareket Partisi (MHP) Tekirda\u011f Milletvekili B\u00fclent Belen Bulgaristan&#8217;da ya\u015fayan T\u00fcrklerle bir araya geldi.<\/p>\n","protected":false},"author":29,"featured_media":2036,"comment_status":"closed","ping_status":"closed","sticky":false,"template":"","format":"standard","meta":{"advanced_seo_description":"","jetpack_seo_html_title":"","jetpack_seo_noindex":false,"jetpack_seo_schema_type":"","_jetpack_newsletter_access":"","_jetpack_dont_email_post_to_subs":false,"_jetpack_newsletter_tier_id":0,"_jetpack_memberships_contains_paywalled_content":false,"_jetpack_feature_clip_id":0,"_jetpack_memberships_contains_paid_content":false,"footnotes":"","jetpack_post_was_ever_published":false},"categories":[4],"tags":[30,136,32,145,69],"class_list":["post-2035","post","type-post","status-publish","format-standard","has-post-thumbnail","hentry","category-siyaset","tag-bulgaristan","tag-cebel","tag-kircaali","tag-mhp","tag-tekirdag"],"jetpack_sharing_enabled":true,"jetpack_likes_enabled":true,"jetpack-related-posts":[],"jetpack_shortlink":"https:\/\/wp.me\/pc2PfJ-wP","jetpack_featured_media_url":"https:\/\/i0.wp.com\/www.bghaber.org\/bghaber\/wp-content\/uploads\/2013\/05\/mhpli-belen-bulgaristanda-anma-torenlerine-katildi-Ijpg.jpg?fit=660%2C371&ssl=1","_links":{"self":[{"href":"https:\/\/www.bghaber.org\/bghaber\/wp-json\/wp\/v2\/posts\/2035","targetHints":{"allow":["GET"]}}],"collection":[{"href":"https:\/\/www.bghaber.org\/bghaber\/wp-json\/wp\/v2\/posts"}],"about":[{"href":"https:\/\/www.bghaber.org\/bghaber\/wp-json\/wp\/v2\/types\/post"}],"author":[{"embeddable":true,"href":"https:\/\/www.bghaber.org\/bghaber\/wp-json\/wp\/v2\/users\/29"}],"replies":[{"embeddable":true,"href":"https:\/\/www.bghaber.org\/bghaber\/wp-json\/wp\/v2\/comments?post=2035"}],"version-history":[{"count":0,"href":"https:\/\/www.bghaber.org\/bghaber\/wp-json\/wp\/v2\/posts\/2035\/revisions"}],"wp:featuredmedia":[{"embeddable":true,"href":"https:\/\/www.bghaber.org\/bghaber\/wp-json\/wp\/v2\/media\/2036"}],"wp:attachment":[{"href":"https:\/\/www.bghaber.org\/bghaber\/wp-json\/wp\/v2\/media?parent=2035"}],"wp:term":[{"taxonomy":"category","embeddable":true,"href":"https:\/\/www.bghaber.org\/bghaber\/wp-json\/wp\/v2\/categories?post=2035"},{"taxonomy":"post_tag","embeddable":true,"href":"https:\/\/www.bghaber.org\/bghaber\/wp-json\/wp\/v2\/tags?post=2035"}],"curies":[{"name":"wp","href":"https:\/\/api.w.org\/{rel}","templated":true}]}}