{"id":20342,"date":"2016-09-01T23:27:52","date_gmt":"2016-09-01T20:27:52","guid":{"rendered":"http:\/\/www.bghaber.org\/bghaber\/?p=20342"},"modified":"2018-05-09T17:56:55","modified_gmt":"2018-05-09T14:56:55","slug":"bulturk-yeni-buyuk-acilim-oncusu","status":"publish","type":"post","link":"https:\/\/www.bghaber.org\/bghaber\/bulturk-yeni-buyuk-acilim-oncusu\/","title":{"rendered":"BULT\u00dcRK Yeni B\u00fcy\u00fck A\u00e7\u0131l\u0131m \u00d6nc\u00fcs\u00fc"},"content":{"rendered":"<h2><img decoding=\"async\" src=\"https:\/\/scontent-cdg2-1.xx.fbcdn.net\/v\/t1.0-9\/14202491_1162422697148313_5866855539681570827_n.jpg?oh=8b8d6fd1e6492744a533f7cc1f60c8d5&amp;oe=58446919\" \/>\u00a0\u00a0<strong>Kuleli \u00a0Askeri \u00a0Lisesi \u00a0 &#8211; \u00a0T\u00fcrk \u00a0D\u00fcnyas\u0131 \u00a0M\u00fczesi \u00a0Olsun<\/strong><\/h2>\n<p><img data-recalc-dims=\"1\" decoding=\"async\" src=\"https:\/\/i0.wp.com\/www.bghaber.org\/bghaber\/wp-content\/uploads\/2016\/08\/Etno16.jpg?w=640\" alt=\"etno16\" \/><\/p>\n<p>Dr.Nedim B\u0130R\u0130NC\u0130<\/p>\n<p>Konu:\u00a0 <strong>T\u00fcrk birli\u011finin yol i\u015faretleri birer birer tak\u0131l\u0131yor.<\/strong><\/p>\n<p>Yeni ufuk belirdi. 15 Temmuz\u2019dan sonra d\u00fcnya hep ayn\u0131 y\u00f6nde d\u00f6nse de \u00fczerinden oyunlar ve oyun kurucular de\u011fi\u015fti. B\u00f6lgesel B\u00fcy\u00fck G\u00fc\u00e7 olan T\u00fcrkiye Cumhuriyeti, D\u00fcnya \u00fczerinde B\u00fcy\u00fck Turan dokusunun atk\u0131s\u0131n\u0131 dizmeye ba\u015flad\u0131. \u0130stanbul\u2019un K\u00fc\u00e7\u00fck\u00e7ekmece Belediyesinin sa\u011flad\u0131\u011f\u0131 geni\u015f imk\u00e2n ortam\u0131nda ilk kez olmak \u00fczere D\u00fcnya Etnospor K\u00fclt\u00fcr Festivali Bilal ERDO\u011eAN \u00f6nderli\u011finde d\u00fczenlendi.<\/p>\n<h5><img data-recalc-dims=\"1\" decoding=\"async\" src=\"https:\/\/i0.wp.com\/www.bghaber.org\/bghaber\/wp-content\/uploads\/2016\/09\/img0135.jpg?w=640\" alt=\"img0135\" \/>Dr.Nedim B\u0130R\u0130NC\u0130, Rafet ULUT\u00dcRK, Bilal ERDO\u011eAN, Temel KARADEN\u0130Z<\/h5>\n<p><img data-recalc-dims=\"1\" decoding=\"async\" src=\"https:\/\/i0.wp.com\/www.bghaber.org\/bghaber\/wp-content\/uploads\/2016\/09\/CADR2.jpg?w=640\" alt=\"CADR2\" \/><\/p>\n<h5><img data-recalc-dims=\"1\" loading=\"lazy\" decoding=\"async\" class=\"\" src=\"https:\/\/i0.wp.com\/www.bghaber.org\/bghaber\/wp-content\/uploads\/2016\/09\/mujgan-berd.jpg?resize=640%2C549\" alt=\"mujgan berd\" width=\"640\" height=\"549\" \/>Necmettin Bilal ERDO\u011eAN \u00c7ad\u0131r\u0131m\u0131z\u0131 ziyareti<\/h5>\n<p><strong>BULT\u00dcRK \u00c7ADIRI<\/strong><\/p>\n<h5><strong>D\u00fcnya Etnospor Konfederasyonu Ba\u015fkan\u0131 Bilal Erdo\u011fan festival organizasyonunu ger\u00e7ekle\u015ftirirken, A\u011fustos sonuna rastlayan renkli enternasyonal etkinliklere liderlik etti.<\/strong><\/h5>\n<p>Etnospor K\u00fclt\u00fcr Festivali\u2019ne ev sahipli\u011fi yapan K\u00fc\u00e7\u00fck\u00e7ekmece Belediye Ba\u015fkan\u0131 Sn. Temel Karadeniz ve festivale katk\u0131 sa\u011flayan t\u00fcm STK\u2019lar\u0131n Ba\u015fkanlar\u0131 ile te\u015fekk\u00fcr yeme\u011finde bir araya geldi. Balkan ve Bulgaristan M\u00fcsl\u00fcman ve T\u00fcrk etnsporcular\u0131n\u0131, \u0130stanbul\u2019daki Bulgaristanl\u0131 g\u00f6\u00e7men diasporas\u0131n\u0131 ve Bulgaristan T\u00fcrklerini, Bulgaristan T\u00fcrkleri K\u00fclt\u00fcr ve Hizmet Derne\u011fi Ba\u015fkan\u0131 Rafet Ulut\u00fcrk \u00f6nderli\u011finde BULT\u00dcK y\u00f6netim kurulu \u00fcyeleri temsil etti.<\/p><div id=\"bghab-2501323643\" class=\"bghab-icerik-icine bghab-entity-placement\"><script async src=\"\/\/pagead2.googlesyndication.com\/pagead\/js\/adsbygoogle.js?client=ca-pub-6203283170189293\" crossorigin=\"anonymous\"><\/script><ins class=\"adsbygoogle\" style=\"display:block; text-align:center;\" data-ad-client=\"ca-pub-6203283170189293\" \ndata-ad-slot=\"7303146466\" \ndata-ad-layout=\"in-article\"\ndata-ad-format=\"fluid\" data-full-width-responsive=\"true\"><\/ins>\n<script> \n(adsbygoogle = window.adsbygoogle || []).push({}); \n<\/script>\n<\/div>\n<h5><img data-recalc-dims=\"1\" decoding=\"async\" src=\"https:\/\/i0.wp.com\/www.bghaber.org\/bghaber\/wp-content\/uploads\/2016\/09\/img0115.jpg?w=640\" alt=\"img0115\" \/>Sn.Bilal ERDO\u011eAN&#8217;a Bulgaristan T\u00fcrklerinin raporunu, faaliyetlerini kitap\u00e7\u0131k halinde kendilerine taktim ettik. Ayr\u0131ca derne\u011fimizin \u00e7\u0131kart\u0131\u011f\u0131 t\u00fcm kitaplar\u0131 da kendilerine verdik.<\/h5>\n<h5><img data-recalc-dims=\"1\" decoding=\"async\" src=\"https:\/\/i0.wp.com\/www.bghaber.org\/bghaber\/wp-content\/uploads\/2016\/09\/84d42889-b5be-4059-bf5b-3ee69b9ca85d.jpg?w=640\" alt=\"84d42889-b5be-4059-bf5b-3ee69b9ca85d\" \/>D\u0130R\u0130L\u0130\u015e dizisinin koordinat\u00f6r\u00fc Sn.Bilgehan \u00d6ZEN BULT\u00dcRK \u00e7ad\u0131r\u0131m\u0131z\u0131 ziyareti<\/h5>\n<p>D\u00fcnya Etnospor Konfederasyonu taraf\u0131ndan organize edilen ve K\u00fc\u00e7\u00fck\u00e7ekmece Belediye Ba\u015fkanl\u0131\u011f\u0131n\u0131n yeni belediye binas\u0131nda ger\u00e7ekle\u015fen yemekte, Genel Ba\u015fkan Bilal Erdo\u011fan, K\u00fc\u00e7\u00fck\u00e7ekmece Kaymakam\u0131 Harun KAYA ve K\u00fc\u00e7\u00fck\u00e7ekmece Belediye Ba\u015fkan\u0131 Temel Karadeniz\u2019in yan\u0131 s\u0131ra \u0130stanbul Emniyet M\u00fcd\u00fcr Yard\u0131mc\u0131s\u0131 Haydar \u00d6zdemir de haz\u0131r bulundular.<\/p>\n<p>Konu\u015fmas\u0131nda; <strong>\u201cT\u00fcrk Milletine b\u00fcy\u00fck milletmi\u015f dedirtece\u011fiz in\u015fallah!\u201d<\/strong> s\u00f6zleriyle ba\u015flayan Genel Ba\u015fkan Bilal Erdo\u011fan \u015f\u00f6yle devam etti: <em>\u201cEtnospor K\u00fclt\u00fcr Festivali\u2019yle iyi bir i\u015f becerdik. Asya steplerinden, Anadolu\u2019ya ve Balkanlara geleneklerimizle kucakla\u015ft\u0131k. Zaferleri hat\u0131rlamak ve hat\u0131rlatmak \u00f6nemli ve biz bunlar\u0131n fark\u0131na yeni yeni varmaya ba\u015flad\u0131k. \u00c7\u00fcnk\u00fc bize 150-200 y\u0131l art\u0131k kaybetmeye al\u0131\u015fmam\u0131z gerekti\u011fi hep vaaz edildi. \u00d6zg\u00fcvenimiz hep ayaklar alt\u0131na al\u0131nmaya \u00e7al\u0131\u015f\u0131ld\u0131. 18 Mart \u00c7anakkale Zaferi\u2019ni bile son 15 y\u0131lda g\u00fcndeme getirmeye ba\u015flad\u0131k. Kut\u2019\u00fcl Amare gibi \u00e7ok \u00f6nemli bir zaferi daha ge\u00e7en sene anmaya ba\u015flad\u0131k.\u201d<\/em><\/p>\n<p>\u00c7ok zengin ve derin k\u00fclt\u00fcrel enik ve sportif gelenekleri olan bir millet olarak ayn\u0131 kandan T\u00fcrk soy ve k\u00f6kenlerinden geldi\u011fimizi, ayn\u0131 gelenek ve g\u00f6reneklerle ve d\u00fcnya g\u00f6r\u00fc\u015f\u00fcyle millet ve halk oldu\u011fumuzu vurgulayan Say\u0131n Bilal Erdo\u011fan \u015f\u00f6yle devam etti:<\/p>\n<p><strong><img data-recalc-dims=\"1\" decoding=\"async\" src=\"https:\/\/i0.wp.com\/www.bghaber.org\/bghaber\/wp-content\/uploads\/2016\/09\/14034947_1282356905115617_7069454043427789768_n.jpg?w=640\" alt=\"14034947_1282356905115617_7069454043427789768_n\" \/>D\u00fcnya Gazeteciler Federasyonu Genel Ba\u015fkan\u0131 Menderes DEM\u0130R ile birlikte\u00a0<\/strong><strong>\u00d6zbekistan \u00e7ad\u0131r\u0131n\u0131 ziyaret ettik.<\/strong><\/p>\n<p><img data-recalc-dims=\"1\" loading=\"lazy\" decoding=\"async\" class=\"\" src=\"https:\/\/i0.wp.com\/www.bghaber.org\/bghaber\/wp-content\/uploads\/2016\/09\/14117773_1120704687977506_3485993376393529586_n.jpg?resize=640%2C1140\" alt=\"14117773_1120704687977506_3485993376393529586_n\" width=\"640\" height=\"1140\" \/><\/p>\n<p><em>\u201c\u0130ngilizler rencide olmas\u0131n diye bir zaman b\u0131rakm\u0131\u015ft\u0131k kutlamay\u0131. Etnospor K\u00fclt\u00fcr Festivali\u2019ni yapal\u0131m diye ba\u015flarken, ba\u015fkanl\u0131\u011f\u0131n\u0131 kabul ederken arkada\u015flar\u0131m niye bununla u\u011fra\u015f\u0131yorsun dediler. Biz bir festival yapt\u0131k 3 g\u00fcn s\u00fcrd\u00fc ama sand\u0131\u011f\u0131m\u0131zdan \u00e7ok daha b\u00fcy\u00fck hayr\u0131 olacak bir i\u015f yapt\u0131k. \u0130nsanlara arkada\u015flar\u0131m\u0131za hala anlat\u0131yoruz ne oldu\u011funu. \u0130nsanlar gelmeden \u00f6nce ne oldu\u011funu anlam\u0131yordu. \u0130nan\u0131n, bir\u00e7ok vatanda\u015f\u0131m\u0131z neye geldi\u011fini bilmeden geldi. Geldikten sonra iyi bir \u015fey yapt\u0131\u011f\u0131n\u0131 g\u00f6rd\u00fc. Her ge\u00e7en sene kendi m\u00fczi\u011fimiz, oyunlar\u0131m\u0131z, sporlar\u0131m\u0131z\u0131n daha pop\u00fcler hale geldi\u011fini g\u00f6rebilirsek e\u011fer, T\u00fcrk milleti olarak d\u00fcnyan\u0131n \u00f6nde gelen milletlerinden biri olmu\u015f olaca\u011f\u0131z. \u00c7\u00fcnk\u00fc ba\u015fkas\u0131n\u0131n elbisesiyle a\u011fal\u0131k yapamay\u0131z, kendi elbisemizi giymek zorunday\u0131z. Rahmetli hocam, s\u00f6ylerdi. Kendi elbisemizi giydi\u011fimiz, zaman dik duru\u015fumuzla d\u00fcnyaya adalet vaaz eder hala gelebiliriz.\u201d<\/em><\/p><div id=\"bghab-784549228\" class=\"bghab-icerik-icine-10-paragraf bghab-entity-placement\"><script async src=\"\/\/pagead2.googlesyndication.com\/pagead\/js\/adsbygoogle.js?client=ca-pub-6203283170189293\" crossorigin=\"anonymous\"><\/script><ins class=\"adsbygoogle\" style=\"display:block; text-align:center;\" data-ad-client=\"ca-pub-6203283170189293\" \ndata-ad-slot=\"7303146466\" \ndata-ad-layout=\"in-article\"\ndata-ad-format=\"fluid\" data-full-width-responsive=\"true\"><\/ins>\n<script> \n(adsbygoogle = window.adsbygoogle || []).push({}); \n<\/script>\n<\/div>\n<p>Etnospor ve K\u00fclt\u00fcr Festivali\u2019nin T\u00fcrk M\u00fcsl\u00fcman Kimli\u011finin olu\u015fup geli\u015fmesindeki rol\u00fcne de de\u011finen Genel Ba\u015fkan Bilal Erdo\u011fan \u015fu \u00f6zellikler \u00fczerinde \u00f6nemle durdu:<\/p>\n<p><em>\u201cBiz kendi de\u011fer sistemlerimizi \u00e7ocuklar\u0131m\u0131za iki \u00fc\u00e7 ya\u015f\u0131ndan itibaren bir \u015fekilde hissedilir k\u0131lmak zorunday\u0131z. \u00c7ocuklar\u0131m\u0131z ana-okulunda ya da ilk-okulda s\u0131n\u0131f\u0131na gitti\u011fi zaman koluna Osmanl\u0131 motifi olan deri bir bileklik takt\u0131 diyelim. Arkada\u015flar\u0131 onunla alay m\u0131 edecek ya da ne kadar haval\u0131 m\u0131 diyecek. Filinta ve Dirili\u015f Ertu\u011frul\u2019la Osmanl\u0131 k\u0131yafetleri biraz daha ilgi g\u00f6r\u00fcyor ama onlar\u0131n \u00e7ocuklar\u0131m\u0131z\u0131n hayat\u0131nda haval\u0131 hale gelmesi gerek.\u201d<\/em><\/p>\n<p>D\u00fcnyada T\u00fcrklerin derin hak geleneklerinden yoksun bir millet olarak tan\u0131t\u0131lmas\u0131ndan yak\u0131nan Bilal Erdo\u011fan yeni modern bir uygarl\u0131k yaratabilmemiz i\u00e7in gen\u00e7 ku\u015fa\u011f\u0131n kendi kaynaklar\u0131m\u0131zdan g\u00fc\u00e7 alarak, kendi geleneklerimizle ya\u015fatarak birle\u015fmesi ve y\u00fccelmesi gerekti\u011fine de\u011finerek, yeni uygarl\u0131\u011f\u0131 \u00f6nce Anadou ve Trakya\u2019 da yaratarak B\u00fcy\u00fc T\u00fcrkiye ile Balkanlar ve Orta Asya\u2019ya ta\u015f\u0131raca\u011f\u0131z dedikten sonra,\u00a0 d\u0131\u015f siyaset konusuna ge\u00e7ti:<\/p>\n<p><strong>D\u00fcnyan\u0131n gidi\u015fat\u0131 gidi\u015fat de\u011fil.<\/strong><\/p>\n<p><em>\u201c\u0130\u015fte bir Cerablus harekat\u0131\u2026 PYD\u2019yi vuruyorsun ses Amerika\u2019dan geliyor. D\u00fcnyada ne karma\u015f\u0131k ili\u015fkiler var.\u00a0 Biz, sadece askeri g\u00fc\u00e7le, ekonomik g\u00fc\u00e7le bu oyunlar\u0131 bozamay\u0131z. Kal\u0131c\u0131 olmaz. Ancak k\u00fclt\u00fcrel alanda ataca\u011f\u0131m\u0131z kendimize ait ve iddial\u0131 ad\u0131mlar olursa, kal\u0131c\u0131 olabiliriz. Bizim \u00e7ocuklar\u0131m\u0131z onlar\u0131n karakterlerine \u00f6zenmeyecek, onlar\u0131n \u00e7ocuklar\u0131 bizim kahramanlar\u0131m\u0131za \u00f6zenecek. Bizim tarihimizdeki b\u00fcy\u00fck olaylar\u0131n par\u00e7as\u0131 olsayd\u0131k ke\u015fke, bu T\u00fcrk Milletine b\u00fcy\u00fck milletmi\u015f dedirtece\u011fiz in\u015fallah. Hepinize ayr\u0131 ayr\u0131 te\u015fekk\u00fcr ederim.\u201d\u00a0 <\/em><\/p><div id=\"bghab-467020922\" class=\"bghab-icerik-icine-15-paragraf bghab-entity-placement\"><script async src=\"\/\/pagead2.googlesyndication.com\/pagead\/js\/adsbygoogle.js?client=ca-pub-6203283170189293\" crossorigin=\"anonymous\"><\/script><ins class=\"adsbygoogle\" style=\"display:block; text-align:center;\" data-ad-client=\"ca-pub-6203283170189293\" \ndata-ad-slot=\"7303146466\" \ndata-ad-layout=\"in-article\"\ndata-ad-format=\"fluid\" data-full-width-responsive=\"true\"><\/ins>\n<script> \n(adsbygoogle = window.adsbygoogle || []).push({}); \n<\/script>\n<\/div>\n<p><strong>T\u00f6rensel yemekte bir\u00e7ok te\u015fekk\u00fcr ve kutlama konu\u015fmas\u0131 yap\u0131ld\u0131.<\/strong><\/p>\n<h5><img data-recalc-dims=\"1\" decoding=\"async\" src=\"https:\/\/i0.wp.com\/www.bghaber.org\/bghaber\/wp-content\/uploads\/2016\/09\/14102317_1491124524232856_3355631208480474355_n-1.jpg?w=640\" alt=\"14102317_1491124524232856_3355631208480474355_n (1)\" \/>BULT\u00dcRK \u00c7ad\u0131r\u0131nda MA\u015eAO\u011eLU ailesinin ziyareti<\/h5>\n<p>&nbsp;<\/p>\n<p>K\u00fc\u00e7\u00fck\u00e7ekmece Kaymakam\u0131 Harun Kaya festivale ev sahipli\u011fi yapmaktan duydu\u011fu memnuniyeti dile getirdi.\u00a0Toplant\u0131 sonunda, toplu foto\u011fraf \u00e7ekiminin ard\u0131ndan sona ererken, Bilal Erdo\u011fan eme\u011fi ge\u00e7enlere festival an\u0131s\u0131na kitap ve halk m\u00fczi\u011fi alb\u00fcmleri hediye etti.<\/p>\n<p>Etno spor festivalinde Do\u011fu T\u00fcrkistan Uygur b\u00f6lgesinden ba\u015flayarak, Orta Asya\u2019y\u0131 da ge\u00e7erek Kafkaslar ve Balkanlara kadar T\u00fcrklerinin k\u00fclt\u00fcr ve medeniyetleri sergilendi.\u00a0D\u00fcnya Etnospor Konfederasyonu taraf\u0131ndan organize edilen Etnospor K\u00fclt\u00fcr Festivali K\u00fc\u00e7\u00fck\u00e7ekmece&#8217;deki Bezirganbah\u00e7e Meydan\u0131&#8217;nda ger\u00e7ekle\u015ftirilen ve Anadolu Ajans\u0131n\u0131n da d\u00fcnya \u00e7ap\u0131nda ileti\u015fim orta\u011f\u0131 oldu\u011fu festival, 3. ve son g\u00fcn m\u00fcsabakalar\u0131 ile tamamland\u0131.<\/p>\n<p>T\u00fcm \u00e7ad\u0131rlarda her toplum kendi medeniyetini sergilemekte elinden geleni yapt\u0131\u011f\u0131n\u0131 g\u00f6rd\u00fck. Sabah erken ba\u015flayarak hem k\u00fclt\u00fcrlerini hem de kendi b\u00f6lgelerine ait halk t\u00fcrk\u00fclerini bir birileri ile payla\u015ft\u0131lar. \u00c7ad\u0131rlar\u0131 ziyaret eden Bakanlar, Milletvekilleri, Belediye Ba\u015fkanlar\u0131, D\u0130R\u0130L\u0130\u015e Dizisi oyuncular\u0131 ve K\u00fc\u00e7\u00fck\u00e7ekmece sakinleri ve \u0130stanbul halk\u0131 her g\u00fcn \u00e7ocuklar\u0131 ile birlikte t\u00fcm \u00e7ad\u0131rlar\u0131 dola\u015ft\u0131lar.<\/p><div id=\"bghab-3076971409\" class=\"bghab-icerik-icine-20-paragraf bghab-entity-placement\"><script async src=\"\/\/pagead2.googlesyndication.com\/pagead\/js\/adsbygoogle.js?client=ca-pub-6203283170189293\" crossorigin=\"anonymous\"><\/script><ins class=\"adsbygoogle\" style=\"display:block; text-align:center;\" data-ad-client=\"ca-pub-6203283170189293\" \ndata-ad-slot=\"7303146466\" \ndata-ad-layout=\"in-article\"\ndata-ad-format=\"fluid\" data-full-width-responsive=\"true\"><\/ins>\n<script> \n(adsbygoogle = window.adsbygoogle || []).push({}); \n<\/script>\n<\/div>\n<p><strong>BULT\u00dcRK \u00e7ad\u0131r\u0131 en b\u00fcy\u00fck ilgi g\u00f6ren ve en fazla ziyaret edilenlerden biriydi.<\/strong><\/p>\n<p>\u00dczerinde dalgalanan BULT\u00dcRK bayra\u011f\u0131 ile \u00f6ncelikle soyda\u015f ziyaret\u00e7ilerin dikkatini \u00e7eken geleneksel g\u00f6\u00e7ebe T\u00fcrk \u00e7ad\u0131r\u0131m\u0131z Bulgaristan T\u00fcrklerinin kilim ve hal\u0131lar\u0131yla, sofra ve minder \u00f6rt\u00fcleriyle, geleneksel oyma ev e\u015fyalar\u0131, \u00e7anak \u00e7\u00f6mlek, ka\u015f\u0131k kep\u00e7e, toprak sahan, ta\u015f, desti ve ibriklerle donat\u0131lm\u0131\u015ft\u0131. Gelenlere Bulgaristan T\u00fcrklerinin \u00f6zg\u00fcn m\u00fczi\u011fi dinletildi, BULT\u00dcRK yay\u0131nlar\u0131ndan kitaplar ve Gazeteleri hediye edildi, Bulgaristan, Balkanlar ve Turk D\u00fcnyas\u0131\u00a0\u00fczerine sohbet edildi, \u015fiirler dinletildi.<\/p>\n<p>Bulgaristan T\u00fcrkleri \u00e7ad\u0131r\u0131 \u00e7ok b\u00fcy\u00fck ilgi g\u00f6rd\u00fc. Konuklar ve ziyaret\u00e7iler Genel Ba\u015fkan Rafet Ulut\u00fcrk, Genel Ba\u015fkan Yard\u0131mc\u0131s\u0131 Doktor Nedim Birinci, Sevim Kocaosmanl\u0131 ve Genel Sekreter Do\u00e7.Dr. M\u00fcjg\u00e2n Deniz han\u0131mla bol bol resim \u00e7ektirdiler.<\/p>\n<h5><strong><img data-recalc-dims=\"1\" decoding=\"async\" src=\"https:\/\/i0.wp.com\/www.bghaber.org\/bghaber\/wp-content\/uploads\/2016\/09\/14117916_10209166210646600_164998744621614689_n.jpg?w=640\" alt=\"14117916_10209166210646600_164998744621614689_n\" \/><\/strong><strong>BULT\u00dcRK \u00c7ADIRINA GELEN Z\u0130YARET\u00c7\u0130LER\u0130M\u0130Z BA\u015eTA AVRASYA FEDERASYON BA\u015eKANI \u0130SMA\u0130L CENG\u0130Z, SAVA\u015e AVCI, AYBALA POLAT ve dostlar\u0131m\u0131z.<\/strong><\/h5>\n<p><strong>Ziyaret\u00e7ilerin birle\u015fti\u011fi ortak g\u00f6r\u00fc\u015f \u015fu oldu:<\/strong><\/p>\n<p>Bu her y\u0131l yap\u0131larak gelenek haline getirmeliyiz. Ayr\u0131ca bu konuda burada bulunan STK\u2019lar bu g\u00fcnden ba\u015flayarak gelecek y\u0131l i\u00e7in kendi b\u00f6lgesinde bulunan kendi k\u00fclt\u00fcr\u00fcn\u00fc, m\u00fcziklerini ve toplumuna ait ne varsa toplamaya ba\u015flamal\u0131d\u0131rlar. Gelecek y\u0131l bu \u00e7ad\u0131rlarda sergilemi\u015f oldu\u011fumuz k\u00fclt\u00fcr ve medeniyetimizin yok olmamas\u0131 i\u00e7in bunlar D\u00fcnya Etnospor Konfederasyonu Ba\u015fkan\u0131 Bilal Erdo\u011fan\u2019dan iste\u011fimiz \u0130stanbul\u2019da bir T\u00fcrk D\u00fcnyas\u0131 M\u00fczesi olu\u015fturmak. Bunun i\u00e7in ise en uygun yer Kuleli Askeri lisesidir. Bu medeniyetimize bir yer verilmesi ve bu medeniyetimizi buraya toplamal\u0131y\u0131z. Bu m\u00fcze 12 ay\u00a0t\u00fcm halk\u0131m\u0131za a\u00e7\u0131k olmas\u0131 ve ayr\u0131ca bu Etnospor etkinliklerinde de bunlar\u0131 burada m\u00fcziklerini de \u00e7alarak halk m\u00fcziklerini canl\u0131 olarak s\u00f6ylenmesini arzu ediyoruz. Bunu Ba\u015fkan\u0131m\u0131zdan daha yar\u0131n ba\u015flamas\u0131n\u0131 istiyoruz ve bu topluluklara bu STK Ba\u015fkanlar\u0131na g\u00f6rev vermesini bekliyoruz.<\/p><div id=\"bghab-2565357663\" class=\"bghab-icerik-icine-25-paragraf bghab-entity-placement\"><script async src=\"\/\/pagead2.googlesyndication.com\/pagead\/js\/adsbygoogle.js?client=ca-pub-6203283170189293\" crossorigin=\"anonymous\"><\/script><ins class=\"adsbygoogle\" style=\"display:block; text-align:center;\" data-ad-client=\"ca-pub-6203283170189293\" \ndata-ad-slot=\"7303146466\" \ndata-ad-layout=\"in-article\"\ndata-ad-format=\"fluid\" data-full-width-responsive=\"true\"><\/ins>\n<script> \n(adsbygoogle = window.adsbygoogle || []).push({}); \n<\/script>\n<\/div>\n<p><img data-recalc-dims=\"1\" decoding=\"async\" src=\"https:\/\/i0.wp.com\/www.bghaber.org\/bghaber\/wp-content\/uploads\/2016\/09\/14192151_1262689057096848_2502318270387581187_n.jpg?w=640\" alt=\"14192151_1262689057096848_2502318270387581187_n\" \/><\/p>\n<p>Ayr\u0131ca gelecek y\u0131l giri\u015fte bayraklar\u0131m\u0131zdan tarihte devlet kurmu\u015f t\u00fcm bayraklar\u0131m\u0131z\u0131 oraya giri\u015fte sa\u011fa ve sola asmal\u0131y\u0131z. Tarihte kurulmu\u015f 16 \u0130mparatorluk bayraklar\u0131m\u0131z, \u00d6zerk T\u00fcrk Cumhuriyetlerimizin bayraklar\u0131 ve 7 T\u00fcrk Cumhuriyeti bayraklar\u0131m\u0131zda dahil edilmesi. B\u00f6ylece gelen yabanc\u0131lar bizim ne oldu\u011fumuzu sadece bu bayraklar\u0131 g\u00f6rmeleri onlara \u00e7ok \u015fey anlatacakt\u0131r. Ayr\u0131ca halk\u0131m\u0131za da gurur verecek ve k\u00f6klerimize su akmaya damlalar \u00e7o\u011falmaya devam edecektir. Bu k\u00fclt\u00fcr\u00fcm\u00fcz\u00fc,gelene\u011fimizi ve medeniyetimizi sergileme f\u0131rsat\u0131 veren D\u00fcnya Etnospor K\u00fclt\u00fcr Konfederasyon Ba\u015fkan\u0131 Necmettin Bilal ERDO\u011eAN&#8217;a, \u0130stanbul B\u00fcy\u00fck\u015fehir Belediyesinden Elif han\u0131m ve Avrasya Federasyon Ba\u015fkan\u0131 \u0130smail Cengiz&#8217;e \u015f\u00fckranlar\u0131m\u0131z\u0131 sunar\u0131z.<\/p>\n<p><img data-recalc-dims=\"1\" decoding=\"async\" src=\"https:\/\/i0.wp.com\/www.bghaber.org\/bghaber\/wp-content\/uploads\/2016\/09\/a6e0cf21-318e-454c-9fc2-c9593c2a97c5.jpg?w=640\" alt=\"a6e0cf21-318e-454c-9fc2-c9593c2a97c5\" \/><\/p>\n<p>BULT\u00dcRK \u00e7ad\u0131r\u0131na gelen ziyaret edenler ba\u015fta olmak \u00fczere \u00fc\u00e7 g\u00fcn buraya gelen t\u00fcm ziyaret\u00e7ilere te\u015fekk\u00fcr eder, bu etkinli\u011fi yapmakta eme\u011fi ge\u00e7en ve gelip buralar\u0131 ziyaret edenlerden Allah raz\u0131 olsun. En derin sevgi ve sayg\u0131lar\u0131m\u0131zla.<\/p>\n<p><img data-recalc-dims=\"1\" decoding=\"async\" src=\"https:\/\/i0.wp.com\/www.bghaber.org\/bghaber\/wp-content\/uploads\/2016\/09\/c3f42540-ab53-4b14-8e87-b3047459d173.jpg?w=640\" alt=\"c3f42540-ab53-4b14-8e87-b3047459d173\" \/><\/p>\n<p><img data-recalc-dims=\"1\" decoding=\"async\" src=\"https:\/\/i0.wp.com\/www.bghaber.org\/bghaber\/wp-content\/uploads\/2016\/09\/thumbs_b_c_5299a1221c5bae7eb1f5ba62bb8496d1.jpg?w=640\" alt=\"thumbs_b_c_5299a1221c5bae7eb1f5ba62bb8496d1\" \/><\/p>\n<p><img data-recalc-dims=\"1\" decoding=\"async\" src=\"https:\/\/i0.wp.com\/www.bghaber.org\/bghaber\/wp-content\/uploads\/2016\/09\/13879438_10209815981012848_7808791452404172313_n.jpg?w=640\" alt=\"13879438_10209815981012848_7808791452404172313_n\" \/><\/p>\n<p><img data-recalc-dims=\"1\" loading=\"lazy\" decoding=\"async\" class=\"\" src=\"https:\/\/i0.wp.com\/www.bghaber.org\/bghaber\/wp-content\/uploads\/2016\/09\/72f03a2c-2a1c-449e-bcdf-919c293e7fca.jpg?resize=249%2C442\" alt=\"72f03a2c-2a1c-449e-bcdf-919c293e7fca\" width=\"249\" height=\"442\" \/>\u00a0<img data-recalc-dims=\"1\" loading=\"lazy\" decoding=\"async\" class=\"\" src=\"https:\/\/i0.wp.com\/www.bghaber.org\/bghaber\/wp-content\/uploads\/2016\/09\/28c32231-7b20-4efe-b7d4-7d056a620627.jpg?resize=331%2C441\" alt=\"28c32231-7b20-4efe-b7d4-7d056a620627\" width=\"331\" height=\"441\" \/><\/p>\n<p><img data-recalc-dims=\"1\" decoding=\"async\" src=\"https:\/\/i0.wp.com\/www.bghaber.org\/bghaber\/wp-content\/uploads\/2016\/09\/204947-baskan-aydin-etnospor-kultur-festivaline-kati-eyup-fotogaleri_800x535.jpg?w=640\" alt=\"204947-baskan-aydin-etnospor-kultur-festivaline-kati-eyup-fotogaleri_800x535\" \/><\/p>\n<p><img data-recalc-dims=\"1\" decoding=\"async\" src=\"https:\/\/i0.wp.com\/www.bghaber.org\/bghaber\/wp-content\/uploads\/2016\/09\/7d35707e-3bb6-447f-89d5-37f19cea3e2e.jpg?w=640\" alt=\"7d35707e-3bb6-447f-89d5-37f19cea3e2e\" \/><\/p>\n<p><img data-recalc-dims=\"1\" decoding=\"async\" src=\"https:\/\/i0.wp.com\/www.bghaber.org\/bghaber\/wp-content\/uploads\/2016\/09\/14067581_587583884746687_3434592766517585662_n.jpg?w=640\" alt=\"14067581_587583884746687_3434592766517585662_n\" \/><\/p>\n<p><img data-recalc-dims=\"1\" loading=\"lazy\" decoding=\"async\" class=\"\" src=\"https:\/\/i0.wp.com\/www.bghaber.org\/bghaber\/wp-content\/uploads\/2016\/09\/14199422_1098312210236702_667126726875691004_n.jpg?resize=640%2C427\" alt=\"14199422_1098312210236702_667126726875691004_n\" width=\"640\" height=\"427\" \/><img data-recalc-dims=\"1\" decoding=\"async\" src=\"https:\/\/i0.wp.com\/www.bghaber.org\/bghaber\/wp-content\/uploads\/2016\/09\/14183841_1098315693569687_7972503274128616050_n.jpg?w=640\" alt=\"14183841_1098315693569687_7972503274128616050_n\" \/><\/p>\n<p><img data-recalc-dims=\"1\" loading=\"lazy\" decoding=\"async\" class=\"\" src=\"https:\/\/i0.wp.com\/www.bghaber.org\/bghaber\/wp-content\/uploads\/2016\/09\/6c8870d0-a2c5-4027-9357-df5f3b8d8d28.jpg?resize=640%2C1136\" alt=\"6c8870d0-a2c5-4027-9357-df5f3b8d8d28\" width=\"640\" height=\"1136\" \/><\/p>\n<p><img data-recalc-dims=\"1\" decoding=\"async\" src=\"https:\/\/i0.wp.com\/www.bghaber.org\/bghaber\/wp-content\/uploads\/2016\/09\/14125522_1126355720758869_1237218511778144534_o.jpg?w=640\" alt=\"14125522_1126355720758869_1237218511778144534_o\" \/><\/p>\n<p><img data-recalc-dims=\"1\" decoding=\"async\" src=\"https:\/\/i0.wp.com\/www.bghaber.org\/bghaber\/wp-content\/uploads\/2016\/09\/204946-baskan-aydin-etnospor-kultur-festivaline-kati-eyup-fotogaleri_800x535.jpg?w=640\" alt=\"204946-baskan-aydin-etnospor-kultur-festivaline-kati-eyup-fotogaleri_800x535\" \/><\/p>\n<p><img data-recalc-dims=\"1\" decoding=\"async\" src=\"https:\/\/i0.wp.com\/www.bghaber.org\/bghaber\/wp-content\/uploads\/2016\/09\/ca39cd28-376f-436c-85f9-23a457f0b845.jpg?w=640\" alt=\"ca39cd28-376f-436c-85f9-23a457f0b845\" \/><\/p>\n<div id=\"bghab-845204184\" class=\"bghab-yazi-altinda bghab-entity-placement\"><div class=\"bghab-adlabel\">Reklamlar<\/div><script async src=\"https:\/\/pagead2.googlesyndication.com\/pagead\/js\/adsbygoogle.js\"><\/script>\r\n<!-- bghaber-yaz\u0131-sonu -->\r\n<ins class=\"adsbygoogle\"\r\n     style=\"display:block\"\r\n     data-ad-client=\"ca-pub-6203283170189293\"\r\n     data-ad-slot=\"4222328180\"\r\n     data-ad-format=\"auto\"\r\n     data-full-width-responsive=\"true\"><\/ins>\r\n<script>\r\n     (adsbygoogle = window.adsbygoogle || []).push({});\r\n<\/script><\/div><br style=\"clear: both; display: block; float: none;\"\/>","protected":false},"excerpt":{"rendered":"<p>\u00a0\u00a0Kuleli \u00a0Askeri \u00a0Lisesi \u00a0 &#8211; \u00a0T\u00fcrk \u00a0D\u00fcnyas\u0131 \u00a0M\u00fczesi \u00a0Olsun Dr.Nedim B\u0130R\u0130NC\u0130 Konu:\u00a0 T\u00fcrk birli\u011finin yol i\u015faretleri birer birer tak\u0131l\u0131yor. Yeni ufuk belirdi. 15 Temmuz\u2019dan sonra<\/p>\n","protected":false},"author":13,"featured_media":20458,"comment_status":"closed","ping_status":"closed","sticky":false,"template":"","format":"standard","meta":{"advanced_seo_description":"","jetpack_seo_html_title":"","jetpack_seo_noindex":false,"_jetpack_memberships_contains_paid_content":false,"footnotes":""},"categories":[6],"tags":[37,785],"class_list":["post-20342","post","type-post","status-publish","format-standard","has-post-thumbnail","hentry","category-yorum","tag-bulturk","tag-bulturk-dernegi"],"jetpack_featured_media_url":"https:\/\/i0.wp.com\/www.bghaber.org\/bghaber\/wp-content\/uploads\/2016\/08\/Etno16-scaled.jpg?fit=1706%2C2560&ssl=1","jetpack_sharing_enabled":true,"jetpack_likes_enabled":true,"jetpack-related-posts":[],"jetpack_shortlink":"https:\/\/wp.me\/pc2PfJ-5i6","_links":{"self":[{"href":"https:\/\/www.bghaber.org\/bghaber\/wp-json\/wp\/v2\/posts\/20342","targetHints":{"allow":["GET"]}}],"collection":[{"href":"https:\/\/www.bghaber.org\/bghaber\/wp-json\/wp\/v2\/posts"}],"about":[{"href":"https:\/\/www.bghaber.org\/bghaber\/wp-json\/wp\/v2\/types\/post"}],"author":[{"embeddable":true,"href":"https:\/\/www.bghaber.org\/bghaber\/wp-json\/wp\/v2\/users\/13"}],"replies":[{"embeddable":true,"href":"https:\/\/www.bghaber.org\/bghaber\/wp-json\/wp\/v2\/comments?post=20342"}],"version-history":[{"count":0,"href":"https:\/\/www.bghaber.org\/bghaber\/wp-json\/wp\/v2\/posts\/20342\/revisions"}],"wp:featuredmedia":[{"embeddable":true,"href":"https:\/\/www.bghaber.org\/bghaber\/wp-json\/wp\/v2\/media\/20458"}],"wp:attachment":[{"href":"https:\/\/www.bghaber.org\/bghaber\/wp-json\/wp\/v2\/media?parent=20342"}],"wp:term":[{"taxonomy":"category","embeddable":true,"href":"https:\/\/www.bghaber.org\/bghaber\/wp-json\/wp\/v2\/categories?post=20342"},{"taxonomy":"post_tag","embeddable":true,"href":"https:\/\/www.bghaber.org\/bghaber\/wp-json\/wp\/v2\/tags?post=20342"}],"curies":[{"name":"wp","href":"https:\/\/api.w.org\/{rel}","templated":true}]}}