{"id":20337,"date":"2016-08-31T22:55:27","date_gmt":"2016-08-31T19:55:27","guid":{"rendered":"http:\/\/www.bghaber.org\/bghaber\/?p=20337"},"modified":"2016-08-31T22:58:23","modified_gmt":"2016-08-31T19:58:23","slug":"bombas","status":"publish","type":"post","link":"https:\/\/www.bghaber.org\/bghaber\/bombas\/","title":{"rendered":"Bomba\u015f"},"content":{"rendered":"<p><strong><img data-recalc-dims=\"1\" loading=\"lazy\" decoding=\"async\" class=\"\" src=\"https:\/\/i0.wp.com\/www.bghaber.org\/bghaber\/wp-content\/uploads\/2016\/07\/OSMAN-BULBUL.jpg?resize=133%2C148\" alt=\"OSMAN BULBUL\" width=\"133\" height=\"148\" \/>\u00a0Osman B\u00dcLB\u00dcL<\/strong><\/p>\n<p>Konu: \u201c<strong>Omuzlarda ta\u015f\u0131nacak lider ar\u0131yoruz.\u201d<\/strong><\/p>\n<p>Alt ba\u015fl\u0131\u011f\u0131 t\u0131rnak i\u00e7ine ald\u0131m, \u00e7\u00fcnk\u00fc orijinali M\u00fcmin Top\u00e7u\u2019 ya aittir.<\/p>\n<p>Armudun alt\u0131nda peykede oturmu\u015f, \u00f6n\u00fcmdeki bilgisayarda okunacak bir \u015feyler ararken, d\u00f6rt ad\u0131m \u00f6n\u00fcmdeki domateslerin k\u0131zarmas\u0131n\u0131 izliyordum. \u0130la\u00e7lanmay\u0131nca domatesli\u011fimde dola\u015fan k\u00f6r sinekler gibi, kafamda DOST da \u201c<strong>bomba\u015f<\/strong>\u201d gibi bir saplant\u0131 belirdi. Kafama nas\u0131l ve nereden girdi\u011fini bilemedi\u011fimden, \u201c<strong>\u00c7\u0131k git<\/strong>!\u201d da diyemiyordum. M\u00fcmin Top\u00e7u karde\u015fim bu sabah burnumun \u00f6n\u00fcne dikti\u011fi yaz\u0131s\u0131nda:<\/p>\n<p><strong>Son aylarda, sanki Bulgaristan\u2019daki T\u00fcrk toplulu\u011fu ve buna ba\u011fl\u0131 G\u00f6\u00e7men Diasporas\u0131nda g\u00fc\u00e7l\u00fc bir f\u0131rt\u0131na \u00f6ncesi sessizlik h\u00e2kim.<\/strong><\/p><div id=\"bghab-1927097783\" class=\"bghab-icerik-icine bghab-entity-placement\"><script async src=\"\/\/pagead2.googlesyndication.com\/pagead\/js\/adsbygoogle.js?client=ca-pub-6203283170189293\" crossorigin=\"anonymous\"><\/script><ins class=\"adsbygoogle\" style=\"display:block; text-align:center;\" data-ad-client=\"ca-pub-6203283170189293\" \ndata-ad-slot=\"7303146466\" \ndata-ad-layout=\"in-article\"\ndata-ad-format=\"fluid\" data-full-width-responsive=\"true\"><\/ins>\n<script> \n(adsbygoogle = window.adsbygoogle || []).push({}); \n<\/script>\n<\/div>\n<p><strong>Belki de, bunu hala herkesin tapt\u0131\u011f\u0131 ve omuzlarda ta\u015f\u0131nacak bir liderimizin belirlenmemesine ba\u011flamal\u0131y\u0131z. <\/strong>Demi\u015f ve hastal\u0131\u011f\u0131m\u0131za ne g\u00fczel te\u00e7hiz koymu\u015f!<\/p>\n<p>\u0130nan\u0131r m\u0131s\u0131n\u0131z bilmem, bu sat\u0131rlar\u0131 okuyunca, kafamdaki rahats\u0131z edici o v\u0131z\u0131lt\u0131 birden bire kayboldu. Sanki G\u00dcN do\u011fdu. Kafam ayd\u0131nland\u0131 yeni bir \u0131\u015f\u0131k do\u011fdu.<\/p>\n<p>Bu defa da kendi kendime k\u0131zd\u0131m. \u00c7\u00fcnk\u00fc bu c\u00fcmleyi g\u00fcnler \u00f6nce, aylar \u00f6nce, y\u0131llar \u00f6nce yazabilirdim. \u201c<strong>Onun bunun hat\u0131r\u0131! Ama ne derler? Yazsam m\u0131 yazmasam m<\/strong>\u0131?\u201d gevezeli\u011fine hep yenik d\u00fc\u015ft\u00fcm. Tebrik ederim M\u00fcmin Bey.<\/p>\n<p>Yaz\u0131m\u0131n ba\u015f\u0131nda, Bulgarcadan \u00e7alarak, hepimizin kulland\u0131\u011f\u0131m\u0131z <strong>BOMBA\u015e\u2019\u0131<\/strong> takt\u0131m. \u00c7\u00fcnk\u00fc hakikatten durum bomba\u015f.<\/p>\n<p>Daha \u00f6nce de yazm\u0131\u015ft\u0131m, ben bir ziraat m\u00fchendisiyim. Akademimizde konservecilik ayr\u0131 bir b\u00f6l\u00fcmd\u00fc. Bulgaristan T\u00fcrk ailelerinde k\u0131\u015fl\u0131k haz\u0131rlan\u0131rken doldurulup kapaklar\u0131 s\u0131k\u0131lm\u0131\u015f kavanozlar kaynat\u0131ld\u0131ktan sonra kapak \u00fcst\u00fcne t\u0131rnak ucuyla hafiften vuruldu\u011funda b\u00f6n b\u00f6n ses verirse, bomba\u015flam\u0131\u015ft\u0131r. Yani kavanoz i\u00e7indeki malzeme kaynam\u0131\u015f, fermantasyon (mayalanma) s\u00fcreci ba\u015flam\u0131\u015ft\u0131r. An\u0131nda yenmezse, k\u00fcflenir, konserve zehri insan hayat\u0131na mal olabilir. Bu kural\u0131 insanlar\u0131m\u0131z iyi bilir ve titiz uygulard\u0131.<\/p><div id=\"bghab-1727913788\" class=\"bghab-icerik-icine-10-paragraf bghab-entity-placement\"><script async src=\"\/\/pagead2.googlesyndication.com\/pagead\/js\/adsbygoogle.js?client=ca-pub-6203283170189293\" crossorigin=\"anonymous\"><\/script><ins class=\"adsbygoogle\" style=\"display:block; text-align:center;\" data-ad-client=\"ca-pub-6203283170189293\" \ndata-ad-slot=\"7303146466\" \ndata-ad-layout=\"in-article\"\ndata-ad-format=\"fluid\" data-full-width-responsive=\"true\"><\/ins>\n<script> \n(adsbygoogle = window.adsbygoogle || []).push({}); \n<\/script>\n<\/div>\n<p><strong>S\u00f6z\u00fcn \u00f6z\u00fc, konserve yaparken g\u00f6z\u00fcm\u00fcz ve kula\u011f\u0131m\u0131z a\u00e7\u0131k olurdu.<\/strong><\/p>\n<p>Ek\u015fimi\u015f malzemeyi kurtarabilmenin m\u00fcmk\u00fcn at\u0131 olmad\u0131\u011f\u0131n\u0131 herkes bilirdi. \u015e\u00f6yle yani bir kavanozun ek\u015fidi\u011fi tespit edildi\u011finde i\u00e7indeki malzeme kullan\u0131lmaz, ba\u015fka bir kavanozda kapay\u0131p bir daha kaynatma olay\u0131 yoktu.<\/p>\n<p>\u201c<strong>Bomba\u015f<\/strong>\u201d olay\u0131 siyasi hayat\u0131m\u0131zda da var. Bulgaristan\u2019da eski g\u00fcnlerden kom\u00fcnist partisi bu konuda da \u00e7ok titizdi. Bomba\u015f olay\u0131 ya\u015famayay\u0131m diye, de\u011fil eski sosyal demokrat, radikal ve liberallerden, \u00c7ift\u00e7i Birli\u011fi\u2019nden bile kom\u00fcnist partisine kadro almazd\u0131.<\/p>\n<p>Bir T\u00fcrk dostu olarak tan\u0131d\u0131\u011f\u0131m TV sunucusu, daha sonra Sofya Meclisi Ba\u015fkan yard\u0131mc\u0131s\u0131 se\u00e7ilen Asen Agov bile \u00e7ok \u0131srar etmesine kar\u015f\u0131n kom\u00fcnistlerin aras\u0131na girememi\u015fti. \u00c7\u00fcnk\u00fc a\u015f\u0131r\u0131 sol, ter\u00f6r estiren kanattan olan ve 16 Nisan 1925\u2019te, \u00c7ar III. Boris\u2019i \u00f6ld\u00fcrmek i\u00e7in Sofya \u201c<strong>Tsveta Nedelya<\/strong>\u201d kilisesinin \u00e7at\u0131s\u0131nda bomba patlatan dedesiydi. Aksini kimse akl\u0131ndan ge\u00e7iremezdi. Bu i\u015fler 1990\u2019dan sonra bizde birden bire kar\u0131\u015ft\u0131. 1990\u2019da Kom\u00fcnist Partisi ajanlar\u0131 Demokratik G\u00fc\u00e7ler Birli\u011fi\u2019ne ge\u00e7ti. Birka\u00e7 senede bizdeki demokrasi kavgas\u0131 \u201c<strong>bomba\u015f<\/strong>\u201d oldu.<\/p>\n<p>\u201c<strong>Bomba\u015f<\/strong>\u201d olay\u0131, Hak ve \u00d6zg\u00fcrl\u00fckler Partisi (H\u00d6H-DPS) bacas\u0131n\u0131 daha 4 Ocak 1990\u2019da Ahmet Do\u011fan Genel Ba\u015fkan se\u00e7ildi\u011fi an sard\u0131. Giderek b\u00fct\u00fcn parti bomba\u015f oldu. O zamandan beri ayn\u0131 mayayla yeni parti kurmaya \u00e7al\u0131\u015fanlar\u0131n hi\u00e7 biri (Osman Oktay, G\u00fcner Tahir, Kasim Dal, Korman \u0130smailov vb.) ba\u015far\u0131l\u0131 olamad\u0131lar. \u00c7\u00fcnk\u00fc insanlar\u0131m\u0131z mayan\u0131n kaynam\u0131\u015f oldu\u011funu biliyor ve bilin\u00e7li yana\u015fmad\u0131lar. 2016\u2019da ayn\u0131 olay\u0131 L\u00fctfi Mestan \u00f6rne\u011finde de ya\u015f\u0131yoruz. O ve arkada\u015flar\u0131n\u0131n hem bomba\u015f hem de k\u00fcfl\u00fc oldu\u011funu, H\u00d6H kavanozundan ta\u015ft\u0131\u011f\u0131n\u0131 bilmeyen yok. H\u00d6H kavanozunun d\u0131\u015f\u0131 rekl\u00e2m etiketiyle yap\u0131\u015ft\u0131r\u0131lm\u0131\u015f ve i\u00e7indeki k\u00fcf g\u00f6r\u00fcnm\u00fcyor.<\/p><div id=\"bghab-1128358742\" class=\"bghab-icerik-icine-15-paragraf bghab-entity-placement\"><script async src=\"\/\/pagead2.googlesyndication.com\/pagead\/js\/adsbygoogle.js?client=ca-pub-6203283170189293\" crossorigin=\"anonymous\"><\/script><ins class=\"adsbygoogle\" style=\"display:block; text-align:center;\" data-ad-client=\"ca-pub-6203283170189293\" \ndata-ad-slot=\"7303146466\" \ndata-ad-layout=\"in-article\"\ndata-ad-format=\"fluid\" data-full-width-responsive=\"true\"><\/ins>\n<script> \n(adsbygoogle = window.adsbygoogle || []).push({}); \n<\/script>\n<\/div>\n<p><strong>Viyana\u2019dan bak\u0131ld\u0131\u011f\u0131nda, sanki Bulgaristan\u2019da b\u00fct\u00fcn hayat ba\u015ftanba\u015fa kaynam\u0131\u015f.<\/strong><\/p>\n<p>Hayallerimde bazen kendimi mantar tarlar\u0131nda buluyorum. <strong>Mantara basaca\u011f\u0131m<\/strong> diye korkuyorum. <strong>Yanl\u0131\u015f yapmaya hakk\u0131m\u0131z yok. <\/strong>Bizim nesil gidiyor. Arkadan gelenler bu bilince zor var\u0131r. \u0130liksiz damars\u0131z bir hayat ya\u015f\u0131yoruz. Bize katliam yap\u0131ld\u0131\u011f\u0131n\u0131 d\u00fcnyaya duyuramad\u0131k. Bu i\u015fte Ahmet Do\u011fan\u2019\u0131 kulland\u0131lar, \u201cMulti Grubu\u201d kulland\u0131lar, bizi memleketten kovdular vs vs ve \u00fcst\u00fcn geldiler itiraf etmeliyiz.<\/p>\n<p>Mestan, Bursa, \u0130zmir, \u0130zmit\u2019ten \u201c<strong>Belene<\/strong>\u201d ma\u011fdurlar\u0131n\u0131 toplam\u0131\u015f, K\u0131rcaali ilinde \u015fehit kabirlerine \u00e7elenk koydular. Kuzeyliler nerede. Ne hakk\u0131n var seni birbirimizden ay\u0131rmaya. Hani bir b\u00fct\u00fcnd\u00fck???<\/p>\n<p>\u0130stanbul\u2019da 240 bin karde\u015fimiz ya\u015f\u0131yor. Onlardan gelen olmam\u0131\u015f neden. \u0130stanbul dernekleriyle ili\u015fkide bulunmaktan neden korkuyorsunuz!?<\/p>\n<p>\u0130stanbu&#8217;da BULT\u00dcRK T\u00fcrkl\u00fck kalesi de\u011fil mi? Yoksa d\u0131\u015fardan ak\u0131l kabul etmiyor musunuz?<\/p><div id=\"bghab-4230058969\" class=\"bghab-icerik-icine-20-paragraf bghab-entity-placement\"><script async src=\"\/\/pagead2.googlesyndication.com\/pagead\/js\/adsbygoogle.js?client=ca-pub-6203283170189293\" crossorigin=\"anonymous\"><\/script><ins class=\"adsbygoogle\" style=\"display:block; text-align:center;\" data-ad-client=\"ca-pub-6203283170189293\" \ndata-ad-slot=\"7303146466\" \ndata-ad-layout=\"in-article\"\ndata-ad-format=\"fluid\" data-full-width-responsive=\"true\"><\/ins>\n<script> \n(adsbygoogle = window.adsbygoogle || []).push({}); \n<\/script>\n<\/div>\n<p>Say\u0131n Mestan, bazen d\u00fc\u015f\u00fcn\u00fcyorum da siz <strong>paralel bomba\u015f kavanoz<\/strong> gibisiniz. 31 A\u011fustos 2016 sabah\u0131 \u201c<strong>Nova<\/strong>\u201d TV sabah yay\u0131n\u0131nda, siz \u00e7\u0131kmazdan \u00f6nce Filibe (Plovdiv) Yeni Mahale\u2019den (Stolipenovo) belediye meclisi \u00fcyesi bir karde\u015fimizle s\u00f6yle\u015fi vard\u0131. Bulgarcas\u0131n\u0131n yetersizli\u011fiyle alay ettiler. 8 y\u0131l e\u011fitimin zorunlu oldu\u011fu bir \u00fclkede ki\u015fisel cahillikle alay etmek, su\u00e7tur. \u00c7\u00fcnk\u00fc bu i\u015ften devlet sorumludur. Devlet i\u015fini yapmam\u0131\u015ft\u0131r. Bu devletin en y\u00fcksek e\u011fitim korumu olan Halk Meclisi E\u011fitim Komisyonu \u00fcyesi olansa <strong>S\u0130ZD\u0130N\u0130Z<\/strong>!<\/p>\n<p><strong>Viyana\u2019da bir Bulgar K\u00fclt\u00fcr Evi var.<\/strong> Bazen u\u011frad\u0131\u011f\u0131m oluyor. Son defa kom\u015fu masada pasta yiyenlerin ikili sohbetine kulak misafiri oldum.<\/p>\n<ul>\n<li><strong>Karde\u015fim, b\u00fcy\u00fck ba\u015far\u0131 elde ettik son d\u00f6nem, T\u00fcrkler art\u0131k dilek\u00e7e yazamaz olmu\u015flar, yazmalar\u0131 okumalar\u0131 ise s\u0131f\u0131r<\/strong>. Diye sevinerek anlat\u0131yordu biri ve onu dinleyen b\u0131y\u0131kl\u0131 cevap verdi.<\/li>\n<li><strong>Bu defa dayanamayacaklar, cahil olduklar\u0131n\u0131 y\u00fczlerine vura vura hepsini devletimizden s\u00f6k\u00fcp ataca\u011f\u0131z ve kuyruklar\u0131n\u0131 bacaklar\u0131n\u0131n aras\u0131na s\u0131k\u0131\u015ft\u0131r\u0131p gidecekler.<\/strong><\/li>\n<li><strong>Zaten hedef de bu! Milliyet\u00e7ilerimiz kenetlendik\u00e7e, onlara bu topraklar dar gelecek. Mezar ta\u015flar\u0131n\u0131 da y\u00fckleyelim giderken s\u0131rtlar\u0131na\u2026<\/strong><\/li>\n<\/ul>\n<p>Biz y\u00fczde y\u00fcz ho\u015fg\u00f6r\u00fcs\u00fcz bir toplumda ya\u015f\u0131yoruz. Ortam \u201cbomba\u015f\u201d ve uyanam\u0131yoruz. 2015 ve 2016\u2019da Bulgaristan\u2019da uyanan tek siyasi g\u00fc\u00e7 var: T\u00fcrk ve \u0130slam d\u00fc\u015fman\u0131 Bulgar milliyet\u00e7ili\u2013s\u00f6zde \u201cYurtsever Cephe\u201d (PF) form\u00fcl\u00fcyle k\u00f6k sald\u0131lar ve eski fa\u015fist ve a\u015f\u0131r\u0131 milliyet\u00e7i kaynaklara kadar eri\u015fti art\u0131k k\u00f6kleri. Makedon \u0130\u00e7 Devrim Hareketi (VMRO) ad\u0131yla ayakta duran, eski kanl\u0131 komitelerin varisleriyle kayna\u015ft\u0131lar ve bug\u00fcn GERB h\u00fck\u00fcmetini istedikleri gibi \u0131rgal\u0131yorlar. Meclise sunduklar\u0131 yasa \u00f6nerilerinin hepsi M\u00fcsl\u00fcmanlara kar\u015f\u0131d\u0131r ve hepsi de onaylan\u0131p ge\u00e7mi\u015ftir. Olay budur.<\/p>\n<p>31 A\u011fustos 2016 sabah\u0131 TV\u2019de <strong>bilgi\u00e7lik taslayan Mestan<\/strong>, karar alaca\u011f\u0131z, g\u00f6sterirsek, g\u00f6sterece\u011fimiz aday NATO-cu olacak, ama NATO\u2019cu olup da Avrupa Birli\u011fi\u2019nin Rusya\u2019ya kar\u015f\u0131 ambargonun kald\u0131r\u0131lmas\u0131n\u0131 isterse, olmaz, desteklemeyiz, K\u0131r\u0131m\u2019da ilhak\u0131na kar\u015f\u0131 \u00e7\u0131kmazsa gene olmaz diye anlatt\u0131k\u00e7a anlat\u0131yor.<\/p>\n<p><strong>Be karde\u015fim, sana m\u0131 kald\u0131 NATO-culuk!? <\/strong><\/p><div id=\"bghab-650214779\" class=\"bghab-icerik-icine-25-paragraf bghab-entity-placement\"><script async src=\"\/\/pagead2.googlesyndication.com\/pagead\/js\/adsbygoogle.js?client=ca-pub-6203283170189293\" crossorigin=\"anonymous\"><\/script><ins class=\"adsbygoogle\" style=\"display:block; text-align:center;\" data-ad-client=\"ca-pub-6203283170189293\" \ndata-ad-slot=\"7303146466\" \ndata-ad-layout=\"in-article\"\ndata-ad-format=\"fluid\" data-full-width-responsive=\"true\"><\/ins>\n<script> \n(adsbygoogle = window.adsbygoogle || []).push({}); \n<\/script>\n<\/div>\n<p>2004\u2019te NATO bize geldi de ne oldu? \u00c7ocuklar\u0131m\u0131za bir okul mu a\u00e7t\u0131. Bir camimizi mi onard\u0131. Yetimlere nafaka m\u0131 da\u011f\u0131tt\u0131. Ka\u00e7 i\u015fyeri a\u00e7t\u0131\u2026.?<\/p>\n<p><strong>NATO ve FETO\u2019cularla TBMM\u2019ni bombalad\u0131. Sen bunu duymad\u0131n m\u0131?<\/strong><\/p>\n<p>T\u00fcrkiye\u2019de askeri darbe k\u0131\u015fk\u0131rt\u0131p Cumhuriyetimizi, devrimimizi, \u00f6zg\u00fcrl\u00fcklerimizi k\u00f6r kuyuya g\u00f6mmeyi denemedi mi? Cumhurba\u015fkan\u0131m\u0131z\u0131 \u00f6ld\u00fcrmek istemediler mi? Bizi vatans\u0131z b\u0131rakmay\u0131 denemediler mi? NATO-FETO u\u00e7aklar\u0131 TBMM\u2019ni bombalarken NATO \u0130spanya genel merkezinden, Hollan\u2019da ve Br\u00fcksek Genel Kurmayl\u0131klar\u0131ndan, Avrupa\u2019da konu\u015flanm\u0131\u015f t\u00fcm NATO sava\u015f u\u00e7aklar\u0131na: \u201c<strong>Alarm! Havalan\u0131n ve T\u00fcrkiye Cumhuriyeti\u2019ni kurtar\u0131n. Darbe denemesi var, \u00e7\u00f6kertin!\u201d<\/strong> Emri geldi mi? Gelmedi. Eeee daha ne bekliyorsunuz.<\/p>\n<p>\u00d6yleyse neme gerek benim NATO? Mestan karde\u015f tuttu\u011fun i\u015flerin hepsi birer \u201c<strong>bomba\u015f<\/strong>.\u201d Alt\u0131n apoletliler \u201cGe\u00e7mi\u015f Olsun!\u201d bile diyemediler-demediler ka\u00e7 g\u00fcn\u2026<\/p>\n<p>Evet, ya\u015fl\u0131 Belenecileri Bulgaristan\u2019a ta\u015f\u0131mak ve mezarl\u0131klara kuru \u00e7i\u00e7ek ta\u015f\u0131tman da \u201c<strong>bomba\u015f<\/strong>\u201d. Bizim \u015fehitlerimiz kuru \u00e7i\u00e7ek \u00e7elengi istemez. <strong>Onlara bir Fatiha yeter.<\/strong> G\u00f6n\u00fcllerinden en g\u00fczel \u00e7i\u00e7ekler en g\u00fczel renklerle zaten a\u00e7m\u0131\u015f ve en nefis kokular sa\u00e7\u0131yor. Bulgar milliyet\u00e7ilerin derdi bu renkleri yeni ku\u015fa\u011f\u0131m\u0131za g\u00f6stermemek, kokular\u0131n\u0131 koklatmamak, bizi bakar k\u00f6r ve e\u015fek kulakl\u0131 sa\u011f\u0131r durumunda uyurgezer duruma getirmektir.<\/p><div id=\"bghab-1935570448\" class=\"bghab-icerik-icine-30-paragraf bghab-entity-placement\"><script async src=\"\/\/pagead2.googlesyndication.com\/pagead\/js\/adsbygoogle.js?client=ca-pub-6203283170189293\" crossorigin=\"anonymous\"><\/script><ins class=\"adsbygoogle\" style=\"display:block; text-align:center;\" data-ad-client=\"ca-pub-6203283170189293\" \ndata-ad-slot=\"7303146466\" \ndata-ad-layout=\"in-article\"\ndata-ad-format=\"fluid\" data-full-width-responsive=\"true\"><\/ins>\n<script> \n(adsbygoogle = window.adsbygoogle || []).push({}); \n<\/script>\n<\/div>\n<p><strong>T\u00fcrkiye savunuculu\u011funa gelince! <\/strong><\/p>\n<p>Yak\u0131\u015fm\u0131yor be karde\u015fim. \u015eu \u201c<strong>Osmanl\u0131 Bulgarlara Soyk\u0131r\u0131m yapt\u0131 Bildirisini<\/strong>\u201d imzalamasayd\u0131n, neyse ne\u2026 Ama yanl\u0131\u015flar\u0131n bir de\u011fil, iki de\u011fil. Her ad\u0131mda maine bas\u0131yorsun, her i\u015fin \u201c<strong>bomba\u015f<\/strong>.\u201d \u00dcst\u00fcne insan ay\u0131r\u0131m\u0131 da yap\u0131yorsun\u2026 Yak\u0131\u015fm\u0131yor\u2026<\/p>\n<p>K\u0131z\u0131n\u0131 T\u00fcrkiye\u2019ye vereli, bak\u0131yorum T\u00fcrkiye\u2019yi savunmaya ba\u015flam\u0131\u015fs\u0131n. Darbecilerin 240 tank, 45 u\u00e7ak, 3 sava\u015f gemisi, 35 helikopter kulland\u0131\u011f\u0131n\u0131 anlat\u0131rken, 260 \u015fehidimizi, 2500 yaral\u0131m\u0131z\u0131 unutuyorsun. Devletimiz y\u0131k\u0131lmak istendi onu da unutuyorsun.<\/p>\n<p>T\u00fcrkiye\u2019yi ya\u015fayamayan, 60 ya\u015f\u0131na kadar sevememi\u015f bir ki\u015fi, birden bire sevemez. Olmuyor be karde\u015f.<\/p>\n<p>T\u00fcrkiye yeni do\u011fmu\u015f dikensiz bir kirpi yavrusu de\u011fildir. Binlerce y\u0131l tarihte ge\u00e7mi\u015finde dikenleri \u00e7elikle\u015fmi\u015f bir devlet ve medeniyettir. Bunu anlamak, birde sevmek kolay olmaz. Hani camiye gidenlerin g\u00fcnahlar\u0131n\u0131n birden ba\u011f\u0131\u015flanmad\u0131\u011f\u0131 gibi bir \u015feydir bu.\u00a0 Bu i\u015finiz de \u201c<strong>bomba\u015f<\/strong>\u201d.<\/p><div id=\"bghab-2723265937\" class=\"bghab-icerik-icine-35-paragraf bghab-entity-placement\"><script async src=\"\/\/pagead2.googlesyndication.com\/pagead\/js\/adsbygoogle.js?client=ca-pub-6203283170189293\" crossorigin=\"anonymous\"><\/script><ins class=\"adsbygoogle\" style=\"display:block; text-align:center;\" data-ad-client=\"ca-pub-6203283170189293\" \ndata-ad-slot=\"7303146466\" \ndata-ad-layout=\"in-article\"\ndata-ad-format=\"fluid\" data-full-width-responsive=\"true\"><\/ins>\n<script> \n(adsbygoogle = window.adsbygoogle || []).push({}); \n<\/script>\n<\/div>\n<p>Sonra \u015fu i\u015f de var, o kadar tutuklu, bu kadar yarg\u0131lanm\u0131\u015f, edebiyat\u0131nda da zay\u0131fs\u0131n. Beklenen cevab\u0131 veremedin. B\u00fcy\u00fck a\u011fa\u00e7 budan\u0131nca yere d\u00fc\u015fen dallar bol olur. Bunlar\u0131n aras\u0131nda kurusu ya\u015f\u0131 olur, ama birka\u00e7 dal\u0131 kesilen a\u011fa\u00e7 kurumaz. Yenileri \u00e7\u0131kar ve a\u011fa\u00e7 daha g\u00fcr ve g\u00fc\u00e7l\u00fc olur.<\/p>\n<p><strong>\u015e\u00f6yle de bir ger\u00e7ek var. <\/strong><\/p>\n<p>Olaylar hi\u00e7 de sizin Ankara\u2019da anlatt\u0131\u011f\u0131n\u0131z gibi de\u011fil.<\/p>\n<p>\u201c<strong>Alfa R\u0131\u00e7ars<\/strong>\u201d sosyolojik ara\u015ft\u0131rma \u015firketi, \u201c<strong>Se\u00e7imler bu g\u00fcn olursa hangi partinin Cumhurba\u015fkan\u0131 aday\u0131na oy verirsin<\/strong>? \u201c sorusuyla bir anket d\u00fczenledi. \u201c<strong>Oyumu<\/strong> <strong>DOST partisine verece\u011fim<\/strong>\u201d diyenler % 0.5. Bende d\u00fc\u015f\u00fcnd\u00fcm kald\u0131m. Konu\u015fuyoruz, anlat\u0131yoruz, yaz\u0131yoruz, yay\u0131nl\u0131yoruz, diyorsunuz fakat herkes bildi\u011fini okuyor ve kavanozun \u201c<strong>bomba\u015f<\/strong>\u201d olmas\u0131ndan korksan\u0131z iyi olur.<\/p>\n<p>Tarihten de s\u00f6z ettiniz TV program\u0131nda. Bana \u00f6yle geldi ki, sanki bizim \u00f6zlenmeyecek bir tarihimiz var. Hay\u0131r. <strong>Bizim Bulgar halk\u0131yla ortak bir tarihimiz var<\/strong>. Bu asla unutulmamal\u0131d\u0131r. Tarihinden korkan yar\u0131na gidemez. Tarihe \u015fefaf bakmal\u0131y\u0131z.<\/p><div id=\"bghab-906278875\" class=\"bghab-icerik-icine-40-paragraf bghab-entity-placement\"><script async src=\"\/\/pagead2.googlesyndication.com\/pagead\/js\/adsbygoogle.js?client=ca-pub-6203283170189293\" crossorigin=\"anonymous\"><\/script><ins class=\"adsbygoogle\" style=\"display:block; text-align:center;\" data-ad-client=\"ca-pub-6203283170189293\" \ndata-ad-slot=\"7303146466\" \ndata-ad-layout=\"in-article\"\ndata-ad-format=\"fluid\" data-full-width-responsive=\"true\"><\/ins>\n<script> \n(adsbygoogle = window.adsbygoogle || []).push({}); \n<\/script>\n<\/div>\n<p>Biz hep ge\u00e7mi\u015fimizi \u00f6zleriz, nedeni de gelece\u011fi \u00f6zlemek imk\u00e2ns\u0131z oldu\u011fu i\u00e7indir.<\/p>\n<p>\u00d6zlemek nas\u0131l bir \u015feydir bilir misiniz\u2026!?<\/p>\n<p>Ge\u00e7mi\u015f mum ve bug\u00fcnse kibrit.<\/p>\n<p>Bir an gelir. Yakan da biter yanan da\u2026 Ama bitmemelidir.<\/p>\n<p>Ge\u00e7mi\u015fin \u0131\u015f\u0131\u011f\u0131 lo\u015f da olsa s\u00f6nmemelidir.<\/p><div id=\"bghab-2827952905\" class=\"bghab-icerik-icine-45-paragraf bghab-entity-placement\"><script async src=\"\/\/pagead2.googlesyndication.com\/pagead\/js\/adsbygoogle.js?client=ca-pub-6203283170189293\" crossorigin=\"anonymous\"><\/script><ins class=\"adsbygoogle\" style=\"display:block; text-align:center;\" data-ad-client=\"ca-pub-6203283170189293\" \ndata-ad-slot=\"7303146466\" \ndata-ad-layout=\"in-article\"\ndata-ad-format=\"fluid\" data-full-width-responsive=\"true\"><\/ins>\n<script> \n(adsbygoogle = window.adsbygoogle || []).push({}); \n<\/script>\n<\/div>\n<p>Ben yak\u0131nda yeniden alevlenece\u011fimize inan\u0131yorum.<\/p>\n<p>\u201c<strong>Omuzlarda ta\u015f\u0131nacak lider istiyoruz<\/strong>!\u201d bu bo\u015f ses de\u011fildir.<\/p>\n<p>Yazan, kitle u\u011fultusunu okuyabilmi\u015f. F\u0131rt\u0131na \u00f6ncesinde oldu\u011fumuza i\u015faret ediyor.<\/p>\n<p>Kibriti kuru tutal\u0131m. K\u0131\u015f geliyor, kavanozlar\u0131 \u201c<strong>bomba\u015f<\/strong>\u201d yapmadan kaynatal\u0131m.<\/p>\n<p>Bu i\u015fler ne ya\u015f kibritle ve ne de eski ate\u015fte olur, yeni ate\u015f yakmaya davet var havada!<\/p><div id=\"bghab-2181492048\" class=\"bghab-icerik-icine-50-paragraf bghab-entity-placement\"><script async src=\"\/\/pagead2.googlesyndication.com\/pagead\/js\/adsbygoogle.js?client=ca-pub-6203283170189293\" crossorigin=\"anonymous\"><\/script><ins class=\"adsbygoogle\" style=\"display:block; text-align:center;\" data-ad-client=\"ca-pub-6203283170189293\" \ndata-ad-slot=\"7303146466\" \ndata-ad-layout=\"in-article\"\ndata-ad-format=\"fluid\" data-full-width-responsive=\"true\"><\/ins>\n<script> \n(adsbygoogle = window.adsbygoogle || []).push({}); \n<\/script>\n<\/div>\n<p><strong>Neyi mi \u00f6zl\u00fcyorum?<\/strong><\/p>\n<p>Halk\u0131m\u0131n uyan\u0131\u015f\u0131n\u0131 \u00f6zlemi\u015fim, orak bi\u00e7erken testiden su i\u00e7mek gibi\u2026.<\/p>\n<p>Onun yapt\u0131\u011f\u0131 her \u015feyin erdemli ve do\u011fru oldu\u011funa inan\u0131yorum;<\/p>\n<p>Halk\u0131m\u0131n ter kokusunu \u00f6zlemi\u015fim. Katranl\u0131 ellerle \u00e7\u00f6rek yemeyi, ek\u015fi ayran i\u00e7meyi, g\u00fcl demedi derlemeyi.<\/p>\n<p>O her \u015feyin ayar\u0131n\u0131 bilen, a\u015f\u0131r\u0131l\u0131k yapmayan, hata ya da su\u00e7 nedir bilmeyen halk\u0131mla beraber olmay\u0131 \u00f6zlemi\u015fim\u2026<\/p><div id=\"bghab-4028336168\" class=\"bghab-icerik-icine-55-paragraf bghab-entity-placement\"><script async src=\"\/\/pagead2.googlesyndication.com\/pagead\/js\/adsbygoogle.js?client=ca-pub-6203283170189293\" crossorigin=\"anonymous\"><\/script><ins class=\"adsbygoogle\" style=\"display:block; text-align:center;\" data-ad-client=\"ca-pub-6203283170189293\" \ndata-ad-slot=\"7303146466\" \ndata-ad-layout=\"in-article\"\ndata-ad-format=\"fluid\" data-full-width-responsive=\"true\"><\/ins>\n<script> \n(adsbygoogle = window.adsbygoogle || []).push({}); \n<\/script>\n<\/div>\n<p><strong>\u00dczg\u00fcn\u00fcm!<\/strong><\/p>\n<p>Mezar ta\u015flar\u0131n\u0131 okuyup kuru topra\u011f\u0131 sulayanlar.<\/p>\n<p>Bu memlekete ba\u015ftanba\u015fa <strong>Bar\u0131\u015f Dikenleri<\/strong> dikelim.<\/p>\n<p>Ayd\u0131nl\u0131k y\u00fczler g\u00f6rmek istiyorum.<\/p>\n<p>Torunum \u201c<strong>Dede sen \u00f6mr\u00fcn\u00fcn yar\u0131s\u0131nda ne yapt\u0131n<\/strong>?\u201d diye sordu\u011funda cevap veremiyorum. \u201c<strong>Main tarlas\u0131ndayd\u0131m evlad\u0131m, mantara bast\u0131m<\/strong>\u201d m\u0131 diyeyim?<\/p><div id=\"bghab-3948060341\" class=\"bghab-icerik-icine-60-paragraf bghab-entity-placement\"><script async src=\"\/\/pagead2.googlesyndication.com\/pagead\/js\/adsbygoogle.js?client=ca-pub-6203283170189293\" crossorigin=\"anonymous\"><\/script><ins class=\"adsbygoogle\" style=\"display:block; text-align:center;\" data-ad-client=\"ca-pub-6203283170189293\" \ndata-ad-slot=\"7303146466\" \ndata-ad-layout=\"in-article\"\ndata-ad-format=\"fluid\" data-full-width-responsive=\"true\"><\/ins>\n<script> \n(adsbygoogle = window.adsbygoogle || []).push({}); \n<\/script>\n<\/div>\n<p>Konserve kaynatt\u0131m hepsi \u201c<strong>bomba\u015f<\/strong>\u201d \u00e7\u0131kt\u0131 m\u0131!?<\/p>\n<p>H\u00d6H i\u00e7in ister zehirli mantar ister \u201c<strong>bomba\u015f<\/strong>\u201d konserve deyin, ikisi de kabul\u00fcm.<\/p>\n<p><strong><u>Halk\u0131m\u0131z \u201cbomba\u015f\u201d kapa\u011f\u0131n a\u00e7\u0131l\u0131p i\u00e7indeki malzemenin yeni kavanoza koyulmayaca\u011f\u0131n\u0131 \u00e7ok iyi bilir. <\/u><\/strong><\/p>\n<p>2016 olaylar\u0131 kar\u015f\u0131s\u0131nda yerimizde durduk, derin dondurucuya at\u0131lm\u0131\u015f gibi donduk kald\u0131k.<\/p>\n<p>\u201c<strong>Bomba\u015f<\/strong>\u201d biri lider olsun diye beklemedik.<\/p><div id=\"bghab-2216100072\" class=\"bghab-icerik-icine-65-paragraf bghab-entity-placement\"><script async src=\"\/\/pagead2.googlesyndication.com\/pagead\/js\/adsbygoogle.js?client=ca-pub-6203283170189293\" crossorigin=\"anonymous\"><\/script><ins class=\"adsbygoogle\" style=\"display:block; text-align:center;\" data-ad-client=\"ca-pub-6203283170189293\" \ndata-ad-slot=\"7303146466\" \ndata-ad-layout=\"in-article\"\ndata-ad-format=\"fluid\" data-full-width-responsive=\"true\"><\/ins>\n<script> \n(adsbygoogle = window.adsbygoogle || []).push({}); \n<\/script>\n<\/div>\n<p>\u201c<strong>Saban de\u011fi\u015fir, \u00f6k\u00fcz de\u011fi\u015fir, toprak bizimdir!<\/strong>\u201d dememi\u015f mi dedelerimiz.<\/p>\n<p>Ba\u015fkas\u0131n\u0131n g\u00f6l\u00fcnde b\u00fcy\u00fck bal\u0131k olmak \u00e7ok zor!<\/p>\n<p>Derin bir nefret var bizim toplumda.<\/p>\n<p>Bar\u0131\u015f Dikeni dikelim t\u00fcm memletimize!<\/p>\n<p>Kitap okumak da istemiyorum art\u0131k. Ya\u015fayan\u0131 de\u011fil, \u00f6l\u00fc olanlar\u0131 yans\u0131t\u0131yor kitaplar.<\/p>\n<p>Bazen \u00f6zg\u00fcrl\u00fck de istemiyorum. Ben yeni kavanozun \u201c<strong>bomba\u015f<\/strong>\u201d oldu\u011funu biliyorum.<\/p>\n<p>K\u0131zaran domateslerimi seyretmek de istemiyorum, \u00e7\u00fcnk\u00fc bir adam\u0131n daha \u00f6nce kapad\u0131\u011f\u0131 kavanozlar\u0131n hepsi \u201c<strong>bomba\u015f<\/strong>\u201d \u00e7\u0131km\u0131\u015fsa, yenilerinin \u00f6yle olmayaca\u011f\u0131na garanti nerede, nedir, olabilir mi? Yok olamaz!<\/p>\n<p>Hani bir \u015fark\u0131 vard\u0131! Hani geldik gidiyoruz bilinmez bir diyara, eskiden mantar idik \u015fimdi d\u00f6nd\u00fck bir h\u0131yara, \u00f6yle bir \u015feyiz, i\u015fte biz de\u2026? Ba\u015ftan ba\u015fa \u201c<strong>bomba\u015f<\/strong>\u201d!!!<\/p>\n<p><strong>Viyana\u2019da kald\u0131\u011f\u0131m y\u0131llar\u0131m bo\u015fa ge\u00e7medi. Sab\u0131rla yaz\u0131lm\u0131\u015f eserlerde gelece\u011fi arad\u0131m.<\/strong><\/p>\n<p>Avrupa incisi \u0130svi\u00e7re\u2019nin, Frans\u0131z Devrimi sat\u0131r\u0131ndan, Almanya\u2019daki 30 y\u0131l sava\u015flar\u0131ndan, 1918 Kas\u0131m Devriminden, \u0130talyan \u0130syanlar\u0131\u2019ndan kelle koltukta ka\u00e7anlar taraf\u0131ndan kuruldu\u011fu ustaca anlat\u0131lm\u0131\u015f.<\/p>\n<p><strong>Biz gelenlerin memleketi de\u011fil, kalanlar\u0131n vatan\u0131y\u0131z. <\/strong><\/p>\n<p>Buraya gelenler Evliyalar, Alperenler en derin kuytuluklar\u0131na, dere boylar\u0131na, en sarp kayalar\u0131n g\u00f6lgesine, doruk bellerine yerle\u015fmi\u015fler. Bu insanlar aralar\u0131ndan kavga etmedikleri gibi kayna\u015fmay\u0131 adaleti \u00f6\u011fretmi\u015fler.<\/p>\n<p>Frans\u0131z Frans\u0131z, Alman Alman, \u0130tralyan da \u0130talyan kalm\u0131\u015f, gelen yeniler bo\u015fluk doldurmu\u015flar. \u0130svi\u00e7reli olmalar\u0131 aralar\u0131nda tek d\u00f6\u015fek harman olmu\u015f ve as\u0131rlarca ate\u015flerden ka\u00e7arak \u00f6ylece kalakalsalar da eski k\u0131tan\u0131n incisi olabilmi\u015fler.<\/p>\n<p>Orda e\u015fitli\u011fin e\u011fitimden kaynakland\u0131\u011f\u0131n\u0131 dinledim. Bir okulda Frans\u0131zca, \u0130talyanca ve Almanca e\u011fitim verilirken, ortak dil olarak yerli dili ve \u0130ngilizceyi de programa ald\u0131klar\u0131n\u0131 g\u00f6rd\u00fc\u011f\u00fcmde, \u201c<strong>aman ne oluyor<\/strong>?\u201d demeden kendimi alamad\u0131m. Kimsenin mutlaka bir \u015feyi \u00f6\u011frenmesi zorunlulu\u011fu diye bir \u015fey yok. Trabzon\u2019lu Saliz Ozcan\u2019la tan\u0131\u015ft\u0131m, o\u011flu liseyi \u00e2l\u00e2 ile bitirince, Papa Muhaf\u0131z Alay\u0131\u2019na alm\u0131\u015flar. E\u011fitimde e\u015fitlik, e\u015fit adalete a\u00e7\u0131lan bir yol,\u00a0 b\u00fcy\u00fck olay. Bizde, kafam\u0131za T\u00fcrk\u00e7e bir \u015feyler girecek de Milliyet\u00e7ili\u011fimiz canlanacak diye korkan Bulgarlar tiril tiril titriyor. Ne tuhaf de\u011fil mi\u2026?<\/p>\n<p><strong>Omuzlarda ta\u015f\u0131nacak lider ar\u0131yoruz<\/strong>!<\/p>\n<p>Derken, koskoca Sofya\u2019da davaya girip dava kazanacak bir T\u00fcrk avukat olmamas\u0131na \u00fcz\u00fcl\u00fcyorum. 1973\u2019te Sofya \u00dcniversitesi Hukuk Fak\u00fcltesini kazanan Georgi Paru\u015fev ad\u0131nda bir tan\u0131d\u0131\u011f\u0131m var. Kazanm\u0131\u015f olmas\u0131na ra\u011fmen girip okuyamam\u0131\u015ft\u0131. Yaz\u0131lmaya babas\u0131yla beraber gelmi\u015fti Slivne\u2019den, \u201c<strong>Olmaz<\/strong>!\u201d demi\u015fler. <strong>BKP MK\u2019ne git, orada \u00c7ingenelerden sorumlu Kolev var, bize telefon etsin, o zaman olur,<\/strong> demi\u015flerdi. Babas\u0131 gitti, anlatt\u0131, yak\u0131nd\u0131, ald\u0131 cevap \u015fu oldu: \u201c<strong>Bizden hukuk\u00e7u yeti\u015fmesini istemiyorlar, \u00e7\u00fcnk\u00fc haklar\u0131m\u0131z\u0131 savunuruz diye korkuyorlar<\/strong>!\u201d O sebepten ben sana yard\u0131m edemem, onlar sana \u00f6yle s\u00f6yl\u00fcyorlar amma bana da verme diyorlar, i\u015fte ger\u00e7ek bu.<\/p>\n<p>Bu kavanoz daha o zamandan \u201c<strong>bomba\u015f<\/strong>\u201d.<\/p>\n<p><strong>B\u00fcy\u00fck \u0130\u015fleri Yaln\u0131z B\u00fcy\u00fck Milletler Yapar.<\/strong><\/p>\n<p>En derin sevgi ve sayg\u0131lar\u0131m\u0131zla,<\/p>\n<div id=\"bghab-779739986\" class=\"bghab-yazi-altinda bghab-entity-placement\"><div class=\"bghab-adlabel\">Reklamlar<\/div><script async src=\"https:\/\/pagead2.googlesyndication.com\/pagead\/js\/adsbygoogle.js\"><\/script>\r\n<!-- bghaber-yaz\u0131-sonu -->\r\n<ins class=\"adsbygoogle\"\r\n     style=\"display:block\"\r\n     data-ad-client=\"ca-pub-6203283170189293\"\r\n     data-ad-slot=\"4222328180\"\r\n     data-ad-format=\"auto\"\r\n     data-full-width-responsive=\"true\"><\/ins>\r\n<script>\r\n     (adsbygoogle = window.adsbygoogle || []).push({});\r\n<\/script><\/div><br style=\"clear: both; display: block; float: none;\"\/>","protected":false},"excerpt":{"rendered":"<p>\u00a0Osman B\u00dcLB\u00dcL Konu: \u201cOmuzlarda ta\u015f\u0131nacak lider ar\u0131yoruz.\u201d Alt ba\u015fl\u0131\u011f\u0131 t\u0131rnak i\u00e7ine ald\u0131m, \u00e7\u00fcnk\u00fc orijinali M\u00fcmin Top\u00e7u\u2019 ya aittir. Armudun alt\u0131nda peykede oturmu\u015f, \u00f6n\u00fcmdeki bilgisayarda okunacak<\/p>\n","protected":false},"author":13,"featured_media":19647,"comment_status":"closed","ping_status":"closed","sticky":false,"template":"","format":"standard","meta":{"advanced_seo_description":"","jetpack_seo_html_title":"","jetpack_seo_noindex":false,"_jetpack_memberships_contains_paid_content":false,"footnotes":""},"categories":[6],"tags":[],"class_list":["post-20337","post","type-post","status-publish","format-standard","has-post-thumbnail","hentry","category-yorum"],"jetpack_featured_media_url":"https:\/\/i0.wp.com\/www.bghaber.org\/bghaber\/wp-content\/uploads\/2016\/07\/OSMAN-BULBUL.jpg?fit=97%2C108&ssl=1","jetpack_sharing_enabled":true,"jetpack_likes_enabled":true,"jetpack-related-posts":[],"jetpack_shortlink":"https:\/\/wp.me\/sc2PfJ-bombas","_links":{"self":[{"href":"https:\/\/www.bghaber.org\/bghaber\/wp-json\/wp\/v2\/posts\/20337","targetHints":{"allow":["GET"]}}],"collection":[{"href":"https:\/\/www.bghaber.org\/bghaber\/wp-json\/wp\/v2\/posts"}],"about":[{"href":"https:\/\/www.bghaber.org\/bghaber\/wp-json\/wp\/v2\/types\/post"}],"author":[{"embeddable":true,"href":"https:\/\/www.bghaber.org\/bghaber\/wp-json\/wp\/v2\/users\/13"}],"replies":[{"embeddable":true,"href":"https:\/\/www.bghaber.org\/bghaber\/wp-json\/wp\/v2\/comments?post=20337"}],"version-history":[{"count":0,"href":"https:\/\/www.bghaber.org\/bghaber\/wp-json\/wp\/v2\/posts\/20337\/revisions"}],"wp:featuredmedia":[{"embeddable":true,"href":"https:\/\/www.bghaber.org\/bghaber\/wp-json\/wp\/v2\/media\/19647"}],"wp:attachment":[{"href":"https:\/\/www.bghaber.org\/bghaber\/wp-json\/wp\/v2\/media?parent=20337"}],"wp:term":[{"taxonomy":"category","embeddable":true,"href":"https:\/\/www.bghaber.org\/bghaber\/wp-json\/wp\/v2\/categories?post=20337"},{"taxonomy":"post_tag","embeddable":true,"href":"https:\/\/www.bghaber.org\/bghaber\/wp-json\/wp\/v2\/tags?post=20337"}],"curies":[{"name":"wp","href":"https:\/\/api.w.org\/{rel}","templated":true}]}}