{"id":20327,"date":"2016-08-31T00:10:27","date_gmt":"2016-08-30T21:10:27","guid":{"rendered":"http:\/\/www.bghaber.org\/bghaber\/?p=20327"},"modified":"2016-08-31T00:10:27","modified_gmt":"2016-08-30T21:10:27","slug":"erdogan-saddam-degil-de-golledur","status":"publish","type":"post","link":"https:\/\/www.bghaber.org\/bghaber\/erdogan-saddam-degil-de-golledur\/","title":{"rendered":"Erdo\u011fan Saddam de\u011fil, De Golle\u2019d\u00fcr"},"content":{"rendered":"<p>Konu: <strong>B\u00fcy\u00fck oyun kuran, b\u00fcy\u00fck lider: Tayyib Erdo\u011fan. <\/strong><\/p>\n<p><em>\u201c24 saat. bg.\u201d- \u00e7eviridir.<\/em><\/p>\n<p><strong>T\u00fcrkiye lideri d\u00fcnyada jeostratejik durumu de\u011fi\u015ftirme yolunda.<\/strong><\/p>\n<p>15 Temmuz darbe denemesinin \u00e7\u00f6kertilmesinin hemen ard\u0131ndan Erdo\u011fan\u2019\u0131n Putin\u2019i ziyaret etmesi, bir s\u0131ra siyasi g\u00f6zlemci taraf\u0131ndan, Birle\u015fik Amerika\u2019n\u0131n g\u00fcya dostu olan, hatta C\u0130A ile yak\u0131nl\u0131\u011f\u0131 bilinen, fakat sonra fazlal\u0131k olan, Irak diktat\u00f6r\u00fc Saddam H\u00fcseyin\u2019in yolunca y\u00fcr\u00fcyor, \u015feklinde alg\u0131land\u0131.<\/p>\n<p>Ben, Recep Erdo\u011fan\u2019da Fransa Cumhurba\u015fkan\u0131 Sharle de Golle ile benzerlikler g\u00f6r\u00fcyorum. O da Birle\u015fik Amerika\u2019n\u0131n hem dostu, hem m\u00fcttefiki hem de \u00f6k\u00e7esinde dikendi. De Golle Fransa\u2019y\u0131 NATO askeri \u00f6rg\u00fct\u00fcnden \u00e7\u0131kard\u0131, Sovyet Sosyalist Cumhuriyetler Birli\u011fi (SSCB) ile daha dostane bir siyaset izledi,\u00a0 Atlantik\u2019ten Ural\u2019a bir birle\u015fik Avrupa\u2019dan s\u00f6z etti. Bu t\u00fcm Anglosakson jeopolitik d\u00fcnya g\u00f6r\u00fc\u015flerinin hepsine birden taban tabana z\u0131t bir uzak g\u00f6r\u00fc\u015fl\u00fcl\u00fckt\u00fc. Oysa deniz devletlerine g\u00f6re bu kara par\u00e7as\u0131 b\u00f6l\u00fc\u015f\u00fclmeliydi.<\/p><div id=\"bghab-2200305903\" class=\"bghab-icerik-icine bghab-entity-placement\"><script async src=\"\/\/pagead2.googlesyndication.com\/pagead\/js\/adsbygoogle.js?client=ca-pub-6203283170189293\" crossorigin=\"anonymous\"><\/script><ins class=\"adsbygoogle\" style=\"display:block; text-align:center;\" data-ad-client=\"ca-pub-6203283170189293\" \ndata-ad-slot=\"7303146466\" \ndata-ad-layout=\"in-article\"\ndata-ad-format=\"fluid\" data-full-width-responsive=\"true\"><\/ins>\n<script> \n(adsbygoogle = window.adsbygoogle || []).push({}); \n<\/script>\n<\/div>\n<p>De Golle, Almanya\u2019n\u0131n g\u00fc\u00e7lenerek Do\u011fu\u2019ya y\u00f6nelmesi i\u00e7in, 1913\u2019da Fransa\u2019n\u0131n B\u00fcy\u00fck Britanya taraf\u0131ndan bilin\u00e7li olarak kurtlara yem edildi\u011fini d\u00fc\u015f\u00fcn\u00fcyordu. Onun kan\u0131s\u0131nca, B\u00fcy\u00fck Britanya hakiki bir Avrupa devleti de\u011fildi ve Avrupa Birli\u011fi\u2019ne (AB) girmemesi gerekirdi.<\/p>\n<p>Erdo\u011fan\u2019\u0131n yapt\u0131\u011f\u0131 gibi De Golle de Fransa\u2019y\u0131 g\u00fc\u00e7l\u00fc ba\u015fkanl\u0131k sistemi ile y\u00f6netti. D\u00fc\u015fmanlar\u0131 ona diktat\u00f6r diyordu.\u00a0 1961\u2019de de Golle kendisine kar\u015f\u0131 haz\u0131rlanan bir askeri darbeyi a\u00e7\u0131klad\u0131 ve hezimete u\u011fratt\u0131. Tam olarak Erdo\u011fan gibi o da halk\u0131 taraf\u0131ndan \u00e7\u0131k sevilen biriydi ve se\u00e7imleri art arda kazan\u0131yordu.<\/p>\n<p>De Golle oldu\u011fu gibi, Erdo\u011fan\u2019\u0131n da, Anglosakson d\u00fcnya g\u00f6r\u00fc\u015f\u00fcne z\u0131t olan, bir jeostratejik uzak g\u00f6r\u00fc\u015fl\u00fcl\u00fc\u011f\u00fc var.<\/p>\n<p>\u015eimdi o Rusya ile ili\u015fkilerini \u0131s\u0131tmaya ve \u00c7in\u2019le \u015fimdilik ekonomik ba\u011flar\u0131n\u0131 g\u00fc\u00e7lendirmeye, belli olmaz gelecekte bir siyasi birli\u011fe do\u011fru y\u00f6neldi. T\u00fcrkiye\u2019nin yeni dayana\u011f\u0131 Pekin iken, Rusya\u2019n\u0131n stratejik dost olmas\u0131 bekleniyor. Demek oluyor ki, bu devletler bundan \u00f6te deniz devletleri ba\u011fla\u015f\u0131kl\u0131\u011f\u0131ndan, jeostrateji uzmanlar\u0131n\u0131n <strong>Y\u00fcce Turan<\/strong> olarak atland\u0131rd\u0131\u011f\u0131, k\u0131ta g\u00fc\u00e7lerinin m\u00fcttefikli\u011fine bir ge\u00e7i\u015ftir.<\/p>\n<p>\u201c<strong>Turan<\/strong>\u201d, u\u00e7suz bucaks\u0131z steplerde (bozk\u0131rlar) ya\u015fayan ve Bat\u0131\u2019ya ak\u0131n eden T\u00fcrk halklar\u0131n\u0131n ortak ad\u0131d\u0131r. Bulgar tarih\u00e7iler. Proto-Bulgarlar\u0131n da bu halklardan geldi\u011fini yaz\u0131p \u00e7izdiler. \u015eimdi modern olan <strong>Kuzey \u0130ran\u2019dan gelmi\u015f Ar\u00ee ya da Trake k\u00f6kenli olu\u015fumuzdur<\/strong>. Bir tarih bilimci olmad\u0131\u011f\u0131mdan bu konuda ki\u015fisel fikrim yok.\u00a0 Bildi\u011fim bir \u015fey varsa, o da \u015fudur, ilk <strong>Proto-Bulgar<\/strong> a\u011fa\u00e7tan \u00f6teki halklardan daha evvel inmi\u015ftir.<\/p><div id=\"bghab-3432238727\" class=\"bghab-icerik-icine-10-paragraf bghab-entity-placement\"><script async src=\"\/\/pagead2.googlesyndication.com\/pagead\/js\/adsbygoogle.js?client=ca-pub-6203283170189293\" crossorigin=\"anonymous\"><\/script><ins class=\"adsbygoogle\" style=\"display:block; text-align:center;\" data-ad-client=\"ca-pub-6203283170189293\" \ndata-ad-slot=\"7303146466\" \ndata-ad-layout=\"in-article\"\ndata-ad-format=\"fluid\" data-full-width-responsive=\"true\"><\/ins>\n<script> \n(adsbygoogle = window.adsbygoogle || []).push({}); \n<\/script>\n<\/div>\n<p>Fakat bir T\u00fcrkiye\u2019ye d\u00f6nelim. Anglosaksonlara g\u00f6re, T\u00fcrkiye, Y\u00fcce Turan\u2019\u0131n denizlere ula\u015fmas\u0131na engel olma rol\u00fcn\u00fc \u00fcstlenmelidir. Asl\u0131nda T\u00fcrkiye yollardan beri hep bu \u00f6devin pe\u015findeydi. Fakat bug\u00fcn art\u0131k T\u00fcrkiye kendisi ba\u015fl\u0131 ba\u015f\u0131na bir <strong>B\u00fcy\u00fck G\u00fc\u00e7<\/strong> oldu ve k\u0131talar ve denizler ve okyanuslar aras\u0131ndaki mal ak\u0131mlar\u0131n\u0131n do\u011fru yap\u0131l\u0131p yap\u0131lmad\u0131\u011f\u0131n\u0131 kontrol eden bir devlet rol\u00fcn\u00fc \u00fcslenmeye haz\u0131rlanm\u0131\u015f bulunuyor.\u00a0 Bug\u00fcn T\u00fcrkiye \u00c7in\u2019den Avrupa\u2019ya ve Avrupa\u2019dan \u00c7in\u2019e gidip gelen en uygun yoldur. Bu yolun ad\u0131 \u201c<strong>\u0130pe\u011fin Demir Yolu<\/strong>\u201d. Ta\u015f\u0131ma ray \u00fczerinde yap\u0131laca\u011f\u0131 i\u00e7in bu yolu alm\u0131\u015ft\u0131r. Bu yol Kazakistan, \u00d6zbekistan, T\u00fcrkmenistan, \u0130ran ve T\u00fcrkiye \u00fczerinden Bo\u011fazlara inip G\u00fcney Avrupa\u2019n\u0131n istedi\u011fi yerine ula\u015fabilir.<\/p>\n<p>Bilindi\u011fi \u00fczere 2013 y\u0131l\u0131nda Bo\u011fazlardan ilk t\u00fcnel ge\u00e7irildi. Bilindi\u011fi \u00fczere bu yolun sonuna do\u011fru, ad\u0131na \u201c<strong>Avrupa Asya T\u00fcneli<\/strong>\u201d denen ikinci su alt\u0131 ge\u00e7idi de a\u00e7\u0131lacak. Bu t\u00fcnelden, ta\u015f\u0131mal\u0131k dolusu \u00c7in \u00fcretimi telefon, bilgisayar, fotovoltayik, t\u00fcrbin, kot pantalon ve daha bin bir t\u00fcrden mal gelip ge\u00e7ecek. Bu kara ta\u015f\u0131mac\u0131l\u0131\u011f\u0131 deniz yolculu\u011funu tam bir ay k\u0131salt\u0131yor.<\/p>\n<p>B\u00f6ylece Birle\u015fik Amerikan\u0131n Pasifik Okyanusu yollar\u0131n\u0131 kapatarak \u00c7in\u2019i abluka alt\u0131na planlar\u0131 bir anda suya d\u00fc\u015ft\u00fc\u011f\u00fc gibi t\u00fcm imk\u00e2nlara ula\u015fabilme defalarca kolayla\u015fm\u0131\u015f oluyor. Bunu, TIR kamyonlar\u0131n\u0131n, konteyn\u0131r ta\u015f\u0131y\u0131c\u0131s\u0131 TIR\u2019larla de\u011fi\u015ftirilmesi ve uluslar aras\u0131 y\u00fck ta\u015f\u0131mac\u0131l\u0131\u011f\u0131n\u0131n en az 5 defa ucuzlamas\u0131 ve daha verimli olmas\u0131 izleyecektir.<\/p>\n<p>Biz piyasada ka\u00e7 amerikan mal\u0131 g\u00f6rebiliyoruz. Hi\u00e7bir! \u00c7in \u00fcr\u00fcnleriyle ilgili durum nas\u0131l? Bollu\u011fu bundan sonra g\u00f6rece\u011fiz. Biraz tuhaf olsa da, <strong>Birle\u015fik Amerika\u2019n\u0131n jeostratejisi T\u00fcrkiye\u2019ye hem engel oluyor hem de \u00fclkenin Avrupa Asya y\u00f6nelimlerinde ayak oluyor<\/strong>.<\/p>\n<p>Birle\u015fik Amerika bir yandan art\u0131k <strong>Pasifik Okyanusu \u00fczerinden serbest ticaret<\/strong> \u015feridini kesiyor, fakat s\u00f6zle\u015fmeye \u00c7in\u2019i almad\u0131.\u00a0 \u00d6te yandan trans Atlantik serbest ticaret s\u00f6zle\u015fmesinin imzalanmas\u0131 da g\u00fcndemde, fakat bu anla\u015fmaya ise Rusya al\u0131nmad\u0131. Avrupa Birli\u011fi\u2019ne al\u0131nmayan T\u00fcrkiye de bu s\u00f6zle\u015fmenin d\u0131\u015f\u0131nda tutulmak isteniyor. \u00d6yle ki, Polonya ve Ukrayna\u2019dan do\u011fuda bulunan b\u00fct\u00fcn Avrupa ister istemez birle\u015fmek zorundad\u0131r.<\/p><div id=\"bghab-4096627075\" class=\"bghab-icerik-icine-15-paragraf bghab-entity-placement\"><script async src=\"\/\/pagead2.googlesyndication.com\/pagead\/js\/adsbygoogle.js?client=ca-pub-6203283170189293\" crossorigin=\"anonymous\"><\/script><ins class=\"adsbygoogle\" style=\"display:block; text-align:center;\" data-ad-client=\"ca-pub-6203283170189293\" \ndata-ad-slot=\"7303146466\" \ndata-ad-layout=\"in-article\"\ndata-ad-format=\"fluid\" data-full-width-responsive=\"true\"><\/ins>\n<script> \n(adsbygoogle = window.adsbygoogle || []).push({}); \n<\/script>\n<\/div>\n<p>D\u00fcnya Ticaret \u00d6rg\u00fct\u00fcn\u00fcn kurallar\u0131 art\u0131k \u00fclkeler aras\u0131n y\u00fcksek savunma g\u00fcmr\u00fcklerini kald\u0131rd\u0131. \u00c7in \u00fcr\u00fcnleri % 4 \u00e7\u0131tas\u0131n\u0131 kolayl\u0131kla a\u015fabiliyor ve Avrupa \u00fcr\u00fcnlerinden \u00e7ok daha ucuza al\u0131c\u0131 buluyor. Ayn\u0131 zamanda Avrupa Birli\u011fi devletleri hukuksal olarak ba\u011f\u0131ms\u0131zl\u0131klar\u0131n\u0131 ve ulusal egemenliklerini tamamen koruyabildikleri i\u00e7in, istedikleri kadar liseyns \u00e7alma haklar\u0131n\u0131 da korumu\u015f oluyorlar. Bilindi\u011fi \u00fczere, vaktiyle Bat\u0131 SSCB s\u0131k\u0131\u015ft\u0131r\u0131lmak i\u00e7in teknoloji ablukas\u0131na alm\u0131\u015ft\u0131. Bunu \u00c7in\u2019e uygulamak olanaks\u0131zd\u0131r, \u00e7\u00fcnk\u00fc teknolojilerin vatan\u0131 oras\u0131d\u0131r.<\/p>\n<p>\u00d6yle ki, bir bug\u00fcn De Golle\u2019nin \u201c<strong>Atlantik\u2019ten Ural\u2019la kadar Avrupa<\/strong>\u201d konseptini yerine \u201c<strong>Svilengrat\u2019tan \u015eanghay\u2019a kadar Avrupa-Asya<\/strong>\u201d konseptini g\u00f6rebiliyoruz.\u00a0 <strong>Y\u00fcce Turan<\/strong> eski k\u0131tay\u0131 giderek kuca\u011f\u0131nda eritecektir. Bu i\u015fte T\u00fcrkiye onlar\u0131n hesab\u0131na i\u015f yapan durumundad\u0131r. Geri bak\u0131ld\u0131\u011f\u0131nda, 2003\u2019ten beri ABD ile T\u00fcrkiye aras\u0131nda bir cephele\u015fme oldu\u011fu g\u00f6r\u00fcl\u00fcr, \u015fimdi z\u0131tla\u015fmalar biraz da ki\u015fisel alana ta\u015f\u0131nm\u0131\u015f gibidir. Erdo\u011fan ve yanda\u015flar\u0131 15 Temmuz darbe kalk\u0131\u015fmas\u0131n\u0131n C\u0130A taraf\u0131ndan \u00f6rg\u00fctlenmi\u015f ve k\u0131\u015fk\u0131rt\u0131lm\u0131\u015f oldu\u011funa inand\u0131. \u00dcstelik Say\u0131n Erdo\u011fan ve ailesinin hayat\u0131 da tehlike atlatt\u0131. Bundan dolay\u0131 o eski dost art\u0131k kendi mezar\u0131n\u0131 kendisi kald\u0131.<\/p>\n<p>Darbe gecesinde Amerikan ve \u0130ngiliz TV kanallar\u0131n\u0131n, medyas\u0131n\u0131n kanl\u0131 darbecilere sempati g\u00f6sterdi\u011fini g\u00f6rebildiler.<\/p>\n<p>Liderler Erdo\u011fan\u2019\u0131 desteklerken so\u011fuk davrand\u0131lar. \u00dcst\u00fcne, temizlik yapma uyar\u0131s\u0131nda bulundular. Darbe denemesi ard\u0131ndan temizlik yapmaman\u0131n anlam\u0131, tekrar etmesini kabullenmektir. Bunun bizdeki anlam\u0131ysa \u015fudur. \u015e\u00f6yle d\u00fc\u015f\u00fcnelim, Soros\u2019un \u201c<strong>A\u00e7\u0131k Toplum<\/strong>\u201d g\u00f6revlileri ve yanda\u015flar\u0131, enstit\u00fc ve vak\u0131flar\u0131nda \u00e7al\u0131\u015fanlar\u0131n hepsinin toplanmas\u0131 ve tutuklanmas\u0131 gibi bir \u015fey. Bu yap\u0131lsa Bulgaristan h\u00fck\u00fcmeti ertesi g\u00fcn d\u00fc\u015fer. Ne var ki, T\u00fcrk\u00fcye h\u00fck\u00fcmeti hem d\u00fc\u015fmedi hem de her zamankinden daha g\u00fc\u00e7l\u00fc oldu.<\/p>\n<p>Bat\u0131 devletlerinden farkl\u0131 olarak Rusya elindeki kozlar\u0131 ustaca ve k\u00fclt\u00fcrl\u00fc oynad\u0131. T\u00fcrkiye D\u0131\u015f \u0130\u015fleri Bakan\u0131 M. \u00c7avu\u015fo\u011fulu \u015f\u00f6yle dedi: \u201c<strong>Biz Rus idaresine ve \u00f6zellikle de \u015fahsen Ba\u015fkan V. Putin\u2019e te\u015fekk\u00fcr ediyoruz. Di\u011fer devletlerden farkl\u0131 olarak, biz Rusya\u2019dan ko\u015fulsuz destek ald\u0131k<\/strong>.\u201d<\/p><div id=\"bghab-4057341872\" class=\"bghab-icerik-icine-20-paragraf bghab-entity-placement\"><script async src=\"\/\/pagead2.googlesyndication.com\/pagead\/js\/adsbygoogle.js?client=ca-pub-6203283170189293\" crossorigin=\"anonymous\"><\/script><ins class=\"adsbygoogle\" style=\"display:block; text-align:center;\" data-ad-client=\"ca-pub-6203283170189293\" \ndata-ad-slot=\"7303146466\" \ndata-ad-layout=\"in-article\"\ndata-ad-format=\"fluid\" data-full-width-responsive=\"true\"><\/ins>\n<script> \n(adsbygoogle = window.adsbygoogle || []).push({}); \n<\/script>\n<\/div>\n<p>\u00d6teki devletler hangileri oldu\u011funu kendiniz bulun l\u00fctfen. Birka\u00e7 g\u00fcn \u00f6nce, \u00c7avu\u015fo\u011fulu \u201c<strong>M\u00fcttefiklerinden destek bulamad\u0131\u011f\u0131 takdirde,<\/strong> <strong>T\u00fcrkiye\u2019nin NATO\u2019dan ayr\u0131labilece\u011fi<\/strong>\u201d uyar\u0131s\u0131nda bulundu. Ertesi sabah NATO merkezinden T\u00fcrkiye\u2019yi \u00f6ven bir bildiri \u00e7\u0131kt\u0131. Burada en a\u011f\u0131r sorun \u015fudur. <strong>Bat\u0131 T\u00fcrkiye\u2019yi yaln\u0131z b\u0131rakmay\u0131 g\u00f6ze alam\u0131yor, onu kendi kul\u00fcb\u00fcnden d\u0131\u015flayam\u0131yor, bir de \u00e7ok istese bile Erdo\u011fan\u2019\u0131 deviremiyor<\/strong>.<\/p>\n<p>Tam da bu noktada Tayyib Erdo\u011fan Saddam H\u00fcseyin\u2019e benzemiyor. Benzedi\u011fi ki\u015fi De Golle \u2018d\u00fcr. O hem dost hem d\u00fc\u015fman, hem m\u00fcttefik hem de kar\u015f\u0131tt\u0131r. Enfant terrible &#8211; yani topukta hi\u00e7 ku\u015fkusuz bir de Bat\u0131 Avrupa\u2019n\u0131n g\u00f6t\u00fcnde bir dikendir. \u0130dare etmekten usanan de Golle 80\u2019e basamak dayad\u0131\u011f\u0131nda art\u0131k yoruldum bahanesiyle usulca taht\u0131ndan \u00e7ekilmi\u015fti. Ne ki, De Golle\u2019nin emeklilik ya\u015f\u0131na eri\u015fmesi i\u00e7in Erdo\u011fan\u2019\u0131n daha 16 y\u0131l d\u00fcmende kalmas\u0131 gerekecek. \u0130\u015fler b\u00f6yle devam ederse o d\u00fcnyan\u0131n jeopolitik haritas\u0131n\u0131 fazla zorlanmadan de\u011fi\u015ftirebilir.<\/p>\n<p><strong>\u201c168 saat\u201d gazetesi i\u00e7in kaleme al\u0131nm\u0131\u015ft\u0131r.<\/strong><\/p>\n<div id=\"bghab-380077276\" class=\"bghab-yazi-altinda bghab-entity-placement\"><div class=\"bghab-adlabel\">Reklamlar<\/div><script async src=\"https:\/\/pagead2.googlesyndication.com\/pagead\/js\/adsbygoogle.js\"><\/script>\r\n<!-- bghaber-yaz\u0131-sonu -->\r\n<ins class=\"adsbygoogle\"\r\n     style=\"display:block\"\r\n     data-ad-client=\"ca-pub-6203283170189293\"\r\n     data-ad-slot=\"4222328180\"\r\n     data-ad-format=\"auto\"\r\n     data-full-width-responsive=\"true\"><\/ins>\r\n<script>\r\n     (adsbygoogle = window.adsbygoogle || []).push({});\r\n<\/script><\/div><br style=\"clear: both; display: block; float: none;\"\/>","protected":false},"excerpt":{"rendered":"<p>Konu: B\u00fcy\u00fck oyun kuran, b\u00fcy\u00fck lider: Tayyib Erdo\u011fan. \u201c24 saat. bg.\u201d- \u00e7eviridir. T\u00fcrkiye lideri d\u00fcnyada jeostratejik durumu de\u011fi\u015ftirme yolunda. 15 Temmuz darbe denemesinin \u00e7\u00f6kertilmesinin hemen<\/p>\n","protected":false},"author":13,"featured_media":0,"comment_status":"closed","ping_status":"closed","sticky":false,"template":"","format":"standard","meta":{"advanced_seo_description":"","jetpack_seo_html_title":"","jetpack_seo_noindex":false,"_jetpack_memberships_contains_paid_content":false,"footnotes":""},"categories":[6],"tags":[],"class_list":["post-20327","post","type-post","status-publish","format-standard","hentry","category-yorum"],"jetpack_featured_media_url":"","jetpack_sharing_enabled":true,"jetpack_likes_enabled":true,"jetpack-related-posts":[],"jetpack_shortlink":"https:\/\/wp.me\/pc2PfJ-5hR","_links":{"self":[{"href":"https:\/\/www.bghaber.org\/bghaber\/wp-json\/wp\/v2\/posts\/20327","targetHints":{"allow":["GET"]}}],"collection":[{"href":"https:\/\/www.bghaber.org\/bghaber\/wp-json\/wp\/v2\/posts"}],"about":[{"href":"https:\/\/www.bghaber.org\/bghaber\/wp-json\/wp\/v2\/types\/post"}],"author":[{"embeddable":true,"href":"https:\/\/www.bghaber.org\/bghaber\/wp-json\/wp\/v2\/users\/13"}],"replies":[{"embeddable":true,"href":"https:\/\/www.bghaber.org\/bghaber\/wp-json\/wp\/v2\/comments?post=20327"}],"version-history":[{"count":0,"href":"https:\/\/www.bghaber.org\/bghaber\/wp-json\/wp\/v2\/posts\/20327\/revisions"}],"wp:attachment":[{"href":"https:\/\/www.bghaber.org\/bghaber\/wp-json\/wp\/v2\/media?parent=20327"}],"wp:term":[{"taxonomy":"category","embeddable":true,"href":"https:\/\/www.bghaber.org\/bghaber\/wp-json\/wp\/v2\/categories?post=20327"},{"taxonomy":"post_tag","embeddable":true,"href":"https:\/\/www.bghaber.org\/bghaber\/wp-json\/wp\/v2\/tags?post=20327"}],"curies":[{"name":"wp","href":"https:\/\/api.w.org\/{rel}","templated":true}]}}