{"id":20323,"date":"2016-08-31T00:06:12","date_gmt":"2016-08-30T21:06:12","guid":{"rendered":"http:\/\/www.bghaber.org\/bghaber\/?p=20323"},"modified":"2016-08-31T00:06:12","modified_gmt":"2016-08-30T21:06:12","slug":"turk-boylari-konfederasyonu-anitkabirde","status":"publish","type":"post","link":"https:\/\/www.bghaber.org\/bghaber\/turk-boylari-konfederasyonu-anitkabirde\/","title":{"rendered":"T\u00fcrk Boylar\u0131 Konfederasyonu An\u0131tkabir\u2019de"},"content":{"rendered":"<p>30 A\u011fustos Zafer Bayram\u0131n\u0131n 94. Y\u0131l\u0131 kutlamalar\u0131 m\u00fcnasebetiyle An\u0131tkabir yo\u011fun ziyaret\u00e7i ak\u0131n\u0131na u\u011frad\u0131.<\/p>\n<p><img data-recalc-dims=\"1\" loading=\"lazy\" decoding=\"async\" class=\"\" src=\"https:\/\/i0.wp.com\/www.bghaber.org\/bghaber\/wp-content\/uploads\/2016\/08\/%C4%B0SMA%C4%B0L.jpg?resize=640%2C464\" alt=\"\u0130SMA\u0130L\" width=\"640\" height=\"464\" \/><\/p>\n<p>D\u00fczenlenen etkinlikler \u00e7er\u00e7evesinde \u201cT\u00fcrk Boylar\u0131 Konfederasyonu\u201d ve \u201cY\u00f6r-T\u00fcrk Vakf\u0131\u201d mensubu Y\u00f6r\u00fck-T\u00fcrkmen camias\u0131 ile birlikte BULT\u00dcRK Derne\u011fi Ankara Temsilcisi de An\u0131tkabir ziyaretinde bulunmu\u015ftur.<\/p>\n<p>T\u00fcrk Boylar\u0131 Konfederasyonu Ba\u015fkan\u0131 Durhasan KOCA, Y\u00f6r-T\u00fcrk Vakf\u0131 Ba\u015fkan\u0131 Hac\u0131 Mustafa TOMBULO\u011eLU, BULT\u00dcRK Derne\u011fi Ankara Temsilcisi \u0130smail C\u0130NG\u00d6Z ile birlikte geni\u015f bir kat\u0131l\u0131mc\u0131 grubu ile ger\u00e7ekle\u015ftirilen An\u0131tkabir ziyareti; Aslanl\u0131 Yoldan ba\u015flayan y\u00fcr\u00fcy\u00fc\u015f ile An\u0131tkabir\u2019de ATAT\u00dcRK\u2019\u00fcn Mozelesi \u00f6n\u00fcnden sayg\u0131 ge\u00e7i\u015finin ard\u0131ndan Sn. Durhasan KOCA\u2019n\u0131n Bas\u0131n Bildirisi okumas\u0131 ile tamamlanm\u0131\u015ft\u0131r.<\/p>\n<p><img data-recalc-dims=\"1\" decoding=\"async\" src=\"https:\/\/i0.wp.com\/www.bghaber.org\/bghaber\/wp-content\/uploads\/2016\/08\/ISMA%C4%B0L-ANK.jpg?w=640\" alt=\"ISMA\u0130L ANK\" \/><\/p>\n<p>T\u00dcRK BOYLARI KONFEDERASYONU, Y\u00d6R-T\u00dcRK VAKFI 30 A\u011eUSTOS BASIN B\u0130LD\u0130R\u0130S\u0130<\/p>\n<p>De\u011ferli bas\u0131n mensuplar\u0131,<\/p><div id=\"bghab-1953985928\" class=\"bghab-icerik-icine bghab-entity-placement\"><script async src=\"\/\/pagead2.googlesyndication.com\/pagead\/js\/adsbygoogle.js?client=ca-pub-6203283170189293\" crossorigin=\"anonymous\"><\/script><ins class=\"adsbygoogle\" style=\"display:block; text-align:center;\" data-ad-client=\"ca-pub-6203283170189293\" \ndata-ad-slot=\"7303146466\" \ndata-ad-layout=\"in-article\"\ndata-ad-format=\"fluid\" data-full-width-responsive=\"true\"><\/ins>\n<script> \n(adsbygoogle = window.adsbygoogle || []).push({}); \n<\/script>\n<\/div>\n<p>Bizler, \u00dclkemizdeki Y\u00f6r\u00fck-T\u00fcrkmen Derneklerinin ve Y\u00f6r\u00fck-T\u00fcrkmen Federasyonlar\u0131n\u0131n bir araya gelerek kurduklar\u0131 \u201cT\u00fcrk Boylar\u0131 Konfederasyonu\u201d ve \u201cY\u00f6r-T\u00fcrk Vakf\u0131\u201d mensubu Y\u00f6r\u00fck-T\u00fcrkmen camias\u0131 olarak, Tarihi \u015fanl\u0131 zaferlerle dolu Y\u00fcce T\u00fcrk Milleti\u2019nin, kad\u0131n\u0131 ve erke\u011fiyle, ya\u015fl\u0131s\u0131 ve genciyle, \u015eerefli T\u00fcrk Ordusunun, tarih sayfalar\u0131na alt\u0131n harflerle yazd\u0131rd\u0131\u011f\u0131 30 A\u011fustos Zafer Bayram\u0131n\u0131 milletimizin dirlik ve birli\u011fi i\u00e7in, bar\u0131\u015f ve refah\u0131 i\u00e7in kutluyoruz..<\/p>\n<p>Sayg\u0131de\u011fer Bas\u0131n Mensuplar\u0131,<\/p>\n<p>1000 y\u0131l \u00f6nce Anadoluyu fetheden ve T\u00fcrkle\u015ftiren Sultan Alparslan\u2019dan miras olan bu topraklara Ecdad\u0131m\u0131z milli m\u00fccadele sonunda kazand\u0131\u011f\u0131 30 A\u011fustos zaferi ile sahip \u00e7\u0131km\u0131\u015f ve cumhuriyeti kurarak bizlere emanet etmi\u015flerdir. T\u00fcrk Devleti\u2019nin, T\u00fcrk Milleti\u2019nin, T\u00fcrk dilinin, T\u00fcrk Bayra\u011f\u0131n\u0131n, T\u00fcrkiye Cumhuriyeti\u2019nin kurulu\u015f felsefesinin devam\u0131ndan yana olan, Demokratik, Laik, Sosyal Hukuk Devletini savunan bizler, emanet edilen \u00fclkemize ve cumhuriyete can\u0131m\u0131z pahas\u0131na sahip \u00e7\u0131kmaya devam edece\u011fiz.<\/p>\n<p>\u201cT\u00fcrk Boylar\u0131 Konfederasyonu\u201d ve \u201cY\u00f6r-T\u00fcrk Vakf\u0131\u201d mensubu Y\u00f6r\u00fck-T\u00fcrkmen camias\u0131 olarak bizler bir etnik grup de\u011filiz. Bizler tarihte kurulan T\u00fcrk Devletlerini kuran asli unsurlar\u0131z. Amac\u0131m\u0131z, devletimizin, milli birlik ve beraberli\u011finin temeli olan \u201cT\u00fcrk K\u00fclt\u00fcr\u00fc \u201dn\u00fc ara\u015ft\u0131rmak, geli\u015ftirmek ve ya\u015fatmakt\u0131r. Bu k\u00fclt\u00fcr\u00fc gelecek ku\u015faklara aktarmakt\u0131r.<\/p>\n<p>\u00dclkemizde ve de\u011fi\u015fik co\u011frafyalarda ya\u015fayan insanlar\u0131m\u0131z aras\u0131nda karde\u015flik, dayan\u0131\u015fma ve yard\u0131mla\u015fma esaslar\u0131n\u0131 geli\u015ftirmek, ayn\u0131 dili konu\u015fan, ayn\u0131 tarihi ge\u00e7mi\u015fi payla\u015fan di\u011fer co\u011frafyalardaki T\u00fcrk Devletleri ve topluluklar\u0131yla i\u015fbirli\u011fi yapmakt\u0131r. T\u00fcrk dilini, T\u00fcrk k\u00fclt\u00fcr\u00fcn\u00fc geli\u015ftirmek ve ya\u015fatmak, T\u00fcrk D\u00fcnyas\u0131 ekonomik i\u015fbirli\u011fini geli\u015ftirmektir.<\/p><div id=\"bghab-966951734\" class=\"bghab-icerik-icine-10-paragraf bghab-entity-placement\"><script async src=\"\/\/pagead2.googlesyndication.com\/pagead\/js\/adsbygoogle.js?client=ca-pub-6203283170189293\" crossorigin=\"anonymous\"><\/script><ins class=\"adsbygoogle\" style=\"display:block; text-align:center;\" data-ad-client=\"ca-pub-6203283170189293\" \ndata-ad-slot=\"7303146466\" \ndata-ad-layout=\"in-article\"\ndata-ad-format=\"fluid\" data-full-width-responsive=\"true\"><\/ins>\n<script> \n(adsbygoogle = window.adsbygoogle || []).push({}); \n<\/script>\n<\/div>\n<p>Hepimizin ve t\u00fcm d\u00fcnyan\u0131n bildi\u011fi gibi 15 Temmuz da \u00dclkemizde d\u0131\u015f mihraklarca destekli hain bir darbe giri\u015fimi olmu\u015ftur, Devletimizle birlikte, Y\u00fcce T\u00fcrk Milletinin fertleri bu ihaneti durdurmay\u0131 ba\u015farm\u0131\u015flard\u0131r. Bu ter\u00f6r \u00f6rg\u00fct\u00fcn\u00fcn yaln\u0131z olamad\u0131\u011f\u0131n\u0131 d\u00fc\u015f\u00fcnen Y\u00f6r\u00fck-T\u00fcrkmen camias\u0131 olarak, \u00fclkemiz \u00fczerinde hain emeller besleyen FET\u00d6, \u0130\u015e\u0130D, PKK, PYD ve YPG unsurlar\u0131n\u0131n yurt i\u00e7inde ve yurt d\u0131\u015f\u0131nda k\u00f6kleri kaz\u0131n\u0131ncaya kadar m\u00fccadelenin s\u00fcrd\u00fcr\u00fclmesinden yana oldu\u011fumuzu, u\u00e7lar\u0131 kimlere ve nerelere kadar uzan\u0131yorsa uzans\u0131n, hepsinin yok edilmesi i\u00e7in daima devletimizin yan\u0131nda oldu\u011fumuzun bilinmesini istiyoruz. Ancak bu i\u015f ve i\u015flemler s\u0131ras\u0131nda hukuk kurallar\u0131 \u00e7er\u00e7evesinde kal\u0131nmas\u0131, su\u00e7lu ve su\u00e7suz insanlar\u0131n ayr\u0131lmas\u0131 konusunda yetkililerin gerekli hassasiyeti g\u00f6stermelerini talep ediyoruz.<\/p>\n<p>Bir daha b\u00f6yle hain darbe giri\u015fimleri olmamas\u0131 i\u00e7in, \u00e7ok dikkatli davran\u0131lmas\u0131 gerekti\u011finin bir kez daha alt\u0131n\u0131 \u00e7izerek, bundan sonra devlet kadrolar\u0131na personel al\u0131n\u0131rken, Milletine ve Devletine ba\u011fl\u0131, liyakat ve ehliyet sahibi olan ve Atat\u00fcrk ilkelerini samimiyetle savunan insanlardan se\u00e7ilmesini, ter\u00f6r \u00f6rg\u00fctlerinin bo\u015faltt\u0131\u011f\u0131 alanlara ba\u015fka cemaat ve \u00f6rg\u00fctlerin yerle\u015fmemesi i\u00e7in her t\u00fcrl\u00fc \u00f6nlemin titizlikle al\u0131nmas\u0131n\u0131 arzu ediyoruz. Bu topraklarda ya\u015fayan hi\u00e7 kimse, gaflet, delalet ve hatta ihanet i\u00e7inde olmamal\u0131d\u0131r.<\/p>\n<p>T\u00fcrk kimli\u011fini koruyan, k\u00fclt\u00fcr\u00fcm\u00fcz\u00fc ya\u015fatan, Y\u00f6r\u00fck-T\u00fcrkmenler olarak \u00fclke i\u00e7inde ve \u00fclke d\u0131\u015f\u0131nda T\u00fcrk Milleti\u2019nin bekas\u0131 i\u00e7in Devletimizin ald\u0131\u011f\u0131 her karar da yan\u0131nda oldu\u011fumuzu bildiririz. \u00d6zellikle bu g\u00fcnlerde Suriye s\u0131n\u0131r\u0131nda y\u00fcr\u00fct\u00fclen askeri harekat noktas\u0131nda T\u00fcrk Silahl\u0131 Kuvvetlerimiz ve Devletimize minnettar\u0131z. Bu harekat sadece Cerablus ile s\u0131n\u0131rl\u0131 kalmamal\u0131d\u0131r. PKK uzant\u0131l\u0131 YPG\/PYD ter\u00f6r \u00f6rg\u00fctleri yok edilinceye kadar s\u00fcrd\u00fcr\u00fclmeli, F\u0131rat\u2019\u0131n do\u011fusu bizim i\u00e7in bir \u00e7izgi olmamal\u0131, zalimin kar\u015f\u0131s\u0131nda, mazlumun yan\u0131nda olan milletimiz, \u0130nsanl\u0131\u011f\u0131n bar\u0131\u015f\u0131, topraklar\u0131m\u0131z\u0131n g\u00fcvenli\u011fi i\u00e7in s\u0131n\u0131r \u00f6tesi T\u00fcrkmen karde\u015flerimizin can ve mal g\u00fcvenli\u011fi sa\u011flan\u0131ncaya ve Kandil e\u015fk\u0131yan\u0131n ba\u015f\u0131na y\u0131k\u0131l\u0131ncaya kadar devam ettirilmelidir. Ebediyen ya\u015fayacak olan T\u00fcrkiye Cumhuriyetini y\u0131kmak, b\u00f6lmek ve zarar vermek isteyen her t\u00fcrl\u00fc hain plan\u0131n kar\u015f\u0131s\u0131nda ve dimdik ayakta duruyoruz.<\/p>\n<p>Tarihteki birikimlerimizi, ba\u015far\u0131lar\u0131m\u0131z\u0131 ve zaferlerimizi, ta\u00e7land\u0131ran milli bayramlar\u0131m\u0131z\u0131 millet\u00e7e b\u00fcy\u00fck bir co\u015fku i\u00e7erisinde kutlanmas\u0131 ve milletimizin varl\u0131\u011f\u0131n\u0131n ni\u015fanesi olan and\u0131m\u0131z\u0131n tekrar okullar\u0131m\u0131zda \u00e7ocuklar\u0131m\u0131za okutulmas\u0131 dile\u011fiyle, Y\u00f6r\u00fck T\u00fcrkmen Camias\u0131 olarak Y\u00fcce T\u00fcrk Milleti\u2019nin 30 A\u011fustos Zafer bayram\u0131n\u0131 bir kez daha kutluyor, ba\u015fta Gazi Mustafa Kemal Atat\u00fcrk olmak \u00fczere, t\u00fcm \u015fehitlerimizi rahmet, \u015f\u00fckran minnetle an\u0131yoruz.<\/p>\n<p>Mekanlar\u0131 cennet, ruhlar\u0131 \u015fad olsun.<\/p><div id=\"bghab-267319251\" class=\"bghab-icerik-icine-15-paragraf bghab-entity-placement\"><script async src=\"\/\/pagead2.googlesyndication.com\/pagead\/js\/adsbygoogle.js?client=ca-pub-6203283170189293\" crossorigin=\"anonymous\"><\/script><ins class=\"adsbygoogle\" style=\"display:block; text-align:center;\" data-ad-client=\"ca-pub-6203283170189293\" \ndata-ad-slot=\"7303146466\" \ndata-ad-layout=\"in-article\"\ndata-ad-format=\"fluid\" data-full-width-responsive=\"true\"><\/ins>\n<script> \n(adsbygoogle = window.adsbygoogle || []).push({}); \n<\/script>\n<\/div>\n<p>Ne Mutlu T\u00fcrk\u00fcm Diyene.<\/p>\n<div id=\"bghab-2249710811\" class=\"bghab-yazi-altinda bghab-entity-placement\"><div class=\"bghab-adlabel\">Reklamlar<\/div><script async src=\"https:\/\/pagead2.googlesyndication.com\/pagead\/js\/adsbygoogle.js\"><\/script>\r\n<!-- bghaber-yaz\u0131-sonu -->\r\n<ins class=\"adsbygoogle\"\r\n     style=\"display:block\"\r\n     data-ad-client=\"ca-pub-6203283170189293\"\r\n     data-ad-slot=\"4222328180\"\r\n     data-ad-format=\"auto\"\r\n     data-full-width-responsive=\"true\"><\/ins>\r\n<script>\r\n     (adsbygoogle = window.adsbygoogle || []).push({});\r\n<\/script><\/div><br style=\"clear: both; display: block; float: none;\"\/>","protected":false},"excerpt":{"rendered":"<p>30 A\u011fustos Zafer Bayram\u0131n\u0131n 94. Y\u0131l\u0131 kutlamalar\u0131 m\u00fcnasebetiyle An\u0131tkabir yo\u011fun ziyaret\u00e7i ak\u0131n\u0131na u\u011frad\u0131. D\u00fczenlenen etkinlikler \u00e7er\u00e7evesinde \u201cT\u00fcrk Boylar\u0131 Konfederasyonu\u201d ve \u201cY\u00f6r-T\u00fcrk Vakf\u0131\u201d mensubu Y\u00f6r\u00fck-T\u00fcrkmen camias\u0131<\/p>\n","protected":false},"author":13,"featured_media":20325,"comment_status":"closed","ping_status":"closed","sticky":false,"template":"","format":"standard","meta":{"advanced_seo_description":"","jetpack_seo_html_title":"","jetpack_seo_noindex":false,"_jetpack_memberships_contains_paid_content":false,"footnotes":""},"categories":[5],"tags":[],"class_list":["post-20323","post","type-post","status-publish","format-standard","has-post-thumbnail","hentry","category-yasam"],"jetpack_featured_media_url":"https:\/\/i0.wp.com\/www.bghaber.org\/bghaber\/wp-content\/uploads\/2016\/08\/%C4%B0SMA%C4%B0L.jpg?fit=524%2C380&ssl=1","jetpack_sharing_enabled":true,"jetpack_likes_enabled":true,"jetpack-related-posts":[],"jetpack_shortlink":"https:\/\/wp.me\/pc2PfJ-5hN","_links":{"self":[{"href":"https:\/\/www.bghaber.org\/bghaber\/wp-json\/wp\/v2\/posts\/20323","targetHints":{"allow":["GET"]}}],"collection":[{"href":"https:\/\/www.bghaber.org\/bghaber\/wp-json\/wp\/v2\/posts"}],"about":[{"href":"https:\/\/www.bghaber.org\/bghaber\/wp-json\/wp\/v2\/types\/post"}],"author":[{"embeddable":true,"href":"https:\/\/www.bghaber.org\/bghaber\/wp-json\/wp\/v2\/users\/13"}],"replies":[{"embeddable":true,"href":"https:\/\/www.bghaber.org\/bghaber\/wp-json\/wp\/v2\/comments?post=20323"}],"version-history":[{"count":0,"href":"https:\/\/www.bghaber.org\/bghaber\/wp-json\/wp\/v2\/posts\/20323\/revisions"}],"wp:featuredmedia":[{"embeddable":true,"href":"https:\/\/www.bghaber.org\/bghaber\/wp-json\/wp\/v2\/media\/20325"}],"wp:attachment":[{"href":"https:\/\/www.bghaber.org\/bghaber\/wp-json\/wp\/v2\/media?parent=20323"}],"wp:term":[{"taxonomy":"category","embeddable":true,"href":"https:\/\/www.bghaber.org\/bghaber\/wp-json\/wp\/v2\/categories?post=20323"},{"taxonomy":"post_tag","embeddable":true,"href":"https:\/\/www.bghaber.org\/bghaber\/wp-json\/wp\/v2\/tags?post=20323"}],"curies":[{"name":"wp","href":"https:\/\/api.w.org\/{rel}","templated":true}]}}